{"id":22481,"date":"2025-12-02T13:08:50","date_gmt":"2025-12-02T12:08:50","guid":{"rendered":"https:\/\/veritasinfo.org\/?p=22481"},"modified":"2025-12-02T13:09:43","modified_gmt":"2025-12-02T12:09:43","slug":"masakr-u-butovcu-svedok-iznosi-istinu-pred-sudom-dusku-arsicu-o-maltretiranju-albanaca","status":"publish","type":"post","link":"https:\/\/veritasinfo.org\/?p=22481&lang=sr","title":{"rendered":"Masakr u Butovcu \/ Svedok iznosi istinu pred sudom Du\u0161ku Arsi\u0107u o maltretiranju Albanaca"},"content":{"rendered":"<p>Pri\u0161tina, 2. decembar 2025<\/p>\n<p>U Osnovnom sudu u Pri\u0161tini danas je po\u010delo su\u0111enje okrivljenom Du\u0161ku Arsi\u0107u, optu\u017eenom za ratne zlo\u010dine po\u010dinjene u selu Butovac tokom perioda januar\u2013jun 1999. godine.<br \/>\nSvedok Sulja Isufi izneo je detalje o doga\u0111ajima i dokazima koje poseduje.<\/p>\n<p>On je rekao da poseduje fotografije sa mesta zlo\u010dina i da je dao iskaz me\u0111unarodnim istra\u017eiteljima 14. juna 1999. godine.<\/p>\n<p>\u201ePosedujem fotografije na mestu gde je zlo\u010din po\u010dinjen, u Zlataru. Dao sam iskaz me\u0111unarodnim istra\u017eiteljima 14. juna 1999. Bio sam na mestu doga\u0111aja gde je izvr\u0161en zlo\u010din. Preuzeti su posmrtni ostaci i ode\u0107a roditelja: Hajriza Isufija, \u0160aipa Imerija, \u0160ehide Krasni\u0107i i Baljija Hajdinija, koji je na dan zlo\u010dina bio gost kod mene i kod Sabit Shillove. Oni su masakrirani i spaljeni 21. aprila 1999\u201c, naglasio je on.<\/p>\n<p>Svedok je odgovorio i na pitanja u vezi sa doga\u0111ajem koji se ti\u010de Artana Krasni\u0107ija.<\/p>\n<p>\u201eArtana Krasni\u0107ija je maltretirao Du\u0161ko Arsi\u0107. Nisam li\u010dno video, ali sam \u010duo, onog dana kada se zlo\u010din dogodio u Butovcu od strane Arsi\u0107a, koji je primorao Artana Krasni\u0107ija da nosi le\u0161eve negde gore, ali ne znam ta\u010dno dokle\u201c, izjavio je on.<\/p>\n<p>Branilac Du\u0161ka Arsi\u0107a osporio je navode svedoka.<\/p>\n<p>Dalje, Isufi je govorio o poznanstvu sa okrivljenim i o porodi\u010dnim i dru\u0161tvenim odnosima.<\/p>\n<p>\u201ePoznajem Du\u0161ka Arsi\u0107a od 1970-ih. Znao sam ga jo\u0161 kao dete, kao mladi\u0107a. Put nas je povezivao jer se pri odlasku u grad moralo pro\u0107i pored njegove ku\u0107e, a tu je bila i jedna prodavnica u blizini njihove ku\u0107e. Ina\u010de nisam imao nikakvu komunikaciju ni s njim, ni sa njegovim ocem. Sa njegovim stricem ponekad da, jer je radio u kombinatu u Obili\u0107u i bio je voza\u010d. Zimi nas je ponekad prevozio kada je bilo mnogo snega\u201c, rekao je on.<\/p>\n<p>On je opisao i dan nakon masakra, kao i trenutak kada je video okrivljenog.<\/p>\n<p>\u201eDu\u0161ka Arsi\u0107a sam video 22. aprila 1999, dok je masakr izvr\u0161en 21. aprila. Video sam ga u selu Makovac. Du\u0161ko Arsi\u0107 je sa svojim kolegama bio u dvori\u0161tu jedne ku\u0107e koju je posedovao jedan Albanac, igrali su fudbal. Mi smo nai\u0161li iznenada, a kada smo se pribli\u017eili, jedan njegov kolega je iza\u0161ao ispred Du\u0161ka i stavio masku preko potoka kod testere. Du\u0161ko je iza\u0161ao drugi. Imao sam u naru\u010dju sinovca, dete od dve i po godine. Du\u0161ko je iza\u0161ao iz dvori\u0161ta, poku\u0161ao je da stavi masku na lice, nije uspeo, pa ju je stavio direktno na grudi, a kala\u0161njikov je dr\u017eao u levoj ruci. Kada su pre\u0161li potok, postrojili su se i odvajali decu i mlade od kolone.\u201c<\/p>\n<p>\u201eOn je dodao jedan jeziv detalj o grupi koja je izvr\u0161ila masakr.<\/p>\n<p>\u2018Du\u0161ko Arsi\u0107 je bio me\u0111u njima, imao je oru\u017eje i iza\u0161li su ispred testere i pucali iz oru\u017eja, jer je bila grupa koja je pucala iz oru\u017eja iznad glava na\u0161e dece\u2019, rekao je on.\u201c<\/p>\n<p>&nbsp;<\/p>\n","protected":false},"excerpt":{"rendered":"<p>Pri\u0161tina, 2. decembar 2025 U Osnovnom sudu u Pri\u0161tini danas je po\u010delo su\u0111enje okrivljenom Du\u0161ku Arsi\u0107u, optu\u017eenom za ratne zlo\u010dine po\u010dinjene u selu Butovac tokom<\/p>\n","protected":false},"author":7,"featured_media":22478,"comment_status":"open","ping_status":"open","sticky":false,"template":"","format":"standard","meta":{"footnotes":""},"categories":[103],"tags":[],"class_list":["post-22481","post","type-post","status-publish","format-standard","has-post-thumbnail","hentry","category-hronika"],"yoast_head":"<!-- This site is optimized with the Yoast SEO plugin v25.3.1 - https:\/\/yoast.com\/wordpress\/plugins\/seo\/ -->\n<title>Masakr u Butovcu \/ Svedok iznosi istinu pred sudom Du\u0161ku Arsi\u0107u o maltretiranju Albanaca -<\/title>\n<meta name=\"robots\" content=\"index, follow, max-snippet:-1, max-image-preview:large, max-video-preview:-1\" \/>\n<link rel=\"canonical\" href=\"https:\/\/veritasinfo.org\/?p=22481&lang=sr\" \/>\n<meta property=\"og:locale\" content=\"en_US\" \/>\n<meta property=\"og:type\" content=\"article\" \/>\n<meta property=\"og:title\" content=\"Masakr u Butovcu \/ Svedok iznosi istinu pred sudom Du\u0161ku Arsi\u0107u o maltretiranju Albanaca -\" \/>\n<meta property=\"og:description\" content=\"Pri\u0161tina, 2. decembar 2025 U Osnovnom sudu u Pri\u0161tini danas je po\u010delo su\u0111enje okrivljenom Du\u0161ku Arsi\u0107u, optu\u017eenom za ratne zlo\u010dine po\u010dinjene u selu Butovac tokom\" \/>\n<meta property=\"og:url\" content=\"https:\/\/veritasinfo.org\/?p=22481&amp;lang=sr\" \/>\n<meta property=\"article:published_time\" content=\"2025-12-02T12:08:50+00:00\" \/>\n<meta property=\"article:modified_time\" content=\"2025-12-02T12:09:43+00:00\" \/>\n<meta property=\"og:image\" content=\"https:\/\/veritasinfo.org\/wp-content\/uploads\/2025\/12\/582453857_793306467086889_4743284532254474823_n.jpg\" \/>\n\t<meta property=\"og:image:width\" content=\"2048\" \/>\n\t<meta property=\"og:image:height\" content=\"1536\" \/>\n\t<meta property=\"og:image:type\" content=\"image\/jpeg\" \/>\n<meta name=\"author\" content=\"US6\" \/>\n<meta name=\"twitter:card\" content=\"summary_large_image\" \/>\n<meta name=\"twitter:label1\" content=\"Written by\" \/>\n\t<meta name=\"twitter:data1\" content=\"US6\" \/>\n\t<meta name=\"twitter:label2\" content=\"Est. reading time\" \/>\n\t<meta name=\"twitter:data2\" content=\"3 minutes\" \/>\n<script type=\"application\/ld+json\" class=\"yoast-schema-graph\">{\"@context\":\"https:\/\/schema.org\",\"@graph\":[{\"@type\":\"WebPage\",\"@id\":\"https:\/\/veritasinfo.org\/?p=22481&lang=sr\",\"url\":\"https:\/\/veritasinfo.org\/?p=22481&lang=sr\",\"name\":\"Masakr u Butovcu \/ Svedok iznosi istinu pred sudom Du\u0161ku Arsi\u0107u o maltretiranju Albanaca -\",\"isPartOf\":{\"@id\":\"https:\/\/veritasinfo.org\/#website\"},\"primaryImageOfPage\":{\"@id\":\"https:\/\/veritasinfo.org\/?p=22481&lang=sr#primaryimage\"},\"image\":{\"@id\":\"https:\/\/veritasinfo.org\/?p=22481&lang=sr#primaryimage\"},\"thumbnailUrl\":\"https:\/\/veritasinfo.org\/wp-content\/uploads\/2025\/12\/582453857_793306467086889_4743284532254474823_n.jpg\",\"datePublished\":\"2025-12-02T12:08:50+00:00\",\"dateModified\":\"2025-12-02T12:09:43+00:00\",\"author\":{\"@id\":\"https:\/\/veritasinfo.org\/#\/schema\/person\/fe199eede04c3937362892b7444747cc\"},\"breadcrumb\":{\"@id\":\"https:\/\/veritasinfo.org\/?p=22481&lang=sr#breadcrumb\"},\"inLanguage\":\"en-US\",\"potentialAction\":[{\"@type\":\"ReadAction\",\"target\":[\"https:\/\/veritasinfo.org\/?p=22481&lang=sr\"]}]},{\"@type\":\"ImageObject\",\"inLanguage\":\"en-US\",\"@id\":\"https:\/\/veritasinfo.org\/?p=22481&lang=sr#primaryimage\",\"url\":\"https:\/\/veritasinfo.org\/wp-content\/uploads\/2025\/12\/582453857_793306467086889_4743284532254474823_n.jpg\",\"contentUrl\":\"https:\/\/veritasinfo.org\/wp-content\/uploads\/2025\/12\/582453857_793306467086889_4743284532254474823_n.jpg\",\"width\":2048,\"height\":1536},{\"@type\":\"BreadcrumbList\",\"@id\":\"https:\/\/veritasinfo.org\/?p=22481&lang=sr#breadcrumb\",\"itemListElement\":[{\"@type\":\"ListItem\",\"position\":1,\"name\":\"Home\",\"item\":\"https:\/\/veritasinfo.org\/\"},{\"@type\":\"ListItem\",\"position\":2,\"name\":\"Masakr u Butovcu \/ Svedok iznosi istinu pred sudom Du\u0161ku Arsi\u0107u o maltretiranju Albanaca\"}]},{\"@type\":\"WebSite\",\"@id\":\"https:\/\/veritasinfo.org\/#website\",\"url\":\"https:\/\/veritasinfo.org\/\",\"name\":\"\",\"description\":\"\",\"potentialAction\":[{\"@type\":\"SearchAction\",\"target\":{\"@type\":\"EntryPoint\",\"urlTemplate\":\"https:\/\/veritasinfo.org\/?s={search_term_string}\"},\"query-input\":{\"@type\":\"PropertyValueSpecification\",\"valueRequired\":true,\"valueName\":\"search_term_string\"}}],\"inLanguage\":\"en-US\"},{\"@type\":\"Person\",\"@id\":\"https:\/\/veritasinfo.org\/#\/schema\/person\/fe199eede04c3937362892b7444747cc\",\"name\":\"US6\",\"image\":{\"@type\":\"ImageObject\",\"inLanguage\":\"en-US\",\"@id\":\"https:\/\/veritasinfo.org\/#\/schema\/person\/image\/\",\"url\":\"https:\/\/secure.gravatar.com\/avatar\/cb16c3c31c9d23b9b8c705964598220b3014e42ff51eb540ff23cefa3ae8c15f?s=96&d=mm&r=g\",\"contentUrl\":\"https:\/\/secure.gravatar.com\/avatar\/cb16c3c31c9d23b9b8c705964598220b3014e42ff51eb540ff23cefa3ae8c15f?s=96&d=mm&r=g\",\"caption\":\"US6\"},\"url\":\"https:\/\/veritasinfo.org\/?author=7\"}]}<\/script>\n<!-- \/ Yoast SEO plugin. -->","yoast_head_json":{"title":"Masakr u Butovcu \/ Svedok iznosi istinu pred sudom Du\u0161ku Arsi\u0107u o maltretiranju Albanaca -","robots":{"index":"index","follow":"follow","max-snippet":"max-snippet:-1","max-image-preview":"max-image-preview:large","max-video-preview":"max-video-preview:-1"},"canonical":"https:\/\/veritasinfo.org\/?p=22481&lang=sr","og_locale":"en_US","og_type":"article","og_title":"Masakr u Butovcu \/ Svedok iznosi istinu pred sudom Du\u0161ku Arsi\u0107u o maltretiranju Albanaca -","og_description":"Pri\u0161tina, 2. decembar 2025 U Osnovnom sudu u Pri\u0161tini danas je po\u010delo su\u0111enje okrivljenom Du\u0161ku Arsi\u0107u, optu\u017eenom za ratne zlo\u010dine po\u010dinjene u selu Butovac tokom","og_url":"https:\/\/veritasinfo.org\/?p=22481&lang=sr","article_published_time":"2025-12-02T12:08:50+00:00","article_modified_time":"2025-12-02T12:09:43+00:00","og_image":[{"width":2048,"height":1536,"url":"https:\/\/veritasinfo.org\/wp-content\/uploads\/2025\/12\/582453857_793306467086889_4743284532254474823_n.jpg","type":"image\/jpeg"}],"author":"US6","twitter_card":"summary_large_image","twitter_misc":{"Written by":"US6","Est. reading time":"3 minutes"},"schema":{"@context":"https:\/\/schema.org","@graph":[{"@type":"WebPage","@id":"https:\/\/veritasinfo.org\/?p=22481&lang=sr","url":"https:\/\/veritasinfo.org\/?p=22481&lang=sr","name":"Masakr u Butovcu \/ Svedok iznosi istinu pred sudom Du\u0161ku Arsi\u0107u o maltretiranju Albanaca -","isPartOf":{"@id":"https:\/\/veritasinfo.org\/#website"},"primaryImageOfPage":{"@id":"https:\/\/veritasinfo.org\/?p=22481&lang=sr#primaryimage"},"image":{"@id":"https:\/\/veritasinfo.org\/?p=22481&lang=sr#primaryimage"},"thumbnailUrl":"https:\/\/veritasinfo.org\/wp-content\/uploads\/2025\/12\/582453857_793306467086889_4743284532254474823_n.jpg","datePublished":"2025-12-02T12:08:50+00:00","dateModified":"2025-12-02T12:09:43+00:00","author":{"@id":"https:\/\/veritasinfo.org\/#\/schema\/person\/fe199eede04c3937362892b7444747cc"},"breadcrumb":{"@id":"https:\/\/veritasinfo.org\/?p=22481&lang=sr#breadcrumb"},"inLanguage":"en-US","potentialAction":[{"@type":"ReadAction","target":["https:\/\/veritasinfo.org\/?p=22481&lang=sr"]}]},{"@type":"ImageObject","inLanguage":"en-US","@id":"https:\/\/veritasinfo.org\/?p=22481&lang=sr#primaryimage","url":"https:\/\/veritasinfo.org\/wp-content\/uploads\/2025\/12\/582453857_793306467086889_4743284532254474823_n.jpg","contentUrl":"https:\/\/veritasinfo.org\/wp-content\/uploads\/2025\/12\/582453857_793306467086889_4743284532254474823_n.jpg","width":2048,"height":1536},{"@type":"BreadcrumbList","@id":"https:\/\/veritasinfo.org\/?p=22481&lang=sr#breadcrumb","itemListElement":[{"@type":"ListItem","position":1,"name":"Home","item":"https:\/\/veritasinfo.org\/"},{"@type":"ListItem","position":2,"name":"Masakr u Butovcu \/ Svedok iznosi istinu pred sudom Du\u0161ku Arsi\u0107u o maltretiranju Albanaca"}]},{"@type":"WebSite","@id":"https:\/\/veritasinfo.org\/#website","url":"https:\/\/veritasinfo.org\/","name":"","description":"","potentialAction":[{"@type":"SearchAction","target":{"@type":"EntryPoint","urlTemplate":"https:\/\/veritasinfo.org\/?s={search_term_string}"},"query-input":{"@type":"PropertyValueSpecification","valueRequired":true,"valueName":"search_term_string"}}],"inLanguage":"en-US"},{"@type":"Person","@id":"https:\/\/veritasinfo.org\/#\/schema\/person\/fe199eede04c3937362892b7444747cc","name":"US6","image":{"@type":"ImageObject","inLanguage":"en-US","@id":"https:\/\/veritasinfo.org\/#\/schema\/person\/image\/","url":"https:\/\/secure.gravatar.com\/avatar\/cb16c3c31c9d23b9b8c705964598220b3014e42ff51eb540ff23cefa3ae8c15f?s=96&d=mm&r=g","contentUrl":"https:\/\/secure.gravatar.com\/avatar\/cb16c3c31c9d23b9b8c705964598220b3014e42ff51eb540ff23cefa3ae8c15f?s=96&d=mm&r=g","caption":"US6"},"url":"https:\/\/veritasinfo.org\/?author=7"}]}},"featured_image_urls":{"full":["https:\/\/veritasinfo.org\/wp-content\/uploads\/2025\/12\/582453857_793306467086889_4743284532254474823_n.jpg",2048,1536,false],"thumbnail":["https:\/\/veritasinfo.org\/wp-content\/uploads\/2025\/12\/582453857_793306467086889_4743284532254474823_n-150x150.jpg",150,150,true],"medium":["https:\/\/veritasinfo.org\/wp-content\/uploads\/2025\/12\/582453857_793306467086889_4743284532254474823_n-300x225.jpg",300,225,true],"medium_large":["https:\/\/veritasinfo.org\/wp-content\/uploads\/2025\/12\/582453857_793306467086889_4743284532254474823_n-768x576.jpg",640,480,true],"large":["https:\/\/veritasinfo.org\/wp-content\/uploads\/2025\/12\/582453857_793306467086889_4743284532254474823_n-1024x768.jpg",640,480,true],"1536x1536":["https:\/\/veritasinfo.org\/wp-content\/uploads\/2025\/12\/582453857_793306467086889_4743284532254474823_n-1536x1152.jpg",1536,1152,true],"2048x2048":["https:\/\/veritasinfo.org\/wp-content\/uploads\/2025\/12\/582453857_793306467086889_4743284532254474823_n.jpg",2048,1536,false],"kreeti-slider-full":["https:\/\/veritasinfo.org\/wp-content\/uploads\/2025\/12\/582453857_793306467086889_4743284532254474823_n.jpg",960,720,false],"kreeti-featured":["https:\/\/veritasinfo.org\/wp-content\/uploads\/2025\/12\/582453857_793306467086889_4743284532254474823_n.jpg",1024,768,false],"kreeti-medium":["https:\/\/veritasinfo.org\/wp-content\/uploads\/2025\/12\/582453857_793306467086889_4743284532254474823_n.jpg",707,530,false],"kreeti-medium-square":["https:\/\/veritasinfo.org\/wp-content\/uploads\/2025\/12\/582453857_793306467086889_4743284532254474823_n.jpg",350,263,false]},"author_info":{"info":["US6"]},"category_info":"<a href=\"https:\/\/veritasinfo.org\/?cat=103&#038;lang=sr\" rel=\"category\">Hronika<\/a>","tag_info":"Hronika","comment_count":"0","_links":{"self":[{"href":"https:\/\/veritasinfo.org\/index.php?rest_route=\/wp\/v2\/posts\/22481","targetHints":{"allow":["GET"]}}],"collection":[{"href":"https:\/\/veritasinfo.org\/index.php?rest_route=\/wp\/v2\/posts"}],"about":[{"href":"https:\/\/veritasinfo.org\/index.php?rest_route=\/wp\/v2\/types\/post"}],"author":[{"embeddable":true,"href":"https:\/\/veritasinfo.org\/index.php?rest_route=\/wp\/v2\/users\/7"}],"replies":[{"embeddable":true,"href":"https:\/\/veritasinfo.org\/index.php?rest_route=%2Fwp%2Fv2%2Fcomments&post=22481"}],"version-history":[{"count":2,"href":"https:\/\/veritasinfo.org\/index.php?rest_route=\/wp\/v2\/posts\/22481\/revisions"}],"predecessor-version":[{"id":22483,"href":"https:\/\/veritasinfo.org\/index.php?rest_route=\/wp\/v2\/posts\/22481\/revisions\/22483"}],"wp:featuredmedia":[{"embeddable":true,"href":"https:\/\/veritasinfo.org\/index.php?rest_route=\/wp\/v2\/media\/22478"}],"wp:attachment":[{"href":"https:\/\/veritasinfo.org\/index.php?rest_route=%2Fwp%2Fv2%2Fmedia&parent=22481"}],"wp:term":[{"taxonomy":"category","embeddable":true,"href":"https:\/\/veritasinfo.org\/index.php?rest_route=%2Fwp%2Fv2%2Fcategories&post=22481"},{"taxonomy":"post_tag","embeddable":true,"href":"https:\/\/veritasinfo.org\/index.php?rest_route=%2Fwp%2Fv2%2Ftags&post=22481"}],"curies":[{"name":"wp","href":"https:\/\/api.w.org\/{rel}","templated":true}]}}