{"id":22453,"date":"2025-12-02T11:25:50","date_gmt":"2025-12-02T10:25:50","guid":{"rendered":"https:\/\/veritasinfo.org\/?p=22453"},"modified":"2025-12-02T11:29:17","modified_gmt":"2025-12-02T10:29:17","slug":"seanca-konstituive-ne-mitrovice-ligji-dhe-protokolli-mbi-cdo-gje-tjeter","status":"publish","type":"post","link":"https:\/\/veritasinfo.org\/?p=22453","title":{"rendered":"Seanca konstituive n\u00eb Mitrovic\u00ebn e Veriut: Ligji dhe protokolli mbi \u00e7do gj\u00eb tjet\u00ebr"},"content":{"rendered":"<p>Mitrovic\u00eb e Veriut, 2 dhjetor 2025 11:24<\/p>\n<p>T\u00eb premten, m\u00eb 5 dhjetor, do t\u00eb zhvillohet ceremonia e dh\u00ebnies s\u00eb betimit t\u00eb kryetarit t\u00eb sapozgjedhur t\u00eb Komun\u00ebs s\u00eb Mitrovic\u00ebs s\u00eb Veriut dhe e an\u00ebtar\u00ebve t\u00eb rinj t\u00eb Kuvendit Komunal, pas zgjedhjeve lokale t\u00eb tetorit.<\/p>\n<p>N\u00eb prag t\u00eb seanc\u00ebs konstituive, v\u00ebmendja natyrsh\u00ebm p\u00ebrqendrohet te respektimi i ligjit dhe i simboleve shtet\u00ebrore, p\u00ebrkat\u00ebsisht te betimi dhe teksti zyrtar ceremonial, q\u00eb buron nga Ligji p\u00ebr Vet\u00ebqeverisjen Lokale, si dhe te flamuri shtet\u00ebror dhe fotografia e Presidentes s\u00eb Republik\u00ebs s\u00eb Kosov\u00ebs. K\u00ebto elemente rregullohen nga Ligji p\u00ebr Protokollin e Shtetit, i cili obligon \u00e7do zyr\u00eb t\u00eb institucioneve publike t\u00eb ket\u00eb fotografin\u00eb zyrtare me p\u00ebrmasa dhe dimensione t\u00eb paracaktuara.<\/p>\n<p>Megjithat\u00eb, kjo dit\u00eb \u2013 ceremonia e dh\u00ebnies s\u00eb betimit t\u00eb kryetarit t\u00eb komun\u00ebs p\u00ebr Skender Sadikun, z\u00ebvend\u00ebskryesues i Kuvendit Komunal t\u00eb Mitrovic\u00ebs s\u00eb Veriut \u2013 nuk pritet t\u00eb prodhoj\u00eb ndonj\u00eb ngjarje t\u00eb pazakont\u00eb.<\/p>\n<p>Sadiku shpreh besimin se Lista Serbe dhe kandidati i saj i zgjedhur kryetar do ta zhvillojn\u00eb ceremonin\u00eb duke respektuar aspektin ligjor dhe praktikat e deritashme.<\/p>\n<p>\u201cCeremonia e dh\u00ebnies s\u00eb betimit do t\u00eb zhvillohet normalisht. Do t\u00eb b\u00ebhet leximi i betimit dhe dor\u00ebzimi i detyr\u00ebs mes kryetar\u00ebve respektiv\u00eb. Ne kemi vendosur n\u00eb sall\u00ebn e Kuvendit flamurin dhe fotografin\u00eb e presidentes, dhe nuk guxon t\u00eb ndodh\u00eb q\u00eb ato t\u00eb hiqen nga ajo hap\u00ebsir\u00eb, sepse p\u00ebrb\u00ebjn\u00eb shkelje ligjore. Para pak dit\u00ebsh ishim d\u00ebshmitar\u00eb t\u00eb rastit ku ftesa p\u00ebr seanc\u00ebn konstituive u d\u00ebrgua nga kryetari i ri pa p\u00ebrmendur \u201cRepublika e Kosov\u00ebs\u201d, gj\u00eb q\u00eb niveli qendror, p\u00ebrkat\u00ebsisht Ministria e Administrimit t\u00eb Pushtetit Lokal, e ktheu procesin n\u00eb pik\u00ebn zero, duke detyruar kryetarin e ri t\u00eb respektoj\u00eb ligjin\u201d, shprehet Sadiku. Ai shton se \u00ebsht\u00eb i gatsh\u00ebm t\u00eb dor\u00ebzoj\u00eb me respekt pozit\u00ebn e z\u00ebvend\u00ebskryesuesit tek Aida Ferati-Doli, z\u00ebvend\u00ebskryesuese e re e Kuvendit Komunal t\u00eb Mitrovic\u00ebs s\u00eb Veriut.<\/p>\n<p>Seanca konstituive do t\u00eb mbahet t\u00eb premten e ardhshme nga ora 11:00, ku pritet dh\u00ebnia e betimit t\u00eb kryetarit t\u00eb ri dhe e an\u00ebtar\u00ebve t\u00eb rinj t\u00eb Kuvendit Komunal.<\/p>\n<p>Milan Radojevi\u00e7, nga Lista Serbe, si kryetar i ardhsh\u00ebm i komun\u00ebs, ka p\u00ebr obligim ligjor t\u00eb lexoj\u00eb tekstin e betimit:<\/p>\n<p>\u201cBetohem (ose deklaroj solemnisht) se do t\u2019i kryej detyrat e mia dhe do t\u2019i ushtroj kompetencat e mia si kryetar i komun\u00ebs me nder, besnik\u00ebri, n\u00eb m\u00ebnyr\u00eb t\u00eb paanshme, me nd\u00ebrgjegje dhe n\u00eb pajtim me ligjin, n\u00eb m\u00ebnyr\u00eb q\u00eb t\u2019i siguroj kushtet p\u00ebr nj\u00eb jet\u00eb t\u00eb qet\u00eb p\u00ebr t\u00eb gjith\u00eb.\u201d<\/p>\n<p>Pas k\u00ebtij akti, ai do t\u00eb jet\u00eb kryetar i t\u00eb gjith\u00eb qytetar\u00ebve q\u00eb jetojn\u00eb n\u00eb komun\u00ebn e Mitrovic\u00ebs s\u00eb Veriut \u2013 pa dallim \u2013 dhe do t\u00eb jet\u00eb i obliguar t\u00eb respektoj\u00eb ligjet e Republik\u00ebs s\u00eb Kosov\u00ebs.<\/p>\n<p>Dit\u00eb m\u00eb par\u00eb, ai kryen nj\u00eb veprim q\u00eb evidenton munges\u00ebn e vullnetit p\u00ebr t\u00eb respektuar rendin kushtetues, me rastin e d\u00ebrgimit t\u00eb ftesave p\u00ebr an\u00ebtar\u00ebt e rinj t\u00eb Kuvendit Komunal p\u00ebr seanc\u00ebn konstituive, ku nuk p\u00ebrmendej Republika e Kosov\u00ebs. Ministria e Administrimit t\u00eb Pushtetit Lokal, si organ mbik\u00ebqyr\u00ebs i pun\u00ebs s\u00eb pushtetit lokal, i refuzoi ftes\u00ebn kryetarit t\u00eb ri, duke arsyetuar se ajo ishte jasht\u00eb korniz\u00ebs ligjore, pasi mungonin termat \u201cRepublika e Kosov\u00ebs\u201d dhe mbishkrimi i emrit zyrtar n\u00ebn flamur.<\/p>\n<p>Ceremonia e dh\u00ebnies s\u00eb betimit n\u00eb Mitrovic\u00ebn e Veriut \u00ebsht\u00eb nj\u00eb moment i r\u00ebnd\u00ebsish\u00ebm jo vet\u00ebm p\u00ebr institucionet lokale, por edhe p\u00ebr ruajtjen e rendit ligjor dhe respektimin e simboleve shtet\u00ebrore. Respektimi i procedurave dhe i normave ligjore, si vendosja e flamurit dhe e fotografis\u00eb s\u00eb presidentes, tregon p\u00ebrkushtimin e institucioneve ndaj rendit kushtetues dhe unitetit t\u00eb t\u00eb gjith\u00eb qytetar\u00ebve. Ky akt simbolik sh\u00ebrben si nj\u00eb kujtes\u00eb se pavar\u00ebsisht ndryshimeve politike, sundimi i ligjit dhe respekti p\u00ebr institucionet e shtetit mbeten prioriteti kryesor.<\/p>\n","protected":false},"excerpt":{"rendered":"<p>Mitrovic\u00eb e Veriut, 2 dhjetor 2025 11:24 T\u00eb premten, m\u00eb 5 dhjetor, do t\u00eb zhvillohet ceremonia e dh\u00ebnies s\u00eb betimit t\u00eb kryetarit t\u00eb sapozgjedhur t\u00eb<\/p>\n","protected":false},"author":7,"featured_media":22454,"comment_status":"open","ping_status":"open","sticky":false,"template":"","format":"standard","meta":{"footnotes":""},"categories":[52],"tags":[],"class_list":["post-22453","post","type-post","status-publish","format-standard","has-post-thumbnail","hentry","category-komunat-sq"],"yoast_head":"<!-- This site is optimized with the Yoast SEO plugin v25.3.1 - https:\/\/yoast.com\/wordpress\/plugins\/seo\/ -->\n<title>Seanca konstituive n\u00eb Mitrovic\u00ebn e Veriut: Ligji dhe protokolli mbi \u00e7do gj\u00eb tjet\u00ebr -<\/title>\n<meta name=\"robots\" content=\"index, follow, max-snippet:-1, max-image-preview:large, max-video-preview:-1\" \/>\n<link rel=\"canonical\" href=\"https:\/\/veritasinfo.org\/?p=22453\" \/>\n<meta property=\"og:locale\" content=\"en_US\" \/>\n<meta property=\"og:type\" content=\"article\" \/>\n<meta property=\"og:title\" content=\"Seanca konstituive n\u00eb Mitrovic\u00ebn e Veriut: Ligji dhe protokolli mbi \u00e7do gj\u00eb tjet\u00ebr -\" \/>\n<meta property=\"og:description\" content=\"Mitrovic\u00eb e Veriut, 2 dhjetor 2025 11:24 T\u00eb premten, m\u00eb 5 dhjetor, do t\u00eb zhvillohet ceremonia e dh\u00ebnies s\u00eb betimit t\u00eb kryetarit t\u00eb sapozgjedhur t\u00eb\" \/>\n<meta property=\"og:url\" content=\"https:\/\/veritasinfo.org\/?p=22453\" \/>\n<meta property=\"article:published_time\" content=\"2025-12-02T10:25:50+00:00\" \/>\n<meta property=\"article:modified_time\" content=\"2025-12-02T10:29:17+00:00\" \/>\n<meta property=\"og:image\" content=\"https:\/\/veritasinfo.org\/wp-content\/uploads\/2025\/12\/Komuna-Mitrovices-Veriore.jpg\" \/>\n\t<meta property=\"og:image:width\" content=\"1600\" \/>\n\t<meta property=\"og:image:height\" content=\"1066\" \/>\n\t<meta property=\"og:image:type\" content=\"image\/jpeg\" \/>\n<meta name=\"author\" content=\"US6\" \/>\n<meta name=\"twitter:card\" content=\"summary_large_image\" \/>\n<meta name=\"twitter:label1\" content=\"Written by\" \/>\n\t<meta name=\"twitter:data1\" content=\"US6\" \/>\n\t<meta name=\"twitter:label2\" content=\"Est. reading time\" \/>\n\t<meta name=\"twitter:data2\" content=\"3 minutes\" \/>\n<script type=\"application\/ld+json\" class=\"yoast-schema-graph\">{\"@context\":\"https:\/\/schema.org\",\"@graph\":[{\"@type\":\"WebPage\",\"@id\":\"https:\/\/veritasinfo.org\/?p=22453\",\"url\":\"https:\/\/veritasinfo.org\/?p=22453\",\"name\":\"Seanca konstituive n\u00eb Mitrovic\u00ebn e Veriut: Ligji dhe protokolli mbi \u00e7do gj\u00eb tjet\u00ebr -\",\"isPartOf\":{\"@id\":\"https:\/\/veritasinfo.org\/#website\"},\"primaryImageOfPage\":{\"@id\":\"https:\/\/veritasinfo.org\/?p=22453#primaryimage\"},\"image\":{\"@id\":\"https:\/\/veritasinfo.org\/?p=22453#primaryimage\"},\"thumbnailUrl\":\"https:\/\/veritasinfo.org\/wp-content\/uploads\/2025\/12\/Komuna-Mitrovices-Veriore.jpg\",\"datePublished\":\"2025-12-02T10:25:50+00:00\",\"dateModified\":\"2025-12-02T10:29:17+00:00\",\"author\":{\"@id\":\"https:\/\/veritasinfo.org\/#\/schema\/person\/fe199eede04c3937362892b7444747cc\"},\"breadcrumb\":{\"@id\":\"https:\/\/veritasinfo.org\/?p=22453#breadcrumb\"},\"inLanguage\":\"en-US\",\"potentialAction\":[{\"@type\":\"ReadAction\",\"target\":[\"https:\/\/veritasinfo.org\/?p=22453\"]}]},{\"@type\":\"ImageObject\",\"inLanguage\":\"en-US\",\"@id\":\"https:\/\/veritasinfo.org\/?p=22453#primaryimage\",\"url\":\"https:\/\/veritasinfo.org\/wp-content\/uploads\/2025\/12\/Komuna-Mitrovices-Veriore.jpg\",\"contentUrl\":\"https:\/\/veritasinfo.org\/wp-content\/uploads\/2025\/12\/Komuna-Mitrovices-Veriore.jpg\",\"width\":1600,\"height\":1066},{\"@type\":\"BreadcrumbList\",\"@id\":\"https:\/\/veritasinfo.org\/?p=22453#breadcrumb\",\"itemListElement\":[{\"@type\":\"ListItem\",\"position\":1,\"name\":\"Home\",\"item\":\"https:\/\/veritasinfo.org\/\"},{\"@type\":\"ListItem\",\"position\":2,\"name\":\"Seanca konstituive n\u00eb Mitrovic\u00ebn e Veriut: Ligji dhe protokolli mbi \u00e7do gj\u00eb tjet\u00ebr\"}]},{\"@type\":\"WebSite\",\"@id\":\"https:\/\/veritasinfo.org\/#website\",\"url\":\"https:\/\/veritasinfo.org\/\",\"name\":\"\",\"description\":\"\",\"potentialAction\":[{\"@type\":\"SearchAction\",\"target\":{\"@type\":\"EntryPoint\",\"urlTemplate\":\"https:\/\/veritasinfo.org\/?s={search_term_string}\"},\"query-input\":{\"@type\":\"PropertyValueSpecification\",\"valueRequired\":true,\"valueName\":\"search_term_string\"}}],\"inLanguage\":\"en-US\"},{\"@type\":\"Person\",\"@id\":\"https:\/\/veritasinfo.org\/#\/schema\/person\/fe199eede04c3937362892b7444747cc\",\"name\":\"US6\",\"image\":{\"@type\":\"ImageObject\",\"inLanguage\":\"en-US\",\"@id\":\"https:\/\/veritasinfo.org\/#\/schema\/person\/image\/\",\"url\":\"https:\/\/secure.gravatar.com\/avatar\/cb16c3c31c9d23b9b8c705964598220b3014e42ff51eb540ff23cefa3ae8c15f?s=96&d=mm&r=g\",\"contentUrl\":\"https:\/\/secure.gravatar.com\/avatar\/cb16c3c31c9d23b9b8c705964598220b3014e42ff51eb540ff23cefa3ae8c15f?s=96&d=mm&r=g\",\"caption\":\"US6\"},\"url\":\"https:\/\/veritasinfo.org\/?author=7\"}]}<\/script>\n<!-- \/ Yoast SEO plugin. -->","yoast_head_json":{"title":"Seanca konstituive n\u00eb Mitrovic\u00ebn e Veriut: Ligji dhe protokolli mbi \u00e7do gj\u00eb tjet\u00ebr -","robots":{"index":"index","follow":"follow","max-snippet":"max-snippet:-1","max-image-preview":"max-image-preview:large","max-video-preview":"max-video-preview:-1"},"canonical":"https:\/\/veritasinfo.org\/?p=22453","og_locale":"en_US","og_type":"article","og_title":"Seanca konstituive n\u00eb Mitrovic\u00ebn e Veriut: Ligji dhe protokolli mbi \u00e7do gj\u00eb tjet\u00ebr -","og_description":"Mitrovic\u00eb e Veriut, 2 dhjetor 2025 11:24 T\u00eb premten, m\u00eb 5 dhjetor, do t\u00eb zhvillohet ceremonia e dh\u00ebnies s\u00eb betimit t\u00eb kryetarit t\u00eb sapozgjedhur t\u00eb","og_url":"https:\/\/veritasinfo.org\/?p=22453","article_published_time":"2025-12-02T10:25:50+00:00","article_modified_time":"2025-12-02T10:29:17+00:00","og_image":[{"width":1600,"height":1066,"url":"https:\/\/veritasinfo.org\/wp-content\/uploads\/2025\/12\/Komuna-Mitrovices-Veriore.jpg","type":"image\/jpeg"}],"author":"US6","twitter_card":"summary_large_image","twitter_misc":{"Written by":"US6","Est. reading time":"3 minutes"},"schema":{"@context":"https:\/\/schema.org","@graph":[{"@type":"WebPage","@id":"https:\/\/veritasinfo.org\/?p=22453","url":"https:\/\/veritasinfo.org\/?p=22453","name":"Seanca konstituive n\u00eb Mitrovic\u00ebn e Veriut: Ligji dhe protokolli mbi \u00e7do gj\u00eb tjet\u00ebr -","isPartOf":{"@id":"https:\/\/veritasinfo.org\/#website"},"primaryImageOfPage":{"@id":"https:\/\/veritasinfo.org\/?p=22453#primaryimage"},"image":{"@id":"https:\/\/veritasinfo.org\/?p=22453#primaryimage"},"thumbnailUrl":"https:\/\/veritasinfo.org\/wp-content\/uploads\/2025\/12\/Komuna-Mitrovices-Veriore.jpg","datePublished":"2025-12-02T10:25:50+00:00","dateModified":"2025-12-02T10:29:17+00:00","author":{"@id":"https:\/\/veritasinfo.org\/#\/schema\/person\/fe199eede04c3937362892b7444747cc"},"breadcrumb":{"@id":"https:\/\/veritasinfo.org\/?p=22453#breadcrumb"},"inLanguage":"en-US","potentialAction":[{"@type":"ReadAction","target":["https:\/\/veritasinfo.org\/?p=22453"]}]},{"@type":"ImageObject","inLanguage":"en-US","@id":"https:\/\/veritasinfo.org\/?p=22453#primaryimage","url":"https:\/\/veritasinfo.org\/wp-content\/uploads\/2025\/12\/Komuna-Mitrovices-Veriore.jpg","contentUrl":"https:\/\/veritasinfo.org\/wp-content\/uploads\/2025\/12\/Komuna-Mitrovices-Veriore.jpg","width":1600,"height":1066},{"@type":"BreadcrumbList","@id":"https:\/\/veritasinfo.org\/?p=22453#breadcrumb","itemListElement":[{"@type":"ListItem","position":1,"name":"Home","item":"https:\/\/veritasinfo.org\/"},{"@type":"ListItem","position":2,"name":"Seanca konstituive n\u00eb Mitrovic\u00ebn e Veriut: Ligji dhe protokolli mbi \u00e7do gj\u00eb tjet\u00ebr"}]},{"@type":"WebSite","@id":"https:\/\/veritasinfo.org\/#website","url":"https:\/\/veritasinfo.org\/","name":"","description":"","potentialAction":[{"@type":"SearchAction","target":{"@type":"EntryPoint","urlTemplate":"https:\/\/veritasinfo.org\/?s={search_term_string}"},"query-input":{"@type":"PropertyValueSpecification","valueRequired":true,"valueName":"search_term_string"}}],"inLanguage":"en-US"},{"@type":"Person","@id":"https:\/\/veritasinfo.org\/#\/schema\/person\/fe199eede04c3937362892b7444747cc","name":"US6","image":{"@type":"ImageObject","inLanguage":"en-US","@id":"https:\/\/veritasinfo.org\/#\/schema\/person\/image\/","url":"https:\/\/secure.gravatar.com\/avatar\/cb16c3c31c9d23b9b8c705964598220b3014e42ff51eb540ff23cefa3ae8c15f?s=96&d=mm&r=g","contentUrl":"https:\/\/secure.gravatar.com\/avatar\/cb16c3c31c9d23b9b8c705964598220b3014e42ff51eb540ff23cefa3ae8c15f?s=96&d=mm&r=g","caption":"US6"},"url":"https:\/\/veritasinfo.org\/?author=7"}]}},"featured_image_urls":{"full":["https:\/\/veritasinfo.org\/wp-content\/uploads\/2025\/12\/Komuna-Mitrovices-Veriore.jpg",1600,1066,false],"thumbnail":["https:\/\/veritasinfo.org\/wp-content\/uploads\/2025\/12\/Komuna-Mitrovices-Veriore-150x150.jpg",150,150,true],"medium":["https:\/\/veritasinfo.org\/wp-content\/uploads\/2025\/12\/Komuna-Mitrovices-Veriore-300x200.jpg",300,200,true],"medium_large":["https:\/\/veritasinfo.org\/wp-content\/uploads\/2025\/12\/Komuna-Mitrovices-Veriore-768x512.jpg",640,427,true],"large":["https:\/\/veritasinfo.org\/wp-content\/uploads\/2025\/12\/Komuna-Mitrovices-Veriore-1024x682.jpg",640,426,true],"1536x1536":["https:\/\/veritasinfo.org\/wp-content\/uploads\/2025\/12\/Komuna-Mitrovices-Veriore-1536x1023.jpg",1536,1023,true],"2048x2048":["https:\/\/veritasinfo.org\/wp-content\/uploads\/2025\/12\/Komuna-Mitrovices-Veriore.jpg",1600,1066,false],"kreeti-slider-full":["https:\/\/veritasinfo.org\/wp-content\/uploads\/2025\/12\/Komuna-Mitrovices-Veriore.jpg",1081,720,false],"kreeti-featured":["https:\/\/veritasinfo.org\/wp-content\/uploads\/2025\/12\/Komuna-Mitrovices-Veriore.jpg",1024,682,false],"kreeti-medium":["https:\/\/veritasinfo.org\/wp-content\/uploads\/2025\/12\/Komuna-Mitrovices-Veriore.jpg",720,480,false],"kreeti-medium-square":["https:\/\/veritasinfo.org\/wp-content\/uploads\/2025\/12\/Komuna-Mitrovices-Veriore.jpg",350,233,false]},"author_info":{"info":["US6"]},"category_info":"<a href=\"https:\/\/veritasinfo.org\/?cat=52\" rel=\"category\">Komunat<\/a>","tag_info":"Komunat","comment_count":"0","_links":{"self":[{"href":"https:\/\/veritasinfo.org\/index.php?rest_route=\/wp\/v2\/posts\/22453","targetHints":{"allow":["GET"]}}],"collection":[{"href":"https:\/\/veritasinfo.org\/index.php?rest_route=\/wp\/v2\/posts"}],"about":[{"href":"https:\/\/veritasinfo.org\/index.php?rest_route=\/wp\/v2\/types\/post"}],"author":[{"embeddable":true,"href":"https:\/\/veritasinfo.org\/index.php?rest_route=\/wp\/v2\/users\/7"}],"replies":[{"embeddable":true,"href":"https:\/\/veritasinfo.org\/index.php?rest_route=%2Fwp%2Fv2%2Fcomments&post=22453"}],"version-history":[{"count":2,"href":"https:\/\/veritasinfo.org\/index.php?rest_route=\/wp\/v2\/posts\/22453\/revisions"}],"predecessor-version":[{"id":22465,"href":"https:\/\/veritasinfo.org\/index.php?rest_route=\/wp\/v2\/posts\/22453\/revisions\/22465"}],"wp:featuredmedia":[{"embeddable":true,"href":"https:\/\/veritasinfo.org\/index.php?rest_route=\/wp\/v2\/media\/22454"}],"wp:attachment":[{"href":"https:\/\/veritasinfo.org\/index.php?rest_route=%2Fwp%2Fv2%2Fmedia&parent=22453"}],"wp:term":[{"taxonomy":"category","embeddable":true,"href":"https:\/\/veritasinfo.org\/index.php?rest_route=%2Fwp%2Fv2%2Fcategories&post=22453"},{"taxonomy":"post_tag","embeddable":true,"href":"https:\/\/veritasinfo.org\/index.php?rest_route=%2Fwp%2Fv2%2Ftags&post=22453"}],"curies":[{"name":"wp","href":"https:\/\/api.w.org\/{rel}","templated":true}]}}