{"id":22432,"date":"2025-12-02T08:38:20","date_gmt":"2025-12-02T07:38:20","guid":{"rendered":"https:\/\/veritasinfo.org\/?p=22432"},"modified":"2025-12-02T08:38:20","modified_gmt":"2025-12-02T07:38:20","slug":"uhvacen-strani-drzavljanin-pod-sumnjom-za-organizovani-kriminal-trazen-medjunarodnom-poternicom","status":"publish","type":"post","link":"https:\/\/veritasinfo.org\/?p=22432&lang=sr","title":{"rendered":"Uhva\u0107en strani dr\u017eavljanin pod sumnjom za organizovani kriminal, tra\u017een me\u0111unarodnom poternicom"},"content":{"rendered":"<p>Pri\u0161tina, 02. decembar 2025, 08:32<\/p>\n<p>Pri\u0161tina \u2013 Jedan strani dr\u017eavljanin je uhap\u0161en jer je bio tra\u017een me\u0111unarodnom poternicom pod sumnjom za organizovani kriminal.<\/p>\n<p>Prema 24-\u010dasovnom izve\u0161taju Policije, osumnji\u010deni je uhap\u0161en u ponedeljak oko 22:30 u naselju Marigona, prenosi \u201eBetimi p\u00ebr Drejt\u00ebsi\u201c.<\/p>\n<p>Kod njega su zaplenjeni preko 52 hiljade evra i falsifikovana dokumenta.<\/p>\n<p>Sli\u010dno<\/p>\n<p>1. decembar 2025, 8:39<br \/>\n   \u201eNaselje Marigona \/ 01.12.2025 \u2013 22:30. Jedinice task-force-a zaustavile su i uhapsile mu\u0161karca, stranog dr\u017eavljanina, osumnji\u010denog u vezi sa slu\u010dajem organizovanog kriminala. Isti je tako\u0111e imao poternicu koju je raspisala \u0160vedska. Tokom pretresa ku\u0107e u kojoj je boravio osumnji\u010deni, kao materijalni dokazi su zaplenjeni: 52.480 evra gotovine, jedna falsifikovana li\u010dna karta, jedna falsifikovana voza\u010dka dozvola, 3 mobilna telefona, jedan sat Rolex, dva DVR-a kamera i jedan automobil\u201c, navodi se u saop\u0161tenju.<\/p>\n<p>Navodi se da je osumnji\u010deni, po odluci tu\u017eioca, zadr\u017ean u pritvoru. \/Betimi p\u00ebr Drejt\u00ebsi<\/p>\n<p>Napomena: Lica pomenuta u ovom \u010dlanku smatraju se nevinim, osim ako sud pravosna\u017enom presudom ne utvrdi njihovu krivicu.<\/p>\n","protected":false},"excerpt":{"rendered":"<p>Pri\u0161tina, 02. decembar 2025, 08:32 Pri\u0161tina \u2013 Jedan strani dr\u017eavljanin je uhap\u0161en jer je bio tra\u017een me\u0111unarodnom poternicom pod sumnjom za organizovani kriminal. Prema 24-\u010dasovnom<\/p>\n","protected":false},"author":6,"featured_media":22433,"comment_status":"open","ping_status":"open","sticky":false,"template":"","format":"standard","meta":{"footnotes":""},"categories":[103],"tags":[],"class_list":["post-22432","post","type-post","status-publish","format-standard","has-post-thumbnail","hentry","category-hronika"],"yoast_head":"<!-- This site is optimized with the Yoast SEO plugin v25.3.1 - https:\/\/yoast.com\/wordpress\/plugins\/seo\/ -->\n<title>Uhva\u0107en strani dr\u017eavljanin pod sumnjom za organizovani kriminal, tra\u017een me\u0111unarodnom poternicom -<\/title>\n<meta name=\"robots\" content=\"index, follow, max-snippet:-1, max-image-preview:large, max-video-preview:-1\" \/>\n<link rel=\"canonical\" href=\"https:\/\/veritasinfo.org\/?p=22432&lang=sr\" \/>\n<meta property=\"og:locale\" content=\"en_US\" \/>\n<meta property=\"og:type\" content=\"article\" \/>\n<meta property=\"og:title\" content=\"Uhva\u0107en strani dr\u017eavljanin pod sumnjom za organizovani kriminal, tra\u017een me\u0111unarodnom poternicom -\" \/>\n<meta property=\"og:description\" content=\"Pri\u0161tina, 02. decembar 2025, 08:32 Pri\u0161tina \u2013 Jedan strani dr\u017eavljanin je uhap\u0161en jer je bio tra\u017een me\u0111unarodnom poternicom pod sumnjom za organizovani kriminal. Prema 24-\u010dasovnom\" \/>\n<meta property=\"og:url\" content=\"https:\/\/veritasinfo.org\/?p=22432&amp;lang=sr\" \/>\n<meta property=\"article:published_time\" content=\"2025-12-02T07:38:20+00:00\" \/>\n<meta property=\"og:image\" content=\"https:\/\/veritasinfo.org\/wp-content\/uploads\/2025\/12\/policia-750x430-2.jpg\" \/>\n\t<meta property=\"og:image:width\" content=\"750\" \/>\n\t<meta property=\"og:image:height\" content=\"430\" \/>\n\t<meta property=\"og:image:type\" content=\"image\/jpeg\" \/>\n<meta name=\"author\" content=\"US5\" \/>\n<meta name=\"twitter:card\" content=\"summary_large_image\" \/>\n<meta name=\"twitter:label1\" content=\"Written by\" \/>\n\t<meta name=\"twitter:data1\" content=\"US5\" \/>\n<script type=\"application\/ld+json\" class=\"yoast-schema-graph\">{\"@context\":\"https:\/\/schema.org\",\"@graph\":[{\"@type\":\"WebPage\",\"@id\":\"https:\/\/veritasinfo.org\/?p=22432&lang=sr\",\"url\":\"https:\/\/veritasinfo.org\/?p=22432&lang=sr\",\"name\":\"Uhva\u0107en strani dr\u017eavljanin pod sumnjom za organizovani kriminal, tra\u017een me\u0111unarodnom poternicom -\",\"isPartOf\":{\"@id\":\"https:\/\/veritasinfo.org\/#website\"},\"primaryImageOfPage\":{\"@id\":\"https:\/\/veritasinfo.org\/?p=22432&lang=sr#primaryimage\"},\"image\":{\"@id\":\"https:\/\/veritasinfo.org\/?p=22432&lang=sr#primaryimage\"},\"thumbnailUrl\":\"https:\/\/veritasinfo.org\/wp-content\/uploads\/2025\/12\/policia-750x430-2.jpg\",\"datePublished\":\"2025-12-02T07:38:20+00:00\",\"author\":{\"@id\":\"https:\/\/veritasinfo.org\/#\/schema\/person\/bc442336e35414d04494ab8fb45db4c6\"},\"breadcrumb\":{\"@id\":\"https:\/\/veritasinfo.org\/?p=22432&lang=sr#breadcrumb\"},\"inLanguage\":\"en-US\",\"potentialAction\":[{\"@type\":\"ReadAction\",\"target\":[\"https:\/\/veritasinfo.org\/?p=22432&lang=sr\"]}]},{\"@type\":\"ImageObject\",\"inLanguage\":\"en-US\",\"@id\":\"https:\/\/veritasinfo.org\/?p=22432&lang=sr#primaryimage\",\"url\":\"https:\/\/veritasinfo.org\/wp-content\/uploads\/2025\/12\/policia-750x430-2.jpg\",\"contentUrl\":\"https:\/\/veritasinfo.org\/wp-content\/uploads\/2025\/12\/policia-750x430-2.jpg\",\"width\":750,\"height\":430},{\"@type\":\"BreadcrumbList\",\"@id\":\"https:\/\/veritasinfo.org\/?p=22432&lang=sr#breadcrumb\",\"itemListElement\":[{\"@type\":\"ListItem\",\"position\":1,\"name\":\"Home\",\"item\":\"https:\/\/veritasinfo.org\/\"},{\"@type\":\"ListItem\",\"position\":2,\"name\":\"Uhva\u0107en strani dr\u017eavljanin pod sumnjom za organizovani kriminal, tra\u017een me\u0111unarodnom poternicom\"}]},{\"@type\":\"WebSite\",\"@id\":\"https:\/\/veritasinfo.org\/#website\",\"url\":\"https:\/\/veritasinfo.org\/\",\"name\":\"\",\"description\":\"\",\"potentialAction\":[{\"@type\":\"SearchAction\",\"target\":{\"@type\":\"EntryPoint\",\"urlTemplate\":\"https:\/\/veritasinfo.org\/?s={search_term_string}\"},\"query-input\":{\"@type\":\"PropertyValueSpecification\",\"valueRequired\":true,\"valueName\":\"search_term_string\"}}],\"inLanguage\":\"en-US\"},{\"@type\":\"Person\",\"@id\":\"https:\/\/veritasinfo.org\/#\/schema\/person\/bc442336e35414d04494ab8fb45db4c6\",\"name\":\"US5\",\"image\":{\"@type\":\"ImageObject\",\"inLanguage\":\"en-US\",\"@id\":\"https:\/\/veritasinfo.org\/#\/schema\/person\/image\/\",\"url\":\"https:\/\/secure.gravatar.com\/avatar\/16a61e7272a0c5d001121ebb9e60e925d5816e4ac1e443ed3e640d9a6ae55d0c?s=96&d=mm&r=g\",\"contentUrl\":\"https:\/\/secure.gravatar.com\/avatar\/16a61e7272a0c5d001121ebb9e60e925d5816e4ac1e443ed3e640d9a6ae55d0c?s=96&d=mm&r=g\",\"caption\":\"US5\"},\"url\":\"https:\/\/veritasinfo.org\/?author=6\"}]}<\/script>\n<!-- \/ Yoast SEO plugin. -->","yoast_head_json":{"title":"Uhva\u0107en strani dr\u017eavljanin pod sumnjom za organizovani kriminal, tra\u017een me\u0111unarodnom poternicom -","robots":{"index":"index","follow":"follow","max-snippet":"max-snippet:-1","max-image-preview":"max-image-preview:large","max-video-preview":"max-video-preview:-1"},"canonical":"https:\/\/veritasinfo.org\/?p=22432&lang=sr","og_locale":"en_US","og_type":"article","og_title":"Uhva\u0107en strani dr\u017eavljanin pod sumnjom za organizovani kriminal, tra\u017een me\u0111unarodnom poternicom -","og_description":"Pri\u0161tina, 02. decembar 2025, 08:32 Pri\u0161tina \u2013 Jedan strani dr\u017eavljanin je uhap\u0161en jer je bio tra\u017een me\u0111unarodnom poternicom pod sumnjom za organizovani kriminal. Prema 24-\u010dasovnom","og_url":"https:\/\/veritasinfo.org\/?p=22432&lang=sr","article_published_time":"2025-12-02T07:38:20+00:00","og_image":[{"width":750,"height":430,"url":"https:\/\/veritasinfo.org\/wp-content\/uploads\/2025\/12\/policia-750x430-2.jpg","type":"image\/jpeg"}],"author":"US5","twitter_card":"summary_large_image","twitter_misc":{"Written by":"US5"},"schema":{"@context":"https:\/\/schema.org","@graph":[{"@type":"WebPage","@id":"https:\/\/veritasinfo.org\/?p=22432&lang=sr","url":"https:\/\/veritasinfo.org\/?p=22432&lang=sr","name":"Uhva\u0107en strani dr\u017eavljanin pod sumnjom za organizovani kriminal, tra\u017een me\u0111unarodnom poternicom -","isPartOf":{"@id":"https:\/\/veritasinfo.org\/#website"},"primaryImageOfPage":{"@id":"https:\/\/veritasinfo.org\/?p=22432&lang=sr#primaryimage"},"image":{"@id":"https:\/\/veritasinfo.org\/?p=22432&lang=sr#primaryimage"},"thumbnailUrl":"https:\/\/veritasinfo.org\/wp-content\/uploads\/2025\/12\/policia-750x430-2.jpg","datePublished":"2025-12-02T07:38:20+00:00","author":{"@id":"https:\/\/veritasinfo.org\/#\/schema\/person\/bc442336e35414d04494ab8fb45db4c6"},"breadcrumb":{"@id":"https:\/\/veritasinfo.org\/?p=22432&lang=sr#breadcrumb"},"inLanguage":"en-US","potentialAction":[{"@type":"ReadAction","target":["https:\/\/veritasinfo.org\/?p=22432&lang=sr"]}]},{"@type":"ImageObject","inLanguage":"en-US","@id":"https:\/\/veritasinfo.org\/?p=22432&lang=sr#primaryimage","url":"https:\/\/veritasinfo.org\/wp-content\/uploads\/2025\/12\/policia-750x430-2.jpg","contentUrl":"https:\/\/veritasinfo.org\/wp-content\/uploads\/2025\/12\/policia-750x430-2.jpg","width":750,"height":430},{"@type":"BreadcrumbList","@id":"https:\/\/veritasinfo.org\/?p=22432&lang=sr#breadcrumb","itemListElement":[{"@type":"ListItem","position":1,"name":"Home","item":"https:\/\/veritasinfo.org\/"},{"@type":"ListItem","position":2,"name":"Uhva\u0107en strani dr\u017eavljanin pod sumnjom za organizovani kriminal, tra\u017een me\u0111unarodnom poternicom"}]},{"@type":"WebSite","@id":"https:\/\/veritasinfo.org\/#website","url":"https:\/\/veritasinfo.org\/","name":"","description":"","potentialAction":[{"@type":"SearchAction","target":{"@type":"EntryPoint","urlTemplate":"https:\/\/veritasinfo.org\/?s={search_term_string}"},"query-input":{"@type":"PropertyValueSpecification","valueRequired":true,"valueName":"search_term_string"}}],"inLanguage":"en-US"},{"@type":"Person","@id":"https:\/\/veritasinfo.org\/#\/schema\/person\/bc442336e35414d04494ab8fb45db4c6","name":"US5","image":{"@type":"ImageObject","inLanguage":"en-US","@id":"https:\/\/veritasinfo.org\/#\/schema\/person\/image\/","url":"https:\/\/secure.gravatar.com\/avatar\/16a61e7272a0c5d001121ebb9e60e925d5816e4ac1e443ed3e640d9a6ae55d0c?s=96&d=mm&r=g","contentUrl":"https:\/\/secure.gravatar.com\/avatar\/16a61e7272a0c5d001121ebb9e60e925d5816e4ac1e443ed3e640d9a6ae55d0c?s=96&d=mm&r=g","caption":"US5"},"url":"https:\/\/veritasinfo.org\/?author=6"}]}},"featured_image_urls":{"full":["https:\/\/veritasinfo.org\/wp-content\/uploads\/2025\/12\/policia-750x430-2.jpg",750,430,false],"thumbnail":["https:\/\/veritasinfo.org\/wp-content\/uploads\/2025\/12\/policia-750x430-2-150x150.jpg",150,150,true],"medium":["https:\/\/veritasinfo.org\/wp-content\/uploads\/2025\/12\/policia-750x430-2-300x172.jpg",300,172,true],"medium_large":["https:\/\/veritasinfo.org\/wp-content\/uploads\/2025\/12\/policia-750x430-2.jpg",640,367,false],"large":["https:\/\/veritasinfo.org\/wp-content\/uploads\/2025\/12\/policia-750x430-2.jpg",640,367,false],"1536x1536":["https:\/\/veritasinfo.org\/wp-content\/uploads\/2025\/12\/policia-750x430-2.jpg",750,430,false],"2048x2048":["https:\/\/veritasinfo.org\/wp-content\/uploads\/2025\/12\/policia-750x430-2.jpg",750,430,false],"kreeti-slider-full":["https:\/\/veritasinfo.org\/wp-content\/uploads\/2025\/12\/policia-750x430-2.jpg",750,430,false],"kreeti-featured":["https:\/\/veritasinfo.org\/wp-content\/uploads\/2025\/12\/policia-750x430-2.jpg",750,430,false],"kreeti-medium":["https:\/\/veritasinfo.org\/wp-content\/uploads\/2025\/12\/policia-750x430-2.jpg",720,413,false],"kreeti-medium-square":["https:\/\/veritasinfo.org\/wp-content\/uploads\/2025\/12\/policia-750x430-2.jpg",350,201,false]},"author_info":{"info":["US5"]},"category_info":"<a href=\"https:\/\/veritasinfo.org\/?cat=103&#038;lang=sr\" rel=\"category\">Hronika<\/a>","tag_info":"Hronika","comment_count":"0","_links":{"self":[{"href":"https:\/\/veritasinfo.org\/index.php?rest_route=\/wp\/v2\/posts\/22432","targetHints":{"allow":["GET"]}}],"collection":[{"href":"https:\/\/veritasinfo.org\/index.php?rest_route=\/wp\/v2\/posts"}],"about":[{"href":"https:\/\/veritasinfo.org\/index.php?rest_route=\/wp\/v2\/types\/post"}],"author":[{"embeddable":true,"href":"https:\/\/veritasinfo.org\/index.php?rest_route=\/wp\/v2\/users\/6"}],"replies":[{"embeddable":true,"href":"https:\/\/veritasinfo.org\/index.php?rest_route=%2Fwp%2Fv2%2Fcomments&post=22432"}],"version-history":[{"count":1,"href":"https:\/\/veritasinfo.org\/index.php?rest_route=\/wp\/v2\/posts\/22432\/revisions"}],"predecessor-version":[{"id":22434,"href":"https:\/\/veritasinfo.org\/index.php?rest_route=\/wp\/v2\/posts\/22432\/revisions\/22434"}],"wp:featuredmedia":[{"embeddable":true,"href":"https:\/\/veritasinfo.org\/index.php?rest_route=\/wp\/v2\/media\/22433"}],"wp:attachment":[{"href":"https:\/\/veritasinfo.org\/index.php?rest_route=%2Fwp%2Fv2%2Fmedia&parent=22432"}],"wp:term":[{"taxonomy":"category","embeddable":true,"href":"https:\/\/veritasinfo.org\/index.php?rest_route=%2Fwp%2Fv2%2Fcategories&post=22432"},{"taxonomy":"post_tag","embeddable":true,"href":"https:\/\/veritasinfo.org\/index.php?rest_route=%2Fwp%2Fv2%2Ftags&post=22432"}],"curies":[{"name":"wp","href":"https:\/\/api.w.org\/{rel}","templated":true}]}}