{"id":22426,"date":"2025-12-02T08:30:52","date_gmt":"2025-12-02T07:30:52","guid":{"rendered":"https:\/\/veritasinfo.org\/?p=22426"},"modified":"2025-12-02T08:30:52","modified_gmt":"2025-12-02T07:30:52","slug":"izaslanik-sad-sastace-se-sa-putinom-u-moskvi-dok-nato-moze-razmotriti-preventivni-napad-protiv-rusije","status":"publish","type":"post","link":"https:\/\/veritasinfo.org\/?p=22426&lang=sr","title":{"rendered":"Izaslanik SAD sasta\u0107e se sa Putinom u Moskvi \u2013 dok NATO mo\u017ee razmotriti \u201epreventivni napad\u201c protiv Rusije"},"content":{"rendered":"<p>Pri\u0161tina, 02. decembar 2025, 08:30<\/p>\n<p>Izaslanik Donalda Trampa, Steve Witkoff, sasta\u0107e se danas sa Vladimirom Putinom u Moskvi, dok se diplomatija intenzivira u p\u00ebrpjekama za okon\u010danje rata u Ukrajini.<\/p>\n<p>Va\u0161ington je \u201eveoma optimisti\u010dan\u201c u pogledu postizanja sporazuma, rekla je sekretarka za \u0161tampu Donalda Trampa, Karoline Leavitt, uo\u010di putovanja, nakon \u0161to su se ukrajinski zvani\u010dnici u nedelju sastali sa ameri\u010dkim predstavnicima.<\/p>\n<p>Me\u0111utim, obe strane su pokazale da je pred njima dug put ka re\u0161avanju klju\u010dnih ta\u010daka zastoja, konkretno kontrole nad ukrajinskom teritorijom i bezbednosnih garancija za Kijev nakon rata, pi\u0161e Sky News, prenosi Telegrafi.<\/p>\n<p>Putin je pro\u0161le nedelje nagovestio da bi obustavio borbe samo ako bi se ukrajinske snage povukle iz sva \u010detiri ukrajinska regiona koja je Rusija ilegalno anektirala 2022. godine.<\/p>\n<p>Rusija ne kontroli\u0161e u potpunosti ove regione, ali su njene oru\u017eane snage u novembru ostvarile svoj najve\u0107i napredak u Ukrajini u poslednjih godinu dana, zauzev\u0161i 270 kvadratnih milja, prema analizi novinske agencije AFP.<\/p>\n<p>S druge strane, ukrajinski predsednik Volodimir Zelenski stalno ponavlja da odustajanje od teritorije nije opcija.<\/p>\n<p>On je u ponedeljak boravio u Parizu na razgovorima sa francuskim predsednikom Emmanuelom Macronom, koji je obavio zajedni\u010dki telefonski razgovor sa britanskim premijerom Sirom Keirom Starmerom i ponovio svoju podr\u0161ku suverenitetu Ukrajine.<\/p>\n<p>U me\u0111uvremenu, evropski saveznici su sve vreme bili meta takozvanog \u201ehibridnog rata\u201c, posebno ponovljenih upada u vazdu\u0161ni prostor od strane ruskih dronova i borbenih aviona.<\/p>\n<p>Najvi\u0161i vojni oficir NATO-a oti\u0161ao je toliko daleko da je u ponedeljak rekao da bi alijansa mogla da razmotri \u201epreventivni napad\u201c na Rusiju kao \u201eodbrambenu meru\u201c, prema Financial Timesu.<\/p>\n<p>Izjave admirala \u0110uzepea Cavo Dragonea Kremlj je osudio kao izuzetno neodgovorne i kao poku\u0161aj da se tenzije dodatno eskaliraju.<\/p>\n","protected":false},"excerpt":{"rendered":"<p>Pri\u0161tina, 02. decembar 2025, 08:30 Izaslanik Donalda Trampa, Steve Witkoff, sasta\u0107e se danas sa Vladimirom Putinom u Moskvi, dok se diplomatija intenzivira u p\u00ebrpjekama za<\/p>\n","protected":false},"author":6,"featured_media":22424,"comment_status":"open","ping_status":"open","sticky":false,"template":"","format":"standard","meta":{"footnotes":""},"categories":[74],"tags":[],"class_list":["post-22426","post","type-post","status-publish","format-standard","has-post-thumbnail","hentry","category-svet"],"yoast_head":"<!-- This site is optimized with the Yoast SEO plugin v25.3.1 - https:\/\/yoast.com\/wordpress\/plugins\/seo\/ -->\n<title>Izaslanik SAD sasta\u0107e se sa Putinom u Moskvi \u2013 dok NATO mo\u017ee razmotriti \u201epreventivni napad\u201c protiv Rusije -<\/title>\n<meta name=\"robots\" content=\"index, follow, max-snippet:-1, max-image-preview:large, max-video-preview:-1\" \/>\n<link rel=\"canonical\" href=\"https:\/\/veritasinfo.org\/?p=22426&lang=sr\" \/>\n<meta property=\"og:locale\" content=\"en_US\" \/>\n<meta property=\"og:type\" content=\"article\" \/>\n<meta property=\"og:title\" content=\"Izaslanik SAD sasta\u0107e se sa Putinom u Moskvi \u2013 dok NATO mo\u017ee razmotriti \u201epreventivni napad\u201c protiv Rusije -\" \/>\n<meta property=\"og:description\" content=\"Pri\u0161tina, 02. decembar 2025, 08:30 Izaslanik Donalda Trampa, Steve Witkoff, sasta\u0107e se danas sa Vladimirom Putinom u Moskvi, dok se diplomatija intenzivira u p\u00ebrpjekama za\" \/>\n<meta property=\"og:url\" content=\"https:\/\/veritasinfo.org\/?p=22426&amp;lang=sr\" \/>\n<meta property=\"article:published_time\" content=\"2025-12-02T07:30:52+00:00\" \/>\n<meta property=\"og:image\" content=\"https:\/\/veritasinfo.org\/wp-content\/uploads\/2025\/12\/image-15.webp\" \/>\n\t<meta property=\"og:image:width\" content=\"1245\" \/>\n\t<meta property=\"og:image:height\" content=\"700\" \/>\n\t<meta property=\"og:image:type\" content=\"image\/webp\" \/>\n<meta name=\"author\" content=\"US5\" \/>\n<meta name=\"twitter:card\" content=\"summary_large_image\" \/>\n<meta name=\"twitter:label1\" content=\"Written by\" \/>\n\t<meta name=\"twitter:data1\" content=\"US5\" \/>\n\t<meta name=\"twitter:label2\" content=\"Est. reading time\" \/>\n\t<meta name=\"twitter:data2\" content=\"1 minute\" \/>\n<script type=\"application\/ld+json\" class=\"yoast-schema-graph\">{\"@context\":\"https:\/\/schema.org\",\"@graph\":[{\"@type\":\"WebPage\",\"@id\":\"https:\/\/veritasinfo.org\/?p=22426&lang=sr\",\"url\":\"https:\/\/veritasinfo.org\/?p=22426&lang=sr\",\"name\":\"Izaslanik SAD sasta\u0107e se sa Putinom u Moskvi \u2013 dok NATO mo\u017ee razmotriti \u201epreventivni napad\u201c protiv Rusije -\",\"isPartOf\":{\"@id\":\"https:\/\/veritasinfo.org\/#website\"},\"primaryImageOfPage\":{\"@id\":\"https:\/\/veritasinfo.org\/?p=22426&lang=sr#primaryimage\"},\"image\":{\"@id\":\"https:\/\/veritasinfo.org\/?p=22426&lang=sr#primaryimage\"},\"thumbnailUrl\":\"https:\/\/veritasinfo.org\/wp-content\/uploads\/2025\/12\/image-15.webp\",\"datePublished\":\"2025-12-02T07:30:52+00:00\",\"author\":{\"@id\":\"https:\/\/veritasinfo.org\/#\/schema\/person\/bc442336e35414d04494ab8fb45db4c6\"},\"breadcrumb\":{\"@id\":\"https:\/\/veritasinfo.org\/?p=22426&lang=sr#breadcrumb\"},\"inLanguage\":\"en-US\",\"potentialAction\":[{\"@type\":\"ReadAction\",\"target\":[\"https:\/\/veritasinfo.org\/?p=22426&lang=sr\"]}]},{\"@type\":\"ImageObject\",\"inLanguage\":\"en-US\",\"@id\":\"https:\/\/veritasinfo.org\/?p=22426&lang=sr#primaryimage\",\"url\":\"https:\/\/veritasinfo.org\/wp-content\/uploads\/2025\/12\/image-15.webp\",\"contentUrl\":\"https:\/\/veritasinfo.org\/wp-content\/uploads\/2025\/12\/image-15.webp\",\"width\":1245,\"height\":700},{\"@type\":\"BreadcrumbList\",\"@id\":\"https:\/\/veritasinfo.org\/?p=22426&lang=sr#breadcrumb\",\"itemListElement\":[{\"@type\":\"ListItem\",\"position\":1,\"name\":\"Home\",\"item\":\"https:\/\/veritasinfo.org\/\"},{\"@type\":\"ListItem\",\"position\":2,\"name\":\"Izaslanik SAD sasta\u0107e se sa Putinom u Moskvi \u2013 dok NATO mo\u017ee razmotriti \u201epreventivni napad\u201c protiv Rusije\"}]},{\"@type\":\"WebSite\",\"@id\":\"https:\/\/veritasinfo.org\/#website\",\"url\":\"https:\/\/veritasinfo.org\/\",\"name\":\"\",\"description\":\"\",\"potentialAction\":[{\"@type\":\"SearchAction\",\"target\":{\"@type\":\"EntryPoint\",\"urlTemplate\":\"https:\/\/veritasinfo.org\/?s={search_term_string}\"},\"query-input\":{\"@type\":\"PropertyValueSpecification\",\"valueRequired\":true,\"valueName\":\"search_term_string\"}}],\"inLanguage\":\"en-US\"},{\"@type\":\"Person\",\"@id\":\"https:\/\/veritasinfo.org\/#\/schema\/person\/bc442336e35414d04494ab8fb45db4c6\",\"name\":\"US5\",\"image\":{\"@type\":\"ImageObject\",\"inLanguage\":\"en-US\",\"@id\":\"https:\/\/veritasinfo.org\/#\/schema\/person\/image\/\",\"url\":\"https:\/\/secure.gravatar.com\/avatar\/16a61e7272a0c5d001121ebb9e60e925d5816e4ac1e443ed3e640d9a6ae55d0c?s=96&d=mm&r=g\",\"contentUrl\":\"https:\/\/secure.gravatar.com\/avatar\/16a61e7272a0c5d001121ebb9e60e925d5816e4ac1e443ed3e640d9a6ae55d0c?s=96&d=mm&r=g\",\"caption\":\"US5\"},\"url\":\"https:\/\/veritasinfo.org\/?author=6\"}]}<\/script>\n<!-- \/ Yoast SEO plugin. -->","yoast_head_json":{"title":"Izaslanik SAD sasta\u0107e se sa Putinom u Moskvi \u2013 dok NATO mo\u017ee razmotriti \u201epreventivni napad\u201c protiv Rusije -","robots":{"index":"index","follow":"follow","max-snippet":"max-snippet:-1","max-image-preview":"max-image-preview:large","max-video-preview":"max-video-preview:-1"},"canonical":"https:\/\/veritasinfo.org\/?p=22426&lang=sr","og_locale":"en_US","og_type":"article","og_title":"Izaslanik SAD sasta\u0107e se sa Putinom u Moskvi \u2013 dok NATO mo\u017ee razmotriti \u201epreventivni napad\u201c protiv Rusije -","og_description":"Pri\u0161tina, 02. decembar 2025, 08:30 Izaslanik Donalda Trampa, Steve Witkoff, sasta\u0107e se danas sa Vladimirom Putinom u Moskvi, dok se diplomatija intenzivira u p\u00ebrpjekama za","og_url":"https:\/\/veritasinfo.org\/?p=22426&lang=sr","article_published_time":"2025-12-02T07:30:52+00:00","og_image":[{"width":1245,"height":700,"url":"https:\/\/veritasinfo.org\/wp-content\/uploads\/2025\/12\/image-15.webp","type":"image\/webp"}],"author":"US5","twitter_card":"summary_large_image","twitter_misc":{"Written by":"US5","Est. reading time":"1 minute"},"schema":{"@context":"https:\/\/schema.org","@graph":[{"@type":"WebPage","@id":"https:\/\/veritasinfo.org\/?p=22426&lang=sr","url":"https:\/\/veritasinfo.org\/?p=22426&lang=sr","name":"Izaslanik SAD sasta\u0107e se sa Putinom u Moskvi \u2013 dok NATO mo\u017ee razmotriti \u201epreventivni napad\u201c protiv Rusije -","isPartOf":{"@id":"https:\/\/veritasinfo.org\/#website"},"primaryImageOfPage":{"@id":"https:\/\/veritasinfo.org\/?p=22426&lang=sr#primaryimage"},"image":{"@id":"https:\/\/veritasinfo.org\/?p=22426&lang=sr#primaryimage"},"thumbnailUrl":"https:\/\/veritasinfo.org\/wp-content\/uploads\/2025\/12\/image-15.webp","datePublished":"2025-12-02T07:30:52+00:00","author":{"@id":"https:\/\/veritasinfo.org\/#\/schema\/person\/bc442336e35414d04494ab8fb45db4c6"},"breadcrumb":{"@id":"https:\/\/veritasinfo.org\/?p=22426&lang=sr#breadcrumb"},"inLanguage":"en-US","potentialAction":[{"@type":"ReadAction","target":["https:\/\/veritasinfo.org\/?p=22426&lang=sr"]}]},{"@type":"ImageObject","inLanguage":"en-US","@id":"https:\/\/veritasinfo.org\/?p=22426&lang=sr#primaryimage","url":"https:\/\/veritasinfo.org\/wp-content\/uploads\/2025\/12\/image-15.webp","contentUrl":"https:\/\/veritasinfo.org\/wp-content\/uploads\/2025\/12\/image-15.webp","width":1245,"height":700},{"@type":"BreadcrumbList","@id":"https:\/\/veritasinfo.org\/?p=22426&lang=sr#breadcrumb","itemListElement":[{"@type":"ListItem","position":1,"name":"Home","item":"https:\/\/veritasinfo.org\/"},{"@type":"ListItem","position":2,"name":"Izaslanik SAD sasta\u0107e se sa Putinom u Moskvi \u2013 dok NATO mo\u017ee razmotriti \u201epreventivni napad\u201c protiv Rusije"}]},{"@type":"WebSite","@id":"https:\/\/veritasinfo.org\/#website","url":"https:\/\/veritasinfo.org\/","name":"","description":"","potentialAction":[{"@type":"SearchAction","target":{"@type":"EntryPoint","urlTemplate":"https:\/\/veritasinfo.org\/?s={search_term_string}"},"query-input":{"@type":"PropertyValueSpecification","valueRequired":true,"valueName":"search_term_string"}}],"inLanguage":"en-US"},{"@type":"Person","@id":"https:\/\/veritasinfo.org\/#\/schema\/person\/bc442336e35414d04494ab8fb45db4c6","name":"US5","image":{"@type":"ImageObject","inLanguage":"en-US","@id":"https:\/\/veritasinfo.org\/#\/schema\/person\/image\/","url":"https:\/\/secure.gravatar.com\/avatar\/16a61e7272a0c5d001121ebb9e60e925d5816e4ac1e443ed3e640d9a6ae55d0c?s=96&d=mm&r=g","contentUrl":"https:\/\/secure.gravatar.com\/avatar\/16a61e7272a0c5d001121ebb9e60e925d5816e4ac1e443ed3e640d9a6ae55d0c?s=96&d=mm&r=g","caption":"US5"},"url":"https:\/\/veritasinfo.org\/?author=6"}]}},"featured_image_urls":{"full":["https:\/\/veritasinfo.org\/wp-content\/uploads\/2025\/12\/image-15.webp",1245,700,false],"thumbnail":["https:\/\/veritasinfo.org\/wp-content\/uploads\/2025\/12\/image-15-150x150.webp",150,150,true],"medium":["https:\/\/veritasinfo.org\/wp-content\/uploads\/2025\/12\/image-15-300x169.webp",300,169,true],"medium_large":["https:\/\/veritasinfo.org\/wp-content\/uploads\/2025\/12\/image-15-768x432.webp",640,360,true],"large":["https:\/\/veritasinfo.org\/wp-content\/uploads\/2025\/12\/image-15-1024x576.webp",640,360,true],"1536x1536":["https:\/\/veritasinfo.org\/wp-content\/uploads\/2025\/12\/image-15.webp",1245,700,false],"2048x2048":["https:\/\/veritasinfo.org\/wp-content\/uploads\/2025\/12\/image-15.webp",1245,700,false],"kreeti-slider-full":["https:\/\/veritasinfo.org\/wp-content\/uploads\/2025\/12\/image-15.webp",1245,700,false],"kreeti-featured":["https:\/\/veritasinfo.org\/wp-content\/uploads\/2025\/12\/image-15.webp",1024,576,false],"kreeti-medium":["https:\/\/veritasinfo.org\/wp-content\/uploads\/2025\/12\/image-15.webp",720,405,false],"kreeti-medium-square":["https:\/\/veritasinfo.org\/wp-content\/uploads\/2025\/12\/image-15.webp",350,197,false]},"author_info":{"info":["US5"]},"category_info":"<a href=\"https:\/\/veritasinfo.org\/?cat=74&#038;lang=sr\" rel=\"category\">Svet<\/a>","tag_info":"Svet","comment_count":"0","_links":{"self":[{"href":"https:\/\/veritasinfo.org\/index.php?rest_route=\/wp\/v2\/posts\/22426","targetHints":{"allow":["GET"]}}],"collection":[{"href":"https:\/\/veritasinfo.org\/index.php?rest_route=\/wp\/v2\/posts"}],"about":[{"href":"https:\/\/veritasinfo.org\/index.php?rest_route=\/wp\/v2\/types\/post"}],"author":[{"embeddable":true,"href":"https:\/\/veritasinfo.org\/index.php?rest_route=\/wp\/v2\/users\/6"}],"replies":[{"embeddable":true,"href":"https:\/\/veritasinfo.org\/index.php?rest_route=%2Fwp%2Fv2%2Fcomments&post=22426"}],"version-history":[{"count":1,"href":"https:\/\/veritasinfo.org\/index.php?rest_route=\/wp\/v2\/posts\/22426\/revisions"}],"predecessor-version":[{"id":22427,"href":"https:\/\/veritasinfo.org\/index.php?rest_route=\/wp\/v2\/posts\/22426\/revisions\/22427"}],"wp:featuredmedia":[{"embeddable":true,"href":"https:\/\/veritasinfo.org\/index.php?rest_route=\/wp\/v2\/media\/22424"}],"wp:attachment":[{"href":"https:\/\/veritasinfo.org\/index.php?rest_route=%2Fwp%2Fv2%2Fmedia&parent=22426"}],"wp:term":[{"taxonomy":"category","embeddable":true,"href":"https:\/\/veritasinfo.org\/index.php?rest_route=%2Fwp%2Fv2%2Fcategories&post=22426"},{"taxonomy":"post_tag","embeddable":true,"href":"https:\/\/veritasinfo.org\/index.php?rest_route=%2Fwp%2Fv2%2Ftags&post=22426"}],"curies":[{"name":"wp","href":"https:\/\/api.w.org\/{rel}","templated":true}]}}