{"id":22413,"date":"2025-12-02T08:13:04","date_gmt":"2025-12-02T07:13:04","guid":{"rendered":"https:\/\/veritasinfo.org\/?p=22413"},"modified":"2025-12-02T08:35:15","modified_gmt":"2025-12-02T07:35:15","slug":"be-ja-per-42-milionet-qe-ia-premtoi-kosoves-per-demet-nga-elektroseveri-ska-baze-per-kompensim","status":"publish","type":"post","link":"https:\/\/veritasinfo.org\/?p=22413","title":{"rendered":"BE-ja p\u00ebr 42 milion\u00ebt q\u00eb ia premtoi Kosov\u00ebs p\u00ebr d\u00ebmet nga \u201cElektroseveri\u201d: S\u2019ka baz\u00eb p\u00ebr kompensim"},"content":{"rendered":"<p>Prishtin\u00eb 02 Dhjetor 2025 08:12<\/p>\n<p>Kosova duhet t\u2019i llogaris\u00eb t\u00eb humbura 42 milion\u00eb eurot q\u00eb i pagoi p\u00ebr mbulimin e kostos s\u00eb rrym\u00ebs n\u00eb veri, n\u00eb periudh\u00ebn tetor 2022 \u2013 dhjetor 2023, kur Elektrosever d\u00ebshtoi t\u00eb p\u00ebrmbushte licenc\u00ebn.<\/p>\n<p>P\u00ebrkund\u00ebr fjal\u00ebve t\u00eb dh\u00ebna at\u00eb koh\u00eb, se do t\u00eb k\u00ebrkoj\u00eb forma financimi p\u00ebr t\u00eb mbuluar d\u00ebmin vet\u00ebm e vet\u00ebm q\u00eb Elektroseverit t\u00eb mos i hiqet licenca, tash Bashkimi Evropian thot\u00eb se nuk ka baz\u00eb ligjore p\u00ebr nj\u00eb kompensim ndaj Kosov\u00ebs<\/p>\n<p>K\u00ebt\u00eb e konfirmon p\u00ebrgjigjja e Sh\u00ebrbimit t\u00eb Jasht\u00ebm t\u00eb BE-s\u00eb.<\/p>\n<p>\u201cNe nuk shohim baz\u00eb ligjore p\u00ebr k\u00ebt\u00eb. P\u00ebrfaq\u00ebsuesi i Posa\u00e7\u00ebm i Bashkimit Evropian, Sorensen mbetet i gatsh\u00ebm q\u00eb t\u00eb adresoj\u00eb shqet\u00ebsimet e sjella nga pal\u00ebt n\u00eb dialog, gjat\u00eb takimeve t\u00eb kryenegociator\u00ebve\u201d, tha Bashkimi Evropian.<\/p>\n<p>Sipas nj\u00eb deklarate, n\u00eb mars 2024, nga z\u00ebvend\u00ebskryeministri \u2013 tani n\u00eb detyr\u00eb \u2013 Besnik Bislimi, ish-P\u00ebrfaq\u00ebsuesi i Posa\u00e7\u00ebm p\u00ebr Dialogun, Miroslav Laj\u00e7ak, kishte k\u00ebrkuar Zyra e Rregullatorit p\u00ebr Energji t\u00eb mos ia t\u00ebrhiqte licenc\u00ebn Elektroseverit, p\u00ebrkund\u00ebr d\u00ebshtimit p\u00ebr nisjen e faturimit.<\/p>\n<p>N\u00eb k\u00ebmbim, sipas Bislimit, Laj\u00e7ak ishte zotuar t\u00eb gjej\u00eb forma financimi nga BE-ja p\u00ebr t\u00eb kompensuar d\u00ebmin nga Tetori 2022, kur sipas licenc\u00ebs Elektrosever do t\u00eb duhej t\u00eb niste faturimin \u2013 ose t\u2019i hiqej licenca.<\/p>\n<p>Kjo kompani, e licencuar n\u00eb Kosov\u00eb n\u00eb qershor 2022 \u2013 nuk nisi faturimin deri n\u00eb janar 2024.<\/p>\n<p>D\u00ebmi buxhetor i shkaktuar si pasoj\u00eb e k\u00ebtij d\u00ebshtimi t\u00eb Elektroseverit, n\u00eb k\u00ebt\u00eb periudh\u00eb, llogaritet t\u00eb jet\u00eb rreth 42 milion\u00eb euro.<\/p>\n<p>P\u00ebr zotimin e Lajcak, n\u00eb prill 2024 Bislimi i kishte d\u00ebrguar shkres\u00eb zyrtare BE-s\u00eb.<\/p>\n<p>N\u00eb total, q\u00eb nga p\u00ebrfundimi i luft\u00ebs, si pasoj\u00eb e mos-pages\u00ebs s\u00eb energjis\u00eb elektrike nga banor\u00ebt n\u00eb kat\u00ebr komunat me shumic\u00eb serbe n\u00eb veri, d\u00ebmi buxhetor llogaritet t\u00eb jet\u00eb rreth 350 milion\u00eb euro.<\/p>\n","protected":false},"excerpt":{"rendered":"<p>Prishtin\u00eb 02 Dhjetor 2025 08:12 Kosova duhet t\u2019i llogaris\u00eb t\u00eb humbura 42 milion\u00eb eurot q\u00eb i pagoi p\u00ebr mbulimin e kostos s\u00eb rrym\u00ebs n\u00eb veri,<\/p>\n","protected":false},"author":6,"featured_media":22414,"comment_status":"open","ping_status":"open","sticky":false,"template":"","format":"standard","meta":{"footnotes":""},"categories":[58],"tags":[],"class_list":["post-22413","post","type-post","status-publish","format-standard","has-post-thumbnail","hentry","category-politike-sq"],"yoast_head":"<!-- This site is optimized with the Yoast SEO plugin v25.3.1 - https:\/\/yoast.com\/wordpress\/plugins\/seo\/ -->\n<title>BE-ja p\u00ebr 42 milion\u00ebt q\u00eb ia premtoi Kosov\u00ebs p\u00ebr d\u00ebmet nga \u201cElektroseveri\u201d: S\u2019ka baz\u00eb p\u00ebr kompensim -<\/title>\n<meta name=\"robots\" content=\"index, follow, max-snippet:-1, max-image-preview:large, max-video-preview:-1\" \/>\n<link rel=\"canonical\" href=\"https:\/\/veritasinfo.org\/?p=22413\" \/>\n<meta property=\"og:locale\" content=\"en_US\" \/>\n<meta property=\"og:type\" content=\"article\" \/>\n<meta property=\"og:title\" content=\"BE-ja p\u00ebr 42 milion\u00ebt q\u00eb ia premtoi Kosov\u00ebs p\u00ebr d\u00ebmet nga \u201cElektroseveri\u201d: S\u2019ka baz\u00eb p\u00ebr kompensim -\" \/>\n<meta property=\"og:description\" content=\"Prishtin\u00eb 02 Dhjetor 2025 08:12 Kosova duhet t\u2019i llogaris\u00eb t\u00eb humbura 42 milion\u00eb eurot q\u00eb i pagoi p\u00ebr mbulimin e kostos s\u00eb rrym\u00ebs n\u00eb veri,\" \/>\n<meta property=\"og:url\" content=\"https:\/\/veritasinfo.org\/?p=22413\" \/>\n<meta property=\"article:published_time\" content=\"2025-12-02T07:13:04+00:00\" \/>\n<meta property=\"article:modified_time\" content=\"2025-12-02T07:35:15+00:00\" \/>\n<meta property=\"og:image\" content=\"https:\/\/veritasinfo.org\/wp-content\/uploads\/2025\/12\/Bashkimi-Evropian-2.jpg\" \/>\n\t<meta property=\"og:image:width\" content=\"909\" \/>\n\t<meta property=\"og:image:height\" content=\"480\" \/>\n\t<meta property=\"og:image:type\" content=\"image\/jpeg\" \/>\n<meta name=\"author\" content=\"US5\" \/>\n<meta name=\"twitter:card\" content=\"summary_large_image\" \/>\n<meta name=\"twitter:label1\" content=\"Written by\" \/>\n\t<meta name=\"twitter:data1\" content=\"US5\" \/>\n\t<meta name=\"twitter:label2\" content=\"Est. reading time\" \/>\n\t<meta name=\"twitter:data2\" content=\"2 minutes\" \/>\n<script type=\"application\/ld+json\" class=\"yoast-schema-graph\">{\"@context\":\"https:\/\/schema.org\",\"@graph\":[{\"@type\":\"WebPage\",\"@id\":\"https:\/\/veritasinfo.org\/?p=22413\",\"url\":\"https:\/\/veritasinfo.org\/?p=22413\",\"name\":\"BE-ja p\u00ebr 42 milion\u00ebt q\u00eb ia premtoi Kosov\u00ebs p\u00ebr d\u00ebmet nga \u201cElektroseveri\u201d: S\u2019ka baz\u00eb p\u00ebr kompensim -\",\"isPartOf\":{\"@id\":\"https:\/\/veritasinfo.org\/#website\"},\"primaryImageOfPage\":{\"@id\":\"https:\/\/veritasinfo.org\/?p=22413#primaryimage\"},\"image\":{\"@id\":\"https:\/\/veritasinfo.org\/?p=22413#primaryimage\"},\"thumbnailUrl\":\"https:\/\/veritasinfo.org\/wp-content\/uploads\/2025\/12\/Bashkimi-Evropian-2.jpg\",\"datePublished\":\"2025-12-02T07:13:04+00:00\",\"dateModified\":\"2025-12-02T07:35:15+00:00\",\"author\":{\"@id\":\"https:\/\/veritasinfo.org\/#\/schema\/person\/bc442336e35414d04494ab8fb45db4c6\"},\"breadcrumb\":{\"@id\":\"https:\/\/veritasinfo.org\/?p=22413#breadcrumb\"},\"inLanguage\":\"en-US\",\"potentialAction\":[{\"@type\":\"ReadAction\",\"target\":[\"https:\/\/veritasinfo.org\/?p=22413\"]}]},{\"@type\":\"ImageObject\",\"inLanguage\":\"en-US\",\"@id\":\"https:\/\/veritasinfo.org\/?p=22413#primaryimage\",\"url\":\"https:\/\/veritasinfo.org\/wp-content\/uploads\/2025\/12\/Bashkimi-Evropian-2.jpg\",\"contentUrl\":\"https:\/\/veritasinfo.org\/wp-content\/uploads\/2025\/12\/Bashkimi-Evropian-2.jpg\",\"width\":909,\"height\":480},{\"@type\":\"BreadcrumbList\",\"@id\":\"https:\/\/veritasinfo.org\/?p=22413#breadcrumb\",\"itemListElement\":[{\"@type\":\"ListItem\",\"position\":1,\"name\":\"Home\",\"item\":\"https:\/\/veritasinfo.org\/\"},{\"@type\":\"ListItem\",\"position\":2,\"name\":\"BE-ja p\u00ebr 42 milion\u00ebt q\u00eb ia premtoi Kosov\u00ebs p\u00ebr d\u00ebmet nga \u201cElektroseveri\u201d: S\u2019ka baz\u00eb p\u00ebr kompensim\"}]},{\"@type\":\"WebSite\",\"@id\":\"https:\/\/veritasinfo.org\/#website\",\"url\":\"https:\/\/veritasinfo.org\/\",\"name\":\"\",\"description\":\"\",\"potentialAction\":[{\"@type\":\"SearchAction\",\"target\":{\"@type\":\"EntryPoint\",\"urlTemplate\":\"https:\/\/veritasinfo.org\/?s={search_term_string}\"},\"query-input\":{\"@type\":\"PropertyValueSpecification\",\"valueRequired\":true,\"valueName\":\"search_term_string\"}}],\"inLanguage\":\"en-US\"},{\"@type\":\"Person\",\"@id\":\"https:\/\/veritasinfo.org\/#\/schema\/person\/bc442336e35414d04494ab8fb45db4c6\",\"name\":\"US5\",\"image\":{\"@type\":\"ImageObject\",\"inLanguage\":\"en-US\",\"@id\":\"https:\/\/veritasinfo.org\/#\/schema\/person\/image\/\",\"url\":\"https:\/\/secure.gravatar.com\/avatar\/16a61e7272a0c5d001121ebb9e60e925d5816e4ac1e443ed3e640d9a6ae55d0c?s=96&d=mm&r=g\",\"contentUrl\":\"https:\/\/secure.gravatar.com\/avatar\/16a61e7272a0c5d001121ebb9e60e925d5816e4ac1e443ed3e640d9a6ae55d0c?s=96&d=mm&r=g\",\"caption\":\"US5\"},\"url\":\"https:\/\/veritasinfo.org\/?author=6\"}]}<\/script>\n<!-- \/ Yoast SEO plugin. -->","yoast_head_json":{"title":"BE-ja p\u00ebr 42 milion\u00ebt q\u00eb ia premtoi Kosov\u00ebs p\u00ebr d\u00ebmet nga \u201cElektroseveri\u201d: S\u2019ka baz\u00eb p\u00ebr kompensim -","robots":{"index":"index","follow":"follow","max-snippet":"max-snippet:-1","max-image-preview":"max-image-preview:large","max-video-preview":"max-video-preview:-1"},"canonical":"https:\/\/veritasinfo.org\/?p=22413","og_locale":"en_US","og_type":"article","og_title":"BE-ja p\u00ebr 42 milion\u00ebt q\u00eb ia premtoi Kosov\u00ebs p\u00ebr d\u00ebmet nga \u201cElektroseveri\u201d: S\u2019ka baz\u00eb p\u00ebr kompensim -","og_description":"Prishtin\u00eb 02 Dhjetor 2025 08:12 Kosova duhet t\u2019i llogaris\u00eb t\u00eb humbura 42 milion\u00eb eurot q\u00eb i pagoi p\u00ebr mbulimin e kostos s\u00eb rrym\u00ebs n\u00eb veri,","og_url":"https:\/\/veritasinfo.org\/?p=22413","article_published_time":"2025-12-02T07:13:04+00:00","article_modified_time":"2025-12-02T07:35:15+00:00","og_image":[{"width":909,"height":480,"url":"https:\/\/veritasinfo.org\/wp-content\/uploads\/2025\/12\/Bashkimi-Evropian-2.jpg","type":"image\/jpeg"}],"author":"US5","twitter_card":"summary_large_image","twitter_misc":{"Written by":"US5","Est. reading time":"2 minutes"},"schema":{"@context":"https:\/\/schema.org","@graph":[{"@type":"WebPage","@id":"https:\/\/veritasinfo.org\/?p=22413","url":"https:\/\/veritasinfo.org\/?p=22413","name":"BE-ja p\u00ebr 42 milion\u00ebt q\u00eb ia premtoi Kosov\u00ebs p\u00ebr d\u00ebmet nga \u201cElektroseveri\u201d: S\u2019ka baz\u00eb p\u00ebr kompensim -","isPartOf":{"@id":"https:\/\/veritasinfo.org\/#website"},"primaryImageOfPage":{"@id":"https:\/\/veritasinfo.org\/?p=22413#primaryimage"},"image":{"@id":"https:\/\/veritasinfo.org\/?p=22413#primaryimage"},"thumbnailUrl":"https:\/\/veritasinfo.org\/wp-content\/uploads\/2025\/12\/Bashkimi-Evropian-2.jpg","datePublished":"2025-12-02T07:13:04+00:00","dateModified":"2025-12-02T07:35:15+00:00","author":{"@id":"https:\/\/veritasinfo.org\/#\/schema\/person\/bc442336e35414d04494ab8fb45db4c6"},"breadcrumb":{"@id":"https:\/\/veritasinfo.org\/?p=22413#breadcrumb"},"inLanguage":"en-US","potentialAction":[{"@type":"ReadAction","target":["https:\/\/veritasinfo.org\/?p=22413"]}]},{"@type":"ImageObject","inLanguage":"en-US","@id":"https:\/\/veritasinfo.org\/?p=22413#primaryimage","url":"https:\/\/veritasinfo.org\/wp-content\/uploads\/2025\/12\/Bashkimi-Evropian-2.jpg","contentUrl":"https:\/\/veritasinfo.org\/wp-content\/uploads\/2025\/12\/Bashkimi-Evropian-2.jpg","width":909,"height":480},{"@type":"BreadcrumbList","@id":"https:\/\/veritasinfo.org\/?p=22413#breadcrumb","itemListElement":[{"@type":"ListItem","position":1,"name":"Home","item":"https:\/\/veritasinfo.org\/"},{"@type":"ListItem","position":2,"name":"BE-ja p\u00ebr 42 milion\u00ebt q\u00eb ia premtoi Kosov\u00ebs p\u00ebr d\u00ebmet nga \u201cElektroseveri\u201d: S\u2019ka baz\u00eb p\u00ebr kompensim"}]},{"@type":"WebSite","@id":"https:\/\/veritasinfo.org\/#website","url":"https:\/\/veritasinfo.org\/","name":"","description":"","potentialAction":[{"@type":"SearchAction","target":{"@type":"EntryPoint","urlTemplate":"https:\/\/veritasinfo.org\/?s={search_term_string}"},"query-input":{"@type":"PropertyValueSpecification","valueRequired":true,"valueName":"search_term_string"}}],"inLanguage":"en-US"},{"@type":"Person","@id":"https:\/\/veritasinfo.org\/#\/schema\/person\/bc442336e35414d04494ab8fb45db4c6","name":"US5","image":{"@type":"ImageObject","inLanguage":"en-US","@id":"https:\/\/veritasinfo.org\/#\/schema\/person\/image\/","url":"https:\/\/secure.gravatar.com\/avatar\/16a61e7272a0c5d001121ebb9e60e925d5816e4ac1e443ed3e640d9a6ae55d0c?s=96&d=mm&r=g","contentUrl":"https:\/\/secure.gravatar.com\/avatar\/16a61e7272a0c5d001121ebb9e60e925d5816e4ac1e443ed3e640d9a6ae55d0c?s=96&d=mm&r=g","caption":"US5"},"url":"https:\/\/veritasinfo.org\/?author=6"}]}},"featured_image_urls":{"full":["https:\/\/veritasinfo.org\/wp-content\/uploads\/2025\/12\/Bashkimi-Evropian-2.jpg",909,480,false],"thumbnail":["https:\/\/veritasinfo.org\/wp-content\/uploads\/2025\/12\/Bashkimi-Evropian-2-150x150.jpg",150,150,true],"medium":["https:\/\/veritasinfo.org\/wp-content\/uploads\/2025\/12\/Bashkimi-Evropian-2-300x158.jpg",300,158,true],"medium_large":["https:\/\/veritasinfo.org\/wp-content\/uploads\/2025\/12\/Bashkimi-Evropian-2-768x406.jpg",640,338,true],"large":["https:\/\/veritasinfo.org\/wp-content\/uploads\/2025\/12\/Bashkimi-Evropian-2.jpg",640,338,false],"1536x1536":["https:\/\/veritasinfo.org\/wp-content\/uploads\/2025\/12\/Bashkimi-Evropian-2.jpg",909,480,false],"2048x2048":["https:\/\/veritasinfo.org\/wp-content\/uploads\/2025\/12\/Bashkimi-Evropian-2.jpg",909,480,false],"kreeti-slider-full":["https:\/\/veritasinfo.org\/wp-content\/uploads\/2025\/12\/Bashkimi-Evropian-2.jpg",909,480,false],"kreeti-featured":["https:\/\/veritasinfo.org\/wp-content\/uploads\/2025\/12\/Bashkimi-Evropian-2.jpg",909,480,false],"kreeti-medium":["https:\/\/veritasinfo.org\/wp-content\/uploads\/2025\/12\/Bashkimi-Evropian-2.jpg",720,380,false],"kreeti-medium-square":["https:\/\/veritasinfo.org\/wp-content\/uploads\/2025\/12\/Bashkimi-Evropian-2.jpg",350,185,false]},"author_info":{"info":["US5"]},"category_info":"<a href=\"https:\/\/veritasinfo.org\/?cat=58\" rel=\"category\">Politik\u00eb<\/a>","tag_info":"Politik\u00eb","comment_count":"0","_links":{"self":[{"href":"https:\/\/veritasinfo.org\/index.php?rest_route=\/wp\/v2\/posts\/22413","targetHints":{"allow":["GET"]}}],"collection":[{"href":"https:\/\/veritasinfo.org\/index.php?rest_route=\/wp\/v2\/posts"}],"about":[{"href":"https:\/\/veritasinfo.org\/index.php?rest_route=\/wp\/v2\/types\/post"}],"author":[{"embeddable":true,"href":"https:\/\/veritasinfo.org\/index.php?rest_route=\/wp\/v2\/users\/6"}],"replies":[{"embeddable":true,"href":"https:\/\/veritasinfo.org\/index.php?rest_route=%2Fwp%2Fv2%2Fcomments&post=22413"}],"version-history":[{"count":1,"href":"https:\/\/veritasinfo.org\/index.php?rest_route=\/wp\/v2\/posts\/22413\/revisions"}],"predecessor-version":[{"id":22415,"href":"https:\/\/veritasinfo.org\/index.php?rest_route=\/wp\/v2\/posts\/22413\/revisions\/22415"}],"wp:featuredmedia":[{"embeddable":true,"href":"https:\/\/veritasinfo.org\/index.php?rest_route=\/wp\/v2\/media\/22414"}],"wp:attachment":[{"href":"https:\/\/veritasinfo.org\/index.php?rest_route=%2Fwp%2Fv2%2Fmedia&parent=22413"}],"wp:term":[{"taxonomy":"category","embeddable":true,"href":"https:\/\/veritasinfo.org\/index.php?rest_route=%2Fwp%2Fv2%2Fcategories&post=22413"},{"taxonomy":"post_tag","embeddable":true,"href":"https:\/\/veritasinfo.org\/index.php?rest_route=%2Fwp%2Fv2%2Ftags&post=22413"}],"curies":[{"name":"wp","href":"https:\/\/api.w.org\/{rel}","templated":true}]}}