{"id":2239,"date":"2025-07-02T07:57:22","date_gmt":"2025-07-02T05:57:22","guid":{"rendered":"https:\/\/veritasinfo.org\/?p=2239"},"modified":"2025-07-02T07:57:22","modified_gmt":"2025-07-02T05:57:22","slug":"predsednica-okuplja-lidere-partija-ovog-puta-na-odvojene-sastanke","status":"publish","type":"post","link":"https:\/\/veritasinfo.org\/?p=2239&lang=sr","title":{"rendered":"Predsednica okuplja lidere partija, ovog puta na odvojene sastanke"},"content":{"rendered":"<p>Pri\u0161tina, 2. jul 2025.<\/p>\n<p>Politi\u010dka blokada izazvana neuspostavljanjem Skup\u0161tine dovela je do toga da predsednica Vjosa Osmani pozove lidere politi\u010dkih partija na sastanak.<\/p>\n<p>Osmani \u0107e se pojedina\u010dno sastati sa \u010delnicima svih partija koje su osvojile mandate u novom sazivu: danas sa liderima ve\u0107inskih partija, a sutra sa predstavnicima neve\u0107inskih partija.<\/p>\n<p>Sastanci su zakazani tokom celog dana, od 10 do 16 \u010dasova, a tema razgovora bi\u0107e deblokada institucija.<\/p>\n<p>Prva \u0107e na sastanak biti primljena predsednica Pokreta Samoopredeljenje, Aljbin Kurti, a zatim \u0107e uslediti sastanci sa Memlijem Krasni\u0107ijem, Lumirom Abdixhikuom i Ramu\u0161em Haradinajem.<\/p>\n<p>Ovo je drugi sastanak koji Osmani odr\u017eava sa liderima partija, nakon prvog koji je bio zajedni\u010dki, ali nije doveo do re\u0161enja.<\/p>\n<p>Dana\u0161nji sastanci dolaze nakon subotnjeg poku\u0161aja, kada su se lideri partija okupili u prostorijama Skup\u0161tine kako bi prona\u0161li zajedni\u010dko re\u0161enje, ali su i tada propali.<\/p>\n<p>Podse\u0107amo da je od 15. aprila do danas Skup\u0161tina 40 puta bezuspe\u0161no poku\u0161ala da se konstitui\u0161e, izabere predsednika Skup\u0161tine, potpredsednike i nastavi dalje sa formiranjem institucija.<\/p>\n","protected":false},"excerpt":{"rendered":"<p>Pri\u0161tina, 2. jul 2025. Politi\u010dka blokada izazvana neuspostavljanjem Skup\u0161tine dovela je do toga da predsednica Vjosa Osmani pozove lidere politi\u010dkih partija na sastanak. Osmani \u0107e<\/p>\n","protected":false},"author":1,"featured_media":2236,"comment_status":"open","ping_status":"open","sticky":false,"template":"","format":"standard","meta":{"footnotes":""},"categories":[28],"tags":[],"class_list":["post-2239","post","type-post","status-publish","format-standard","has-post-thumbnail","hentry","category-politika"],"yoast_head":"<!-- This site is optimized with the Yoast SEO plugin v25.3.1 - https:\/\/yoast.com\/wordpress\/plugins\/seo\/ -->\n<title>Predsednica okuplja lidere partija, ovog puta na odvojene sastanke -<\/title>\n<meta name=\"robots\" content=\"index, follow, max-snippet:-1, max-image-preview:large, max-video-preview:-1\" \/>\n<link rel=\"canonical\" href=\"https:\/\/veritasinfo.org\/?p=2239&lang=sr\" \/>\n<meta property=\"og:locale\" content=\"en_US\" \/>\n<meta property=\"og:type\" content=\"article\" \/>\n<meta property=\"og:title\" content=\"Predsednica okuplja lidere partija, ovog puta na odvojene sastanke -\" \/>\n<meta property=\"og:description\" content=\"Pri\u0161tina, 2. jul 2025. Politi\u010dka blokada izazvana neuspostavljanjem Skup\u0161tine dovela je do toga da predsednica Vjosa Osmani pozove lidere politi\u010dkih partija na sastanak. Osmani \u0107e\" \/>\n<meta property=\"og:url\" content=\"https:\/\/veritasinfo.org\/?p=2239&amp;lang=sr\" \/>\n<meta property=\"article:published_time\" content=\"2025-07-02T05:57:22+00:00\" \/>\n<meta property=\"og:image\" content=\"https:\/\/veritasinfo.org\/wp-content\/uploads\/2025\/07\/IMG_1668.png\" \/>\n\t<meta property=\"og:image:width\" content=\"888\" \/>\n\t<meta property=\"og:image:height\" content=\"591\" \/>\n\t<meta property=\"og:image:type\" content=\"image\/png\" \/>\n<meta name=\"author\" content=\"admin\" \/>\n<meta name=\"twitter:card\" content=\"summary_large_image\" \/>\n<meta name=\"twitter:label1\" content=\"Written by\" \/>\n\t<meta name=\"twitter:data1\" content=\"admin\" \/>\n\t<meta name=\"twitter:label2\" content=\"Est. reading time\" \/>\n\t<meta name=\"twitter:data2\" content=\"1 minute\" \/>\n<script type=\"application\/ld+json\" class=\"yoast-schema-graph\">{\"@context\":\"https:\/\/schema.org\",\"@graph\":[{\"@type\":\"WebPage\",\"@id\":\"https:\/\/veritasinfo.org\/?p=2239&lang=sr\",\"url\":\"https:\/\/veritasinfo.org\/?p=2239&lang=sr\",\"name\":\"Predsednica okuplja lidere partija, ovog puta na odvojene sastanke -\",\"isPartOf\":{\"@id\":\"https:\/\/veritasinfo.org\/#website\"},\"primaryImageOfPage\":{\"@id\":\"https:\/\/veritasinfo.org\/?p=2239&lang=sr#primaryimage\"},\"image\":{\"@id\":\"https:\/\/veritasinfo.org\/?p=2239&lang=sr#primaryimage\"},\"thumbnailUrl\":\"https:\/\/veritasinfo.org\/wp-content\/uploads\/2025\/07\/IMG_1668.png\",\"datePublished\":\"2025-07-02T05:57:22+00:00\",\"author\":{\"@id\":\"https:\/\/veritasinfo.org\/#\/schema\/person\/7701f8c088bece422266b100a712374f\"},\"breadcrumb\":{\"@id\":\"https:\/\/veritasinfo.org\/?p=2239&lang=sr#breadcrumb\"},\"inLanguage\":\"en-US\",\"potentialAction\":[{\"@type\":\"ReadAction\",\"target\":[\"https:\/\/veritasinfo.org\/?p=2239&lang=sr\"]}]},{\"@type\":\"ImageObject\",\"inLanguage\":\"en-US\",\"@id\":\"https:\/\/veritasinfo.org\/?p=2239&lang=sr#primaryimage\",\"url\":\"https:\/\/veritasinfo.org\/wp-content\/uploads\/2025\/07\/IMG_1668.png\",\"contentUrl\":\"https:\/\/veritasinfo.org\/wp-content\/uploads\/2025\/07\/IMG_1668.png\",\"width\":888,\"height\":591},{\"@type\":\"BreadcrumbList\",\"@id\":\"https:\/\/veritasinfo.org\/?p=2239&lang=sr#breadcrumb\",\"itemListElement\":[{\"@type\":\"ListItem\",\"position\":1,\"name\":\"Home\",\"item\":\"https:\/\/veritasinfo.org\/\"},{\"@type\":\"ListItem\",\"position\":2,\"name\":\"Predsednica okuplja lidere partija, ovog puta na odvojene sastanke\"}]},{\"@type\":\"WebSite\",\"@id\":\"https:\/\/veritasinfo.org\/#website\",\"url\":\"https:\/\/veritasinfo.org\/\",\"name\":\"\",\"description\":\"\",\"potentialAction\":[{\"@type\":\"SearchAction\",\"target\":{\"@type\":\"EntryPoint\",\"urlTemplate\":\"https:\/\/veritasinfo.org\/?s={search_term_string}\"},\"query-input\":{\"@type\":\"PropertyValueSpecification\",\"valueRequired\":true,\"valueName\":\"search_term_string\"}}],\"inLanguage\":\"en-US\"},{\"@type\":\"Person\",\"@id\":\"https:\/\/veritasinfo.org\/#\/schema\/person\/7701f8c088bece422266b100a712374f\",\"name\":\"admin\",\"image\":{\"@type\":\"ImageObject\",\"inLanguage\":\"en-US\",\"@id\":\"https:\/\/veritasinfo.org\/#\/schema\/person\/image\/\",\"url\":\"https:\/\/secure.gravatar.com\/avatar\/ea53aa3bf6c9a12d5fde8ce4deff43fef3885ae33cf60184161a50d6987cfd2f?s=96&d=mm&r=g\",\"contentUrl\":\"https:\/\/secure.gravatar.com\/avatar\/ea53aa3bf6c9a12d5fde8ce4deff43fef3885ae33cf60184161a50d6987cfd2f?s=96&d=mm&r=g\",\"caption\":\"admin\"},\"sameAs\":[\"https:\/\/veritasinfo.org\"],\"url\":\"https:\/\/veritasinfo.org\/?author=1\"}]}<\/script>\n<!-- \/ Yoast SEO plugin. -->","yoast_head_json":{"title":"Predsednica okuplja lidere partija, ovog puta na odvojene sastanke -","robots":{"index":"index","follow":"follow","max-snippet":"max-snippet:-1","max-image-preview":"max-image-preview:large","max-video-preview":"max-video-preview:-1"},"canonical":"https:\/\/veritasinfo.org\/?p=2239&lang=sr","og_locale":"en_US","og_type":"article","og_title":"Predsednica okuplja lidere partija, ovog puta na odvojene sastanke -","og_description":"Pri\u0161tina, 2. jul 2025. Politi\u010dka blokada izazvana neuspostavljanjem Skup\u0161tine dovela je do toga da predsednica Vjosa Osmani pozove lidere politi\u010dkih partija na sastanak. Osmani \u0107e","og_url":"https:\/\/veritasinfo.org\/?p=2239&lang=sr","article_published_time":"2025-07-02T05:57:22+00:00","og_image":[{"width":888,"height":591,"url":"https:\/\/veritasinfo.org\/wp-content\/uploads\/2025\/07\/IMG_1668.png","type":"image\/png"}],"author":"admin","twitter_card":"summary_large_image","twitter_misc":{"Written by":"admin","Est. reading time":"1 minute"},"schema":{"@context":"https:\/\/schema.org","@graph":[{"@type":"WebPage","@id":"https:\/\/veritasinfo.org\/?p=2239&lang=sr","url":"https:\/\/veritasinfo.org\/?p=2239&lang=sr","name":"Predsednica okuplja lidere partija, ovog puta na odvojene sastanke -","isPartOf":{"@id":"https:\/\/veritasinfo.org\/#website"},"primaryImageOfPage":{"@id":"https:\/\/veritasinfo.org\/?p=2239&lang=sr#primaryimage"},"image":{"@id":"https:\/\/veritasinfo.org\/?p=2239&lang=sr#primaryimage"},"thumbnailUrl":"https:\/\/veritasinfo.org\/wp-content\/uploads\/2025\/07\/IMG_1668.png","datePublished":"2025-07-02T05:57:22+00:00","author":{"@id":"https:\/\/veritasinfo.org\/#\/schema\/person\/7701f8c088bece422266b100a712374f"},"breadcrumb":{"@id":"https:\/\/veritasinfo.org\/?p=2239&lang=sr#breadcrumb"},"inLanguage":"en-US","potentialAction":[{"@type":"ReadAction","target":["https:\/\/veritasinfo.org\/?p=2239&lang=sr"]}]},{"@type":"ImageObject","inLanguage":"en-US","@id":"https:\/\/veritasinfo.org\/?p=2239&lang=sr#primaryimage","url":"https:\/\/veritasinfo.org\/wp-content\/uploads\/2025\/07\/IMG_1668.png","contentUrl":"https:\/\/veritasinfo.org\/wp-content\/uploads\/2025\/07\/IMG_1668.png","width":888,"height":591},{"@type":"BreadcrumbList","@id":"https:\/\/veritasinfo.org\/?p=2239&lang=sr#breadcrumb","itemListElement":[{"@type":"ListItem","position":1,"name":"Home","item":"https:\/\/veritasinfo.org\/"},{"@type":"ListItem","position":2,"name":"Predsednica okuplja lidere partija, ovog puta na odvojene sastanke"}]},{"@type":"WebSite","@id":"https:\/\/veritasinfo.org\/#website","url":"https:\/\/veritasinfo.org\/","name":"","description":"","potentialAction":[{"@type":"SearchAction","target":{"@type":"EntryPoint","urlTemplate":"https:\/\/veritasinfo.org\/?s={search_term_string}"},"query-input":{"@type":"PropertyValueSpecification","valueRequired":true,"valueName":"search_term_string"}}],"inLanguage":"en-US"},{"@type":"Person","@id":"https:\/\/veritasinfo.org\/#\/schema\/person\/7701f8c088bece422266b100a712374f","name":"admin","image":{"@type":"ImageObject","inLanguage":"en-US","@id":"https:\/\/veritasinfo.org\/#\/schema\/person\/image\/","url":"https:\/\/secure.gravatar.com\/avatar\/ea53aa3bf6c9a12d5fde8ce4deff43fef3885ae33cf60184161a50d6987cfd2f?s=96&d=mm&r=g","contentUrl":"https:\/\/secure.gravatar.com\/avatar\/ea53aa3bf6c9a12d5fde8ce4deff43fef3885ae33cf60184161a50d6987cfd2f?s=96&d=mm&r=g","caption":"admin"},"sameAs":["https:\/\/veritasinfo.org"],"url":"https:\/\/veritasinfo.org\/?author=1"}]}},"featured_image_urls":{"full":["https:\/\/veritasinfo.org\/wp-content\/uploads\/2025\/07\/IMG_1668.png",888,591,false],"thumbnail":["https:\/\/veritasinfo.org\/wp-content\/uploads\/2025\/07\/IMG_1668-150x150.png",150,150,true],"medium":["https:\/\/veritasinfo.org\/wp-content\/uploads\/2025\/07\/IMG_1668-300x200.png",300,200,true],"medium_large":["https:\/\/veritasinfo.org\/wp-content\/uploads\/2025\/07\/IMG_1668-768x511.png",640,426,true],"large":["https:\/\/veritasinfo.org\/wp-content\/uploads\/2025\/07\/IMG_1668.png",640,426,false],"1536x1536":["https:\/\/veritasinfo.org\/wp-content\/uploads\/2025\/07\/IMG_1668.png",888,591,false],"2048x2048":["https:\/\/veritasinfo.org\/wp-content\/uploads\/2025\/07\/IMG_1668.png",888,591,false],"kreeti-slider-full":["https:\/\/veritasinfo.org\/wp-content\/uploads\/2025\/07\/IMG_1668.png",888,591,false],"kreeti-featured":["https:\/\/veritasinfo.org\/wp-content\/uploads\/2025\/07\/IMG_1668.png",888,591,false],"kreeti-medium":["https:\/\/veritasinfo.org\/wp-content\/uploads\/2025\/07\/IMG_1668.png",720,479,false],"kreeti-medium-square":["https:\/\/veritasinfo.org\/wp-content\/uploads\/2025\/07\/IMG_1668.png",350,233,false]},"author_info":{"info":["admin"]},"category_info":"<a href=\"https:\/\/veritasinfo.org\/?cat=28&#038;lang=sr\" rel=\"category\">Politika<\/a>","tag_info":"Politika","comment_count":"0","_links":{"self":[{"href":"https:\/\/veritasinfo.org\/index.php?rest_route=\/wp\/v2\/posts\/2239","targetHints":{"allow":["GET"]}}],"collection":[{"href":"https:\/\/veritasinfo.org\/index.php?rest_route=\/wp\/v2\/posts"}],"about":[{"href":"https:\/\/veritasinfo.org\/index.php?rest_route=\/wp\/v2\/types\/post"}],"author":[{"embeddable":true,"href":"https:\/\/veritasinfo.org\/index.php?rest_route=\/wp\/v2\/users\/1"}],"replies":[{"embeddable":true,"href":"https:\/\/veritasinfo.org\/index.php?rest_route=%2Fwp%2Fv2%2Fcomments&post=2239"}],"version-history":[{"count":1,"href":"https:\/\/veritasinfo.org\/index.php?rest_route=\/wp\/v2\/posts\/2239\/revisions"}],"predecessor-version":[{"id":2240,"href":"https:\/\/veritasinfo.org\/index.php?rest_route=\/wp\/v2\/posts\/2239\/revisions\/2240"}],"wp:featuredmedia":[{"embeddable":true,"href":"https:\/\/veritasinfo.org\/index.php?rest_route=\/wp\/v2\/media\/2236"}],"wp:attachment":[{"href":"https:\/\/veritasinfo.org\/index.php?rest_route=%2Fwp%2Fv2%2Fmedia&parent=2239"}],"wp:term":[{"taxonomy":"category","embeddable":true,"href":"https:\/\/veritasinfo.org\/index.php?rest_route=%2Fwp%2Fv2%2Fcategories&post=2239"},{"taxonomy":"post_tag","embeddable":true,"href":"https:\/\/veritasinfo.org\/index.php?rest_route=%2Fwp%2Fv2%2Ftags&post=2239"}],"curies":[{"name":"wp","href":"https:\/\/api.w.org\/{rel}","templated":true}]}}