{"id":22388,"date":"2025-12-01T18:03:41","date_gmt":"2025-12-01T17:03:41","guid":{"rendered":"https:\/\/veritasinfo.org\/?p=22388"},"modified":"2025-12-01T18:03:41","modified_gmt":"2025-12-01T17:03:41","slug":"serbi-i-dyshuar-per-sulmin-ndaj-kfor-it-ne-zvecan-ne-qender-te-aferes-ne-serbi","status":"publish","type":"post","link":"https:\/\/veritasinfo.org\/?p=22388","title":{"rendered":"Serbi i dyshuar p\u00ebr sulmin ndaj KFOR-it n\u00eb Zve\u00e7an, n\u00eb qend\u00ebr t\u00eb afer\u00ebs n\u00eb Serbi"},"content":{"rendered":"<p>Prishtin\u00eb 01 Dhjetor 2025 18:02<\/p>\n<p>Investitori dhe biznesmeni kontrovers Rados Petroviq, i njohur p\u00ebr marr\u00ebdh\u00ebnie t\u00eb ngushta me strukturat politike t\u00eb Beogradit dhe p\u00ebr shp\u00ebrblimin e tij me tender\u00eb t\u00eb m\u00ebdhenj publik\u00eb n\u00eb Mitrovic\u00ebn e Veriut, po p\u00ebrballet me drejt\u00ebsin\u00eb pasi Inspektorati i Nd\u00ebrtimit n\u00eb Kragujevc ka ngritur kall\u00ebzim penal ndaj kompanis\u00eb s\u00eb tij \u201cRP Invest 1980\u201d.<\/p>\n<p>Kjo kompani u b\u00eb qend\u00ebr e v\u00ebmendjes pasi n\u00eb kantierin e saj ndodhi shembja e nj\u00eb muri mbajt\u00ebs dhe nj\u00eb pjese t\u00eb rrug\u00ebs pran\u00eb Qendr\u00ebs s\u00eb Ekselenc\u00ebs, ndon\u00ebse punimet atje ishin zyrtarisht t\u00eb ndaluara.<\/p>\n<p>Autoritetet konfirmuan se kantieri ishte mbyllur q\u00eb m\u00eb 21 n\u00ebntor p\u00ebr shkak t\u00eb nd\u00ebrtimit pa leje, por pavar\u00ebsisht k\u00ebsaj, punimet kishin vazhduar n\u00eb kund\u00ebrshtim t\u00eb plot\u00eb me vendimin e inspektoratit.<\/p>\n<p>P\u00ebrve\u00e7 praktikave t\u00eb diskutueshme t\u00eb nd\u00ebrtimit, Petroviqi dhe kompania e tij jan\u00eb t\u00eb lidhura me dhjet\u00ebra projekte milion\u00ebshe n\u00eb komunat veriore t\u00eb Kosov\u00ebs, t\u00eb financuara nga buxheti i Serbis\u00eb. edhe pse n\u00eb regjistrat zyrtar\u00eb \u201cRP Invest 1980\u201d figuron n\u00eb pron\u00ebsi t\u00eb Jelena Petroviqit, revista NIN ka raportuar prej vitesh se kompania drejtohet n\u00eb t\u00eb v\u00ebrtet\u00eb nga bashk\u00ebshorti i saj, Radosh Petroviqi, i cili ka qen\u00eb i lidhur me disa kompani nd\u00ebrtimi p\u00ebrfshir\u00eb \u201cRP Euro Invest\u201d dhe subjekte t\u00eb tjera q\u00eb kan\u00eb dominuar tender\u00ebt publik\u00eb n\u00eb Mitrovic\u00ebn e Veriut dhe n\u00eb Serbi.<\/p>\n<p>Vet\u00ebm p\u00ebrmes projekteve n\u00eb veri t\u00eb Kosov\u00ebs, k\u00ebto kompani raportohet t\u00eb ken\u00eb nd\u00ebrtuar mbi 1.000 nj\u00ebsi banimi dhe t\u00eb ken\u00eb p\u00ebrfituar kontrata t\u00eb m\u00ebdha, duke p\u00ebrfshir\u00eb komplekset p\u00ebr serb\u00ebt e kthyer, infrastruktur\u00eb rrugore dhe objekte publike. K\u00ebto projekte e kan\u00eb b\u00ebr\u00eb RP Invest nj\u00eb nga kompanit\u00eb m\u00eb t\u00eb favorizuara n\u00eb zonat e kontrolluara nga Beogradi, shkruan mediat serbe, transmeton KP.<\/p>\n<p>Rritja financiare e kompanis\u00eb ka qen\u00eb po aq e pazakont\u00eb: nga vet\u00ebm 11 milion\u00eb dinar\u00eb n\u00eb vitin e par\u00eb t\u00eb regjistrimit n\u00eb Serbi, kompania ka arritur n\u00eb mbi 1.86 miliard\u00eb dinar\u00eb t\u00eb ardhura n\u00eb vitin 2024, duke ngritur dyshime p\u00ebr m\u00ebnyr\u00ebn dhe burimet e zgjerimit t\u00eb saj t\u00eb shpejt\u00eb.<\/p>\n<p>P\u00ebr m\u00eb tep\u00ebr, figura e Radosh Petroviqit \u00ebsht\u00eb p\u00ebrmendur shpesh n\u00eb ngjarje t\u00eb ndjeshme politike e t\u00eb siguris\u00eb n\u00eb veriun e Kosov\u00ebs.<\/p>\n<p>N\u00eb pamjet e publikuara nga mediat n\u00eb maj t\u00eb vitit 2023, gjat\u00eb dit\u00ebs kur forcat e KFOR-it u sulmuan n\u00eb Zve\u00e7an, ai \u00ebsht\u00eb identifikuar mes personave t\u00eb pranish\u00ebm n\u00eb vendngjarje, \u00e7ka ka shtuar pyetjet p\u00ebr rolin dhe lidhjet e tij n\u00eb strukturat e organizuara n\u00eb veri t\u00eb Kosov\u00ebs.<\/p>\n","protected":false},"excerpt":{"rendered":"<p>Prishtin\u00eb 01 Dhjetor 2025 18:02 Investitori dhe biznesmeni kontrovers Rados Petroviq, i njohur p\u00ebr marr\u00ebdh\u00ebnie t\u00eb ngushta me strukturat politike t\u00eb Beogradit dhe p\u00ebr shp\u00ebrblimin<\/p>\n","protected":false},"author":6,"featured_media":22389,"comment_status":"open","ping_status":"open","sticky":false,"template":"","format":"standard","meta":{"footnotes":""},"categories":[58],"tags":[],"class_list":["post-22388","post","type-post","status-publish","format-standard","has-post-thumbnail","hentry","category-politike-sq"],"yoast_head":"<!-- This site is optimized with the Yoast SEO plugin v25.3.1 - https:\/\/yoast.com\/wordpress\/plugins\/seo\/ -->\n<title>Serbi i dyshuar p\u00ebr sulmin ndaj KFOR-it n\u00eb Zve\u00e7an, n\u00eb qend\u00ebr t\u00eb afer\u00ebs n\u00eb Serbi -<\/title>\n<meta name=\"robots\" content=\"index, follow, max-snippet:-1, max-image-preview:large, max-video-preview:-1\" \/>\n<link rel=\"canonical\" href=\"https:\/\/veritasinfo.org\/?p=22388\" \/>\n<meta property=\"og:locale\" content=\"en_US\" \/>\n<meta property=\"og:type\" content=\"article\" \/>\n<meta property=\"og:title\" content=\"Serbi i dyshuar p\u00ebr sulmin ndaj KFOR-it n\u00eb Zve\u00e7an, n\u00eb qend\u00ebr t\u00eb afer\u00ebs n\u00eb Serbi -\" \/>\n<meta property=\"og:description\" content=\"Prishtin\u00eb 01 Dhjetor 2025 18:02 Investitori dhe biznesmeni kontrovers Rados Petroviq, i njohur p\u00ebr marr\u00ebdh\u00ebnie t\u00eb ngushta me strukturat politike t\u00eb Beogradit dhe p\u00ebr shp\u00ebrblimin\" \/>\n<meta property=\"og:url\" content=\"https:\/\/veritasinfo.org\/?p=22388\" \/>\n<meta property=\"article:published_time\" content=\"2025-12-01T17:03:41+00:00\" \/>\n<meta property=\"og:image\" content=\"https:\/\/veritasinfo.org\/wp-content\/uploads\/2025\/12\/IMG-20251201-WA0017.jpg\" \/>\n\t<meta property=\"og:image:width\" content=\"744\" \/>\n\t<meta property=\"og:image:height\" content=\"375\" \/>\n\t<meta property=\"og:image:type\" content=\"image\/jpeg\" \/>\n<meta name=\"author\" content=\"US5\" \/>\n<meta name=\"twitter:card\" content=\"summary_large_image\" \/>\n<meta name=\"twitter:label1\" content=\"Written by\" \/>\n\t<meta name=\"twitter:data1\" content=\"US5\" \/>\n<script type=\"application\/ld+json\" class=\"yoast-schema-graph\">{\"@context\":\"https:\/\/schema.org\",\"@graph\":[{\"@type\":\"WebPage\",\"@id\":\"https:\/\/veritasinfo.org\/?p=22388\",\"url\":\"https:\/\/veritasinfo.org\/?p=22388\",\"name\":\"Serbi i dyshuar p\u00ebr sulmin ndaj KFOR-it n\u00eb Zve\u00e7an, n\u00eb qend\u00ebr t\u00eb afer\u00ebs n\u00eb Serbi -\",\"isPartOf\":{\"@id\":\"https:\/\/veritasinfo.org\/#website\"},\"primaryImageOfPage\":{\"@id\":\"https:\/\/veritasinfo.org\/?p=22388#primaryimage\"},\"image\":{\"@id\":\"https:\/\/veritasinfo.org\/?p=22388#primaryimage\"},\"thumbnailUrl\":\"https:\/\/veritasinfo.org\/wp-content\/uploads\/2025\/12\/IMG-20251201-WA0017.jpg\",\"datePublished\":\"2025-12-01T17:03:41+00:00\",\"author\":{\"@id\":\"https:\/\/veritasinfo.org\/#\/schema\/person\/bc442336e35414d04494ab8fb45db4c6\"},\"breadcrumb\":{\"@id\":\"https:\/\/veritasinfo.org\/?p=22388#breadcrumb\"},\"inLanguage\":\"en-US\",\"potentialAction\":[{\"@type\":\"ReadAction\",\"target\":[\"https:\/\/veritasinfo.org\/?p=22388\"]}]},{\"@type\":\"ImageObject\",\"inLanguage\":\"en-US\",\"@id\":\"https:\/\/veritasinfo.org\/?p=22388#primaryimage\",\"url\":\"https:\/\/veritasinfo.org\/wp-content\/uploads\/2025\/12\/IMG-20251201-WA0017.jpg\",\"contentUrl\":\"https:\/\/veritasinfo.org\/wp-content\/uploads\/2025\/12\/IMG-20251201-WA0017.jpg\",\"width\":744,\"height\":375},{\"@type\":\"BreadcrumbList\",\"@id\":\"https:\/\/veritasinfo.org\/?p=22388#breadcrumb\",\"itemListElement\":[{\"@type\":\"ListItem\",\"position\":1,\"name\":\"Home\",\"item\":\"https:\/\/veritasinfo.org\/\"},{\"@type\":\"ListItem\",\"position\":2,\"name\":\"Serbi i dyshuar p\u00ebr sulmin ndaj KFOR-it n\u00eb Zve\u00e7an, n\u00eb qend\u00ebr t\u00eb afer\u00ebs n\u00eb Serbi\"}]},{\"@type\":\"WebSite\",\"@id\":\"https:\/\/veritasinfo.org\/#website\",\"url\":\"https:\/\/veritasinfo.org\/\",\"name\":\"\",\"description\":\"\",\"potentialAction\":[{\"@type\":\"SearchAction\",\"target\":{\"@type\":\"EntryPoint\",\"urlTemplate\":\"https:\/\/veritasinfo.org\/?s={search_term_string}\"},\"query-input\":{\"@type\":\"PropertyValueSpecification\",\"valueRequired\":true,\"valueName\":\"search_term_string\"}}],\"inLanguage\":\"en-US\"},{\"@type\":\"Person\",\"@id\":\"https:\/\/veritasinfo.org\/#\/schema\/person\/bc442336e35414d04494ab8fb45db4c6\",\"name\":\"US5\",\"image\":{\"@type\":\"ImageObject\",\"inLanguage\":\"en-US\",\"@id\":\"https:\/\/veritasinfo.org\/#\/schema\/person\/image\/\",\"url\":\"https:\/\/secure.gravatar.com\/avatar\/16a61e7272a0c5d001121ebb9e60e925d5816e4ac1e443ed3e640d9a6ae55d0c?s=96&d=mm&r=g\",\"contentUrl\":\"https:\/\/secure.gravatar.com\/avatar\/16a61e7272a0c5d001121ebb9e60e925d5816e4ac1e443ed3e640d9a6ae55d0c?s=96&d=mm&r=g\",\"caption\":\"US5\"},\"url\":\"https:\/\/veritasinfo.org\/?author=6\"}]}<\/script>\n<!-- \/ Yoast SEO plugin. -->","yoast_head_json":{"title":"Serbi i dyshuar p\u00ebr sulmin ndaj KFOR-it n\u00eb Zve\u00e7an, n\u00eb qend\u00ebr t\u00eb afer\u00ebs n\u00eb Serbi -","robots":{"index":"index","follow":"follow","max-snippet":"max-snippet:-1","max-image-preview":"max-image-preview:large","max-video-preview":"max-video-preview:-1"},"canonical":"https:\/\/veritasinfo.org\/?p=22388","og_locale":"en_US","og_type":"article","og_title":"Serbi i dyshuar p\u00ebr sulmin ndaj KFOR-it n\u00eb Zve\u00e7an, n\u00eb qend\u00ebr t\u00eb afer\u00ebs n\u00eb Serbi -","og_description":"Prishtin\u00eb 01 Dhjetor 2025 18:02 Investitori dhe biznesmeni kontrovers Rados Petroviq, i njohur p\u00ebr marr\u00ebdh\u00ebnie t\u00eb ngushta me strukturat politike t\u00eb Beogradit dhe p\u00ebr shp\u00ebrblimin","og_url":"https:\/\/veritasinfo.org\/?p=22388","article_published_time":"2025-12-01T17:03:41+00:00","og_image":[{"width":744,"height":375,"url":"https:\/\/veritasinfo.org\/wp-content\/uploads\/2025\/12\/IMG-20251201-WA0017.jpg","type":"image\/jpeg"}],"author":"US5","twitter_card":"summary_large_image","twitter_misc":{"Written by":"US5"},"schema":{"@context":"https:\/\/schema.org","@graph":[{"@type":"WebPage","@id":"https:\/\/veritasinfo.org\/?p=22388","url":"https:\/\/veritasinfo.org\/?p=22388","name":"Serbi i dyshuar p\u00ebr sulmin ndaj KFOR-it n\u00eb Zve\u00e7an, n\u00eb qend\u00ebr t\u00eb afer\u00ebs n\u00eb Serbi -","isPartOf":{"@id":"https:\/\/veritasinfo.org\/#website"},"primaryImageOfPage":{"@id":"https:\/\/veritasinfo.org\/?p=22388#primaryimage"},"image":{"@id":"https:\/\/veritasinfo.org\/?p=22388#primaryimage"},"thumbnailUrl":"https:\/\/veritasinfo.org\/wp-content\/uploads\/2025\/12\/IMG-20251201-WA0017.jpg","datePublished":"2025-12-01T17:03:41+00:00","author":{"@id":"https:\/\/veritasinfo.org\/#\/schema\/person\/bc442336e35414d04494ab8fb45db4c6"},"breadcrumb":{"@id":"https:\/\/veritasinfo.org\/?p=22388#breadcrumb"},"inLanguage":"en-US","potentialAction":[{"@type":"ReadAction","target":["https:\/\/veritasinfo.org\/?p=22388"]}]},{"@type":"ImageObject","inLanguage":"en-US","@id":"https:\/\/veritasinfo.org\/?p=22388#primaryimage","url":"https:\/\/veritasinfo.org\/wp-content\/uploads\/2025\/12\/IMG-20251201-WA0017.jpg","contentUrl":"https:\/\/veritasinfo.org\/wp-content\/uploads\/2025\/12\/IMG-20251201-WA0017.jpg","width":744,"height":375},{"@type":"BreadcrumbList","@id":"https:\/\/veritasinfo.org\/?p=22388#breadcrumb","itemListElement":[{"@type":"ListItem","position":1,"name":"Home","item":"https:\/\/veritasinfo.org\/"},{"@type":"ListItem","position":2,"name":"Serbi i dyshuar p\u00ebr sulmin ndaj KFOR-it n\u00eb Zve\u00e7an, n\u00eb qend\u00ebr t\u00eb afer\u00ebs n\u00eb Serbi"}]},{"@type":"WebSite","@id":"https:\/\/veritasinfo.org\/#website","url":"https:\/\/veritasinfo.org\/","name":"","description":"","potentialAction":[{"@type":"SearchAction","target":{"@type":"EntryPoint","urlTemplate":"https:\/\/veritasinfo.org\/?s={search_term_string}"},"query-input":{"@type":"PropertyValueSpecification","valueRequired":true,"valueName":"search_term_string"}}],"inLanguage":"en-US"},{"@type":"Person","@id":"https:\/\/veritasinfo.org\/#\/schema\/person\/bc442336e35414d04494ab8fb45db4c6","name":"US5","image":{"@type":"ImageObject","inLanguage":"en-US","@id":"https:\/\/veritasinfo.org\/#\/schema\/person\/image\/","url":"https:\/\/secure.gravatar.com\/avatar\/16a61e7272a0c5d001121ebb9e60e925d5816e4ac1e443ed3e640d9a6ae55d0c?s=96&d=mm&r=g","contentUrl":"https:\/\/secure.gravatar.com\/avatar\/16a61e7272a0c5d001121ebb9e60e925d5816e4ac1e443ed3e640d9a6ae55d0c?s=96&d=mm&r=g","caption":"US5"},"url":"https:\/\/veritasinfo.org\/?author=6"}]}},"featured_image_urls":{"full":["https:\/\/veritasinfo.org\/wp-content\/uploads\/2025\/12\/IMG-20251201-WA0017.jpg",744,375,false],"thumbnail":["https:\/\/veritasinfo.org\/wp-content\/uploads\/2025\/12\/IMG-20251201-WA0017-150x150.jpg",150,150,true],"medium":["https:\/\/veritasinfo.org\/wp-content\/uploads\/2025\/12\/IMG-20251201-WA0017-300x151.jpg",300,151,true],"medium_large":["https:\/\/veritasinfo.org\/wp-content\/uploads\/2025\/12\/IMG-20251201-WA0017.jpg",640,323,false],"large":["https:\/\/veritasinfo.org\/wp-content\/uploads\/2025\/12\/IMG-20251201-WA0017.jpg",640,323,false],"1536x1536":["https:\/\/veritasinfo.org\/wp-content\/uploads\/2025\/12\/IMG-20251201-WA0017.jpg",744,375,false],"2048x2048":["https:\/\/veritasinfo.org\/wp-content\/uploads\/2025\/12\/IMG-20251201-WA0017.jpg",744,375,false],"kreeti-slider-full":["https:\/\/veritasinfo.org\/wp-content\/uploads\/2025\/12\/IMG-20251201-WA0017.jpg",744,375,false],"kreeti-featured":["https:\/\/veritasinfo.org\/wp-content\/uploads\/2025\/12\/IMG-20251201-WA0017.jpg",744,375,false],"kreeti-medium":["https:\/\/veritasinfo.org\/wp-content\/uploads\/2025\/12\/IMG-20251201-WA0017.jpg",720,363,false],"kreeti-medium-square":["https:\/\/veritasinfo.org\/wp-content\/uploads\/2025\/12\/IMG-20251201-WA0017.jpg",350,176,false]},"author_info":{"info":["US5"]},"category_info":"<a href=\"https:\/\/veritasinfo.org\/?cat=58\" rel=\"category\">Politik\u00eb<\/a>","tag_info":"Politik\u00eb","comment_count":"0","_links":{"self":[{"href":"https:\/\/veritasinfo.org\/index.php?rest_route=\/wp\/v2\/posts\/22388","targetHints":{"allow":["GET"]}}],"collection":[{"href":"https:\/\/veritasinfo.org\/index.php?rest_route=\/wp\/v2\/posts"}],"about":[{"href":"https:\/\/veritasinfo.org\/index.php?rest_route=\/wp\/v2\/types\/post"}],"author":[{"embeddable":true,"href":"https:\/\/veritasinfo.org\/index.php?rest_route=\/wp\/v2\/users\/6"}],"replies":[{"embeddable":true,"href":"https:\/\/veritasinfo.org\/index.php?rest_route=%2Fwp%2Fv2%2Fcomments&post=22388"}],"version-history":[{"count":1,"href":"https:\/\/veritasinfo.org\/index.php?rest_route=\/wp\/v2\/posts\/22388\/revisions"}],"predecessor-version":[{"id":22390,"href":"https:\/\/veritasinfo.org\/index.php?rest_route=\/wp\/v2\/posts\/22388\/revisions\/22390"}],"wp:featuredmedia":[{"embeddable":true,"href":"https:\/\/veritasinfo.org\/index.php?rest_route=\/wp\/v2\/media\/22389"}],"wp:attachment":[{"href":"https:\/\/veritasinfo.org\/index.php?rest_route=%2Fwp%2Fv2%2Fmedia&parent=22388"}],"wp:term":[{"taxonomy":"category","embeddable":true,"href":"https:\/\/veritasinfo.org\/index.php?rest_route=%2Fwp%2Fv2%2Fcategories&post=22388"},{"taxonomy":"post_tag","embeddable":true,"href":"https:\/\/veritasinfo.org\/index.php?rest_route=%2Fwp%2Fv2%2Ftags&post=22388"}],"curies":[{"name":"wp","href":"https:\/\/api.w.org\/{rel}","templated":true}]}}