{"id":22383,"date":"2025-12-01T17:45:39","date_gmt":"2025-12-01T16:45:39","guid":{"rendered":"https:\/\/veritasinfo.org\/?p=22383"},"modified":"2025-12-01T17:45:39","modified_gmt":"2025-12-01T16:45:39","slug":"joseph-serbia-eshte-moskva-e-rusise-ne-ballkan","status":"publish","type":"post","link":"https:\/\/veritasinfo.org\/?p=22383","title":{"rendered":"Joseph: Serbia \u00ebsht\u00eb \u201cMoskva\u201d e Rusis\u00eb n\u00eb Ballkan"},"content":{"rendered":"<p>Prishtin\u00eb, 1 dhjetor 2025 17:45<\/p>\n<p>Edward P. Joseph, ligj\u00ebrues n\u00eb Universitetin Johns Hopkins n\u00eb SHBA dhe ekspert i menaxhimit t\u00eb konflikteve, ka th\u00ebn\u00eb se an\u00ebtar\u00ebsimi eventual i Serbis\u00eb n\u00eb NATO do t\u00eb p\u00ebrb\u00ebnte \u201cekuivalentin ballkanik t\u00eb fundosjes s\u00eb Moskva-s\u201d, duke e cil\u00ebsuar Beogradin si \u201canijen luftarake\u201d p\u00ebrmes s\u00eb cil\u00ebs Rusia projekton ndikimin e saj n\u00eb Ballkan.<\/p>\n<p>N\u00eb nj\u00eb intervist\u00eb p\u00ebr\u00a0<a href=\"https:\/\/www.evropaelire.org\/a\/joseph-kosova-si-model-per-paqen-ne-ukraine\/33609927.html\">REL<\/a>\u00a0tha se n\u00ebse Serbia do t\u00eb afrohej me NATO-n, kjo do t\u00eb ishte nj\u00eb goditje strategjike p\u00ebr Mosk\u00ebn, por edhe p\u00ebr Pekinin, t\u00eb cil\u00ebt e shohin Beogradin si platform\u00ebn kryesore t\u00eb ndikimit n\u00eb rajon.<\/p>\n<p>Eksperti shtroi pyetjen se pse Serbia do t\u00eb pranonte nj\u00eb hap t\u00eb till\u00eb, pavar\u00ebsisht simpatis\u00eb s\u00eb madhe t\u00eb brendshme p\u00ebr Rusin\u00eb.<\/p>\n<p>Ai renditi disa arsye t\u00eb forta q\u00eb, sipas tij, do ta b\u00ebnin t\u00eb v\u00ebshtir\u00eb p\u00ebr presidentin Aleksandar Vu\u00e7iq t\u00eb refuzonte nj\u00eb ofert\u00eb t\u00eb mundshme amerikane \u2013 sidomos n\u00ebse vjen nga ish-presidenti Donald Trump.<\/p>\n<p>S\u00eb pari, Trump g\u00ebzon popullaritet t\u00eb madh n\u00eb Serbi dhe shihet si nj\u00eb figur\u00eb me ndikim t\u00eb jasht\u00ebzakonsh\u00ebm.<\/p>\n<p>Eksperti kujtoi se Trump gjat\u00eb mandatit t\u00eb tij t\u00eb par\u00eb u p\u00ebrpoq t\u00eb nd\u00ebrmjet\u00ebsonte normalizimin mes Kosov\u00ebs dhe Serbis\u00eb, prandaj njohja e rajonit nuk do t\u00eb ishte di\u00e7ka e re p\u00ebr administrat\u00ebn e tij.<\/p>\n<p>S\u00eb dyti, Vu\u00e7iq \u00ebsht\u00eb i dob\u00ebsuar politikisht. Protestat kund\u00ebr qeveris\u00eb kan\u00eb vazhduar prej nj\u00eb viti dhe sipas ekspertit, pranim i nj\u00eb plani t\u00eb till\u00eb do t\u00eb ndryshonte t\u00ebr\u00ebsisht dinamik\u00ebn e brendshme, duke zhvendosur fokusin nga protestat drejt nj\u00eb \u201czhvillimi historik\u201d.<\/p>\n<p>Ai shtoi se, ndon\u00ebse nj\u00eb pjes\u00eb e opinionit prorus do ta konsideronte k\u00ebt\u00eb si tradhti, nj\u00eb pjes\u00eb e madhe e opozit\u00ebs do ta mb\u00ebshteste, meq\u00eb an\u00ebtar\u00ebsimi n\u00eb NATO n\u00ebnkupton reforma, afrim me BE-n\u00eb dhe fund t\u00eb politik\u00ebs s\u00eb \u201cdy karrigeve\u201d.<\/p>\n<p>Eksperti theksoi se Serbia tashm\u00eb \u00ebsht\u00eb e rrethuar nga vendet an\u00ebtare t\u00eb NATO-s, si Bullgaria, Rumania, Kroacia e Mali i Zi, nd\u00ebrsa edhe Bosnje e Hercegovina ka shprehur gatishm\u00ebri p\u00ebr an\u00ebtar\u00ebsim dhe Kosova e d\u00ebshiron hapur k\u00ebt\u00eb rrug\u00eb.<\/p>\n<p>Ai kujtoi se Serbia ka marr\u00ebdh\u00ebnie t\u00eb q\u00ebndrueshme me NATO-n dhe SHBA-n\u00eb dhe se bashk\u00ebpunimi ushtarak \u00ebsht\u00eb i konsoliduar.<\/p>\n<p>\u201cN\u00ebse do t\u2019i pyesje privatisht gjeneral\u00ebt serb\u00eb, shumica do t\u00eb d\u00ebshironin an\u00ebtar\u00ebsimin n\u00eb NATO\u201d, tha ai.<\/p>\n<p>N\u00eb pjes\u00ebn tjet\u00ebr t\u00eb analiz\u00ebs, eksperti u ndal edhe te njohja nd\u00ebrkomb\u00ebtare e Kosov\u00ebs.<\/p>\n<p>Sipas tij, Greqia pritet ta njoh\u00eb Kosov\u00ebn sapo t\u00eb n\u00ebnshkruhet statuti i Asociacionit t\u00eb komunave me shumic\u00eb serbe, duke e leht\u00ebsuar m\u00eb pas rrug\u00ebn p\u00ebr Rumanin\u00eb, Sllovakin\u00eb dhe Spanj\u00ebn.<\/p>\n<p>Ai theksoi se k\u00ebtyre shteteve nuk u k\u00ebrkohet njohje e menj\u00ebhershme, por q\u00eb t\u00eb mos e bllokojn\u00eb an\u00ebtar\u00ebsimin e Kosov\u00ebs n\u00eb NATO.<\/p>\n<p>Sipas analiz\u00ebs, brenda tre vjet\u00ebsh situata n\u00eb Ballkan mund t\u00eb ndryshoj\u00eb rr\u00ebnj\u00ebsisht, duke sjell\u00eb m\u00eb pak tensione dhe m\u00eb shum\u00eb bashk\u00ebpunim ekonomik e politik n\u00eb rajon.<\/p>\n<p>&nbsp;<\/p>\n","protected":false},"excerpt":{"rendered":"<p>Prishtin\u00eb, 1 dhjetor 2025 17:45 Edward P. Joseph, ligj\u00ebrues n\u00eb Universitetin Johns Hopkins n\u00eb SHBA dhe ekspert i menaxhimit t\u00eb konflikteve, ka th\u00ebn\u00eb se an\u00ebtar\u00ebsimi<\/p>\n","protected":false},"author":7,"featured_media":22384,"comment_status":"open","ping_status":"open","sticky":false,"template":"","format":"standard","meta":{"footnotes":""},"categories":[58],"tags":[],"class_list":["post-22383","post","type-post","status-publish","format-standard","has-post-thumbnail","hentry","category-politike-sq"],"yoast_head":"<!-- This site is optimized with the Yoast SEO plugin v25.3.1 - https:\/\/yoast.com\/wordpress\/plugins\/seo\/ -->\n<title>Joseph: Serbia \u00ebsht\u00eb \u201cMoskva\u201d e Rusis\u00eb n\u00eb Ballkan -<\/title>\n<meta name=\"robots\" content=\"index, follow, max-snippet:-1, max-image-preview:large, max-video-preview:-1\" \/>\n<link rel=\"canonical\" href=\"https:\/\/veritasinfo.org\/?p=22383\" \/>\n<meta property=\"og:locale\" content=\"en_US\" \/>\n<meta property=\"og:type\" content=\"article\" \/>\n<meta property=\"og:title\" content=\"Joseph: Serbia \u00ebsht\u00eb \u201cMoskva\u201d e Rusis\u00eb n\u00eb Ballkan -\" \/>\n<meta property=\"og:description\" content=\"Prishtin\u00eb, 1 dhjetor 2025 17:45 Edward P. Joseph, ligj\u00ebrues n\u00eb Universitetin Johns Hopkins n\u00eb SHBA dhe ekspert i menaxhimit t\u00eb konflikteve, ka th\u00ebn\u00eb se an\u00ebtar\u00ebsimi\" \/>\n<meta property=\"og:url\" content=\"https:\/\/veritasinfo.org\/?p=22383\" \/>\n<meta property=\"article:published_time\" content=\"2025-12-01T16:45:39+00:00\" \/>\n<meta property=\"og:image\" content=\"https:\/\/veritasinfo.org\/wp-content\/uploads\/2025\/12\/1726491688_konferenca.jpg\" \/>\n\t<meta property=\"og:image:width\" content=\"780\" \/>\n\t<meta property=\"og:image:height\" content=\"440\" \/>\n\t<meta property=\"og:image:type\" content=\"image\/jpeg\" \/>\n<meta name=\"author\" content=\"US6\" \/>\n<meta name=\"twitter:card\" content=\"summary_large_image\" \/>\n<meta name=\"twitter:label1\" content=\"Written by\" \/>\n\t<meta name=\"twitter:data1\" content=\"US6\" \/>\n\t<meta name=\"twitter:label2\" content=\"Est. reading time\" \/>\n\t<meta name=\"twitter:data2\" content=\"3 minutes\" \/>\n<script type=\"application\/ld+json\" class=\"yoast-schema-graph\">{\"@context\":\"https:\/\/schema.org\",\"@graph\":[{\"@type\":\"WebPage\",\"@id\":\"https:\/\/veritasinfo.org\/?p=22383\",\"url\":\"https:\/\/veritasinfo.org\/?p=22383\",\"name\":\"Joseph: Serbia \u00ebsht\u00eb \u201cMoskva\u201d e Rusis\u00eb n\u00eb Ballkan -\",\"isPartOf\":{\"@id\":\"https:\/\/veritasinfo.org\/#website\"},\"primaryImageOfPage\":{\"@id\":\"https:\/\/veritasinfo.org\/?p=22383#primaryimage\"},\"image\":{\"@id\":\"https:\/\/veritasinfo.org\/?p=22383#primaryimage\"},\"thumbnailUrl\":\"https:\/\/veritasinfo.org\/wp-content\/uploads\/2025\/12\/1726491688_konferenca.jpg\",\"datePublished\":\"2025-12-01T16:45:39+00:00\",\"author\":{\"@id\":\"https:\/\/veritasinfo.org\/#\/schema\/person\/fe199eede04c3937362892b7444747cc\"},\"breadcrumb\":{\"@id\":\"https:\/\/veritasinfo.org\/?p=22383#breadcrumb\"},\"inLanguage\":\"en-US\",\"potentialAction\":[{\"@type\":\"ReadAction\",\"target\":[\"https:\/\/veritasinfo.org\/?p=22383\"]}]},{\"@type\":\"ImageObject\",\"inLanguage\":\"en-US\",\"@id\":\"https:\/\/veritasinfo.org\/?p=22383#primaryimage\",\"url\":\"https:\/\/veritasinfo.org\/wp-content\/uploads\/2025\/12\/1726491688_konferenca.jpg\",\"contentUrl\":\"https:\/\/veritasinfo.org\/wp-content\/uploads\/2025\/12\/1726491688_konferenca.jpg\",\"width\":780,\"height\":440},{\"@type\":\"BreadcrumbList\",\"@id\":\"https:\/\/veritasinfo.org\/?p=22383#breadcrumb\",\"itemListElement\":[{\"@type\":\"ListItem\",\"position\":1,\"name\":\"Home\",\"item\":\"https:\/\/veritasinfo.org\/\"},{\"@type\":\"ListItem\",\"position\":2,\"name\":\"Joseph: Serbia \u00ebsht\u00eb \u201cMoskva\u201d e Rusis\u00eb n\u00eb Ballkan\"}]},{\"@type\":\"WebSite\",\"@id\":\"https:\/\/veritasinfo.org\/#website\",\"url\":\"https:\/\/veritasinfo.org\/\",\"name\":\"\",\"description\":\"\",\"potentialAction\":[{\"@type\":\"SearchAction\",\"target\":{\"@type\":\"EntryPoint\",\"urlTemplate\":\"https:\/\/veritasinfo.org\/?s={search_term_string}\"},\"query-input\":{\"@type\":\"PropertyValueSpecification\",\"valueRequired\":true,\"valueName\":\"search_term_string\"}}],\"inLanguage\":\"en-US\"},{\"@type\":\"Person\",\"@id\":\"https:\/\/veritasinfo.org\/#\/schema\/person\/fe199eede04c3937362892b7444747cc\",\"name\":\"US6\",\"image\":{\"@type\":\"ImageObject\",\"inLanguage\":\"en-US\",\"@id\":\"https:\/\/veritasinfo.org\/#\/schema\/person\/image\/\",\"url\":\"https:\/\/secure.gravatar.com\/avatar\/cb16c3c31c9d23b9b8c705964598220b3014e42ff51eb540ff23cefa3ae8c15f?s=96&d=mm&r=g\",\"contentUrl\":\"https:\/\/secure.gravatar.com\/avatar\/cb16c3c31c9d23b9b8c705964598220b3014e42ff51eb540ff23cefa3ae8c15f?s=96&d=mm&r=g\",\"caption\":\"US6\"},\"url\":\"https:\/\/veritasinfo.org\/?author=7\"}]}<\/script>\n<!-- \/ Yoast SEO plugin. -->","yoast_head_json":{"title":"Joseph: Serbia \u00ebsht\u00eb \u201cMoskva\u201d e Rusis\u00eb n\u00eb Ballkan -","robots":{"index":"index","follow":"follow","max-snippet":"max-snippet:-1","max-image-preview":"max-image-preview:large","max-video-preview":"max-video-preview:-1"},"canonical":"https:\/\/veritasinfo.org\/?p=22383","og_locale":"en_US","og_type":"article","og_title":"Joseph: Serbia \u00ebsht\u00eb \u201cMoskva\u201d e Rusis\u00eb n\u00eb Ballkan -","og_description":"Prishtin\u00eb, 1 dhjetor 2025 17:45 Edward P. Joseph, ligj\u00ebrues n\u00eb Universitetin Johns Hopkins n\u00eb SHBA dhe ekspert i menaxhimit t\u00eb konflikteve, ka th\u00ebn\u00eb se an\u00ebtar\u00ebsimi","og_url":"https:\/\/veritasinfo.org\/?p=22383","article_published_time":"2025-12-01T16:45:39+00:00","og_image":[{"width":780,"height":440,"url":"https:\/\/veritasinfo.org\/wp-content\/uploads\/2025\/12\/1726491688_konferenca.jpg","type":"image\/jpeg"}],"author":"US6","twitter_card":"summary_large_image","twitter_misc":{"Written by":"US6","Est. reading time":"3 minutes"},"schema":{"@context":"https:\/\/schema.org","@graph":[{"@type":"WebPage","@id":"https:\/\/veritasinfo.org\/?p=22383","url":"https:\/\/veritasinfo.org\/?p=22383","name":"Joseph: Serbia \u00ebsht\u00eb \u201cMoskva\u201d e Rusis\u00eb n\u00eb Ballkan -","isPartOf":{"@id":"https:\/\/veritasinfo.org\/#website"},"primaryImageOfPage":{"@id":"https:\/\/veritasinfo.org\/?p=22383#primaryimage"},"image":{"@id":"https:\/\/veritasinfo.org\/?p=22383#primaryimage"},"thumbnailUrl":"https:\/\/veritasinfo.org\/wp-content\/uploads\/2025\/12\/1726491688_konferenca.jpg","datePublished":"2025-12-01T16:45:39+00:00","author":{"@id":"https:\/\/veritasinfo.org\/#\/schema\/person\/fe199eede04c3937362892b7444747cc"},"breadcrumb":{"@id":"https:\/\/veritasinfo.org\/?p=22383#breadcrumb"},"inLanguage":"en-US","potentialAction":[{"@type":"ReadAction","target":["https:\/\/veritasinfo.org\/?p=22383"]}]},{"@type":"ImageObject","inLanguage":"en-US","@id":"https:\/\/veritasinfo.org\/?p=22383#primaryimage","url":"https:\/\/veritasinfo.org\/wp-content\/uploads\/2025\/12\/1726491688_konferenca.jpg","contentUrl":"https:\/\/veritasinfo.org\/wp-content\/uploads\/2025\/12\/1726491688_konferenca.jpg","width":780,"height":440},{"@type":"BreadcrumbList","@id":"https:\/\/veritasinfo.org\/?p=22383#breadcrumb","itemListElement":[{"@type":"ListItem","position":1,"name":"Home","item":"https:\/\/veritasinfo.org\/"},{"@type":"ListItem","position":2,"name":"Joseph: Serbia \u00ebsht\u00eb \u201cMoskva\u201d e Rusis\u00eb n\u00eb Ballkan"}]},{"@type":"WebSite","@id":"https:\/\/veritasinfo.org\/#website","url":"https:\/\/veritasinfo.org\/","name":"","description":"","potentialAction":[{"@type":"SearchAction","target":{"@type":"EntryPoint","urlTemplate":"https:\/\/veritasinfo.org\/?s={search_term_string}"},"query-input":{"@type":"PropertyValueSpecification","valueRequired":true,"valueName":"search_term_string"}}],"inLanguage":"en-US"},{"@type":"Person","@id":"https:\/\/veritasinfo.org\/#\/schema\/person\/fe199eede04c3937362892b7444747cc","name":"US6","image":{"@type":"ImageObject","inLanguage":"en-US","@id":"https:\/\/veritasinfo.org\/#\/schema\/person\/image\/","url":"https:\/\/secure.gravatar.com\/avatar\/cb16c3c31c9d23b9b8c705964598220b3014e42ff51eb540ff23cefa3ae8c15f?s=96&d=mm&r=g","contentUrl":"https:\/\/secure.gravatar.com\/avatar\/cb16c3c31c9d23b9b8c705964598220b3014e42ff51eb540ff23cefa3ae8c15f?s=96&d=mm&r=g","caption":"US6"},"url":"https:\/\/veritasinfo.org\/?author=7"}]}},"featured_image_urls":{"full":["https:\/\/veritasinfo.org\/wp-content\/uploads\/2025\/12\/1726491688_konferenca.jpg",780,440,false],"thumbnail":["https:\/\/veritasinfo.org\/wp-content\/uploads\/2025\/12\/1726491688_konferenca-150x150.jpg",150,150,true],"medium":["https:\/\/veritasinfo.org\/wp-content\/uploads\/2025\/12\/1726491688_konferenca-300x169.jpg",300,169,true],"medium_large":["https:\/\/veritasinfo.org\/wp-content\/uploads\/2025\/12\/1726491688_konferenca-768x433.jpg",640,361,true],"large":["https:\/\/veritasinfo.org\/wp-content\/uploads\/2025\/12\/1726491688_konferenca.jpg",640,361,false],"1536x1536":["https:\/\/veritasinfo.org\/wp-content\/uploads\/2025\/12\/1726491688_konferenca.jpg",780,440,false],"2048x2048":["https:\/\/veritasinfo.org\/wp-content\/uploads\/2025\/12\/1726491688_konferenca.jpg",780,440,false],"kreeti-slider-full":["https:\/\/veritasinfo.org\/wp-content\/uploads\/2025\/12\/1726491688_konferenca.jpg",780,440,false],"kreeti-featured":["https:\/\/veritasinfo.org\/wp-content\/uploads\/2025\/12\/1726491688_konferenca.jpg",780,440,false],"kreeti-medium":["https:\/\/veritasinfo.org\/wp-content\/uploads\/2025\/12\/1726491688_konferenca.jpg",720,406,false],"kreeti-medium-square":["https:\/\/veritasinfo.org\/wp-content\/uploads\/2025\/12\/1726491688_konferenca.jpg",350,197,false]},"author_info":{"info":["US6"]},"category_info":"<a href=\"https:\/\/veritasinfo.org\/?cat=58\" rel=\"category\">Politik\u00eb<\/a>","tag_info":"Politik\u00eb","comment_count":"0","_links":{"self":[{"href":"https:\/\/veritasinfo.org\/index.php?rest_route=\/wp\/v2\/posts\/22383","targetHints":{"allow":["GET"]}}],"collection":[{"href":"https:\/\/veritasinfo.org\/index.php?rest_route=\/wp\/v2\/posts"}],"about":[{"href":"https:\/\/veritasinfo.org\/index.php?rest_route=\/wp\/v2\/types\/post"}],"author":[{"embeddable":true,"href":"https:\/\/veritasinfo.org\/index.php?rest_route=\/wp\/v2\/users\/7"}],"replies":[{"embeddable":true,"href":"https:\/\/veritasinfo.org\/index.php?rest_route=%2Fwp%2Fv2%2Fcomments&post=22383"}],"version-history":[{"count":1,"href":"https:\/\/veritasinfo.org\/index.php?rest_route=\/wp\/v2\/posts\/22383\/revisions"}],"predecessor-version":[{"id":22385,"href":"https:\/\/veritasinfo.org\/index.php?rest_route=\/wp\/v2\/posts\/22383\/revisions\/22385"}],"wp:featuredmedia":[{"embeddable":true,"href":"https:\/\/veritasinfo.org\/index.php?rest_route=\/wp\/v2\/media\/22384"}],"wp:attachment":[{"href":"https:\/\/veritasinfo.org\/index.php?rest_route=%2Fwp%2Fv2%2Fmedia&parent=22383"}],"wp:term":[{"taxonomy":"category","embeddable":true,"href":"https:\/\/veritasinfo.org\/index.php?rest_route=%2Fwp%2Fv2%2Fcategories&post=22383"},{"taxonomy":"post_tag","embeddable":true,"href":"https:\/\/veritasinfo.org\/index.php?rest_route=%2Fwp%2Fv2%2Ftags&post=22383"}],"curies":[{"name":"wp","href":"https:\/\/api.w.org\/{rel}","templated":true}]}}