{"id":22378,"date":"2025-12-01T17:27:03","date_gmt":"2025-12-01T16:27:03","guid":{"rendered":"https:\/\/veritasinfo.org\/?p=22378"},"modified":"2025-12-01T17:27:03","modified_gmt":"2025-12-01T16:27:03","slug":"nato-situata-ne-veri-e-qete-por-e-brishte-pas-mbylljes-se-strukturave-paralele-serbe","status":"publish","type":"post","link":"https:\/\/veritasinfo.org\/?p=22378","title":{"rendered":"NATO: Situata n\u00eb veri e qet\u00eb, por e brisht\u00eb pas mbylljes s\u00eb strukturave paralele serbe"},"content":{"rendered":"<p>Prishtin\u00eb 01 Dhjetor 2025 17:25<\/p>\n<p>Situata n\u00eb kat\u00ebr komunat veriore t\u00eb Kosov\u00ebs vazhdon t\u00eb jet\u00eb e qet\u00eb, por mbetet e brisht\u00eb pas mbylljes s\u00eb strukturave paralele serbe.<\/p>\n<p>K\u00ebshtu ka vler\u00ebsuar nj\u00eb zyrtar i lart\u00eb i Divizionit p\u00ebr Operacione t\u00eb NATO-s gjat\u00eb nj\u00eb takimi t\u00eb mbyllur me gazetar\u00eb, ku i \u00ebsht\u00eb p\u00ebrgjigjur pyetjeve t\u00eb gazetarit t\u00eb T\u00ebv\u00eb1, Venhar Isufi.<\/p>\n<p>Zyrtari i NATO-s tha se zhvillimet e fundit n\u00eb veri, p\u00ebrfshir\u00eb sulmin n\u00eb Banjsk\u00eb dhe incidentin n\u00eb kanalin Iber\u2013Lepenc, vazhdojn\u00eb t\u00eb jen\u00eb faktor\u00eb t\u00eb ndjesh\u00ebm p\u00ebr situat\u00ebn e siguris\u00eb.<\/p>\n<p>\u201cSituata n\u00eb Kosov\u00eb, gjegj\u00ebsisht n\u00eb kat\u00ebr komunat veriore, vazhdon t\u00eb mbetet e qet\u00eb, por e brisht\u00eb pas mbylljes s\u00eb strukturave paralele serbe, nd\u00ebrrimit t\u00eb tabelave dhe bllokimeve t\u00eb rrug\u00ebve q\u00eb kan\u00eb ndodhur atje\u201d, deklaroi ai.<\/p>\n<p>I pyetur p\u00ebr provokimet nga Serbia p\u00ebrmes dron\u00ebve n\u00eb pikat kufitare Jarinj\u00eb dhe B\u00ebrnjak, zyrtari konfirmoi se KFOR-i \u00ebsht\u00eb i informuar dhe po ndjek zhvillimet nga af\u00ebr.<\/p>\n<p>\u201cNe jemi duke monitoruar situat\u00ebn, meq\u00eb kemi par\u00eb disa raportime p\u00ebr dron\u00eb n\u00eb hap\u00ebsirat ajrore mbi pikat kufitare Jarinj\u00eb dhe B\u00ebrnjak, dhe jemi n\u00eb kontakt me institucionet e Kosov\u00ebs\u201d, shtoi nd\u00ebr t\u00eb tjera.<\/p>\n<p>Lidhur me sabotimin e kanalit Iber\u2013Lepenc, NATO tha se ende nuk ka informacione shtes\u00eb, duke theksuar se \u00e7\u00ebshtja \u00ebsht\u00eb n\u00eb kompetenc\u00eb t\u00eb Policis\u00eb s\u00eb Kosov\u00ebs, me t\u00eb cil\u00ebn KFOR-i mbetet n\u00eb koordinim t\u00eb vazhduesh\u00ebm.<\/p>\n<p>Zyrtari rikujtoi se NATO aktualisht ka mbi 5 mij\u00eb trupa t\u00eb KFOR-it n\u00eb Kosov\u00eb, me mandat p\u00ebr t\u00eb garantuar paqen dhe sigurin\u00eb n\u00eb terren.<\/p>\n<p>NATO p\u00ebrs\u00ebriti k\u00ebrkes\u00ebn drejtuar Serbis\u00eb q\u00eb autor\u00ebt e sulmit t\u00eb 24 shtatorit n\u00eb Banjsk\u00eb t\u00eb dalin para drejt\u00ebsis\u00eb, ashtu si edhe p\u00ebrgjegj\u00ebsit p\u00ebr sulmet ndaj trupave t\u00eb KFOR-it n\u00eb maj t\u00eb vitit 2023, ku u plagos\u00ebn disa ushtar\u00eb nd\u00ebrkomb\u00ebtar\u00eb.<\/p>\n<p>N\u00eb fund, aleanca i b\u00ebri thirrje t\u00eb dyja pal\u00ebve, Kosov\u00ebs dhe Serbis\u00eb, q\u00eb t\u00eb vazhdojn\u00eb dialogun e nd\u00ebrmjet\u00ebsuar nga Bashkimi Evropian, n\u00ebn drejtimin e t\u00eb d\u00ebrguarit t\u00eb BE-s\u00eb, Peter Sorensen.<\/p>\n<p>Sot KFOR-i ka rreth 5000 trupa n\u00eb Kosov\u00eb, nga 29 aleat\u00eb dhe partner\u00eb. Komandanti i KFOR-it \u00ebsht\u00eb s\u00ebrish nga Turqia, Ozkan Ulutas. i cili rimori pozit\u00ebn n\u00eb tetor pas nj\u00eb p\u00ebrvoje shum\u00eb t\u00eb mir\u00eb n\u00eb mandatin e par\u00eb atje.<\/p>\n<p>KFOR-i \u00ebsht\u00eb p\u00ebrgjegj\u00ebsi i tret\u00eb pas Policis\u00eb s\u00eb Kosov\u00ebs dhe EULEX-it.<\/p>\n<p>Pra KFOR-i ka bashk\u00ebpunim me t\u00eb dy organizatat, dhe disa jav\u00eb m\u00eb par\u00eb b\u00ebn\u00eb bashk\u00eb st\u00ebrvitjen Shpata 2025 (?!).<\/p>\n<p>Nj\u00eb nga asetet m\u00eb t\u00eb m\u00ebdha t\u00eb KFOR-it \u00ebsht\u00eb neutralitetit ndaj t\u00eb gjitha pal\u00ebve dhe komuniteteve.<\/p>\n<p>Nj\u00eb d\u00ebshmi e mir\u00eb e k\u00ebtij neutraliteti \u00ebsht\u00eb dialogu me t\u00eb gjith\u00eb hisedar\u00ebt, p\u00ebrfshir\u00eb gjeneralin e mbrojtjes s\u00eb serbis\u00eb Milan Mojsiloviq, n\u00eb takimin n\u00eb Beograd, por edhe me Forcat e Siguris\u00eb s\u00eb Kosov\u00ebs.<\/p>\n<p>Bashk\u00ebpunimi \u00ebsht\u00eb i r\u00ebnd\u00ebsish\u00ebm q\u00eb t\u00eb sigurohet se nuk ka keqkuptime, dhe t\u00eb mos shkaktohen trazira t\u00eb panevojshme nga keqkuptimet eventuale.<\/p>\n","protected":false},"excerpt":{"rendered":"<p>Prishtin\u00eb 01 Dhjetor 2025 17:25 Situata n\u00eb kat\u00ebr komunat veriore t\u00eb Kosov\u00ebs vazhdon t\u00eb jet\u00eb e qet\u00eb, por mbetet e brisht\u00eb pas mbylljes s\u00eb strukturave<\/p>\n","protected":false},"author":6,"featured_media":22379,"comment_status":"open","ping_status":"open","sticky":false,"template":"","format":"standard","meta":{"footnotes":""},"categories":[58],"tags":[],"class_list":["post-22378","post","type-post","status-publish","format-standard","has-post-thumbnail","hentry","category-politike-sq"],"yoast_head":"<!-- This site is optimized with the Yoast SEO plugin v25.3.1 - https:\/\/yoast.com\/wordpress\/plugins\/seo\/ -->\n<title>NATO: Situata n\u00eb veri e qet\u00eb, por e brisht\u00eb pas mbylljes s\u00eb strukturave paralele serbe -<\/title>\n<meta name=\"robots\" content=\"index, follow, max-snippet:-1, max-image-preview:large, max-video-preview:-1\" \/>\n<link rel=\"canonical\" href=\"https:\/\/veritasinfo.org\/?p=22378\" \/>\n<meta property=\"og:locale\" content=\"en_US\" \/>\n<meta property=\"og:type\" content=\"article\" \/>\n<meta property=\"og:title\" content=\"NATO: Situata n\u00eb veri e qet\u00eb, por e brisht\u00eb pas mbylljes s\u00eb strukturave paralele serbe -\" \/>\n<meta property=\"og:description\" content=\"Prishtin\u00eb 01 Dhjetor 2025 17:25 Situata n\u00eb kat\u00ebr komunat veriore t\u00eb Kosov\u00ebs vazhdon t\u00eb jet\u00eb e qet\u00eb, por mbetet e brisht\u00eb pas mbylljes s\u00eb strukturave\" \/>\n<meta property=\"og:url\" content=\"https:\/\/veritasinfo.org\/?p=22378\" \/>\n<meta property=\"article:published_time\" content=\"2025-12-01T16:27:03+00:00\" \/>\n<meta property=\"og:image\" content=\"https:\/\/veritasinfo.org\/wp-content\/uploads\/2025\/12\/IMG-20251201-WA0016.jpg\" \/>\n\t<meta property=\"og:image:width\" content=\"676\" \/>\n\t<meta property=\"og:image:height\" content=\"375\" \/>\n\t<meta property=\"og:image:type\" content=\"image\/jpeg\" \/>\n<meta name=\"author\" content=\"US5\" \/>\n<meta name=\"twitter:card\" content=\"summary_large_image\" \/>\n<meta name=\"twitter:label1\" content=\"Written by\" \/>\n\t<meta name=\"twitter:data1\" content=\"US5\" \/>\n<script type=\"application\/ld+json\" class=\"yoast-schema-graph\">{\"@context\":\"https:\/\/schema.org\",\"@graph\":[{\"@type\":\"WebPage\",\"@id\":\"https:\/\/veritasinfo.org\/?p=22378\",\"url\":\"https:\/\/veritasinfo.org\/?p=22378\",\"name\":\"NATO: Situata n\u00eb veri e qet\u00eb, por e brisht\u00eb pas mbylljes s\u00eb strukturave paralele serbe -\",\"isPartOf\":{\"@id\":\"https:\/\/veritasinfo.org\/#website\"},\"primaryImageOfPage\":{\"@id\":\"https:\/\/veritasinfo.org\/?p=22378#primaryimage\"},\"image\":{\"@id\":\"https:\/\/veritasinfo.org\/?p=22378#primaryimage\"},\"thumbnailUrl\":\"https:\/\/veritasinfo.org\/wp-content\/uploads\/2025\/12\/IMG-20251201-WA0016.jpg\",\"datePublished\":\"2025-12-01T16:27:03+00:00\",\"author\":{\"@id\":\"https:\/\/veritasinfo.org\/#\/schema\/person\/bc442336e35414d04494ab8fb45db4c6\"},\"breadcrumb\":{\"@id\":\"https:\/\/veritasinfo.org\/?p=22378#breadcrumb\"},\"inLanguage\":\"en-US\",\"potentialAction\":[{\"@type\":\"ReadAction\",\"target\":[\"https:\/\/veritasinfo.org\/?p=22378\"]}]},{\"@type\":\"ImageObject\",\"inLanguage\":\"en-US\",\"@id\":\"https:\/\/veritasinfo.org\/?p=22378#primaryimage\",\"url\":\"https:\/\/veritasinfo.org\/wp-content\/uploads\/2025\/12\/IMG-20251201-WA0016.jpg\",\"contentUrl\":\"https:\/\/veritasinfo.org\/wp-content\/uploads\/2025\/12\/IMG-20251201-WA0016.jpg\",\"width\":676,\"height\":375},{\"@type\":\"BreadcrumbList\",\"@id\":\"https:\/\/veritasinfo.org\/?p=22378#breadcrumb\",\"itemListElement\":[{\"@type\":\"ListItem\",\"position\":1,\"name\":\"Home\",\"item\":\"https:\/\/veritasinfo.org\/\"},{\"@type\":\"ListItem\",\"position\":2,\"name\":\"NATO: Situata n\u00eb veri e qet\u00eb, por e brisht\u00eb pas mbylljes s\u00eb strukturave paralele serbe\"}]},{\"@type\":\"WebSite\",\"@id\":\"https:\/\/veritasinfo.org\/#website\",\"url\":\"https:\/\/veritasinfo.org\/\",\"name\":\"\",\"description\":\"\",\"potentialAction\":[{\"@type\":\"SearchAction\",\"target\":{\"@type\":\"EntryPoint\",\"urlTemplate\":\"https:\/\/veritasinfo.org\/?s={search_term_string}\"},\"query-input\":{\"@type\":\"PropertyValueSpecification\",\"valueRequired\":true,\"valueName\":\"search_term_string\"}}],\"inLanguage\":\"en-US\"},{\"@type\":\"Person\",\"@id\":\"https:\/\/veritasinfo.org\/#\/schema\/person\/bc442336e35414d04494ab8fb45db4c6\",\"name\":\"US5\",\"image\":{\"@type\":\"ImageObject\",\"inLanguage\":\"en-US\",\"@id\":\"https:\/\/veritasinfo.org\/#\/schema\/person\/image\/\",\"url\":\"https:\/\/secure.gravatar.com\/avatar\/16a61e7272a0c5d001121ebb9e60e925d5816e4ac1e443ed3e640d9a6ae55d0c?s=96&d=mm&r=g\",\"contentUrl\":\"https:\/\/secure.gravatar.com\/avatar\/16a61e7272a0c5d001121ebb9e60e925d5816e4ac1e443ed3e640d9a6ae55d0c?s=96&d=mm&r=g\",\"caption\":\"US5\"},\"url\":\"https:\/\/veritasinfo.org\/?author=6\"}]}<\/script>\n<!-- \/ Yoast SEO plugin. -->","yoast_head_json":{"title":"NATO: Situata n\u00eb veri e qet\u00eb, por e brisht\u00eb pas mbylljes s\u00eb strukturave paralele serbe -","robots":{"index":"index","follow":"follow","max-snippet":"max-snippet:-1","max-image-preview":"max-image-preview:large","max-video-preview":"max-video-preview:-1"},"canonical":"https:\/\/veritasinfo.org\/?p=22378","og_locale":"en_US","og_type":"article","og_title":"NATO: Situata n\u00eb veri e qet\u00eb, por e brisht\u00eb pas mbylljes s\u00eb strukturave paralele serbe -","og_description":"Prishtin\u00eb 01 Dhjetor 2025 17:25 Situata n\u00eb kat\u00ebr komunat veriore t\u00eb Kosov\u00ebs vazhdon t\u00eb jet\u00eb e qet\u00eb, por mbetet e brisht\u00eb pas mbylljes s\u00eb strukturave","og_url":"https:\/\/veritasinfo.org\/?p=22378","article_published_time":"2025-12-01T16:27:03+00:00","og_image":[{"width":676,"height":375,"url":"https:\/\/veritasinfo.org\/wp-content\/uploads\/2025\/12\/IMG-20251201-WA0016.jpg","type":"image\/jpeg"}],"author":"US5","twitter_card":"summary_large_image","twitter_misc":{"Written by":"US5"},"schema":{"@context":"https:\/\/schema.org","@graph":[{"@type":"WebPage","@id":"https:\/\/veritasinfo.org\/?p=22378","url":"https:\/\/veritasinfo.org\/?p=22378","name":"NATO: Situata n\u00eb veri e qet\u00eb, por e brisht\u00eb pas mbylljes s\u00eb strukturave paralele serbe -","isPartOf":{"@id":"https:\/\/veritasinfo.org\/#website"},"primaryImageOfPage":{"@id":"https:\/\/veritasinfo.org\/?p=22378#primaryimage"},"image":{"@id":"https:\/\/veritasinfo.org\/?p=22378#primaryimage"},"thumbnailUrl":"https:\/\/veritasinfo.org\/wp-content\/uploads\/2025\/12\/IMG-20251201-WA0016.jpg","datePublished":"2025-12-01T16:27:03+00:00","author":{"@id":"https:\/\/veritasinfo.org\/#\/schema\/person\/bc442336e35414d04494ab8fb45db4c6"},"breadcrumb":{"@id":"https:\/\/veritasinfo.org\/?p=22378#breadcrumb"},"inLanguage":"en-US","potentialAction":[{"@type":"ReadAction","target":["https:\/\/veritasinfo.org\/?p=22378"]}]},{"@type":"ImageObject","inLanguage":"en-US","@id":"https:\/\/veritasinfo.org\/?p=22378#primaryimage","url":"https:\/\/veritasinfo.org\/wp-content\/uploads\/2025\/12\/IMG-20251201-WA0016.jpg","contentUrl":"https:\/\/veritasinfo.org\/wp-content\/uploads\/2025\/12\/IMG-20251201-WA0016.jpg","width":676,"height":375},{"@type":"BreadcrumbList","@id":"https:\/\/veritasinfo.org\/?p=22378#breadcrumb","itemListElement":[{"@type":"ListItem","position":1,"name":"Home","item":"https:\/\/veritasinfo.org\/"},{"@type":"ListItem","position":2,"name":"NATO: Situata n\u00eb veri e qet\u00eb, por e brisht\u00eb pas mbylljes s\u00eb strukturave paralele serbe"}]},{"@type":"WebSite","@id":"https:\/\/veritasinfo.org\/#website","url":"https:\/\/veritasinfo.org\/","name":"","description":"","potentialAction":[{"@type":"SearchAction","target":{"@type":"EntryPoint","urlTemplate":"https:\/\/veritasinfo.org\/?s={search_term_string}"},"query-input":{"@type":"PropertyValueSpecification","valueRequired":true,"valueName":"search_term_string"}}],"inLanguage":"en-US"},{"@type":"Person","@id":"https:\/\/veritasinfo.org\/#\/schema\/person\/bc442336e35414d04494ab8fb45db4c6","name":"US5","image":{"@type":"ImageObject","inLanguage":"en-US","@id":"https:\/\/veritasinfo.org\/#\/schema\/person\/image\/","url":"https:\/\/secure.gravatar.com\/avatar\/16a61e7272a0c5d001121ebb9e60e925d5816e4ac1e443ed3e640d9a6ae55d0c?s=96&d=mm&r=g","contentUrl":"https:\/\/secure.gravatar.com\/avatar\/16a61e7272a0c5d001121ebb9e60e925d5816e4ac1e443ed3e640d9a6ae55d0c?s=96&d=mm&r=g","caption":"US5"},"url":"https:\/\/veritasinfo.org\/?author=6"}]}},"featured_image_urls":{"full":["https:\/\/veritasinfo.org\/wp-content\/uploads\/2025\/12\/IMG-20251201-WA0016.jpg",676,375,false],"thumbnail":["https:\/\/veritasinfo.org\/wp-content\/uploads\/2025\/12\/IMG-20251201-WA0016-150x150.jpg",150,150,true],"medium":["https:\/\/veritasinfo.org\/wp-content\/uploads\/2025\/12\/IMG-20251201-WA0016-300x166.jpg",300,166,true],"medium_large":["https:\/\/veritasinfo.org\/wp-content\/uploads\/2025\/12\/IMG-20251201-WA0016.jpg",640,355,false],"large":["https:\/\/veritasinfo.org\/wp-content\/uploads\/2025\/12\/IMG-20251201-WA0016.jpg",640,355,false],"1536x1536":["https:\/\/veritasinfo.org\/wp-content\/uploads\/2025\/12\/IMG-20251201-WA0016.jpg",676,375,false],"2048x2048":["https:\/\/veritasinfo.org\/wp-content\/uploads\/2025\/12\/IMG-20251201-WA0016.jpg",676,375,false],"kreeti-slider-full":["https:\/\/veritasinfo.org\/wp-content\/uploads\/2025\/12\/IMG-20251201-WA0016.jpg",676,375,false],"kreeti-featured":["https:\/\/veritasinfo.org\/wp-content\/uploads\/2025\/12\/IMG-20251201-WA0016.jpg",676,375,false],"kreeti-medium":["https:\/\/veritasinfo.org\/wp-content\/uploads\/2025\/12\/IMG-20251201-WA0016.jpg",676,375,false],"kreeti-medium-square":["https:\/\/veritasinfo.org\/wp-content\/uploads\/2025\/12\/IMG-20251201-WA0016.jpg",350,194,false]},"author_info":{"info":["US5"]},"category_info":"<a href=\"https:\/\/veritasinfo.org\/?cat=58\" rel=\"category\">Politik\u00eb<\/a>","tag_info":"Politik\u00eb","comment_count":"0","_links":{"self":[{"href":"https:\/\/veritasinfo.org\/index.php?rest_route=\/wp\/v2\/posts\/22378","targetHints":{"allow":["GET"]}}],"collection":[{"href":"https:\/\/veritasinfo.org\/index.php?rest_route=\/wp\/v2\/posts"}],"about":[{"href":"https:\/\/veritasinfo.org\/index.php?rest_route=\/wp\/v2\/types\/post"}],"author":[{"embeddable":true,"href":"https:\/\/veritasinfo.org\/index.php?rest_route=\/wp\/v2\/users\/6"}],"replies":[{"embeddable":true,"href":"https:\/\/veritasinfo.org\/index.php?rest_route=%2Fwp%2Fv2%2Fcomments&post=22378"}],"version-history":[{"count":1,"href":"https:\/\/veritasinfo.org\/index.php?rest_route=\/wp\/v2\/posts\/22378\/revisions"}],"predecessor-version":[{"id":22380,"href":"https:\/\/veritasinfo.org\/index.php?rest_route=\/wp\/v2\/posts\/22378\/revisions\/22380"}],"wp:featuredmedia":[{"embeddable":true,"href":"https:\/\/veritasinfo.org\/index.php?rest_route=\/wp\/v2\/media\/22379"}],"wp:attachment":[{"href":"https:\/\/veritasinfo.org\/index.php?rest_route=%2Fwp%2Fv2%2Fmedia&parent=22378"}],"wp:term":[{"taxonomy":"category","embeddable":true,"href":"https:\/\/veritasinfo.org\/index.php?rest_route=%2Fwp%2Fv2%2Fcategories&post=22378"},{"taxonomy":"post_tag","embeddable":true,"href":"https:\/\/veritasinfo.org\/index.php?rest_route=%2Fwp%2Fv2%2Ftags&post=22378"}],"curies":[{"name":"wp","href":"https:\/\/api.w.org\/{rel}","templated":true}]}}