{"id":22370,"date":"2025-12-01T16:24:56","date_gmt":"2025-12-01T15:24:56","guid":{"rendered":"https:\/\/veritasinfo.org\/?p=22370"},"modified":"2025-12-01T16:24:56","modified_gmt":"2025-12-01T15:24:56","slug":"specialja-ngre-aktakuze-ndaj-dy-personave-per-krime-lufte-ne-kosove-njeri-si-pjesetar-i-policise-serbe-e-tjetri-si-inspektor","status":"publish","type":"post","link":"https:\/\/veritasinfo.org\/?p=22370","title":{"rendered":"Specialja ngre aktakuz\u00eb ndaj dy personave p\u00ebr krime lufte n\u00eb Kosov\u00eb, nj\u00ebri si pjes\u00ebtar i policis\u00eb serbe e tjetri si inspektor"},"content":{"rendered":"<p>Prishtin\u00eb 01 Dhjetor 2025 16:23<\/p>\n<p>Prokuroria Speciale e Republik\u00ebs s\u00eb Kosov\u00ebs ka dor\u00ebzuar nj\u00eb aktakuz\u00eb n\u00eb Gjykat\u00ebn Themelore n\u00eb Prishtin\u00eb ndaj A.Z dhe B.D., p\u00ebr vepr\u00ebn penale \u201cKrim i luft\u00ebs kund\u00ebr popullsis\u00eb civile\u201d.<\/p>\n<p>Sipas njoftimit n\u00eb aktakuz\u00eb thuhet se i pandehuri A.Z., n\u00eb cil\u00ebsin\u00eb e inspektorit n\u00eb Stacionin Policor n\u00eb Prizren, nd\u00ebrsa B.D., n\u00eb cil\u00ebsin\u00eb e policit n\u00eb t\u00eb nj\u00ebjtin stacion, gjat\u00eb viteve 1998-1999 individualisht dhe n\u00eb bashk\u00ebkryerje me pjes\u00ebtar\u00eb t\u00eb tjer\u00eb t\u00eb forcave policore serbe, kan\u00eb nd\u00ebrmarr\u00eb nj\u00eb fushat\u00eb arrestimesh ndaj popullsis\u00eb civile n\u00eb komunat e Rahovecit dhe Suharek\u00ebs.<\/p>\n<p>&#8220;N\u00eb mesin e t\u00eb arrestuar\u00ebve ishin R.J., M.K., E.G., S.E., V.V., Q.K., U.K., H.G., S.G., H.Sh dhe A.Z, t\u00eb cil\u00ebt gjat\u00eb procesit t\u00eb marrjes n\u00eb pyetje, sipas aktakuz\u00ebs, jan\u00eb rrahur me mjete t\u00eb forta dhe metoda t\u00eb tjera t\u00eb trajtimit \u00e7njer\u00ebzor, ku si pasoj\u00eb R.J kishte vdekur, nd\u00ebrsa personat e tjer\u00eb kishin p\u00ebsuar l\u00ebndime serioze trupore&#8221; thuhet n\u00eb njoftim.<\/p>\n<p>Tutje b\u00ebhet e ditur se Prokuroria Speciale e Republik\u00ebs s\u00eb Kosov\u00ebs, bazuar n\u00eb nenet 234 dhe 303 t\u00eb Kodit t\u00eb Procedur\u00ebs Penale, i ka propozuar Gjykat\u00ebs q\u00eb t\u00eb mbaj\u00eb gjykimin n\u00eb munges\u00eb, pasi t\u00eb pandehurit A.Z dhe B.D.jan\u00eb t\u00eb paarritsh\u00ebm p\u00ebr organet e drejt\u00ebsis\u00eb. <\/p>\n","protected":false},"excerpt":{"rendered":"<p>Prishtin\u00eb 01 Dhjetor 2025 16:23 Prokuroria Speciale e Republik\u00ebs s\u00eb Kosov\u00ebs ka dor\u00ebzuar nj\u00eb aktakuz\u00eb n\u00eb Gjykat\u00ebn Themelore n\u00eb Prishtin\u00eb ndaj A.Z dhe B.D., p\u00ebr<\/p>\n","protected":false},"author":6,"featured_media":22371,"comment_status":"open","ping_status":"open","sticky":false,"template":"","format":"standard","meta":{"footnotes":""},"categories":[58],"tags":[],"class_list":["post-22370","post","type-post","status-publish","format-standard","has-post-thumbnail","hentry","category-politike-sq"],"yoast_head":"<!-- This site is optimized with the Yoast SEO plugin v25.3.1 - https:\/\/yoast.com\/wordpress\/plugins\/seo\/ -->\n<title>Specialja ngre aktakuz\u00eb ndaj dy personave p\u00ebr krime lufte n\u00eb Kosov\u00eb, nj\u00ebri si pjes\u00ebtar i policis\u00eb serbe e tjetri si inspektor -<\/title>\n<meta name=\"robots\" content=\"index, follow, max-snippet:-1, max-image-preview:large, max-video-preview:-1\" \/>\n<link rel=\"canonical\" href=\"https:\/\/veritasinfo.org\/?p=22370\" \/>\n<meta property=\"og:locale\" content=\"en_US\" \/>\n<meta property=\"og:type\" content=\"article\" \/>\n<meta property=\"og:title\" content=\"Specialja ngre aktakuz\u00eb ndaj dy personave p\u00ebr krime lufte n\u00eb Kosov\u00eb, nj\u00ebri si pjes\u00ebtar i policis\u00eb serbe e tjetri si inspektor -\" \/>\n<meta property=\"og:description\" content=\"Prishtin\u00eb 01 Dhjetor 2025 16:23 Prokuroria Speciale e Republik\u00ebs s\u00eb Kosov\u00ebs ka dor\u00ebzuar nj\u00eb aktakuz\u00eb n\u00eb Gjykat\u00ebn Themelore n\u00eb Prishtin\u00eb ndaj A.Z dhe B.D., p\u00ebr\" \/>\n<meta property=\"og:url\" content=\"https:\/\/veritasinfo.org\/?p=22370\" \/>\n<meta property=\"article:published_time\" content=\"2025-12-01T15:24:56+00:00\" \/>\n<meta property=\"og:image\" content=\"https:\/\/veritasinfo.org\/wp-content\/uploads\/2025\/12\/image-1.webp\" \/>\n\t<meta property=\"og:image:width\" content=\"1245\" \/>\n\t<meta property=\"og:image:height\" content=\"700\" \/>\n\t<meta property=\"og:image:type\" content=\"image\/webp\" \/>\n<meta name=\"author\" content=\"US5\" \/>\n<meta name=\"twitter:card\" content=\"summary_large_image\" \/>\n<meta name=\"twitter:label1\" content=\"Written by\" \/>\n\t<meta name=\"twitter:data1\" content=\"US5\" \/>\n\t<meta name=\"twitter:label2\" content=\"Est. reading time\" \/>\n\t<meta name=\"twitter:data2\" content=\"1 minute\" \/>\n<script type=\"application\/ld+json\" class=\"yoast-schema-graph\">{\"@context\":\"https:\/\/schema.org\",\"@graph\":[{\"@type\":\"WebPage\",\"@id\":\"https:\/\/veritasinfo.org\/?p=22370\",\"url\":\"https:\/\/veritasinfo.org\/?p=22370\",\"name\":\"Specialja ngre aktakuz\u00eb ndaj dy personave p\u00ebr krime lufte n\u00eb Kosov\u00eb, nj\u00ebri si pjes\u00ebtar i policis\u00eb serbe e tjetri si inspektor -\",\"isPartOf\":{\"@id\":\"https:\/\/veritasinfo.org\/#website\"},\"primaryImageOfPage\":{\"@id\":\"https:\/\/veritasinfo.org\/?p=22370#primaryimage\"},\"image\":{\"@id\":\"https:\/\/veritasinfo.org\/?p=22370#primaryimage\"},\"thumbnailUrl\":\"https:\/\/veritasinfo.org\/wp-content\/uploads\/2025\/12\/image-1.webp\",\"datePublished\":\"2025-12-01T15:24:56+00:00\",\"author\":{\"@id\":\"https:\/\/veritasinfo.org\/#\/schema\/person\/bc442336e35414d04494ab8fb45db4c6\"},\"breadcrumb\":{\"@id\":\"https:\/\/veritasinfo.org\/?p=22370#breadcrumb\"},\"inLanguage\":\"en-US\",\"potentialAction\":[{\"@type\":\"ReadAction\",\"target\":[\"https:\/\/veritasinfo.org\/?p=22370\"]}]},{\"@type\":\"ImageObject\",\"inLanguage\":\"en-US\",\"@id\":\"https:\/\/veritasinfo.org\/?p=22370#primaryimage\",\"url\":\"https:\/\/veritasinfo.org\/wp-content\/uploads\/2025\/12\/image-1.webp\",\"contentUrl\":\"https:\/\/veritasinfo.org\/wp-content\/uploads\/2025\/12\/image-1.webp\",\"width\":1245,\"height\":700},{\"@type\":\"BreadcrumbList\",\"@id\":\"https:\/\/veritasinfo.org\/?p=22370#breadcrumb\",\"itemListElement\":[{\"@type\":\"ListItem\",\"position\":1,\"name\":\"Home\",\"item\":\"https:\/\/veritasinfo.org\/\"},{\"@type\":\"ListItem\",\"position\":2,\"name\":\"Specialja ngre aktakuz\u00eb ndaj dy personave p\u00ebr krime lufte n\u00eb Kosov\u00eb, nj\u00ebri si pjes\u00ebtar i policis\u00eb serbe e tjetri si inspektor\"}]},{\"@type\":\"WebSite\",\"@id\":\"https:\/\/veritasinfo.org\/#website\",\"url\":\"https:\/\/veritasinfo.org\/\",\"name\":\"\",\"description\":\"\",\"potentialAction\":[{\"@type\":\"SearchAction\",\"target\":{\"@type\":\"EntryPoint\",\"urlTemplate\":\"https:\/\/veritasinfo.org\/?s={search_term_string}\"},\"query-input\":{\"@type\":\"PropertyValueSpecification\",\"valueRequired\":true,\"valueName\":\"search_term_string\"}}],\"inLanguage\":\"en-US\"},{\"@type\":\"Person\",\"@id\":\"https:\/\/veritasinfo.org\/#\/schema\/person\/bc442336e35414d04494ab8fb45db4c6\",\"name\":\"US5\",\"image\":{\"@type\":\"ImageObject\",\"inLanguage\":\"en-US\",\"@id\":\"https:\/\/veritasinfo.org\/#\/schema\/person\/image\/\",\"url\":\"https:\/\/secure.gravatar.com\/avatar\/16a61e7272a0c5d001121ebb9e60e925d5816e4ac1e443ed3e640d9a6ae55d0c?s=96&d=mm&r=g\",\"contentUrl\":\"https:\/\/secure.gravatar.com\/avatar\/16a61e7272a0c5d001121ebb9e60e925d5816e4ac1e443ed3e640d9a6ae55d0c?s=96&d=mm&r=g\",\"caption\":\"US5\"},\"url\":\"https:\/\/veritasinfo.org\/?author=6\"}]}<\/script>\n<!-- \/ Yoast SEO plugin. -->","yoast_head_json":{"title":"Specialja ngre aktakuz\u00eb ndaj dy personave p\u00ebr krime lufte n\u00eb Kosov\u00eb, nj\u00ebri si pjes\u00ebtar i policis\u00eb serbe e tjetri si inspektor -","robots":{"index":"index","follow":"follow","max-snippet":"max-snippet:-1","max-image-preview":"max-image-preview:large","max-video-preview":"max-video-preview:-1"},"canonical":"https:\/\/veritasinfo.org\/?p=22370","og_locale":"en_US","og_type":"article","og_title":"Specialja ngre aktakuz\u00eb ndaj dy personave p\u00ebr krime lufte n\u00eb Kosov\u00eb, nj\u00ebri si pjes\u00ebtar i policis\u00eb serbe e tjetri si inspektor -","og_description":"Prishtin\u00eb 01 Dhjetor 2025 16:23 Prokuroria Speciale e Republik\u00ebs s\u00eb Kosov\u00ebs ka dor\u00ebzuar nj\u00eb aktakuz\u00eb n\u00eb Gjykat\u00ebn Themelore n\u00eb Prishtin\u00eb ndaj A.Z dhe B.D., p\u00ebr","og_url":"https:\/\/veritasinfo.org\/?p=22370","article_published_time":"2025-12-01T15:24:56+00:00","og_image":[{"width":1245,"height":700,"url":"https:\/\/veritasinfo.org\/wp-content\/uploads\/2025\/12\/image-1.webp","type":"image\/webp"}],"author":"US5","twitter_card":"summary_large_image","twitter_misc":{"Written by":"US5","Est. reading time":"1 minute"},"schema":{"@context":"https:\/\/schema.org","@graph":[{"@type":"WebPage","@id":"https:\/\/veritasinfo.org\/?p=22370","url":"https:\/\/veritasinfo.org\/?p=22370","name":"Specialja ngre aktakuz\u00eb ndaj dy personave p\u00ebr krime lufte n\u00eb Kosov\u00eb, nj\u00ebri si pjes\u00ebtar i policis\u00eb serbe e tjetri si inspektor -","isPartOf":{"@id":"https:\/\/veritasinfo.org\/#website"},"primaryImageOfPage":{"@id":"https:\/\/veritasinfo.org\/?p=22370#primaryimage"},"image":{"@id":"https:\/\/veritasinfo.org\/?p=22370#primaryimage"},"thumbnailUrl":"https:\/\/veritasinfo.org\/wp-content\/uploads\/2025\/12\/image-1.webp","datePublished":"2025-12-01T15:24:56+00:00","author":{"@id":"https:\/\/veritasinfo.org\/#\/schema\/person\/bc442336e35414d04494ab8fb45db4c6"},"breadcrumb":{"@id":"https:\/\/veritasinfo.org\/?p=22370#breadcrumb"},"inLanguage":"en-US","potentialAction":[{"@type":"ReadAction","target":["https:\/\/veritasinfo.org\/?p=22370"]}]},{"@type":"ImageObject","inLanguage":"en-US","@id":"https:\/\/veritasinfo.org\/?p=22370#primaryimage","url":"https:\/\/veritasinfo.org\/wp-content\/uploads\/2025\/12\/image-1.webp","contentUrl":"https:\/\/veritasinfo.org\/wp-content\/uploads\/2025\/12\/image-1.webp","width":1245,"height":700},{"@type":"BreadcrumbList","@id":"https:\/\/veritasinfo.org\/?p=22370#breadcrumb","itemListElement":[{"@type":"ListItem","position":1,"name":"Home","item":"https:\/\/veritasinfo.org\/"},{"@type":"ListItem","position":2,"name":"Specialja ngre aktakuz\u00eb ndaj dy personave p\u00ebr krime lufte n\u00eb Kosov\u00eb, nj\u00ebri si pjes\u00ebtar i policis\u00eb serbe e tjetri si inspektor"}]},{"@type":"WebSite","@id":"https:\/\/veritasinfo.org\/#website","url":"https:\/\/veritasinfo.org\/","name":"","description":"","potentialAction":[{"@type":"SearchAction","target":{"@type":"EntryPoint","urlTemplate":"https:\/\/veritasinfo.org\/?s={search_term_string}"},"query-input":{"@type":"PropertyValueSpecification","valueRequired":true,"valueName":"search_term_string"}}],"inLanguage":"en-US"},{"@type":"Person","@id":"https:\/\/veritasinfo.org\/#\/schema\/person\/bc442336e35414d04494ab8fb45db4c6","name":"US5","image":{"@type":"ImageObject","inLanguage":"en-US","@id":"https:\/\/veritasinfo.org\/#\/schema\/person\/image\/","url":"https:\/\/secure.gravatar.com\/avatar\/16a61e7272a0c5d001121ebb9e60e925d5816e4ac1e443ed3e640d9a6ae55d0c?s=96&d=mm&r=g","contentUrl":"https:\/\/secure.gravatar.com\/avatar\/16a61e7272a0c5d001121ebb9e60e925d5816e4ac1e443ed3e640d9a6ae55d0c?s=96&d=mm&r=g","caption":"US5"},"url":"https:\/\/veritasinfo.org\/?author=6"}]}},"featured_image_urls":{"full":["https:\/\/veritasinfo.org\/wp-content\/uploads\/2025\/12\/image-1.webp",1245,700,false],"thumbnail":["https:\/\/veritasinfo.org\/wp-content\/uploads\/2025\/12\/image-1-150x150.webp",150,150,true],"medium":["https:\/\/veritasinfo.org\/wp-content\/uploads\/2025\/12\/image-1-300x169.webp",300,169,true],"medium_large":["https:\/\/veritasinfo.org\/wp-content\/uploads\/2025\/12\/image-1-768x432.webp",640,360,true],"large":["https:\/\/veritasinfo.org\/wp-content\/uploads\/2025\/12\/image-1-1024x576.webp",640,360,true],"1536x1536":["https:\/\/veritasinfo.org\/wp-content\/uploads\/2025\/12\/image-1.webp",1245,700,false],"2048x2048":["https:\/\/veritasinfo.org\/wp-content\/uploads\/2025\/12\/image-1.webp",1245,700,false],"kreeti-slider-full":["https:\/\/veritasinfo.org\/wp-content\/uploads\/2025\/12\/image-1.webp",1245,700,false],"kreeti-featured":["https:\/\/veritasinfo.org\/wp-content\/uploads\/2025\/12\/image-1.webp",1024,576,false],"kreeti-medium":["https:\/\/veritasinfo.org\/wp-content\/uploads\/2025\/12\/image-1.webp",720,405,false],"kreeti-medium-square":["https:\/\/veritasinfo.org\/wp-content\/uploads\/2025\/12\/image-1.webp",350,197,false]},"author_info":{"info":["US5"]},"category_info":"<a href=\"https:\/\/veritasinfo.org\/?cat=58\" rel=\"category\">Politik\u00eb<\/a>","tag_info":"Politik\u00eb","comment_count":"0","_links":{"self":[{"href":"https:\/\/veritasinfo.org\/index.php?rest_route=\/wp\/v2\/posts\/22370","targetHints":{"allow":["GET"]}}],"collection":[{"href":"https:\/\/veritasinfo.org\/index.php?rest_route=\/wp\/v2\/posts"}],"about":[{"href":"https:\/\/veritasinfo.org\/index.php?rest_route=\/wp\/v2\/types\/post"}],"author":[{"embeddable":true,"href":"https:\/\/veritasinfo.org\/index.php?rest_route=\/wp\/v2\/users\/6"}],"replies":[{"embeddable":true,"href":"https:\/\/veritasinfo.org\/index.php?rest_route=%2Fwp%2Fv2%2Fcomments&post=22370"}],"version-history":[{"count":1,"href":"https:\/\/veritasinfo.org\/index.php?rest_route=\/wp\/v2\/posts\/22370\/revisions"}],"predecessor-version":[{"id":22372,"href":"https:\/\/veritasinfo.org\/index.php?rest_route=\/wp\/v2\/posts\/22370\/revisions\/22372"}],"wp:featuredmedia":[{"embeddable":true,"href":"https:\/\/veritasinfo.org\/index.php?rest_route=\/wp\/v2\/media\/22371"}],"wp:attachment":[{"href":"https:\/\/veritasinfo.org\/index.php?rest_route=%2Fwp%2Fv2%2Fmedia&parent=22370"}],"wp:term":[{"taxonomy":"category","embeddable":true,"href":"https:\/\/veritasinfo.org\/index.php?rest_route=%2Fwp%2Fv2%2Fcategories&post=22370"},{"taxonomy":"post_tag","embeddable":true,"href":"https:\/\/veritasinfo.org\/index.php?rest_route=%2Fwp%2Fv2%2Ftags&post=22370"}],"curies":[{"name":"wp","href":"https:\/\/api.w.org\/{rel}","templated":true}]}}