{"id":2235,"date":"2025-07-02T07:52:51","date_gmt":"2025-07-02T05:52:51","guid":{"rendered":"https:\/\/veritasinfo.org\/?p=2235"},"modified":"2025-07-02T07:52:51","modified_gmt":"2025-07-02T05:52:51","slug":"presidentja-mbledh-lideret-e-partive-kesaj-radhe-per-takime-vec-e-vec","status":"publish","type":"post","link":"https:\/\/veritasinfo.org\/?p=2235","title":{"rendered":"Presidentja mbledh lider\u00ebt e partive, k\u00ebsaj radhe p\u00ebr takime ve\u00e7 e ve\u00e7"},"content":{"rendered":"<p>Prishtin\u00eb, 02 Korrik 2025<\/p>\n<p>Ng\u00ebr\u00e7i politik i shkaktuar nga mos konstituimi i Kuvendit ka b\u00ebr\u00eb q\u00eb presidentja Vjosa Osmani t\u00eb ftoj\u00eb n\u00eb takim lider\u00ebt e partive politike.<\/p>\n<p>Osmani do t\u00eb takohet ve\u00e7 e ve\u00e7 me krer\u00ebt e t\u00eb gjitha partive q\u00eb kan\u00eb g\u00ebzuar mandat ne legjislatur\u00ebn e re: sot me ata t\u00eb partive shumic\u00eb, e nes\u00ebr me ata t\u00eb partive jo shumic\u00eb<\/p>\n<p>Takimet pritet t\u00eb mbahen p\u00ebrgjat\u00eb gjith\u00eb dit\u00ebs, nga ora 10 deri n\u00eb ora 16, e q\u00eb \u00e7\u00ebshtje e diskutimit do t\u00eb jet\u00eb zhbllokimi i institucioneve.<\/p>\n<p>T\u00eb parin n\u00eb takim, Osmani do ta pres\u00eb kryetarin e Vet\u00ebvendosjes, Albin Kurti, p\u00ebr t\u00eb vazhduar pastaj me Memlin Krasniqin, Lumir Abdixhikun dhe Ramush Haradinajn.<\/p>\n<div class=\"code-block code-block-7\"><ins id=\"revive-0-3\" data-revive-zoneid=\"218\" data-revive-id=\"6d10792d7a3e9a00328e01545b0215e5\" data-revive-seq=\"3\" data-revive-loaded=\"1\"><\/p>\n<div id=\"beacon_ea80a8d2a1\"><img decoding=\"async\" src=\"https:\/\/ads2.indeksonline.net\/www\/delivery\/lg.php?bannerid=0&amp;campaignid=0&amp;zoneid=218&amp;loc=https%3A%2F%2Findeksonline.net%2Fpresidentja-mbledh-lideret-e-partive-kesaj-radhe-per-takime-vec-e-vec%2F&amp;cb=ea80a8d2a1\" alt=\"\" width=\"0\" height=\"0\" \/><\/div>\n<p><\/ins><\/div>\n<p>Ky \u00ebsht\u00eb takimi i dyt\u00eb q\u00eb Osmani mban me lider\u00eb t\u00eb partive, pas atij t\u00eb parit q\u00eb ishte takim i p\u00ebrbashk\u00ebt, e q\u00eb nuk rezultoi me zgjidhje.<\/p>\n<p>Takimet e sotme vijn\u00eb pas atij t\u00eb s\u00eb shtun\u00ebs, ku krer\u00ebt e partive u mblodh\u00ebn n\u00eb ambientet e Kuvendit, p\u00ebr t\u00eb gjetur zgjidhje t\u00eb p\u00ebrbashk\u00ebt, por d\u00ebshtuan.<\/p>\n<p>Kujtojm\u00eb se nga 15 prilli e deri m\u00eb tani, Kuvendi ka d\u00ebshtuar plot 40 her\u00eb konstituimin, zgjedhjen e kryekuvendarit, n\u00ebnkryetar\u00ebve dhe procedimin tutje me formim t\u00eb institucioneve<\/p>\n","protected":false},"excerpt":{"rendered":"<p>Prishtin\u00eb, 02 Korrik 2025 Ng\u00ebr\u00e7i politik i shkaktuar nga mos konstituimi i Kuvendit ka b\u00ebr\u00eb q\u00eb presidentja Vjosa Osmani t\u00eb ftoj\u00eb n\u00eb takim lider\u00ebt e<\/p>\n","protected":false},"author":1,"featured_media":2236,"comment_status":"open","ping_status":"open","sticky":false,"template":"","format":"standard","meta":{"footnotes":""},"categories":[58],"tags":[],"class_list":["post-2235","post","type-post","status-publish","format-standard","has-post-thumbnail","hentry","category-politike-sq"],"yoast_head":"<!-- This site is optimized with the Yoast SEO plugin v25.3.1 - https:\/\/yoast.com\/wordpress\/plugins\/seo\/ -->\n<title>Presidentja mbledh lider\u00ebt e partive, k\u00ebsaj radhe p\u00ebr takime ve\u00e7 e ve\u00e7 -<\/title>\n<meta name=\"robots\" content=\"index, follow, max-snippet:-1, max-image-preview:large, max-video-preview:-1\" \/>\n<link rel=\"canonical\" href=\"https:\/\/veritasinfo.org\/?p=2235\" \/>\n<meta property=\"og:locale\" content=\"en_US\" \/>\n<meta property=\"og:type\" content=\"article\" \/>\n<meta property=\"og:title\" content=\"Presidentja mbledh lider\u00ebt e partive, k\u00ebsaj radhe p\u00ebr takime ve\u00e7 e ve\u00e7 -\" \/>\n<meta property=\"og:description\" content=\"Prishtin\u00eb, 02 Korrik 2025 Ng\u00ebr\u00e7i politik i shkaktuar nga mos konstituimi i Kuvendit ka b\u00ebr\u00eb q\u00eb presidentja Vjosa Osmani t\u00eb ftoj\u00eb n\u00eb takim lider\u00ebt e\" \/>\n<meta property=\"og:url\" content=\"https:\/\/veritasinfo.org\/?p=2235\" \/>\n<meta property=\"article:published_time\" content=\"2025-07-02T05:52:51+00:00\" \/>\n<meta property=\"og:image\" content=\"https:\/\/veritasinfo.org\/wp-content\/uploads\/2025\/07\/IMG_1668.png\" \/>\n\t<meta property=\"og:image:width\" content=\"888\" \/>\n\t<meta property=\"og:image:height\" content=\"591\" \/>\n\t<meta property=\"og:image:type\" content=\"image\/png\" \/>\n<meta name=\"author\" content=\"admin\" \/>\n<meta name=\"twitter:card\" content=\"summary_large_image\" \/>\n<meta name=\"twitter:label1\" content=\"Written by\" \/>\n\t<meta name=\"twitter:data1\" content=\"admin\" \/>\n\t<meta name=\"twitter:label2\" content=\"Est. reading time\" \/>\n\t<meta name=\"twitter:data2\" content=\"2 minutes\" \/>\n<script type=\"application\/ld+json\" class=\"yoast-schema-graph\">{\"@context\":\"https:\/\/schema.org\",\"@graph\":[{\"@type\":\"WebPage\",\"@id\":\"https:\/\/veritasinfo.org\/?p=2235\",\"url\":\"https:\/\/veritasinfo.org\/?p=2235\",\"name\":\"Presidentja mbledh lider\u00ebt e partive, k\u00ebsaj radhe p\u00ebr takime ve\u00e7 e ve\u00e7 -\",\"isPartOf\":{\"@id\":\"https:\/\/veritasinfo.org\/#website\"},\"primaryImageOfPage\":{\"@id\":\"https:\/\/veritasinfo.org\/?p=2235#primaryimage\"},\"image\":{\"@id\":\"https:\/\/veritasinfo.org\/?p=2235#primaryimage\"},\"thumbnailUrl\":\"https:\/\/veritasinfo.org\/wp-content\/uploads\/2025\/07\/IMG_1668.png\",\"datePublished\":\"2025-07-02T05:52:51+00:00\",\"author\":{\"@id\":\"https:\/\/veritasinfo.org\/#\/schema\/person\/7701f8c088bece422266b100a712374f\"},\"breadcrumb\":{\"@id\":\"https:\/\/veritasinfo.org\/?p=2235#breadcrumb\"},\"inLanguage\":\"en-US\",\"potentialAction\":[{\"@type\":\"ReadAction\",\"target\":[\"https:\/\/veritasinfo.org\/?p=2235\"]}]},{\"@type\":\"ImageObject\",\"inLanguage\":\"en-US\",\"@id\":\"https:\/\/veritasinfo.org\/?p=2235#primaryimage\",\"url\":\"https:\/\/veritasinfo.org\/wp-content\/uploads\/2025\/07\/IMG_1668.png\",\"contentUrl\":\"https:\/\/veritasinfo.org\/wp-content\/uploads\/2025\/07\/IMG_1668.png\",\"width\":888,\"height\":591},{\"@type\":\"BreadcrumbList\",\"@id\":\"https:\/\/veritasinfo.org\/?p=2235#breadcrumb\",\"itemListElement\":[{\"@type\":\"ListItem\",\"position\":1,\"name\":\"Home\",\"item\":\"https:\/\/veritasinfo.org\/\"},{\"@type\":\"ListItem\",\"position\":2,\"name\":\"Presidentja mbledh lider\u00ebt e partive, k\u00ebsaj radhe p\u00ebr takime ve\u00e7 e ve\u00e7\"}]},{\"@type\":\"WebSite\",\"@id\":\"https:\/\/veritasinfo.org\/#website\",\"url\":\"https:\/\/veritasinfo.org\/\",\"name\":\"\",\"description\":\"\",\"potentialAction\":[{\"@type\":\"SearchAction\",\"target\":{\"@type\":\"EntryPoint\",\"urlTemplate\":\"https:\/\/veritasinfo.org\/?s={search_term_string}\"},\"query-input\":{\"@type\":\"PropertyValueSpecification\",\"valueRequired\":true,\"valueName\":\"search_term_string\"}}],\"inLanguage\":\"en-US\"},{\"@type\":\"Person\",\"@id\":\"https:\/\/veritasinfo.org\/#\/schema\/person\/7701f8c088bece422266b100a712374f\",\"name\":\"admin\",\"image\":{\"@type\":\"ImageObject\",\"inLanguage\":\"en-US\",\"@id\":\"https:\/\/veritasinfo.org\/#\/schema\/person\/image\/\",\"url\":\"https:\/\/secure.gravatar.com\/avatar\/ea53aa3bf6c9a12d5fde8ce4deff43fef3885ae33cf60184161a50d6987cfd2f?s=96&d=mm&r=g\",\"contentUrl\":\"https:\/\/secure.gravatar.com\/avatar\/ea53aa3bf6c9a12d5fde8ce4deff43fef3885ae33cf60184161a50d6987cfd2f?s=96&d=mm&r=g\",\"caption\":\"admin\"},\"sameAs\":[\"https:\/\/veritasinfo.org\"],\"url\":\"https:\/\/veritasinfo.org\/?author=1\"}]}<\/script>\n<!-- \/ Yoast SEO plugin. -->","yoast_head_json":{"title":"Presidentja mbledh lider\u00ebt e partive, k\u00ebsaj radhe p\u00ebr takime ve\u00e7 e ve\u00e7 -","robots":{"index":"index","follow":"follow","max-snippet":"max-snippet:-1","max-image-preview":"max-image-preview:large","max-video-preview":"max-video-preview:-1"},"canonical":"https:\/\/veritasinfo.org\/?p=2235","og_locale":"en_US","og_type":"article","og_title":"Presidentja mbledh lider\u00ebt e partive, k\u00ebsaj radhe p\u00ebr takime ve\u00e7 e ve\u00e7 -","og_description":"Prishtin\u00eb, 02 Korrik 2025 Ng\u00ebr\u00e7i politik i shkaktuar nga mos konstituimi i Kuvendit ka b\u00ebr\u00eb q\u00eb presidentja Vjosa Osmani t\u00eb ftoj\u00eb n\u00eb takim lider\u00ebt e","og_url":"https:\/\/veritasinfo.org\/?p=2235","article_published_time":"2025-07-02T05:52:51+00:00","og_image":[{"width":888,"height":591,"url":"https:\/\/veritasinfo.org\/wp-content\/uploads\/2025\/07\/IMG_1668.png","type":"image\/png"}],"author":"admin","twitter_card":"summary_large_image","twitter_misc":{"Written by":"admin","Est. reading time":"2 minutes"},"schema":{"@context":"https:\/\/schema.org","@graph":[{"@type":"WebPage","@id":"https:\/\/veritasinfo.org\/?p=2235","url":"https:\/\/veritasinfo.org\/?p=2235","name":"Presidentja mbledh lider\u00ebt e partive, k\u00ebsaj radhe p\u00ebr takime ve\u00e7 e ve\u00e7 -","isPartOf":{"@id":"https:\/\/veritasinfo.org\/#website"},"primaryImageOfPage":{"@id":"https:\/\/veritasinfo.org\/?p=2235#primaryimage"},"image":{"@id":"https:\/\/veritasinfo.org\/?p=2235#primaryimage"},"thumbnailUrl":"https:\/\/veritasinfo.org\/wp-content\/uploads\/2025\/07\/IMG_1668.png","datePublished":"2025-07-02T05:52:51+00:00","author":{"@id":"https:\/\/veritasinfo.org\/#\/schema\/person\/7701f8c088bece422266b100a712374f"},"breadcrumb":{"@id":"https:\/\/veritasinfo.org\/?p=2235#breadcrumb"},"inLanguage":"en-US","potentialAction":[{"@type":"ReadAction","target":["https:\/\/veritasinfo.org\/?p=2235"]}]},{"@type":"ImageObject","inLanguage":"en-US","@id":"https:\/\/veritasinfo.org\/?p=2235#primaryimage","url":"https:\/\/veritasinfo.org\/wp-content\/uploads\/2025\/07\/IMG_1668.png","contentUrl":"https:\/\/veritasinfo.org\/wp-content\/uploads\/2025\/07\/IMG_1668.png","width":888,"height":591},{"@type":"BreadcrumbList","@id":"https:\/\/veritasinfo.org\/?p=2235#breadcrumb","itemListElement":[{"@type":"ListItem","position":1,"name":"Home","item":"https:\/\/veritasinfo.org\/"},{"@type":"ListItem","position":2,"name":"Presidentja mbledh lider\u00ebt e partive, k\u00ebsaj radhe p\u00ebr takime ve\u00e7 e ve\u00e7"}]},{"@type":"WebSite","@id":"https:\/\/veritasinfo.org\/#website","url":"https:\/\/veritasinfo.org\/","name":"","description":"","potentialAction":[{"@type":"SearchAction","target":{"@type":"EntryPoint","urlTemplate":"https:\/\/veritasinfo.org\/?s={search_term_string}"},"query-input":{"@type":"PropertyValueSpecification","valueRequired":true,"valueName":"search_term_string"}}],"inLanguage":"en-US"},{"@type":"Person","@id":"https:\/\/veritasinfo.org\/#\/schema\/person\/7701f8c088bece422266b100a712374f","name":"admin","image":{"@type":"ImageObject","inLanguage":"en-US","@id":"https:\/\/veritasinfo.org\/#\/schema\/person\/image\/","url":"https:\/\/secure.gravatar.com\/avatar\/ea53aa3bf6c9a12d5fde8ce4deff43fef3885ae33cf60184161a50d6987cfd2f?s=96&d=mm&r=g","contentUrl":"https:\/\/secure.gravatar.com\/avatar\/ea53aa3bf6c9a12d5fde8ce4deff43fef3885ae33cf60184161a50d6987cfd2f?s=96&d=mm&r=g","caption":"admin"},"sameAs":["https:\/\/veritasinfo.org"],"url":"https:\/\/veritasinfo.org\/?author=1"}]}},"featured_image_urls":{"full":["https:\/\/veritasinfo.org\/wp-content\/uploads\/2025\/07\/IMG_1668.png",888,591,false],"thumbnail":["https:\/\/veritasinfo.org\/wp-content\/uploads\/2025\/07\/IMG_1668-150x150.png",150,150,true],"medium":["https:\/\/veritasinfo.org\/wp-content\/uploads\/2025\/07\/IMG_1668-300x200.png",300,200,true],"medium_large":["https:\/\/veritasinfo.org\/wp-content\/uploads\/2025\/07\/IMG_1668-768x511.png",640,426,true],"large":["https:\/\/veritasinfo.org\/wp-content\/uploads\/2025\/07\/IMG_1668.png",640,426,false],"1536x1536":["https:\/\/veritasinfo.org\/wp-content\/uploads\/2025\/07\/IMG_1668.png",888,591,false],"2048x2048":["https:\/\/veritasinfo.org\/wp-content\/uploads\/2025\/07\/IMG_1668.png",888,591,false],"kreeti-slider-full":["https:\/\/veritasinfo.org\/wp-content\/uploads\/2025\/07\/IMG_1668.png",888,591,false],"kreeti-featured":["https:\/\/veritasinfo.org\/wp-content\/uploads\/2025\/07\/IMG_1668.png",888,591,false],"kreeti-medium":["https:\/\/veritasinfo.org\/wp-content\/uploads\/2025\/07\/IMG_1668.png",720,479,false],"kreeti-medium-square":["https:\/\/veritasinfo.org\/wp-content\/uploads\/2025\/07\/IMG_1668.png",350,233,false]},"author_info":{"info":["admin"]},"category_info":"<a href=\"https:\/\/veritasinfo.org\/?cat=58\" rel=\"category\">Politik\u00eb<\/a>","tag_info":"Politik\u00eb","comment_count":"0","_links":{"self":[{"href":"https:\/\/veritasinfo.org\/index.php?rest_route=\/wp\/v2\/posts\/2235","targetHints":{"allow":["GET"]}}],"collection":[{"href":"https:\/\/veritasinfo.org\/index.php?rest_route=\/wp\/v2\/posts"}],"about":[{"href":"https:\/\/veritasinfo.org\/index.php?rest_route=\/wp\/v2\/types\/post"}],"author":[{"embeddable":true,"href":"https:\/\/veritasinfo.org\/index.php?rest_route=\/wp\/v2\/users\/1"}],"replies":[{"embeddable":true,"href":"https:\/\/veritasinfo.org\/index.php?rest_route=%2Fwp%2Fv2%2Fcomments&post=2235"}],"version-history":[{"count":1,"href":"https:\/\/veritasinfo.org\/index.php?rest_route=\/wp\/v2\/posts\/2235\/revisions"}],"predecessor-version":[{"id":2237,"href":"https:\/\/veritasinfo.org\/index.php?rest_route=\/wp\/v2\/posts\/2235\/revisions\/2237"}],"wp:featuredmedia":[{"embeddable":true,"href":"https:\/\/veritasinfo.org\/index.php?rest_route=\/wp\/v2\/media\/2236"}],"wp:attachment":[{"href":"https:\/\/veritasinfo.org\/index.php?rest_route=%2Fwp%2Fv2%2Fmedia&parent=2235"}],"wp:term":[{"taxonomy":"category","embeddable":true,"href":"https:\/\/veritasinfo.org\/index.php?rest_route=%2Fwp%2Fv2%2Fcategories&post=2235"},{"taxonomy":"post_tag","embeddable":true,"href":"https:\/\/veritasinfo.org\/index.php?rest_route=%2Fwp%2Fv2%2Ftags&post=2235"}],"curies":[{"name":"wp","href":"https:\/\/api.w.org\/{rel}","templated":true}]}}