{"id":22349,"date":"2025-12-01T13:57:45","date_gmt":"2025-12-01T12:57:45","guid":{"rendered":"https:\/\/veritasinfo.org\/?p=22349"},"modified":"2025-12-01T13:57:45","modified_gmt":"2025-12-01T12:57:45","slug":"joseph-kosova-si-model-per-paqen-ne-ukraine","status":"publish","type":"post","link":"https:\/\/veritasinfo.org\/?p=22349","title":{"rendered":"Joseph: Kosova si model p\u00ebr paqen n\u00eb Ukrain\u00eb"},"content":{"rendered":"<p>Prishtin\u00eb 01 Dhjetor 2025 13:50<\/p>\n<p>Edward P. Joseph, ligj\u00ebrues n\u00eb Universitetin Johns Hopkins n\u00eb SHBA dhe ekspert i menaxhimit t\u00eb konflikteve, propozon nj\u00eb qasje strategjike p\u00ebr t\u00eb arritur paqe n\u00eb Ukrain\u00eb, duke u bazuar n\u00eb modelin e Kosov\u00ebs.<\/p>\n<p>Ai e ka trajtuar k\u00ebt\u00eb ide edhe n\u00eb nj\u00eb analiz\u00eb t\u00eb publikuar n\u00eb revist\u00ebn akademike SAIS Review of International Affairs.<\/p>\n<p>Duke folur p\u00ebr Radion Evropa e Lir\u00eb, Joseph shpjegon se zbatimi i parimeve t\u00eb Rezolut\u00ebs 1244 n\u00eb Donbas \u2013 administrimi nd\u00ebrkomb\u00ebtar, vendosja e trupave paqeruajt\u00ebse dhe shtyrja e \u00e7\u00ebshtjes s\u00eb sovranitetit p\u00ebr m\u00eb von\u00eb \u2013 mund t\u2019i ofroj\u00eb Ukrain\u00ebs garanci sigurie pa pasur nevoj\u00eb t\u00eb pranoj\u00eb aneksimin rus t\u00eb rajonit.<\/p>\n<p>Joseph vler\u00ebson gjithashtu p\u00ebrpjekjet e administrat\u00ebs Trump, duke theksuar se ajo ka v\u00ebn\u00eb n\u00eb qend\u00ebr arritjen e paqes n\u00eb Ukrain\u00eb dhe ka sjell\u00eb dinamik\u00eb t\u00eb re n\u00eb procesin e negociatave.<\/p>\n<p>Zoti Joseph, ju propozoni zbatimin e modelit t\u00eb Kosov\u00ebs n\u00eb Donbas. Cili \u00ebsht\u00eb m\u00ebsimi m\u00eb i r\u00ebnd\u00ebsish\u00ebm nga Kosova q\u00eb besoni se mund t\u00eb zbatohet n\u00eb Ukrain\u00eb sot?<\/p>\n<p>Edward P. Joseph: Gj\u00ebja m\u00eb e r\u00ebnd\u00ebsishme dhe m\u00eb interesante e p\u00ebrdorimit t\u00eb modelit t\u00eb Kosov\u00ebs n\u00eb Donbas \u2013 pra n\u00eb Ukrain\u00eb \u2013 p\u00ebr t\u00eb arritur nj\u00eb arm\u00ebpushim, \u00ebsht\u00eb se presidenti rus [Vladimir] Putin e mb\u00ebshtet at\u00eb.<\/p>\n<p>Kjo \u00ebsht\u00eb pika fillestare, por jo e vetmja. Putin, p\u00ebr m\u00eb shum\u00eb se dy dekada, ka insistuar se duhet t\u00eb respektohet Rezoluta 1244. [v.j. Me k\u00ebt\u00eb rezolut\u00eb t\u00eb vitit 1999 \u00ebsht\u00eb urdh\u00ebruar t\u00ebrheqja e trupave t\u00eb Republik\u00ebs Federale t\u00eb Jugosllavis\u00eb nga Kosova dhe vendosja e Kosov\u00ebs n\u00ebn administrimin e Kombeve t\u00eb Bashkuara].<\/p>\n<p>Putin, gjithashtu, ka p\u00ebrs\u00ebritur vazhdimisht se Kosova dhe Ukraina jan\u00eb e nj\u00ebjta gj\u00eb.<\/p>\n<p>Ideja e p\u00ebrdorimit t\u00eb nj\u00eb modeli \u00ebsht\u00eb krejt\u00ebsisht e p\u00ebrshtatshme. Administrata amerikane po merr elemente nga plani p\u00ebr Gaz\u00ebn. Por, un\u00eb mendoj se modeli i Kosov\u00ebs \u00ebsht\u00eb shum\u00eb m\u00eb relevant se ai i Gaz\u00ebs. Modelin e Kosov\u00ebs edhe vet\u00eb Putin e di shum\u00eb mir\u00eb.<\/p>\n<p>Por, kritik\u00ebt argumentojn\u00eb se Kosova ka qen\u00eb nj\u00eb rast unik, me nj\u00eb konsensus t\u00eb fort\u00eb nd\u00ebrkomb\u00ebtar, ndryshe nga Ukraina. Pse besoni se nj\u00eb model i till\u00eb mund t\u00eb funksionoj\u00eb gjithsesi?Edward P. Joseph: Rezoluta 1244 e nxori \u00e7\u00ebshtjen e sovranitetit jasht\u00eb diskutimit, pa e mohuar apo shpallur pavar\u00ebsin\u00eb e Kosov\u00ebs, por duke i dh\u00ebn\u00eb fund konfliktit dhe duke i hapur rrug\u00eb administrimit nd\u00ebrkomb\u00ebtar dhe pranis\u00eb s\u00eb trupave paqeruajt\u00ebse n\u00eb Kosov\u00eb.<\/p>\n<p>I nj\u00ebjti parim do t\u00eb zbatohej edhe n\u00eb Donbas dhe debati se \u2018kujt i p\u00ebrket\u2019 ai do t\u00eb shtyhej p\u00ebr m\u00eb von\u00eb \u2013 me nj\u00eb referendum t\u00eb ardhsh\u00ebm p\u00ebr ta zgjidhur. Putin i mb\u00ebshtet referendumet \u2013 ai i ka organizuar ato edhe n\u00eb Krime, edhe n\u00eb pjes\u00ebt e Donbasit q\u00eb Rusia i kontrollon. Pra, atij do t\u2019i servireshin dy gj\u00ebra q\u00eb s\u2019i kund\u00ebrshton: modeli i 1244-shit dhe referendumi.<\/p>\n<p>Me k\u00ebt\u00eb model, do t\u00eb mund \u2018t\u00eb fitonte\u2019 edhe m\u00eb shum\u00eb territor, sipas mendimit tim \u2013 madje edhe m\u00eb shum\u00eb sesa ofron plani i [presidentit amerikan, Donald] Trump. Do t\u00eb mund t\u00eb fitonte edhe zonat e Donbasit per\u00ebndimor, q\u00eb p\u00ebr Ukrain\u00ebn jan\u00eb m\u00eb t\u00eb ndjeshmet, sepse me kontrollin e tyre, Rusia do t\u00eb kishte ndikim t\u00eb drejtp\u00ebrdrejt\u00eb n\u00eb t\u00eb gjith\u00eb vendin dhe, madje, do t\u00eb mund t\u00eb hapte nj\u00eb tjet\u00ebr rrug\u00eb drejt Kievit.<\/p>\n<p>Por, atij do t\u2019i duhej t\u00eb pranonte edhe nj\u00eb kusht \u2013 ngjash\u00ebm si\u00e7 ka b\u00ebr\u00eb Kosova. Do t\u00eb duhej t\u00eb pranonte administrimin [e Donbasit] nga nj\u00eb pal\u00eb e tret\u00eb \u2013 qoft\u00eb nga OKB-ja, qoft\u00eb nga OSBE-ja.<\/p>\n<p>Rusia \u00ebsht\u00eb an\u00ebtare e p\u00ebrhershme e K\u00ebshillit t\u00eb Sigurimit dhe ndoshta i p\u00eblqen administrimi i OKB-s\u00eb, pasi vazhdimisht insiston q\u00eb UNMIK-u duhet t\u00eb mbetet n\u00eb Kosov\u00eb.<\/p>\n<p>Mendoni se Ukraina do t\u00eb pranonte nj\u00eb plan t\u00eb till\u00eb?<\/p>\n<p>Edward P. Joseph: P\u00ebr Ukrain\u00ebn do t\u00eb ishte nj\u00eb qasje e favorshme. Arsyeja e par\u00eb: Kievi nuk do t\u00eb duhej ta njihte aneksimin rus t\u00eb Donbasit. Pastaj, statusi i Krimes\u00eb mund t\u00eb lihej p\u00ebr negociata t\u00eb m\u00ebvonshme, meq\u00eb shanset p\u00ebr ta rikthyer ushtarakisht jan\u00eb minimale.<\/p>\n<p>Arsyeja e dyt\u00eb, dhe m\u00eb e r\u00ebnd\u00ebsishmja p\u00ebr presidentin ukrainas [Volodymyr] Zelensky, jan\u00eb garancit\u00eb e siguris\u00eb. Modeli i Kosov\u00ebs do t\u00eb sillte administrim nd\u00ebrkomb\u00ebtar nga OKB-ja ose OSBE-ja, q\u00eb do ta ndalte menj\u00ebher\u00eb rusifikimin \u2013 detyrimin p\u00ebr pasaporta ruse, indoktrinimin ushtarak t\u00eb f\u00ebmij\u00ebve dhe pengesat p\u00ebr t\u00eb zhvendosurit q\u00eb duan t\u00eb kthehen n\u00eb sht\u00ebpit\u00eb e tyre.<\/p>\n<p>N\u00ebn k\u00ebt\u00eb administrim do t\u00eb krijoheshin edhe komisione nd\u00ebrkomb\u00ebtare p\u00ebr pronat.<\/p>\n<p>Ashtu si n\u00eb Kosov\u00eb, n\u00eb Donbas do t\u00eb vendoseshin trupat paqeruajt\u00ebse dhe p\u00ebr t\u2019i b\u00ebr\u00eb m\u00eb t\u00eb pranueshme p\u00ebr Rusin\u00eb, k\u00ebto trupa do t\u00eb mund t\u00eb vinin nga Afrika ose Azia, jo domosdoshm\u00ebrisht nga Evropa.<\/p>\n<p>Pra, thelbi i gjith\u00eb k\u00ebsaj \u00ebsht\u00eb se, kur \u00e7\u00ebshtja e sovranitetit lihet p\u00ebrkoh\u00ebsisht anash, \u00e7do element tjet\u00ebr b\u00ebhet shum\u00eb m\u00eb i leht\u00eb p\u00ebr t\u2019u negociuar.A keni pasur rastin ta diskutoni k\u00ebt\u00eb ide me ndonj\u00eb zyrtar amerikan, apo me ndonj\u00eb burim zyrtar?<\/p>\n<p>Edward P. Joseph: Kjo \u00ebsht\u00eb nj\u00eb pyetje shum\u00eb e mir\u00eb, por nuk mund ta konfirmoj se kam pasur bisedime t\u00eb tilla, sepse mund t\u00eb pasoj\u00eb pyetja juaj: me k\u00eb? Mund t\u00eb them vet\u00ebm se do t\u00eb ishte krejt\u00ebsisht logjike dhe natyrale p\u00ebr mua q\u00eb ta diskutoja k\u00ebt\u00eb \u00e7\u00ebshtje me zyrtar\u00eb amerikan\u00eb.<\/p>\n<p>Si i shihni p\u00ebrpjekjet aktuale t\u00eb administrat\u00ebs amerikane p\u00ebr paqe n\u00eb Ukrain\u00eb?<\/p>\n<p>Edward P. Joseph: Propozimi i administrat\u00ebs Trump nis nga premisa se Rusia \u00ebsht\u00eb pala m\u00eb e fort\u00eb dhe Ukraina pala m\u00eb e dob\u00ebt, prandaj i gjith\u00eb procesi duhet t\u00eb nd\u00ebrtohet rreth k\u00ebrkesave dhe pozicionit t\u00eb Rusis\u00eb.<\/p>\n<p>Tani, gj\u00ebja pozitive \u2013 dhe presidentit Trump duhet t\u2019i jepen merita p\u00ebr k\u00ebt\u00eb \u2013 \u00ebsht\u00eb se ai, ndryshe nga [paraardh\u00ebsi i tij, Joe] Biden, i jep p\u00ebrpar\u00ebsi arritjes s\u00eb paqes. Kjo \u00ebsht\u00eb nj\u00eb gj\u00eb e mir\u00eb dhe ka sjell\u00eb nj\u00eb dinamik\u00eb t\u00eb re. Ka krijuar ndjesin\u00eb se e gjith\u00eb kjo ka t\u00eb b\u00ebj\u00eb me p\u00ebrfundimin e luft\u00ebs. Nuk ka t\u00eb b\u00ebj\u00eb me mposhtjen e Rusis\u00eb apo me dh\u00ebnien e ndonj\u00eb mesazhi p\u00ebr rendin global\u2026<\/p>\n<p>Por, problemi \u00ebsht\u00eb se nd\u00ebrtimi i nj\u00eb marr\u00ebveshjeje duke u bazuar vet\u00ebm te pala m\u00eb e fort\u00eb nuk prodhon rezultatin m\u00eb t\u00eb mir\u00eb, n\u00ebse q\u00ebllimi \u00ebsht\u00eb nj\u00eb zgjidhje e q\u00ebndrueshme. Nj\u00eb marr\u00ebveshje e till\u00eb rrezikon ta shtyj\u00eb Ukrain\u00ebn drejt \u2018dor\u00ebzimit t\u00eb heshtur\u2019.<\/p>\n<p>Nj\u00eb qasje m\u00eb e zgjuar do t\u00eb ishte kombinimi i gatishm\u00ebris\u00eb p\u00ebr t\u00eb negociuar me Putinin me fuqizimin paralel t\u00eb Ukrain\u00ebs dhe rritjen e presionit ndaj Rusis\u00eb.<\/p>\n<p>Trump, n\u00eb fakt, i ka b\u00ebr\u00eb disa hapa n\u00eb k\u00ebt\u00eb drejtim \u2013 me sanksionet ndaj kompanive energjetike ruse, t\u00eb cilat kan\u00eb pasur nj\u00eb efekt shum\u00eb pozitiv. Por, ka hequr dor\u00eb vullnetarisht nga disa leva t\u00eb presionit.<\/p>\n<p>P\u00ebr shembull, vendimi p\u00ebr t\u00eb p\u00ebrjashtuar publikisht mund\u00ebsin\u00eb e furnizimit t\u00eb Ukrain\u00ebs me raketa Tomahawk. N\u00eb rregull, n\u00ebse nuk duan t\u2019i japin Ukrain\u00ebs raketa Tomahawk, por pse t\u00eb thuhet publikisht?! Ato mund t\u00eb sh\u00ebrbejn\u00eb si leva, mund ta nxisin Putinin t\u00eb mendoj\u00eb se n\u00ebse k\u00ebrkon shum\u00eb, SHBA-ja mund t\u00eb shkoj\u00eb m\u00eb larg me mb\u00ebshtetjen e Ukrain\u00ebs.P\u00ebrpjekjet diplomatike t\u00eb SHBA-s\u00eb p\u00ebr paqen n\u00eb Ukrain\u00eb<br \/>\nZyrtar\u00eb t\u00eb lart\u00eb amerikan\u00eb po zhvillojn\u00eb takime intensive me p\u00ebrfaq\u00ebsues ukrainas dhe rus\u00eb, n\u00eb p\u00ebrpjekje p\u00ebr t\u2019i dh\u00ebn\u00eb fund pushtimit rus t\u00eb Ukrain\u00ebs.<\/p>\n<p>\u201cNe kemi udh\u00ebzime dhe prioritete t\u00eb qarta: mbrojtjen e interesave t\u00eb Ukrain\u00ebs, dialogun substancial dhe ecjen p\u00ebrpara bazuar n\u00eb rezultatet e arritura n\u00eb Gjenev\u00eb\u201d, tha Rustem Umerov, kreu i K\u00ebshillit t\u00eb Siguris\u00eb dhe Mbrojtjes Komb\u00ebtare t\u00eb Ukrain\u00ebs, pas nj\u00eb takimi m\u00eb 30 n\u00ebntor me zyrtar\u00eb t\u00eb lart\u00eb amerikan\u00eb n\u00eb Florida.<\/p>\n<p>Sekretari amerikan i Shtetit, Marco Rubio, i p\u00ebrshkroi k\u00ebto bisedime si \u201cshum\u00eb produktive\u201d, por tha se nevojitet pun\u00eb shtes\u00eb p\u00ebr t\u00eb finalizuar nj\u00eb plan p\u00ebr p\u00ebrfundimin e luft\u00ebs s\u00eb Rusis\u00eb n\u00eb Ukrain\u00eb.<\/p>\n<p>Propozimi fillestar i SHBA-s\u00eb p\u00ebr paqen, me 28 pika dhe i publikuar jav\u00ebn e kaluar, shqet\u00ebsoi zyrtar\u00ebt ukrainas dhe, sipas raporteve, zem\u00ebroi edhe presidentin Volodymyr Zelensky.<\/p>\n<p>Ai m\u00eb pas zhvilloi bisedime t\u00eb ve\u00e7anta me sekretarin Rubio dhe zyrtar\u00eb t\u00eb tjer\u00eb amerikan\u00eb n\u00eb Gjenev\u00eb.<\/p>\n<p>K\u00ebto bisedime \u00e7uan n\u00eb nj\u00eb plan t\u00eb ri me 19 pika, i cili l\u00eb disa \u00e7\u00ebshtje t\u00eb r\u00ebnd\u00ebsishme t\u00eb pazgjidhura, p\u00ebrfshir\u00eb fatin e nj\u00eb pjese t\u00eb rajonit t\u00eb Donbasit, aspiratat e Ukrain\u00ebs p\u00ebr an\u00ebtar\u00ebsim n\u00eb NATO dhe nj\u00eb kufizim t\u00eb mundsh\u00ebm t\u00eb madh\u00ebsis\u00eb s\u00eb forcave t\u00eb armatosura t\u00eb Kievit.Ju, po ashtu, argumentoni se an\u00ebtar\u00ebsimi i Serbis\u00eb n\u00eb NATO do t\u00eb mund t\u00eb ishte nj\u00eb p\u00ebrparim strategjik p\u00ebr Ukrain\u00ebn. Sa realist \u00ebsht\u00eb ky skenar, duke pasur parasysh politik\u00ebn e brendshme t\u00eb Serbis\u00eb dhe ndjenjat e forta proruse?<\/p>\n<p>Edward P. Joseph: Kjo do t\u00eb ishte nj\u00eb presion shtes\u00eb mbi Putinin. Sipas mendimit tim, do t\u00eb ishte e barazvlefshme me fundosjen e \u201cMoskva\u201d-s \u2013 anijes luftarake ruse q\u00eb Ukraina e fundosi me dron\u00eb.<\/p>\n<p>An\u00ebtar\u00ebsimi i Serbis\u00eb n\u00eb NATO do t\u00eb ishte ekuivalenti ballkanik i fundosjes s\u00eb \u201cMoskva\u201d-s. Pse? Sepse Serbia \u00ebsht\u00eb \u201cMoskva\u201d e Rusis\u00eb n\u00eb Ballkan. Serbia \u00ebsht\u00eb anija luftarake p\u00ebrmes s\u00eb cil\u00ebs Rusia projekton ndikimin e saj n\u00eb t\u00eb gjith\u00eb Ballkanin.<\/p>\n<p>N\u00ebse ajo anije mbytet, ose n\u00ebse lundron drejt uj\u00ebrave t\u00eb NATO-s, kjo do t\u00eb ishte nj\u00eb goditje e madhe p\u00ebr Rusin\u00eb \u2013 edhe p\u00ebr Kin\u00ebn \u2013 sepse si Rusia, ashtu edhe Kina, formalisht dhe metaforikisht, e shohin Serbin\u00eb si partneren e tyre strategjike dhe platform\u00ebn kryesore t\u00eb ndikimit n\u00eb Ballkan.<\/p>\n<p>Tani vjen pyetja juaj shum\u00eb e vlefshme: pse do ta b\u00ebnte Serbia k\u00ebt\u00eb, duke pasur gjith\u00eb at\u00eb simpati p\u00ebr Rusin\u00eb? Ka disa arsye \u2013 dhe madje nj\u00eb arsye q\u00eb do ta b\u00ebnte pothuajse t\u00eb pamundur p\u00ebr [presidentin serb, Aleksandar] Vu\u00e7iq q\u00eb ta refuzonte nj\u00eb ofert\u00eb t\u00eb till\u00eb nga Trump.<\/p>\n<p>S\u00eb pari, Trump \u00ebsht\u00eb jasht\u00ebzakonisht popullor n\u00eb Serbi dhe \u00ebsht\u00eb nj\u00eb figur\u00eb shum\u00eb imponuese. P\u00ebr Vu\u00e7iqin do t\u00eb ishte shum\u00eb e v\u00ebshtir\u00eb t\u2019i thoshte: \u2018Jo, nuk pranoj\u2019.<\/p>\n<p>P\u00ebr m\u00eb tep\u00ebr, Trump, gjat\u00eb mandatit t\u00eb tij t\u00eb par\u00eb, u p\u00ebrpoq t\u00eb sillte paqe mes Kosov\u00ebs dhe Serbis\u00eb \u2013 pra, kjo nuk do t\u00eb ishte di\u00e7ka e re. Ai e njeh rajonin dhe shpesh thot\u00eb se \u2018ndaloi nj\u00eb luft\u00eb mes Serbis\u00eb dhe Kosov\u00ebs\u2019.<\/p>\n<p>S\u00eb dyti, Vu\u00e7iq \u00ebsht\u00eb i dob\u00ebsuar politikisht. Protestat antiqeveritare n\u00eb Serbi vazhdojn\u00eb prej nj\u00eb viti, dhe ai \u00ebsht\u00eb aq i pasigurt sa nuk guxon t\u00eb shpall\u00eb zgjedhje t\u00eb reja \u2013 gj\u00eb t\u00eb cil\u00ebn e ka b\u00ebr\u00eb shpesh m\u00eb par\u00eb.<\/p>\n<p>Pranimi i nj\u00eb plani t\u00eb till\u00eb do ta ndryshonte t\u00ebr\u00ebsisht situat\u00ebn e brendshme politike. Protestat nuk do t\u00eb ishin m\u00eb n\u00eb qend\u00ebr; v\u00ebmendja do t\u00eb kalonte te ky zhvillim historik.<\/p>\n<p>Sigurisht, shum\u00eb prorus\u00eb do ta quanin tradhtar. Por, pjes\u00eb t\u00eb m\u00ebdha t\u00eb opozit\u00ebs do ta mb\u00ebshtesnin, sepse an\u00ebtar\u00ebsimi n\u00eb NATO n\u00ebnkupton m\u00eb shum\u00eb reforma, p\u00ebrparim drejt BE-s\u00eb dhe fund t\u00eb politik\u00ebs s\u00eb \u2018dy karrigeve\u2019.Por, p\u00ebrtej popullaritetit t\u00eb Trumpit n\u00eb Serbi, cil\u00ebt faktor\u00eb strukturor\u00eb ose politik\u00eb e b\u00ebjn\u00eb k\u00ebt\u00eb skenar t\u00eb realizuesh\u00ebm?<\/p>\n<p>Edward P. Joseph: \u00cbsht\u00eb plot\u00ebsisht e realizueshme, sepse zgjerimi i NATO-s n\u00eb Ballkan nuk u kushton asgj\u00eb Shteteve t\u00eb Bashkuara. Nuk ka k\u00ebrc\u00ebnime n\u00eb Ballkan q\u00eb NATO-ja nuk mund t\u2019i trajtoj\u00eb, ose q\u00eb nuk mund t\u2019i parandaloj\u00eb vet\u00ebm me pranin\u00eb e saj. Pra, nuk ka asnj\u00eb rrezik p\u00ebr SHBA-n\u00eb.<\/p>\n<p>Ballkani tashm\u00eb \u00ebsht\u00eb i rrethuar nga vende an\u00ebtare t\u00eb NATO-s. Tri nga gjasht\u00eb vendet e Ballkanit Per\u00ebndimor jan\u00eb n\u00eb NATO. Serbia \u00ebsht\u00eb i vetmi shtet n\u00eb rajon q\u00eb thot\u00eb se nuk d\u00ebshiron t\u00eb an\u00ebtar\u00ebsohet. Edhe Bosnje e Hercegovina ka d\u00ebshir\u00eb formale t\u00eb hyj\u00eb n\u00eb NATO, nd\u00ebrsa Kosova, sigurisht, e d\u00ebshiron shum\u00eb an\u00ebtar\u00ebsimin.<\/p>\n<p>Pra, Serbia \u00ebsht\u00eb e vetmuar n\u00eb k\u00ebt\u00eb kuptim. Ajo \u00ebsht\u00eb e rrethuar nga Bullgaria, Rumania, Kroacia, Mali i Zi \u2013 t\u00eb gjitha k\u00ebto vende n\u00eb NATO.<\/p>\n<p>P\u00ebr m\u00eb tep\u00ebr, Serbia ka marr\u00ebdh\u00ebnie t\u00eb mira me NATO-n. Ka pasur takime me [shefin e NATO-s] Mark Rutte dhe [me ish-shefin Jens] Stoltenberg. Serb\u00ebt, po ashtu, e mb\u00ebshtesin misionin e NATO-s n\u00eb Kosov\u00eb, KFOR. Ata nuk thon\u00eb se \u2018KFOR-i \u00ebsht\u00eb forc\u00eb okupimi, duhet t\u00eb largohet\u2019; p\u00ebrkundrazi, n\u00eb Beograd shpesh k\u00ebrkojn\u00eb q\u00eb KFOR-i t\u2019i shtoj\u00eb trupat.<\/p>\n<p>Serbia ka marr\u00ebdh\u00ebnie t\u00eb mira edhe me ushtrin\u00eb amerikane dhe me komand\u00ebn e NATO-s. N\u00ebse do t\u2019i pyesje privatisht gjeneral\u00ebt serb\u00eb, shumica do t\u00eb d\u00ebshironin an\u00ebtar\u00ebsimin n\u00eb NATO, sepse kjo do t\u00eb fuqizonte industrin\u00eb e arm\u00ebve dhe municioneve n\u00eb Serbi.<\/p>\n<p>Presidenti Trump, p\u00ebrve\u00e7 ofrimit t\u00eb rrug\u00ebs p\u00ebr an\u00ebtar\u00ebsimin e Serbis\u00eb n\u00eb NATO, do t\u00eb ofronte nj\u00eb rrug\u00eb drejt NATO-s edhe p\u00ebr Kosov\u00ebn.<\/p>\n<p>Kjo do t\u00eb n\u00ebnkuptonte q\u00eb kryeministri i Kosov\u00ebs do t\u00eb duhej t\u00eb n\u00ebnshkruante statutin e Asociacionit t\u00eb komunave me shumic\u00eb serbe \u2013 jo thjesht ta d\u00ebrgonte n\u00eb Gjykat\u00ebn Kushtetuese. Vu\u00e7iq e k\u00ebrkon k\u00ebt\u00eb asociacion prej vitesh dhe do ta fitonte at\u00eb.<\/p>\n<p>Por, jan\u00eb kat\u00ebr vende t\u00eb NATO-s q\u00eb nuk e njohin ende Kosov\u00ebn \u2013 Greqia, Rumania, Sllovakia, Spanja\u2026<\/p>\n<p>Edward P. Joseph: S\u00eb pari, n\u00eb k\u00ebt\u00eb pik\u00eb, flasim vet\u00ebm p\u00ebr nj\u00eb rrug\u00eb drejt an\u00ebtar\u00ebsimit n\u00eb NATO, k\u00ebshtu q\u00eb ato nuk kan\u00eb nevoj\u00eb ta njohin Kosov\u00ebn \u2013 asnj\u00eb nga kat\u00ebr vendet mosnjoh\u00ebse nuk ka nevoj\u00eb ta ndryshoj\u00eb q\u00ebndrimin.<\/p>\n<p>Spanja mund t\u00eb vazhdoj\u00eb t\u00eb mos e njoh\u00eb Kosov\u00ebn, nuk ka problem. Gjith\u00e7ka q\u00eb k\u00ebrkohet \u00ebsht\u00eb q\u00eb t\u00eb mos pengohet qasja eventuale e propozuar.<\/p>\n<p>S\u00eb dyti, Greqia, sapo kryeministri i Kosov\u00ebs ta n\u00ebnshkruaj\u00eb statutin p\u00ebr Asociacionin e komunave me shumic\u00eb serbe, jam i sigurt se do ta njihte Kosov\u00ebn, pavar\u00ebsisht n\u00ebse Serbia e pranon ose jo. Pasi Greqia ta njoh\u00eb Kosov\u00ebn, do t\u00eb b\u00ebhet m\u00eb e leht\u00eb p\u00ebr Rumanin\u00eb, Sllovakin\u00eb dhe Spanj\u00ebn t\u00eb ecin n\u00eb po t\u00eb nj\u00ebjt\u00ebn rrug\u00eb.<\/p>\n<p>Por, prej tyre nuk k\u00ebrkohet ta njohin menj\u00ebher\u00eb Kosov\u00ebn, vet\u00ebm t\u00eb mos e pengojn\u00eb antar\u00ebsimin n\u00eb NATO.<\/p>\n<p>Brenda tre vjet\u00ebsh ndoshta, situata do t\u00eb jet\u00eb krejt\u00ebsisht ndryshe. Tensionet do t\u00eb ulen, do t\u00eb ket\u00eb m\u00eb shum\u00eb tregti dhe m\u00eb shum\u00eb marr\u00ebdh\u00ebnie.<\/p>\n","protected":false},"excerpt":{"rendered":"<p>Prishtin\u00eb 01 Dhjetor 2025 13:50 Edward P. Joseph, ligj\u00ebrues n\u00eb Universitetin Johns Hopkins n\u00eb SHBA dhe ekspert i menaxhimit t\u00eb konflikteve, propozon nj\u00eb qasje strategjike<\/p>\n","protected":false},"author":6,"featured_media":22350,"comment_status":"open","ping_status":"open","sticky":false,"template":"","format":"standard","meta":{"footnotes":""},"categories":[58],"tags":[],"class_list":["post-22349","post","type-post","status-publish","format-standard","has-post-thumbnail","hentry","category-politike-sq"],"yoast_head":"<!-- This site is optimized with the Yoast SEO plugin v25.3.1 - https:\/\/yoast.com\/wordpress\/plugins\/seo\/ -->\n<title>Joseph: Kosova si model p\u00ebr paqen n\u00eb Ukrain\u00eb -<\/title>\n<meta name=\"robots\" content=\"index, follow, max-snippet:-1, max-image-preview:large, max-video-preview:-1\" \/>\n<link rel=\"canonical\" href=\"https:\/\/veritasinfo.org\/?p=22349\" \/>\n<meta property=\"og:locale\" content=\"en_US\" \/>\n<meta property=\"og:type\" content=\"article\" \/>\n<meta property=\"og:title\" content=\"Joseph: Kosova si model p\u00ebr paqen n\u00eb Ukrain\u00eb -\" \/>\n<meta property=\"og:description\" content=\"Prishtin\u00eb 01 Dhjetor 2025 13:50 Edward P. Joseph, ligj\u00ebrues n\u00eb Universitetin Johns Hopkins n\u00eb SHBA dhe ekspert i menaxhimit t\u00eb konflikteve, propozon nj\u00eb qasje strategjike\" \/>\n<meta property=\"og:url\" content=\"https:\/\/veritasinfo.org\/?p=22349\" \/>\n<meta property=\"article:published_time\" content=\"2025-12-01T12:57:45+00:00\" \/>\n<meta property=\"og:image\" content=\"https:\/\/veritasinfo.org\/wp-content\/uploads\/2025\/12\/Screenshot_25.jpg\" \/>\n\t<meta property=\"og:image:width\" content=\"1051\" \/>\n\t<meta property=\"og:image:height\" content=\"560\" \/>\n\t<meta property=\"og:image:type\" content=\"image\/jpeg\" \/>\n<meta name=\"author\" content=\"US5\" \/>\n<meta name=\"twitter:card\" content=\"summary_large_image\" \/>\n<meta name=\"twitter:label1\" content=\"Written by\" \/>\n\t<meta name=\"twitter:data1\" content=\"US5\" \/>\n\t<meta name=\"twitter:label2\" content=\"Est. reading time\" \/>\n\t<meta name=\"twitter:data2\" content=\"1 minute\" \/>\n<script type=\"application\/ld+json\" class=\"yoast-schema-graph\">{\"@context\":\"https:\/\/schema.org\",\"@graph\":[{\"@type\":\"WebPage\",\"@id\":\"https:\/\/veritasinfo.org\/?p=22349\",\"url\":\"https:\/\/veritasinfo.org\/?p=22349\",\"name\":\"Joseph: Kosova si model p\u00ebr paqen n\u00eb Ukrain\u00eb -\",\"isPartOf\":{\"@id\":\"https:\/\/veritasinfo.org\/#website\"},\"primaryImageOfPage\":{\"@id\":\"https:\/\/veritasinfo.org\/?p=22349#primaryimage\"},\"image\":{\"@id\":\"https:\/\/veritasinfo.org\/?p=22349#primaryimage\"},\"thumbnailUrl\":\"https:\/\/veritasinfo.org\/wp-content\/uploads\/2025\/12\/Screenshot_25.jpg\",\"datePublished\":\"2025-12-01T12:57:45+00:00\",\"author\":{\"@id\":\"https:\/\/veritasinfo.org\/#\/schema\/person\/bc442336e35414d04494ab8fb45db4c6\"},\"breadcrumb\":{\"@id\":\"https:\/\/veritasinfo.org\/?p=22349#breadcrumb\"},\"inLanguage\":\"en-US\",\"potentialAction\":[{\"@type\":\"ReadAction\",\"target\":[\"https:\/\/veritasinfo.org\/?p=22349\"]}]},{\"@type\":\"ImageObject\",\"inLanguage\":\"en-US\",\"@id\":\"https:\/\/veritasinfo.org\/?p=22349#primaryimage\",\"url\":\"https:\/\/veritasinfo.org\/wp-content\/uploads\/2025\/12\/Screenshot_25.jpg\",\"contentUrl\":\"https:\/\/veritasinfo.org\/wp-content\/uploads\/2025\/12\/Screenshot_25.jpg\",\"width\":1051,\"height\":560},{\"@type\":\"BreadcrumbList\",\"@id\":\"https:\/\/veritasinfo.org\/?p=22349#breadcrumb\",\"itemListElement\":[{\"@type\":\"ListItem\",\"position\":1,\"name\":\"Home\",\"item\":\"https:\/\/veritasinfo.org\/\"},{\"@type\":\"ListItem\",\"position\":2,\"name\":\"Joseph: Kosova si model p\u00ebr paqen n\u00eb Ukrain\u00eb\"}]},{\"@type\":\"WebSite\",\"@id\":\"https:\/\/veritasinfo.org\/#website\",\"url\":\"https:\/\/veritasinfo.org\/\",\"name\":\"\",\"description\":\"\",\"potentialAction\":[{\"@type\":\"SearchAction\",\"target\":{\"@type\":\"EntryPoint\",\"urlTemplate\":\"https:\/\/veritasinfo.org\/?s={search_term_string}\"},\"query-input\":{\"@type\":\"PropertyValueSpecification\",\"valueRequired\":true,\"valueName\":\"search_term_string\"}}],\"inLanguage\":\"en-US\"},{\"@type\":\"Person\",\"@id\":\"https:\/\/veritasinfo.org\/#\/schema\/person\/bc442336e35414d04494ab8fb45db4c6\",\"name\":\"US5\",\"image\":{\"@type\":\"ImageObject\",\"inLanguage\":\"en-US\",\"@id\":\"https:\/\/veritasinfo.org\/#\/schema\/person\/image\/\",\"url\":\"https:\/\/secure.gravatar.com\/avatar\/16a61e7272a0c5d001121ebb9e60e925d5816e4ac1e443ed3e640d9a6ae55d0c?s=96&d=mm&r=g\",\"contentUrl\":\"https:\/\/secure.gravatar.com\/avatar\/16a61e7272a0c5d001121ebb9e60e925d5816e4ac1e443ed3e640d9a6ae55d0c?s=96&d=mm&r=g\",\"caption\":\"US5\"},\"url\":\"https:\/\/veritasinfo.org\/?author=6\"}]}<\/script>\n<!-- \/ Yoast SEO plugin. -->","yoast_head_json":{"title":"Joseph: Kosova si model p\u00ebr paqen n\u00eb Ukrain\u00eb -","robots":{"index":"index","follow":"follow","max-snippet":"max-snippet:-1","max-image-preview":"max-image-preview:large","max-video-preview":"max-video-preview:-1"},"canonical":"https:\/\/veritasinfo.org\/?p=22349","og_locale":"en_US","og_type":"article","og_title":"Joseph: Kosova si model p\u00ebr paqen n\u00eb Ukrain\u00eb -","og_description":"Prishtin\u00eb 01 Dhjetor 2025 13:50 Edward P. Joseph, ligj\u00ebrues n\u00eb Universitetin Johns Hopkins n\u00eb SHBA dhe ekspert i menaxhimit t\u00eb konflikteve, propozon nj\u00eb qasje strategjike","og_url":"https:\/\/veritasinfo.org\/?p=22349","article_published_time":"2025-12-01T12:57:45+00:00","og_image":[{"width":1051,"height":560,"url":"https:\/\/veritasinfo.org\/wp-content\/uploads\/2025\/12\/Screenshot_25.jpg","type":"image\/jpeg"}],"author":"US5","twitter_card":"summary_large_image","twitter_misc":{"Written by":"US5","Est. reading time":"1 minute"},"schema":{"@context":"https:\/\/schema.org","@graph":[{"@type":"WebPage","@id":"https:\/\/veritasinfo.org\/?p=22349","url":"https:\/\/veritasinfo.org\/?p=22349","name":"Joseph: Kosova si model p\u00ebr paqen n\u00eb Ukrain\u00eb -","isPartOf":{"@id":"https:\/\/veritasinfo.org\/#website"},"primaryImageOfPage":{"@id":"https:\/\/veritasinfo.org\/?p=22349#primaryimage"},"image":{"@id":"https:\/\/veritasinfo.org\/?p=22349#primaryimage"},"thumbnailUrl":"https:\/\/veritasinfo.org\/wp-content\/uploads\/2025\/12\/Screenshot_25.jpg","datePublished":"2025-12-01T12:57:45+00:00","author":{"@id":"https:\/\/veritasinfo.org\/#\/schema\/person\/bc442336e35414d04494ab8fb45db4c6"},"breadcrumb":{"@id":"https:\/\/veritasinfo.org\/?p=22349#breadcrumb"},"inLanguage":"en-US","potentialAction":[{"@type":"ReadAction","target":["https:\/\/veritasinfo.org\/?p=22349"]}]},{"@type":"ImageObject","inLanguage":"en-US","@id":"https:\/\/veritasinfo.org\/?p=22349#primaryimage","url":"https:\/\/veritasinfo.org\/wp-content\/uploads\/2025\/12\/Screenshot_25.jpg","contentUrl":"https:\/\/veritasinfo.org\/wp-content\/uploads\/2025\/12\/Screenshot_25.jpg","width":1051,"height":560},{"@type":"BreadcrumbList","@id":"https:\/\/veritasinfo.org\/?p=22349#breadcrumb","itemListElement":[{"@type":"ListItem","position":1,"name":"Home","item":"https:\/\/veritasinfo.org\/"},{"@type":"ListItem","position":2,"name":"Joseph: Kosova si model p\u00ebr paqen n\u00eb Ukrain\u00eb"}]},{"@type":"WebSite","@id":"https:\/\/veritasinfo.org\/#website","url":"https:\/\/veritasinfo.org\/","name":"","description":"","potentialAction":[{"@type":"SearchAction","target":{"@type":"EntryPoint","urlTemplate":"https:\/\/veritasinfo.org\/?s={search_term_string}"},"query-input":{"@type":"PropertyValueSpecification","valueRequired":true,"valueName":"search_term_string"}}],"inLanguage":"en-US"},{"@type":"Person","@id":"https:\/\/veritasinfo.org\/#\/schema\/person\/bc442336e35414d04494ab8fb45db4c6","name":"US5","image":{"@type":"ImageObject","inLanguage":"en-US","@id":"https:\/\/veritasinfo.org\/#\/schema\/person\/image\/","url":"https:\/\/secure.gravatar.com\/avatar\/16a61e7272a0c5d001121ebb9e60e925d5816e4ac1e443ed3e640d9a6ae55d0c?s=96&d=mm&r=g","contentUrl":"https:\/\/secure.gravatar.com\/avatar\/16a61e7272a0c5d001121ebb9e60e925d5816e4ac1e443ed3e640d9a6ae55d0c?s=96&d=mm&r=g","caption":"US5"},"url":"https:\/\/veritasinfo.org\/?author=6"}]}},"featured_image_urls":{"full":["https:\/\/veritasinfo.org\/wp-content\/uploads\/2025\/12\/Screenshot_25.jpg",1051,560,false],"thumbnail":["https:\/\/veritasinfo.org\/wp-content\/uploads\/2025\/12\/Screenshot_25-150x150.jpg",150,150,true],"medium":["https:\/\/veritasinfo.org\/wp-content\/uploads\/2025\/12\/Screenshot_25-300x160.jpg",300,160,true],"medium_large":["https:\/\/veritasinfo.org\/wp-content\/uploads\/2025\/12\/Screenshot_25-768x409.jpg",640,341,true],"large":["https:\/\/veritasinfo.org\/wp-content\/uploads\/2025\/12\/Screenshot_25-1024x546.jpg",640,341,true],"1536x1536":["https:\/\/veritasinfo.org\/wp-content\/uploads\/2025\/12\/Screenshot_25.jpg",1051,560,false],"2048x2048":["https:\/\/veritasinfo.org\/wp-content\/uploads\/2025\/12\/Screenshot_25.jpg",1051,560,false],"kreeti-slider-full":["https:\/\/veritasinfo.org\/wp-content\/uploads\/2025\/12\/Screenshot_25.jpg",1051,560,false],"kreeti-featured":["https:\/\/veritasinfo.org\/wp-content\/uploads\/2025\/12\/Screenshot_25.jpg",1024,546,false],"kreeti-medium":["https:\/\/veritasinfo.org\/wp-content\/uploads\/2025\/12\/Screenshot_25.jpg",720,384,false],"kreeti-medium-square":["https:\/\/veritasinfo.org\/wp-content\/uploads\/2025\/12\/Screenshot_25.jpg",350,186,false]},"author_info":{"info":["US5"]},"category_info":"<a href=\"https:\/\/veritasinfo.org\/?cat=58\" rel=\"category\">Politik\u00eb<\/a>","tag_info":"Politik\u00eb","comment_count":"0","_links":{"self":[{"href":"https:\/\/veritasinfo.org\/index.php?rest_route=\/wp\/v2\/posts\/22349","targetHints":{"allow":["GET"]}}],"collection":[{"href":"https:\/\/veritasinfo.org\/index.php?rest_route=\/wp\/v2\/posts"}],"about":[{"href":"https:\/\/veritasinfo.org\/index.php?rest_route=\/wp\/v2\/types\/post"}],"author":[{"embeddable":true,"href":"https:\/\/veritasinfo.org\/index.php?rest_route=\/wp\/v2\/users\/6"}],"replies":[{"embeddable":true,"href":"https:\/\/veritasinfo.org\/index.php?rest_route=%2Fwp%2Fv2%2Fcomments&post=22349"}],"version-history":[{"count":1,"href":"https:\/\/veritasinfo.org\/index.php?rest_route=\/wp\/v2\/posts\/22349\/revisions"}],"predecessor-version":[{"id":22351,"href":"https:\/\/veritasinfo.org\/index.php?rest_route=\/wp\/v2\/posts\/22349\/revisions\/22351"}],"wp:featuredmedia":[{"embeddable":true,"href":"https:\/\/veritasinfo.org\/index.php?rest_route=\/wp\/v2\/media\/22350"}],"wp:attachment":[{"href":"https:\/\/veritasinfo.org\/index.php?rest_route=%2Fwp%2Fv2%2Fmedia&parent=22349"}],"wp:term":[{"taxonomy":"category","embeddable":true,"href":"https:\/\/veritasinfo.org\/index.php?rest_route=%2Fwp%2Fv2%2Fcategories&post=22349"},{"taxonomy":"post_tag","embeddable":true,"href":"https:\/\/veritasinfo.org\/index.php?rest_route=%2Fwp%2Fv2%2Ftags&post=22349"}],"curies":[{"name":"wp","href":"https:\/\/api.w.org\/{rel}","templated":true}]}}