{"id":2230,"date":"2025-07-02T07:48:10","date_gmt":"2025-07-02T05:48:10","guid":{"rendered":"https:\/\/veritasinfo.org\/?p=2230"},"modified":"2025-07-02T07:48:10","modified_gmt":"2025-07-02T05:48:10","slug":"hovenier-pomogli-smo-kosovu-da-se-izvuce-iz-uzasa-etnickog-ciscenja-rezima-bivseg-fasistickog-vodje-srbije-slobodana-milosevica","status":"publish","type":"post","link":"https:\/\/veritasinfo.org\/?p=2230&lang=sr","title":{"rendered":"Hovenier: Pomogli smo Kosovu da se izvu\u010de iz u\u017easa etni\u010dkog \u010di\u0161\u0107enja re\u017eima biv\u0161eg fa\u0161isti\u010dkog vo\u0111e Srbije, Slobodana Milo\u0161evi\u0107a."},"content":{"rendered":"<p>Pri\u0161tina, 02.07.2025<\/p>\n<p>USAID zavr\u0161ava svoju istorijsku misiju nakon \u0161est decenija globalne slu\u017ebe, dok biv\u0161i ameri\u010dki ambasador u Pri\u0161tini ocenjuje Kosovo kao primer njenog uspeha, posebno nakon rata iz 1998\u20131999. godine.<\/p>\n<p>Biv\u0161i ameri\u010dki ambasador u Pri\u0161tini, D\u017eefri Hovenijer (Jeffrey Hovenier), reagovao je povodom ga\u0161enja Ameri\u010dke agencije za me\u0111unarodni razvoj (USAID), izra\u017eavaju\u0107i zahvalnost za njen doprinos u obnovi Kosova posle rata.<\/p>\n<p>\u201e\u017delim da izrazim svoju solidarnost i zahvalnost svim kolegama, posebno onima iz USAID-a, za sve \u0161to su u\u010dinili za ovu zemlju, posebno u mestu kao \u0161to je Kosovo, \u010dijem narodu smo pomogli da se izvu\u010de iz u\u017easa etni\u010dkog \u010di\u0161\u0107enja re\u017eima biv\u0161eg fa\u0161isti\u010dkog vo\u0111e Srbije, Slobodana Milo\u0161evi\u0107a, i da izgradi funkcionalno, demokratsko i uspe\u0161no dru\u0161tvo\u201c, izjavio je on.<\/p>\n<p>Ameri\u010dki dr\u017eavni sekretar, Marko Rubio (Marco Rubio), saop\u0161tio je da je USAID zvani\u010dno obustavio sve aktivnosti, \u010dime je ozna\u010den istorijski kraj ove ameri\u010dke agencije za spoljnu pomo\u0107 nakon vi\u0161e od \u0161est decenija globalne slu\u017ebe.<\/p>\n<p>USAID je igrao klju\u010dnu ulogu na Kosovu, a od zavr\u0161etka rata investirao je vi\u0161e od 1 milijarde dolara u zemlju, finansiraju\u0107i brojne aktivnosti, uklju\u010duju\u0107i podr\u0161ku ja\u010danju vladavine prava, dobrog upravljanja i demokratije, pored unapre\u0111enja obrazovanja, inkluzivnosti i odgovornosti, kao i ekonomskog razvoja Kosova.<\/p>\n","protected":false},"excerpt":{"rendered":"<p>Pri\u0161tina, 02.07.2025 USAID zavr\u0161ava svoju istorijsku misiju nakon \u0161est decenija globalne slu\u017ebe, dok biv\u0161i ameri\u010dki ambasador u Pri\u0161tini ocenjuje Kosovo kao primer njenog uspeha, posebno<\/p>\n","protected":false},"author":1,"featured_media":2232,"comment_status":"open","ping_status":"open","sticky":false,"template":"","format":"standard","meta":{"footnotes":""},"categories":[30],"tags":[],"class_list":["post-2230","post","type-post","status-publish","format-standard","has-post-thumbnail","hentry","category-drustvo"],"yoast_head":"<!-- This site is optimized with the Yoast SEO plugin v25.3.1 - https:\/\/yoast.com\/wordpress\/plugins\/seo\/ -->\n<title>Hovenier: Pomogli smo Kosovu da se izvu\u010de iz u\u017easa etni\u010dkog \u010di\u0161\u0107enja re\u017eima biv\u0161eg fa\u0161isti\u010dkog vo\u0111e Srbije, Slobodana Milo\u0161evi\u0107a. -<\/title>\n<meta name=\"robots\" content=\"index, follow, max-snippet:-1, max-image-preview:large, max-video-preview:-1\" \/>\n<link rel=\"canonical\" href=\"https:\/\/veritasinfo.org\/?p=2230&lang=sr\" \/>\n<meta property=\"og:locale\" content=\"en_US\" \/>\n<meta property=\"og:type\" content=\"article\" \/>\n<meta property=\"og:title\" content=\"Hovenier: Pomogli smo Kosovu da se izvu\u010de iz u\u017easa etni\u010dkog \u010di\u0161\u0107enja re\u017eima biv\u0161eg fa\u0161isti\u010dkog vo\u0111e Srbije, Slobodana Milo\u0161evi\u0107a. -\" \/>\n<meta property=\"og:description\" content=\"Pri\u0161tina, 02.07.2025 USAID zavr\u0161ava svoju istorijsku misiju nakon \u0161est decenija globalne slu\u017ebe, dok biv\u0161i ameri\u010dki ambasador u Pri\u0161tini ocenjuje Kosovo kao primer njenog uspeha, posebno\" \/>\n<meta property=\"og:url\" content=\"https:\/\/veritasinfo.org\/?p=2230&amp;lang=sr\" \/>\n<meta property=\"article:published_time\" content=\"2025-07-02T05:48:10+00:00\" \/>\n<meta property=\"og:image\" content=\"https:\/\/veritasinfo.org\/wp-content\/uploads\/2025\/07\/IMG_1667-1.webp\" \/>\n\t<meta property=\"og:image:width\" content=\"506\" \/>\n\t<meta property=\"og:image:height\" content=\"300\" \/>\n\t<meta property=\"og:image:type\" content=\"image\/webp\" \/>\n<meta name=\"author\" content=\"admin\" \/>\n<meta name=\"twitter:card\" content=\"summary_large_image\" \/>\n<meta name=\"twitter:label1\" content=\"Written by\" \/>\n\t<meta name=\"twitter:data1\" content=\"admin\" \/>\n\t<meta name=\"twitter:label2\" content=\"Est. reading time\" \/>\n\t<meta name=\"twitter:data2\" content=\"2 minutes\" \/>\n<script type=\"application\/ld+json\" class=\"yoast-schema-graph\">{\"@context\":\"https:\/\/schema.org\",\"@graph\":[{\"@type\":\"WebPage\",\"@id\":\"https:\/\/veritasinfo.org\/?p=2230&lang=sr\",\"url\":\"https:\/\/veritasinfo.org\/?p=2230&lang=sr\",\"name\":\"Hovenier: Pomogli smo Kosovu da se izvu\u010de iz u\u017easa etni\u010dkog \u010di\u0161\u0107enja re\u017eima biv\u0161eg fa\u0161isti\u010dkog vo\u0111e Srbije, Slobodana Milo\u0161evi\u0107a. -\",\"isPartOf\":{\"@id\":\"https:\/\/veritasinfo.org\/#website\"},\"primaryImageOfPage\":{\"@id\":\"https:\/\/veritasinfo.org\/?p=2230&lang=sr#primaryimage\"},\"image\":{\"@id\":\"https:\/\/veritasinfo.org\/?p=2230&lang=sr#primaryimage\"},\"thumbnailUrl\":\"https:\/\/veritasinfo.org\/wp-content\/uploads\/2025\/07\/IMG_1667-1.webp\",\"datePublished\":\"2025-07-02T05:48:10+00:00\",\"author\":{\"@id\":\"https:\/\/veritasinfo.org\/#\/schema\/person\/7701f8c088bece422266b100a712374f\"},\"breadcrumb\":{\"@id\":\"https:\/\/veritasinfo.org\/?p=2230&lang=sr#breadcrumb\"},\"inLanguage\":\"en-US\",\"potentialAction\":[{\"@type\":\"ReadAction\",\"target\":[\"https:\/\/veritasinfo.org\/?p=2230&lang=sr\"]}]},{\"@type\":\"ImageObject\",\"inLanguage\":\"en-US\",\"@id\":\"https:\/\/veritasinfo.org\/?p=2230&lang=sr#primaryimage\",\"url\":\"https:\/\/veritasinfo.org\/wp-content\/uploads\/2025\/07\/IMG_1667-1.webp\",\"contentUrl\":\"https:\/\/veritasinfo.org\/wp-content\/uploads\/2025\/07\/IMG_1667-1.webp\",\"width\":506,\"height\":300},{\"@type\":\"BreadcrumbList\",\"@id\":\"https:\/\/veritasinfo.org\/?p=2230&lang=sr#breadcrumb\",\"itemListElement\":[{\"@type\":\"ListItem\",\"position\":1,\"name\":\"Home\",\"item\":\"https:\/\/veritasinfo.org\/\"},{\"@type\":\"ListItem\",\"position\":2,\"name\":\"Hovenier: Pomogli smo Kosovu da se izvu\u010de iz u\u017easa etni\u010dkog \u010di\u0161\u0107enja re\u017eima biv\u0161eg fa\u0161isti\u010dkog vo\u0111e Srbije, Slobodana Milo\u0161evi\u0107a.\"}]},{\"@type\":\"WebSite\",\"@id\":\"https:\/\/veritasinfo.org\/#website\",\"url\":\"https:\/\/veritasinfo.org\/\",\"name\":\"\",\"description\":\"\",\"potentialAction\":[{\"@type\":\"SearchAction\",\"target\":{\"@type\":\"EntryPoint\",\"urlTemplate\":\"https:\/\/veritasinfo.org\/?s={search_term_string}\"},\"query-input\":{\"@type\":\"PropertyValueSpecification\",\"valueRequired\":true,\"valueName\":\"search_term_string\"}}],\"inLanguage\":\"en-US\"},{\"@type\":\"Person\",\"@id\":\"https:\/\/veritasinfo.org\/#\/schema\/person\/7701f8c088bece422266b100a712374f\",\"name\":\"admin\",\"image\":{\"@type\":\"ImageObject\",\"inLanguage\":\"en-US\",\"@id\":\"https:\/\/veritasinfo.org\/#\/schema\/person\/image\/\",\"url\":\"https:\/\/secure.gravatar.com\/avatar\/ea53aa3bf6c9a12d5fde8ce4deff43fef3885ae33cf60184161a50d6987cfd2f?s=96&d=mm&r=g\",\"contentUrl\":\"https:\/\/secure.gravatar.com\/avatar\/ea53aa3bf6c9a12d5fde8ce4deff43fef3885ae33cf60184161a50d6987cfd2f?s=96&d=mm&r=g\",\"caption\":\"admin\"},\"sameAs\":[\"https:\/\/veritasinfo.org\"],\"url\":\"https:\/\/veritasinfo.org\/?author=1\"}]}<\/script>\n<!-- \/ Yoast SEO plugin. -->","yoast_head_json":{"title":"Hovenier: Pomogli smo Kosovu da se izvu\u010de iz u\u017easa etni\u010dkog \u010di\u0161\u0107enja re\u017eima biv\u0161eg fa\u0161isti\u010dkog vo\u0111e Srbije, Slobodana Milo\u0161evi\u0107a. -","robots":{"index":"index","follow":"follow","max-snippet":"max-snippet:-1","max-image-preview":"max-image-preview:large","max-video-preview":"max-video-preview:-1"},"canonical":"https:\/\/veritasinfo.org\/?p=2230&lang=sr","og_locale":"en_US","og_type":"article","og_title":"Hovenier: Pomogli smo Kosovu da se izvu\u010de iz u\u017easa etni\u010dkog \u010di\u0161\u0107enja re\u017eima biv\u0161eg fa\u0161isti\u010dkog vo\u0111e Srbije, Slobodana Milo\u0161evi\u0107a. -","og_description":"Pri\u0161tina, 02.07.2025 USAID zavr\u0161ava svoju istorijsku misiju nakon \u0161est decenija globalne slu\u017ebe, dok biv\u0161i ameri\u010dki ambasador u Pri\u0161tini ocenjuje Kosovo kao primer njenog uspeha, posebno","og_url":"https:\/\/veritasinfo.org\/?p=2230&lang=sr","article_published_time":"2025-07-02T05:48:10+00:00","og_image":[{"width":506,"height":300,"url":"https:\/\/veritasinfo.org\/wp-content\/uploads\/2025\/07\/IMG_1667-1.webp","type":"image\/webp"}],"author":"admin","twitter_card":"summary_large_image","twitter_misc":{"Written by":"admin","Est. reading time":"2 minutes"},"schema":{"@context":"https:\/\/schema.org","@graph":[{"@type":"WebPage","@id":"https:\/\/veritasinfo.org\/?p=2230&lang=sr","url":"https:\/\/veritasinfo.org\/?p=2230&lang=sr","name":"Hovenier: Pomogli smo Kosovu da se izvu\u010de iz u\u017easa etni\u010dkog \u010di\u0161\u0107enja re\u017eima biv\u0161eg fa\u0161isti\u010dkog vo\u0111e Srbije, Slobodana Milo\u0161evi\u0107a. -","isPartOf":{"@id":"https:\/\/veritasinfo.org\/#website"},"primaryImageOfPage":{"@id":"https:\/\/veritasinfo.org\/?p=2230&lang=sr#primaryimage"},"image":{"@id":"https:\/\/veritasinfo.org\/?p=2230&lang=sr#primaryimage"},"thumbnailUrl":"https:\/\/veritasinfo.org\/wp-content\/uploads\/2025\/07\/IMG_1667-1.webp","datePublished":"2025-07-02T05:48:10+00:00","author":{"@id":"https:\/\/veritasinfo.org\/#\/schema\/person\/7701f8c088bece422266b100a712374f"},"breadcrumb":{"@id":"https:\/\/veritasinfo.org\/?p=2230&lang=sr#breadcrumb"},"inLanguage":"en-US","potentialAction":[{"@type":"ReadAction","target":["https:\/\/veritasinfo.org\/?p=2230&lang=sr"]}]},{"@type":"ImageObject","inLanguage":"en-US","@id":"https:\/\/veritasinfo.org\/?p=2230&lang=sr#primaryimage","url":"https:\/\/veritasinfo.org\/wp-content\/uploads\/2025\/07\/IMG_1667-1.webp","contentUrl":"https:\/\/veritasinfo.org\/wp-content\/uploads\/2025\/07\/IMG_1667-1.webp","width":506,"height":300},{"@type":"BreadcrumbList","@id":"https:\/\/veritasinfo.org\/?p=2230&lang=sr#breadcrumb","itemListElement":[{"@type":"ListItem","position":1,"name":"Home","item":"https:\/\/veritasinfo.org\/"},{"@type":"ListItem","position":2,"name":"Hovenier: Pomogli smo Kosovu da se izvu\u010de iz u\u017easa etni\u010dkog \u010di\u0161\u0107enja re\u017eima biv\u0161eg fa\u0161isti\u010dkog vo\u0111e Srbije, Slobodana Milo\u0161evi\u0107a."}]},{"@type":"WebSite","@id":"https:\/\/veritasinfo.org\/#website","url":"https:\/\/veritasinfo.org\/","name":"","description":"","potentialAction":[{"@type":"SearchAction","target":{"@type":"EntryPoint","urlTemplate":"https:\/\/veritasinfo.org\/?s={search_term_string}"},"query-input":{"@type":"PropertyValueSpecification","valueRequired":true,"valueName":"search_term_string"}}],"inLanguage":"en-US"},{"@type":"Person","@id":"https:\/\/veritasinfo.org\/#\/schema\/person\/7701f8c088bece422266b100a712374f","name":"admin","image":{"@type":"ImageObject","inLanguage":"en-US","@id":"https:\/\/veritasinfo.org\/#\/schema\/person\/image\/","url":"https:\/\/secure.gravatar.com\/avatar\/ea53aa3bf6c9a12d5fde8ce4deff43fef3885ae33cf60184161a50d6987cfd2f?s=96&d=mm&r=g","contentUrl":"https:\/\/secure.gravatar.com\/avatar\/ea53aa3bf6c9a12d5fde8ce4deff43fef3885ae33cf60184161a50d6987cfd2f?s=96&d=mm&r=g","caption":"admin"},"sameAs":["https:\/\/veritasinfo.org"],"url":"https:\/\/veritasinfo.org\/?author=1"}]}},"featured_image_urls":{"full":["https:\/\/veritasinfo.org\/wp-content\/uploads\/2025\/07\/IMG_1667-1.webp",506,300,false],"thumbnail":["https:\/\/veritasinfo.org\/wp-content\/uploads\/2025\/07\/IMG_1667-1-150x150.webp",150,150,true],"medium":["https:\/\/veritasinfo.org\/wp-content\/uploads\/2025\/07\/IMG_1667-1-300x178.webp",300,178,true],"medium_large":["https:\/\/veritasinfo.org\/wp-content\/uploads\/2025\/07\/IMG_1667-1.webp",506,300,false],"large":["https:\/\/veritasinfo.org\/wp-content\/uploads\/2025\/07\/IMG_1667-1.webp",506,300,false],"1536x1536":["https:\/\/veritasinfo.org\/wp-content\/uploads\/2025\/07\/IMG_1667-1.webp",506,300,false],"2048x2048":["https:\/\/veritasinfo.org\/wp-content\/uploads\/2025\/07\/IMG_1667-1.webp",506,300,false],"kreeti-slider-full":["https:\/\/veritasinfo.org\/wp-content\/uploads\/2025\/07\/IMG_1667-1.webp",506,300,false],"kreeti-featured":["https:\/\/veritasinfo.org\/wp-content\/uploads\/2025\/07\/IMG_1667-1.webp",506,300,false],"kreeti-medium":["https:\/\/veritasinfo.org\/wp-content\/uploads\/2025\/07\/IMG_1667-1.webp",506,300,false],"kreeti-medium-square":["https:\/\/veritasinfo.org\/wp-content\/uploads\/2025\/07\/IMG_1667-1.webp",350,208,false]},"author_info":{"info":["admin"]},"category_info":"<a href=\"https:\/\/veritasinfo.org\/?cat=30&#038;lang=sr\" rel=\"category\">Dru\u0161tvo<\/a>","tag_info":"Dru\u0161tvo","comment_count":"0","_links":{"self":[{"href":"https:\/\/veritasinfo.org\/index.php?rest_route=\/wp\/v2\/posts\/2230","targetHints":{"allow":["GET"]}}],"collection":[{"href":"https:\/\/veritasinfo.org\/index.php?rest_route=\/wp\/v2\/posts"}],"about":[{"href":"https:\/\/veritasinfo.org\/index.php?rest_route=\/wp\/v2\/types\/post"}],"author":[{"embeddable":true,"href":"https:\/\/veritasinfo.org\/index.php?rest_route=\/wp\/v2\/users\/1"}],"replies":[{"embeddable":true,"href":"https:\/\/veritasinfo.org\/index.php?rest_route=%2Fwp%2Fv2%2Fcomments&post=2230"}],"version-history":[{"count":1,"href":"https:\/\/veritasinfo.org\/index.php?rest_route=\/wp\/v2\/posts\/2230\/revisions"}],"predecessor-version":[{"id":2233,"href":"https:\/\/veritasinfo.org\/index.php?rest_route=\/wp\/v2\/posts\/2230\/revisions\/2233"}],"wp:featuredmedia":[{"embeddable":true,"href":"https:\/\/veritasinfo.org\/index.php?rest_route=\/wp\/v2\/media\/2232"}],"wp:attachment":[{"href":"https:\/\/veritasinfo.org\/index.php?rest_route=%2Fwp%2Fv2%2Fmedia&parent=2230"}],"wp:term":[{"taxonomy":"category","embeddable":true,"href":"https:\/\/veritasinfo.org\/index.php?rest_route=%2Fwp%2Fv2%2Fcategories&post=2230"},{"taxonomy":"post_tag","embeddable":true,"href":"https:\/\/veritasinfo.org\/index.php?rest_route=%2Fwp%2Fv2%2Ftags&post=2230"}],"curies":[{"name":"wp","href":"https:\/\/api.w.org\/{rel}","templated":true}]}}