{"id":22290,"date":"2025-11-30T21:06:00","date_gmt":"2025-11-30T20:06:00","guid":{"rendered":"https:\/\/veritasinfo.org\/?p=22290"},"modified":"2025-11-30T21:06:00","modified_gmt":"2025-11-30T20:06:00","slug":"prakse-zastrasivanja-u-srbiji-bivsi-policajci-i-bivsi-pripadnici-ovk-na-meti","status":"publish","type":"post","link":"https:\/\/veritasinfo.org\/?p=22290&lang=sr","title":{"rendered":"Prakse zastra\u0161ivanja u Srbiji: Biv\u0161i policajci i biv\u0161i pripadnici OVK na meti"},"content":{"rendered":"<p>Pri\u0161tina, 30. novembar 2025. 21:04<\/p>\n<p>Biv\u0161i pripadnik Policije Kosova, Ned\u017eat Pireva, zadr\u017ean je u nedelju ujutro na grani\u010dnom prelazu Belo Brdo, dok je sa porodicom putovao ka Bujanovcu. Ministarstvo spoljnih poslova saop\u0161tilo je da je on ispitivan oko \u010detiri sata, nakon \u010dega je pu\u0161ten. Pirevin slu\u010daj je deo niza zadr\u017eavanja od strane srpskih vlasti, koje su od juna uhapsile najmanje osam dr\u017eavljana Kosova.<\/p>\n<p>Srpske vlasti su uhapsile, a zatim pustile biv\u0161eg pripadnika Policije Kosova iz Kamenice, Ned\u017eata Pirevu.<br \/>\nMinistarstvo spoljnih poslova i dijaspore saop\u0161tilo je u objavi na Fejsbuku da je Pireva uhap\u0161en u ranim jutarnjim satima u nedelju, na grani\u010dnom prelazu Belo Brdo.<\/p>\n<p>Pireva, koji je nosio policijsku uniformu oko 14 godina, putovao je ka Bujanovcu sa suprugom i njihovom decom.<br \/>\n\u201eNakon ispitivanja u trajanju od oko \u010detiri sata, gospodin Pireva je pu\u0161ten i trenutno se nalazi na slobodi. Ministarstvo spoljnih poslova i dijaspore osu\u0111uje kontinuirane postupke srpskih vlasti, koji predstavljaju maltretiranje dr\u017eavljana Republike Kosova i suprotni su potpisanim sporazumima izme\u0111u dve dr\u017eave\u201c, navodi se u saop\u0161tenju MSPD-a.<\/p>\n<p>U utorak je u Srbiji uhap\u0161en i Avni \u0106enaj, biv\u0161i pripadnik Oslobodila\u010dke vojske Kosova, uz obrazlo\u017eenje srpskih vlasti u Beogradu da je \u201ebio deo teroristi\u010dke organizacije\u201c.<br \/>\nPrema podacima Ministarstva unutra\u0161njih poslova Srbije, Qenaj se u aprilu 1998. pridru\u017eio lokalnom \u0161tabu OVK za selo Romaja u op\u0161tini Prizren i kao pripadnik 138. brigade \u201eAgim Ramadani\u201c u\u010destvovao je u bici na Ko\u0161arama 1999. godine.<\/p>\n<p>\u0106enaju je odre\u0111en pritvor od 30 dana.<\/p>\n<p>Pre deset dana srpske vlasti su iz pritvora oslobodile biv\u0161eg policajca Arbnora Spahijua, koji je skoro pet meseci bio zadr\u017ean pod sumnjom za \u201ete\u0161ko ubistvo\u201c, u vezi sa doga\u0111ajima u Banjskoj 2023. godine.<\/p>\n<p>Po povratku na Kosovo, Spahiju je do\u010dekala predsednica Vjosa Osmani, koja je apelovala na gra\u0111ane Kosova koji \u017eive u inostranstvu, posebno one koji planiraju da putuju za novogodi\u0161nje i bo\u017ei\u0107ne praznike, da izbegavaju tranzit kroz teritoriju Srbije.<\/p>\n<p>U septembru ove godine uhap\u0161en je i 77-godi\u0161nji Hazir Haziri iz Podujeva, pod sumnjom za ratne zlo\u010dine.<\/p>\n<p>Dok se vra\u0107ao iz Nema\u010dke, u avgustu je uhap\u0161en i Behar Peni\u0107i, tako\u0111e pod sumnjom za ratne zlo\u010dine. U isto vreme bili su uhap\u0161eni, a kasnije pu\u0161teni i bra\u0107a Ba\u0161kim i D\u017eemajl Emini.<\/p>\n<p>U julu je uhap\u0161en i Ljuljzim Haljilji iz Pe\u0107i, tako\u0111e pod sumnjom za ratne zlo\u010dine, kao pripadnik OVK.<\/p>\n<p>&nbsp;<\/p>\n<p>&nbsp;<\/p>\n","protected":false},"excerpt":{"rendered":"<p>Pri\u0161tina, 30. novembar 2025. 21:04 Biv\u0161i pripadnik Policije Kosova, Ned\u017eat Pireva, zadr\u017ean je u nedelju ujutro na grani\u010dnom prelazu Belo Brdo, dok je sa porodicom<\/p>\n","protected":false},"author":7,"featured_media":22288,"comment_status":"open","ping_status":"open","sticky":false,"template":"","format":"standard","meta":{"footnotes":""},"categories":[103],"tags":[],"class_list":["post-22290","post","type-post","status-publish","format-standard","has-post-thumbnail","hentry","category-hronika"],"yoast_head":"<!-- This site is optimized with the Yoast SEO plugin v25.3.1 - https:\/\/yoast.com\/wordpress\/plugins\/seo\/ -->\n<title>Prakse zastra\u0161ivanja u Srbiji: Biv\u0161i policajci i biv\u0161i pripadnici OVK na meti -<\/title>\n<meta name=\"robots\" content=\"index, follow, max-snippet:-1, max-image-preview:large, max-video-preview:-1\" \/>\n<link rel=\"canonical\" href=\"https:\/\/veritasinfo.org\/?p=22290&lang=sr\" \/>\n<meta property=\"og:locale\" content=\"en_US\" \/>\n<meta property=\"og:type\" content=\"article\" \/>\n<meta property=\"og:title\" content=\"Prakse zastra\u0161ivanja u Srbiji: Biv\u0161i policajci i biv\u0161i pripadnici OVK na meti -\" \/>\n<meta property=\"og:description\" content=\"Pri\u0161tina, 30. novembar 2025. 21:04 Biv\u0161i pripadnik Policije Kosova, Ned\u017eat Pireva, zadr\u017ean je u nedelju ujutro na grani\u010dnom prelazu Belo Brdo, dok je sa porodicom\" \/>\n<meta property=\"og:url\" content=\"https:\/\/veritasinfo.org\/?p=22290&amp;lang=sr\" \/>\n<meta property=\"article:published_time\" content=\"2025-11-30T20:06:00+00:00\" \/>\n<meta property=\"og:image\" content=\"https:\/\/veritasinfo.org\/wp-content\/uploads\/2025\/11\/kufiri-jarinje11-600x360-1.jpg\" \/>\n\t<meta property=\"og:image:width\" content=\"600\" \/>\n\t<meta property=\"og:image:height\" content=\"360\" \/>\n\t<meta property=\"og:image:type\" content=\"image\/jpeg\" \/>\n<meta name=\"author\" content=\"US6\" \/>\n<meta name=\"twitter:card\" content=\"summary_large_image\" \/>\n<meta name=\"twitter:label1\" content=\"Written by\" \/>\n\t<meta name=\"twitter:data1\" content=\"US6\" \/>\n\t<meta name=\"twitter:label2\" content=\"Est. reading time\" \/>\n\t<meta name=\"twitter:data2\" content=\"2 minutes\" \/>\n<script type=\"application\/ld+json\" class=\"yoast-schema-graph\">{\"@context\":\"https:\/\/schema.org\",\"@graph\":[{\"@type\":\"WebPage\",\"@id\":\"https:\/\/veritasinfo.org\/?p=22290&lang=sr\",\"url\":\"https:\/\/veritasinfo.org\/?p=22290&lang=sr\",\"name\":\"Prakse zastra\u0161ivanja u Srbiji: Biv\u0161i policajci i biv\u0161i pripadnici OVK na meti -\",\"isPartOf\":{\"@id\":\"https:\/\/veritasinfo.org\/#website\"},\"primaryImageOfPage\":{\"@id\":\"https:\/\/veritasinfo.org\/?p=22290&lang=sr#primaryimage\"},\"image\":{\"@id\":\"https:\/\/veritasinfo.org\/?p=22290&lang=sr#primaryimage\"},\"thumbnailUrl\":\"https:\/\/veritasinfo.org\/wp-content\/uploads\/2025\/11\/kufiri-jarinje11-600x360-1.jpg\",\"datePublished\":\"2025-11-30T20:06:00+00:00\",\"author\":{\"@id\":\"https:\/\/veritasinfo.org\/#\/schema\/person\/fe199eede04c3937362892b7444747cc\"},\"breadcrumb\":{\"@id\":\"https:\/\/veritasinfo.org\/?p=22290&lang=sr#breadcrumb\"},\"inLanguage\":\"en-US\",\"potentialAction\":[{\"@type\":\"ReadAction\",\"target\":[\"https:\/\/veritasinfo.org\/?p=22290&lang=sr\"]}]},{\"@type\":\"ImageObject\",\"inLanguage\":\"en-US\",\"@id\":\"https:\/\/veritasinfo.org\/?p=22290&lang=sr#primaryimage\",\"url\":\"https:\/\/veritasinfo.org\/wp-content\/uploads\/2025\/11\/kufiri-jarinje11-600x360-1.jpg\",\"contentUrl\":\"https:\/\/veritasinfo.org\/wp-content\/uploads\/2025\/11\/kufiri-jarinje11-600x360-1.jpg\",\"width\":600,\"height\":360},{\"@type\":\"BreadcrumbList\",\"@id\":\"https:\/\/veritasinfo.org\/?p=22290&lang=sr#breadcrumb\",\"itemListElement\":[{\"@type\":\"ListItem\",\"position\":1,\"name\":\"Home\",\"item\":\"https:\/\/veritasinfo.org\/\"},{\"@type\":\"ListItem\",\"position\":2,\"name\":\"Prakse zastra\u0161ivanja u Srbiji: Biv\u0161i policajci i biv\u0161i pripadnici OVK na meti\"}]},{\"@type\":\"WebSite\",\"@id\":\"https:\/\/veritasinfo.org\/#website\",\"url\":\"https:\/\/veritasinfo.org\/\",\"name\":\"\",\"description\":\"\",\"potentialAction\":[{\"@type\":\"SearchAction\",\"target\":{\"@type\":\"EntryPoint\",\"urlTemplate\":\"https:\/\/veritasinfo.org\/?s={search_term_string}\"},\"query-input\":{\"@type\":\"PropertyValueSpecification\",\"valueRequired\":true,\"valueName\":\"search_term_string\"}}],\"inLanguage\":\"en-US\"},{\"@type\":\"Person\",\"@id\":\"https:\/\/veritasinfo.org\/#\/schema\/person\/fe199eede04c3937362892b7444747cc\",\"name\":\"US6\",\"image\":{\"@type\":\"ImageObject\",\"inLanguage\":\"en-US\",\"@id\":\"https:\/\/veritasinfo.org\/#\/schema\/person\/image\/\",\"url\":\"https:\/\/secure.gravatar.com\/avatar\/cb16c3c31c9d23b9b8c705964598220b3014e42ff51eb540ff23cefa3ae8c15f?s=96&d=mm&r=g\",\"contentUrl\":\"https:\/\/secure.gravatar.com\/avatar\/cb16c3c31c9d23b9b8c705964598220b3014e42ff51eb540ff23cefa3ae8c15f?s=96&d=mm&r=g\",\"caption\":\"US6\"},\"url\":\"https:\/\/veritasinfo.org\/?author=7\"}]}<\/script>\n<!-- \/ Yoast SEO plugin. -->","yoast_head_json":{"title":"Prakse zastra\u0161ivanja u Srbiji: Biv\u0161i policajci i biv\u0161i pripadnici OVK na meti -","robots":{"index":"index","follow":"follow","max-snippet":"max-snippet:-1","max-image-preview":"max-image-preview:large","max-video-preview":"max-video-preview:-1"},"canonical":"https:\/\/veritasinfo.org\/?p=22290&lang=sr","og_locale":"en_US","og_type":"article","og_title":"Prakse zastra\u0161ivanja u Srbiji: Biv\u0161i policajci i biv\u0161i pripadnici OVK na meti -","og_description":"Pri\u0161tina, 30. novembar 2025. 21:04 Biv\u0161i pripadnik Policije Kosova, Ned\u017eat Pireva, zadr\u017ean je u nedelju ujutro na grani\u010dnom prelazu Belo Brdo, dok je sa porodicom","og_url":"https:\/\/veritasinfo.org\/?p=22290&lang=sr","article_published_time":"2025-11-30T20:06:00+00:00","og_image":[{"width":600,"height":360,"url":"https:\/\/veritasinfo.org\/wp-content\/uploads\/2025\/11\/kufiri-jarinje11-600x360-1.jpg","type":"image\/jpeg"}],"author":"US6","twitter_card":"summary_large_image","twitter_misc":{"Written by":"US6","Est. reading time":"2 minutes"},"schema":{"@context":"https:\/\/schema.org","@graph":[{"@type":"WebPage","@id":"https:\/\/veritasinfo.org\/?p=22290&lang=sr","url":"https:\/\/veritasinfo.org\/?p=22290&lang=sr","name":"Prakse zastra\u0161ivanja u Srbiji: Biv\u0161i policajci i biv\u0161i pripadnici OVK na meti -","isPartOf":{"@id":"https:\/\/veritasinfo.org\/#website"},"primaryImageOfPage":{"@id":"https:\/\/veritasinfo.org\/?p=22290&lang=sr#primaryimage"},"image":{"@id":"https:\/\/veritasinfo.org\/?p=22290&lang=sr#primaryimage"},"thumbnailUrl":"https:\/\/veritasinfo.org\/wp-content\/uploads\/2025\/11\/kufiri-jarinje11-600x360-1.jpg","datePublished":"2025-11-30T20:06:00+00:00","author":{"@id":"https:\/\/veritasinfo.org\/#\/schema\/person\/fe199eede04c3937362892b7444747cc"},"breadcrumb":{"@id":"https:\/\/veritasinfo.org\/?p=22290&lang=sr#breadcrumb"},"inLanguage":"en-US","potentialAction":[{"@type":"ReadAction","target":["https:\/\/veritasinfo.org\/?p=22290&lang=sr"]}]},{"@type":"ImageObject","inLanguage":"en-US","@id":"https:\/\/veritasinfo.org\/?p=22290&lang=sr#primaryimage","url":"https:\/\/veritasinfo.org\/wp-content\/uploads\/2025\/11\/kufiri-jarinje11-600x360-1.jpg","contentUrl":"https:\/\/veritasinfo.org\/wp-content\/uploads\/2025\/11\/kufiri-jarinje11-600x360-1.jpg","width":600,"height":360},{"@type":"BreadcrumbList","@id":"https:\/\/veritasinfo.org\/?p=22290&lang=sr#breadcrumb","itemListElement":[{"@type":"ListItem","position":1,"name":"Home","item":"https:\/\/veritasinfo.org\/"},{"@type":"ListItem","position":2,"name":"Prakse zastra\u0161ivanja u Srbiji: Biv\u0161i policajci i biv\u0161i pripadnici OVK na meti"}]},{"@type":"WebSite","@id":"https:\/\/veritasinfo.org\/#website","url":"https:\/\/veritasinfo.org\/","name":"","description":"","potentialAction":[{"@type":"SearchAction","target":{"@type":"EntryPoint","urlTemplate":"https:\/\/veritasinfo.org\/?s={search_term_string}"},"query-input":{"@type":"PropertyValueSpecification","valueRequired":true,"valueName":"search_term_string"}}],"inLanguage":"en-US"},{"@type":"Person","@id":"https:\/\/veritasinfo.org\/#\/schema\/person\/fe199eede04c3937362892b7444747cc","name":"US6","image":{"@type":"ImageObject","inLanguage":"en-US","@id":"https:\/\/veritasinfo.org\/#\/schema\/person\/image\/","url":"https:\/\/secure.gravatar.com\/avatar\/cb16c3c31c9d23b9b8c705964598220b3014e42ff51eb540ff23cefa3ae8c15f?s=96&d=mm&r=g","contentUrl":"https:\/\/secure.gravatar.com\/avatar\/cb16c3c31c9d23b9b8c705964598220b3014e42ff51eb540ff23cefa3ae8c15f?s=96&d=mm&r=g","caption":"US6"},"url":"https:\/\/veritasinfo.org\/?author=7"}]}},"featured_image_urls":{"full":["https:\/\/veritasinfo.org\/wp-content\/uploads\/2025\/11\/kufiri-jarinje11-600x360-1.jpg",600,360,false],"thumbnail":["https:\/\/veritasinfo.org\/wp-content\/uploads\/2025\/11\/kufiri-jarinje11-600x360-1-150x150.jpg",150,150,true],"medium":["https:\/\/veritasinfo.org\/wp-content\/uploads\/2025\/11\/kufiri-jarinje11-600x360-1-300x180.jpg",300,180,true],"medium_large":["https:\/\/veritasinfo.org\/wp-content\/uploads\/2025\/11\/kufiri-jarinje11-600x360-1.jpg",600,360,false],"large":["https:\/\/veritasinfo.org\/wp-content\/uploads\/2025\/11\/kufiri-jarinje11-600x360-1.jpg",600,360,false],"1536x1536":["https:\/\/veritasinfo.org\/wp-content\/uploads\/2025\/11\/kufiri-jarinje11-600x360-1.jpg",600,360,false],"2048x2048":["https:\/\/veritasinfo.org\/wp-content\/uploads\/2025\/11\/kufiri-jarinje11-600x360-1.jpg",600,360,false],"kreeti-slider-full":["https:\/\/veritasinfo.org\/wp-content\/uploads\/2025\/11\/kufiri-jarinje11-600x360-1.jpg",600,360,false],"kreeti-featured":["https:\/\/veritasinfo.org\/wp-content\/uploads\/2025\/11\/kufiri-jarinje11-600x360-1.jpg",600,360,false],"kreeti-medium":["https:\/\/veritasinfo.org\/wp-content\/uploads\/2025\/11\/kufiri-jarinje11-600x360-1.jpg",600,360,false],"kreeti-medium-square":["https:\/\/veritasinfo.org\/wp-content\/uploads\/2025\/11\/kufiri-jarinje11-600x360-1.jpg",350,210,false]},"author_info":{"info":["US6"]},"category_info":"<a href=\"https:\/\/veritasinfo.org\/?cat=103&#038;lang=sr\" rel=\"category\">Hronika<\/a>","tag_info":"Hronika","comment_count":"0","_links":{"self":[{"href":"https:\/\/veritasinfo.org\/index.php?rest_route=\/wp\/v2\/posts\/22290","targetHints":{"allow":["GET"]}}],"collection":[{"href":"https:\/\/veritasinfo.org\/index.php?rest_route=\/wp\/v2\/posts"}],"about":[{"href":"https:\/\/veritasinfo.org\/index.php?rest_route=\/wp\/v2\/types\/post"}],"author":[{"embeddable":true,"href":"https:\/\/veritasinfo.org\/index.php?rest_route=\/wp\/v2\/users\/7"}],"replies":[{"embeddable":true,"href":"https:\/\/veritasinfo.org\/index.php?rest_route=%2Fwp%2Fv2%2Fcomments&post=22290"}],"version-history":[{"count":1,"href":"https:\/\/veritasinfo.org\/index.php?rest_route=\/wp\/v2\/posts\/22290\/revisions"}],"predecessor-version":[{"id":22291,"href":"https:\/\/veritasinfo.org\/index.php?rest_route=\/wp\/v2\/posts\/22290\/revisions\/22291"}],"wp:featuredmedia":[{"embeddable":true,"href":"https:\/\/veritasinfo.org\/index.php?rest_route=\/wp\/v2\/media\/22288"}],"wp:attachment":[{"href":"https:\/\/veritasinfo.org\/index.php?rest_route=%2Fwp%2Fv2%2Fmedia&parent=22290"}],"wp:term":[{"taxonomy":"category","embeddable":true,"href":"https:\/\/veritasinfo.org\/index.php?rest_route=%2Fwp%2Fv2%2Fcategories&post=22290"},{"taxonomy":"post_tag","embeddable":true,"href":"https:\/\/veritasinfo.org\/index.php?rest_route=%2Fwp%2Fv2%2Ftags&post=22290"}],"curies":[{"name":"wp","href":"https:\/\/api.w.org\/{rel}","templated":true}]}}