{"id":2229,"date":"2025-07-02T07:54:31","date_gmt":"2025-07-02T05:54:31","guid":{"rendered":"https:\/\/veritasinfo.org\/?p=2229"},"modified":"2025-07-02T07:54:31","modified_gmt":"2025-07-02T05:54:31","slug":"aleksandar-dugin-putinov-filozof-vucicu-je-dosao-kraj-njegov-legitimitet-je-nestao","status":"publish","type":"post","link":"https:\/\/veritasinfo.org\/?p=2229&lang=sr","title":{"rendered":"Aleksandar Dugin, Putinov filozof: Vu\u010dic\u0301u je do\u0161ao kraj, njegov legitimitet je nestao"},"content":{"rendered":"<p>Pri\u0161tina, 2. jul 2025.<\/p>\n<p>Aleksandar Dugin, filozof iz desni\u010darskih krugova i u Rusiji i u Srbiji, o\u0161tro je napao predsednika Srbije Aleksandra Vu\u010dic\u0301a u jednom intervjuu.<\/p>\n<p>Dugin, koji se smatra ideolo\u0161kim inspiratorom ekspanzionisti\u010dke svetske politike Rusije, rekao je da veruje da je Vu\u010dic\u0301 izgubio legitimitet i da su svi u Srbiji nezadovoljni njime, prenosi Telegrafi.<\/p>\n<p>\u201eSrbi \u017eele da Vu\u010dic\u0301 ode. To je sigurno. I svi Srbi ga \u017eele. Trenutno, on ima jednu dr\u017eavu i nikakvu podr\u0161ku me\u0111u stanovni\u0161tvom Srbije. Jedino \u0161to ljudi koji se pla\u0161e jo\u0161 jedne obojene revolucije ne u\u010destvuju u protestima, ne izlaze na trgove, ne navijaju. Ali Vu\u010dic\u0301 je gotov. Njegov legitimitet je nestao. Mislim da je cilj ovih protesta da on jednostavno nestane. Nikakav kompromis, dogovor ili bilo koji konkretniji i prakti\u010dniji cilj nec\u0301e re\u0161iti ovu situaciju. Vu\u010dic\u0301 mora da ode. To je mi\u0161ljenje srpskog dru\u0161tva. Istovremeno, Srbi jasno razumeju \u0161ta ne \u017eele, ali im je potpuno nejasno \u0161ta \u017eele. Jer, na neki na\u010din, \u017eele potpuno suprotne stvari, neke su nerealne, neke su nemoguc\u0301e, neke c\u0301e im se obiti o glavu i morac\u0301e da plate jo\u0161 vec\u0301u cenu za njih\u201c, rekao je Dugin.<\/p>\n<p>\u010cini se da je ovaj filozof, koji se smatra dvorskim filozofom Vladimira Putina, posebno zabrinut \u0161to Aleksandar Vulin vi\u0161e nije na vlasti.<\/p>\n<p>On otvoreno ka\u017ee da je bio protiv protesta u Srbiji i da je \u010dak podr\u017eavao Vu\u010dic\u0301a \u201eu njegovim govorima Srbima\u201c, me\u0111u kojima, ka\u017ee, ima veliki autoritet.<\/p>\n<p>\u201eDok je Vulin bio na vlasti, pozivao sam Srbe da ne idu na te proteste, a sada nemam \u010dvrst stav, jer se situacija tamo menja svakog dana. Ne mislim da mnogo toga zavisi od nas. Rusija nije u toj situaciji i poziciji da sada zaista uti\u010de na politiku u Isto\u010dnoj Evropi\u201c, ka\u017ee Dugin.<\/p>\n<p>Dugin smatra da se na protestima povec\u0301ao broj ljudi koje naziva srpskim patriotama i rusofilima, i da su i oni nezadovoljni politikom koju vodi predsednik Srbije.<\/p>\n<p>\u201eOve proteste su po\u010deli da finansiraju i promovi\u0161u globalisti, jer Vu\u010dic\u0301 nije odgovarao na njih, bio je prolazna figura. \u017deleli su da na vlast dovedu potpuno ube\u0111enog prozapadnog politi\u010dara, koji bi i\u0161ao u tom pravcu \u010dak i vi\u0161e od Vu\u010dic\u0301a. Ali istovremeno, rastao je udeo patriota i rusofila koji su u\u010destvovali u ovim protestima protiv Vu\u010dic\u0301a, posebno nakon odlaska Aleksandra Vulina iz vlade. I sada Vu\u010dic\u0301 ne mo\u017ee da im ka\u017ee \u2013 stanite na moju stranu, ljudi, jer je Vu\u010dic\u0301 u\u010dinio sve da taj deo srpskog dru\u0161tva okrene protiv sebe\u201c, dodao je.<\/p>\n<p>\u0160to se ti\u010de spoljne politike igranja na vi\u0161e terena i sedenja u vi\u0161e stolica, Dugin ka\u017ee da je to sudbina malih i slabih zemalja, ali o\u0161tro kritikuje metode predsednika Srbije.<\/p>\n","protected":false},"excerpt":{"rendered":"<p>Pri\u0161tina, 2. jul 2025. Aleksandar Dugin, filozof iz desni\u010darskih krugova i u Rusiji i u Srbiji, o\u0161tro je napao predsednika Srbije Aleksandra Vu\u010dic\u0301a u jednom<\/p>\n","protected":false},"author":1,"featured_media":2226,"comment_status":"open","ping_status":"open","sticky":false,"template":"","format":"standard","meta":{"footnotes":""},"categories":[28],"tags":[],"class_list":["post-2229","post","type-post","status-publish","format-standard","has-post-thumbnail","hentry","category-politika"],"yoast_head":"<!-- This site is optimized with the Yoast SEO plugin v25.3.1 - https:\/\/yoast.com\/wordpress\/plugins\/seo\/ -->\n<title>Aleksandar Dugin, Putinov filozof: Vu\u010dic\u0301u je do\u0161ao kraj, njegov legitimitet je nestao -<\/title>\n<meta name=\"robots\" content=\"index, follow, max-snippet:-1, max-image-preview:large, max-video-preview:-1\" \/>\n<link rel=\"canonical\" href=\"https:\/\/veritasinfo.org\/?p=2229&lang=sr\" \/>\n<meta property=\"og:locale\" content=\"en_US\" \/>\n<meta property=\"og:type\" content=\"article\" \/>\n<meta property=\"og:title\" content=\"Aleksandar Dugin, Putinov filozof: Vu\u010dic\u0301u je do\u0161ao kraj, njegov legitimitet je nestao -\" \/>\n<meta property=\"og:description\" content=\"Pri\u0161tina, 2. jul 2025. Aleksandar Dugin, filozof iz desni\u010darskih krugova i u Rusiji i u Srbiji, o\u0161tro je napao predsednika Srbije Aleksandra Vu\u010dic\u0301a u jednom\" \/>\n<meta property=\"og:url\" content=\"https:\/\/veritasinfo.org\/?p=2229&amp;lang=sr\" \/>\n<meta property=\"article:published_time\" content=\"2025-07-02T05:54:31+00:00\" \/>\n<meta property=\"og:image\" content=\"https:\/\/veritasinfo.org\/wp-content\/uploads\/2025\/07\/dugin.jpg\" \/>\n\t<meta property=\"og:image:width\" content=\"1920\" \/>\n\t<meta property=\"og:image:height\" content=\"1080\" \/>\n\t<meta property=\"og:image:type\" content=\"image\/jpeg\" \/>\n<meta name=\"author\" content=\"admin\" \/>\n<meta name=\"twitter:card\" content=\"summary_large_image\" \/>\n<meta name=\"twitter:label1\" content=\"Written by\" \/>\n\t<meta name=\"twitter:data1\" content=\"admin\" \/>\n\t<meta name=\"twitter:label2\" content=\"Est. reading time\" \/>\n\t<meta name=\"twitter:data2\" content=\"3 minutes\" \/>\n<script type=\"application\/ld+json\" class=\"yoast-schema-graph\">{\"@context\":\"https:\/\/schema.org\",\"@graph\":[{\"@type\":\"WebPage\",\"@id\":\"https:\/\/veritasinfo.org\/?p=2229&lang=sr\",\"url\":\"https:\/\/veritasinfo.org\/?p=2229&lang=sr\",\"name\":\"Aleksandar Dugin, Putinov filozof: Vu\u010dic\u0301u je do\u0161ao kraj, njegov legitimitet je nestao -\",\"isPartOf\":{\"@id\":\"https:\/\/veritasinfo.org\/#website\"},\"primaryImageOfPage\":{\"@id\":\"https:\/\/veritasinfo.org\/?p=2229&lang=sr#primaryimage\"},\"image\":{\"@id\":\"https:\/\/veritasinfo.org\/?p=2229&lang=sr#primaryimage\"},\"thumbnailUrl\":\"https:\/\/veritasinfo.org\/wp-content\/uploads\/2025\/07\/dugin.jpg\",\"datePublished\":\"2025-07-02T05:54:31+00:00\",\"author\":{\"@id\":\"https:\/\/veritasinfo.org\/#\/schema\/person\/7701f8c088bece422266b100a712374f\"},\"breadcrumb\":{\"@id\":\"https:\/\/veritasinfo.org\/?p=2229&lang=sr#breadcrumb\"},\"inLanguage\":\"en-US\",\"potentialAction\":[{\"@type\":\"ReadAction\",\"target\":[\"https:\/\/veritasinfo.org\/?p=2229&lang=sr\"]}]},{\"@type\":\"ImageObject\",\"inLanguage\":\"en-US\",\"@id\":\"https:\/\/veritasinfo.org\/?p=2229&lang=sr#primaryimage\",\"url\":\"https:\/\/veritasinfo.org\/wp-content\/uploads\/2025\/07\/dugin.jpg\",\"contentUrl\":\"https:\/\/veritasinfo.org\/wp-content\/uploads\/2025\/07\/dugin.jpg\",\"width\":1920,\"height\":1080},{\"@type\":\"BreadcrumbList\",\"@id\":\"https:\/\/veritasinfo.org\/?p=2229&lang=sr#breadcrumb\",\"itemListElement\":[{\"@type\":\"ListItem\",\"position\":1,\"name\":\"Home\",\"item\":\"https:\/\/veritasinfo.org\/\"},{\"@type\":\"ListItem\",\"position\":2,\"name\":\"Aleksandar Dugin, Putinov filozof: Vu\u010dic\u0301u je do\u0161ao kraj, njegov legitimitet je nestao\"}]},{\"@type\":\"WebSite\",\"@id\":\"https:\/\/veritasinfo.org\/#website\",\"url\":\"https:\/\/veritasinfo.org\/\",\"name\":\"\",\"description\":\"\",\"potentialAction\":[{\"@type\":\"SearchAction\",\"target\":{\"@type\":\"EntryPoint\",\"urlTemplate\":\"https:\/\/veritasinfo.org\/?s={search_term_string}\"},\"query-input\":{\"@type\":\"PropertyValueSpecification\",\"valueRequired\":true,\"valueName\":\"search_term_string\"}}],\"inLanguage\":\"en-US\"},{\"@type\":\"Person\",\"@id\":\"https:\/\/veritasinfo.org\/#\/schema\/person\/7701f8c088bece422266b100a712374f\",\"name\":\"admin\",\"image\":{\"@type\":\"ImageObject\",\"inLanguage\":\"en-US\",\"@id\":\"https:\/\/veritasinfo.org\/#\/schema\/person\/image\/\",\"url\":\"https:\/\/secure.gravatar.com\/avatar\/ea53aa3bf6c9a12d5fde8ce4deff43fef3885ae33cf60184161a50d6987cfd2f?s=96&d=mm&r=g\",\"contentUrl\":\"https:\/\/secure.gravatar.com\/avatar\/ea53aa3bf6c9a12d5fde8ce4deff43fef3885ae33cf60184161a50d6987cfd2f?s=96&d=mm&r=g\",\"caption\":\"admin\"},\"sameAs\":[\"https:\/\/veritasinfo.org\"],\"url\":\"https:\/\/veritasinfo.org\/?author=1\"}]}<\/script>\n<!-- \/ Yoast SEO plugin. -->","yoast_head_json":{"title":"Aleksandar Dugin, Putinov filozof: Vu\u010dic\u0301u je do\u0161ao kraj, njegov legitimitet je nestao -","robots":{"index":"index","follow":"follow","max-snippet":"max-snippet:-1","max-image-preview":"max-image-preview:large","max-video-preview":"max-video-preview:-1"},"canonical":"https:\/\/veritasinfo.org\/?p=2229&lang=sr","og_locale":"en_US","og_type":"article","og_title":"Aleksandar Dugin, Putinov filozof: Vu\u010dic\u0301u je do\u0161ao kraj, njegov legitimitet je nestao -","og_description":"Pri\u0161tina, 2. jul 2025. Aleksandar Dugin, filozof iz desni\u010darskih krugova i u Rusiji i u Srbiji, o\u0161tro je napao predsednika Srbije Aleksandra Vu\u010dic\u0301a u jednom","og_url":"https:\/\/veritasinfo.org\/?p=2229&lang=sr","article_published_time":"2025-07-02T05:54:31+00:00","og_image":[{"width":1920,"height":1080,"url":"https:\/\/veritasinfo.org\/wp-content\/uploads\/2025\/07\/dugin.jpg","type":"image\/jpeg"}],"author":"admin","twitter_card":"summary_large_image","twitter_misc":{"Written by":"admin","Est. reading time":"3 minutes"},"schema":{"@context":"https:\/\/schema.org","@graph":[{"@type":"WebPage","@id":"https:\/\/veritasinfo.org\/?p=2229&lang=sr","url":"https:\/\/veritasinfo.org\/?p=2229&lang=sr","name":"Aleksandar Dugin, Putinov filozof: Vu\u010dic\u0301u je do\u0161ao kraj, njegov legitimitet je nestao -","isPartOf":{"@id":"https:\/\/veritasinfo.org\/#website"},"primaryImageOfPage":{"@id":"https:\/\/veritasinfo.org\/?p=2229&lang=sr#primaryimage"},"image":{"@id":"https:\/\/veritasinfo.org\/?p=2229&lang=sr#primaryimage"},"thumbnailUrl":"https:\/\/veritasinfo.org\/wp-content\/uploads\/2025\/07\/dugin.jpg","datePublished":"2025-07-02T05:54:31+00:00","author":{"@id":"https:\/\/veritasinfo.org\/#\/schema\/person\/7701f8c088bece422266b100a712374f"},"breadcrumb":{"@id":"https:\/\/veritasinfo.org\/?p=2229&lang=sr#breadcrumb"},"inLanguage":"en-US","potentialAction":[{"@type":"ReadAction","target":["https:\/\/veritasinfo.org\/?p=2229&lang=sr"]}]},{"@type":"ImageObject","inLanguage":"en-US","@id":"https:\/\/veritasinfo.org\/?p=2229&lang=sr#primaryimage","url":"https:\/\/veritasinfo.org\/wp-content\/uploads\/2025\/07\/dugin.jpg","contentUrl":"https:\/\/veritasinfo.org\/wp-content\/uploads\/2025\/07\/dugin.jpg","width":1920,"height":1080},{"@type":"BreadcrumbList","@id":"https:\/\/veritasinfo.org\/?p=2229&lang=sr#breadcrumb","itemListElement":[{"@type":"ListItem","position":1,"name":"Home","item":"https:\/\/veritasinfo.org\/"},{"@type":"ListItem","position":2,"name":"Aleksandar Dugin, Putinov filozof: Vu\u010dic\u0301u je do\u0161ao kraj, njegov legitimitet je nestao"}]},{"@type":"WebSite","@id":"https:\/\/veritasinfo.org\/#website","url":"https:\/\/veritasinfo.org\/","name":"","description":"","potentialAction":[{"@type":"SearchAction","target":{"@type":"EntryPoint","urlTemplate":"https:\/\/veritasinfo.org\/?s={search_term_string}"},"query-input":{"@type":"PropertyValueSpecification","valueRequired":true,"valueName":"search_term_string"}}],"inLanguage":"en-US"},{"@type":"Person","@id":"https:\/\/veritasinfo.org\/#\/schema\/person\/7701f8c088bece422266b100a712374f","name":"admin","image":{"@type":"ImageObject","inLanguage":"en-US","@id":"https:\/\/veritasinfo.org\/#\/schema\/person\/image\/","url":"https:\/\/secure.gravatar.com\/avatar\/ea53aa3bf6c9a12d5fde8ce4deff43fef3885ae33cf60184161a50d6987cfd2f?s=96&d=mm&r=g","contentUrl":"https:\/\/secure.gravatar.com\/avatar\/ea53aa3bf6c9a12d5fde8ce4deff43fef3885ae33cf60184161a50d6987cfd2f?s=96&d=mm&r=g","caption":"admin"},"sameAs":["https:\/\/veritasinfo.org"],"url":"https:\/\/veritasinfo.org\/?author=1"}]}},"featured_image_urls":{"full":["https:\/\/veritasinfo.org\/wp-content\/uploads\/2025\/07\/dugin.jpg",1920,1080,false],"thumbnail":["https:\/\/veritasinfo.org\/wp-content\/uploads\/2025\/07\/dugin-150x150.jpg",150,150,true],"medium":["https:\/\/veritasinfo.org\/wp-content\/uploads\/2025\/07\/dugin-300x169.jpg",300,169,true],"medium_large":["https:\/\/veritasinfo.org\/wp-content\/uploads\/2025\/07\/dugin-768x432.jpg",640,360,true],"large":["https:\/\/veritasinfo.org\/wp-content\/uploads\/2025\/07\/dugin-1024x576.jpg",640,360,true],"1536x1536":["https:\/\/veritasinfo.org\/wp-content\/uploads\/2025\/07\/dugin-1536x864.jpg",1536,864,true],"2048x2048":["https:\/\/veritasinfo.org\/wp-content\/uploads\/2025\/07\/dugin.jpg",1920,1080,false],"kreeti-slider-full":["https:\/\/veritasinfo.org\/wp-content\/uploads\/2025\/07\/dugin.jpg",1280,720,false],"kreeti-featured":["https:\/\/veritasinfo.org\/wp-content\/uploads\/2025\/07\/dugin.jpg",1024,576,false],"kreeti-medium":["https:\/\/veritasinfo.org\/wp-content\/uploads\/2025\/07\/dugin.jpg",720,405,false],"kreeti-medium-square":["https:\/\/veritasinfo.org\/wp-content\/uploads\/2025\/07\/dugin.jpg",350,197,false]},"author_info":{"info":["admin"]},"category_info":"<a href=\"https:\/\/veritasinfo.org\/?cat=28&#038;lang=sr\" rel=\"category\">Politika<\/a>","tag_info":"Politika","comment_count":"0","_links":{"self":[{"href":"https:\/\/veritasinfo.org\/index.php?rest_route=\/wp\/v2\/posts\/2229","targetHints":{"allow":["GET"]}}],"collection":[{"href":"https:\/\/veritasinfo.org\/index.php?rest_route=\/wp\/v2\/posts"}],"about":[{"href":"https:\/\/veritasinfo.org\/index.php?rest_route=\/wp\/v2\/types\/post"}],"author":[{"embeddable":true,"href":"https:\/\/veritasinfo.org\/index.php?rest_route=\/wp\/v2\/users\/1"}],"replies":[{"embeddable":true,"href":"https:\/\/veritasinfo.org\/index.php?rest_route=%2Fwp%2Fv2%2Fcomments&post=2229"}],"version-history":[{"count":1,"href":"https:\/\/veritasinfo.org\/index.php?rest_route=\/wp\/v2\/posts\/2229\/revisions"}],"predecessor-version":[{"id":2238,"href":"https:\/\/veritasinfo.org\/index.php?rest_route=\/wp\/v2\/posts\/2229\/revisions\/2238"}],"wp:featuredmedia":[{"embeddable":true,"href":"https:\/\/veritasinfo.org\/index.php?rest_route=\/wp\/v2\/media\/2226"}],"wp:attachment":[{"href":"https:\/\/veritasinfo.org\/index.php?rest_route=%2Fwp%2Fv2%2Fmedia&parent=2229"}],"wp:term":[{"taxonomy":"category","embeddable":true,"href":"https:\/\/veritasinfo.org\/index.php?rest_route=%2Fwp%2Fv2%2Fcategories&post=2229"},{"taxonomy":"post_tag","embeddable":true,"href":"https:\/\/veritasinfo.org\/index.php?rest_route=%2Fwp%2Fv2%2Ftags&post=2229"}],"curies":[{"name":"wp","href":"https:\/\/api.w.org\/{rel}","templated":true}]}}