{"id":22223,"date":"2025-11-30T08:13:27","date_gmt":"2025-11-30T07:13:27","guid":{"rendered":"https:\/\/veritasinfo.org\/?p=22223"},"modified":"2025-11-30T08:15:52","modified_gmt":"2025-11-30T07:15:52","slug":"avni-qenajt-i-vazhdohet-paraburgimi-ne-serbi","status":"publish","type":"post","link":"https:\/\/veritasinfo.org\/?p=22223","title":{"rendered":"Avni Qenajt i vazhdohet paraburgimi n\u00eb Serbi"},"content":{"rendered":"<p>Prishtin\u00eb, 30 n\u00ebntor 2025 08:13<\/p>\n<p>Gjykata n\u00eb Beograd ka vendosur t\u2019ia vazhdoj\u00eb paraburgimin ish-pjes\u00ebtarit t\u00eb U\u00c7K-s\u00eb dhe shtetasit t\u00eb Kosov\u00ebs, Avni Qenaj.<\/p>\n<p>Paraburgimi i Qenajt do t\u00eb vazhdoj\u00eb p\u00ebr 30 dit\u00eb, teksa vendimi \u00ebsht\u00eb b\u00ebr\u00eb i ditur nga avokati i tij, Xhevdet Smakiqi.<\/p>\n<p>Smakiqi ka reaguar duke e konsideruar k\u00ebt\u00eb veprim si privim t\u00eb kund\u00ebrligjsh\u00ebm nga liria, duke e kritikuar munges\u00ebn e presionit diplomatik efektiv nga Qeveria e Kosov\u00ebs.<\/p>\n<p>Sipas avokatiti Smakiqi, familja e Avni Qenajt po p\u00ebrballet vet n\u00eb mbrojtjen dhe lirimin e tij.<\/p>\n<p>\u201cFamilja Qenaj, n\u00eb k\u00ebto dite festive komb\u00ebtare, gjendet n\u00ebn ankth, ka mbetur e vetmuar, pa mb\u00ebshtetjen e shtetit q\u00eb ka luftuar, dhe po detyrohet vet t\u00eb luftoj\u00eb p\u00ebrmes angazhimit privat me avokat\u00ebt e saj t\u00eb p\u00ebrmbush\u00eb t\u00eb drejtat ligjore, lirin\u00eb e l\u00ebvizjes edhe p\u00ebr familjarin e saj, sikur t\u00eb mos ekzistonte Qeveria e Kosov\u00ebs\u201d u shpreh ai.<\/p>\n","protected":false},"excerpt":{"rendered":"<p>Prishtin\u00eb, 30 n\u00ebntor 2025 08:13 Gjykata n\u00eb Beograd ka vendosur t\u2019ia vazhdoj\u00eb paraburgimin ish-pjes\u00ebtarit t\u00eb U\u00c7K-s\u00eb dhe shtetasit t\u00eb Kosov\u00ebs, Avni Qenaj. Paraburgimi i Qenajt<\/p>\n","protected":false},"author":7,"featured_media":22226,"comment_status":"open","ping_status":"open","sticky":false,"template":"","format":"standard","meta":{"footnotes":""},"categories":[60],"tags":[],"class_list":["post-22223","post","type-post","status-publish","format-standard","has-post-thumbnail","hentry","category-shoqerore-sq"],"yoast_head":"<!-- This site is optimized with the Yoast SEO plugin v25.3.1 - https:\/\/yoast.com\/wordpress\/plugins\/seo\/ -->\n<title>Avni Qenajt i vazhdohet paraburgimi n\u00eb Serbi -<\/title>\n<meta name=\"robots\" content=\"index, follow, max-snippet:-1, max-image-preview:large, max-video-preview:-1\" \/>\n<link rel=\"canonical\" href=\"https:\/\/veritasinfo.org\/?p=22223\" \/>\n<meta property=\"og:locale\" content=\"en_US\" \/>\n<meta property=\"og:type\" content=\"article\" \/>\n<meta property=\"og:title\" content=\"Avni Qenajt i vazhdohet paraburgimi n\u00eb Serbi -\" \/>\n<meta property=\"og:description\" content=\"Prishtin\u00eb, 30 n\u00ebntor 2025 08:13 Gjykata n\u00eb Beograd ka vendosur t\u2019ia vazhdoj\u00eb paraburgimin ish-pjes\u00ebtarit t\u00eb U\u00c7K-s\u00eb dhe shtetasit t\u00eb Kosov\u00ebs, Avni Qenaj. Paraburgimi i Qenajt\" \/>\n<meta property=\"og:url\" content=\"https:\/\/veritasinfo.org\/?p=22223\" \/>\n<meta property=\"article:published_time\" content=\"2025-11-30T07:13:27+00:00\" \/>\n<meta property=\"article:modified_time\" content=\"2025-11-30T07:15:52+00:00\" \/>\n<meta property=\"og:image\" content=\"https:\/\/veritasinfo.org\/wp-content\/uploads\/2025\/11\/589554069_1524730945432484_950924078375586046_n.jpg\" \/>\n\t<meta property=\"og:image:width\" content=\"768\" \/>\n\t<meta property=\"og:image:height\" content=\"632\" \/>\n\t<meta property=\"og:image:type\" content=\"image\/jpeg\" \/>\n<meta name=\"author\" content=\"US6\" \/>\n<meta name=\"twitter:card\" content=\"summary_large_image\" \/>\n<meta name=\"twitter:label1\" content=\"Written by\" \/>\n\t<meta name=\"twitter:data1\" content=\"US6\" \/>\n\t<meta name=\"twitter:label2\" content=\"Est. reading time\" \/>\n\t<meta name=\"twitter:data2\" content=\"1 minute\" \/>\n<script type=\"application\/ld+json\" class=\"yoast-schema-graph\">{\"@context\":\"https:\/\/schema.org\",\"@graph\":[{\"@type\":\"WebPage\",\"@id\":\"https:\/\/veritasinfo.org\/?p=22223\",\"url\":\"https:\/\/veritasinfo.org\/?p=22223\",\"name\":\"Avni Qenajt i vazhdohet paraburgimi n\u00eb Serbi -\",\"isPartOf\":{\"@id\":\"https:\/\/veritasinfo.org\/#website\"},\"primaryImageOfPage\":{\"@id\":\"https:\/\/veritasinfo.org\/?p=22223#primaryimage\"},\"image\":{\"@id\":\"https:\/\/veritasinfo.org\/?p=22223#primaryimage\"},\"thumbnailUrl\":\"https:\/\/veritasinfo.org\/wp-content\/uploads\/2025\/11\/589554069_1524730945432484_950924078375586046_n.jpg\",\"datePublished\":\"2025-11-30T07:13:27+00:00\",\"dateModified\":\"2025-11-30T07:15:52+00:00\",\"author\":{\"@id\":\"https:\/\/veritasinfo.org\/#\/schema\/person\/fe199eede04c3937362892b7444747cc\"},\"breadcrumb\":{\"@id\":\"https:\/\/veritasinfo.org\/?p=22223#breadcrumb\"},\"inLanguage\":\"en-US\",\"potentialAction\":[{\"@type\":\"ReadAction\",\"target\":[\"https:\/\/veritasinfo.org\/?p=22223\"]}]},{\"@type\":\"ImageObject\",\"inLanguage\":\"en-US\",\"@id\":\"https:\/\/veritasinfo.org\/?p=22223#primaryimage\",\"url\":\"https:\/\/veritasinfo.org\/wp-content\/uploads\/2025\/11\/589554069_1524730945432484_950924078375586046_n.jpg\",\"contentUrl\":\"https:\/\/veritasinfo.org\/wp-content\/uploads\/2025\/11\/589554069_1524730945432484_950924078375586046_n.jpg\",\"width\":768,\"height\":632},{\"@type\":\"BreadcrumbList\",\"@id\":\"https:\/\/veritasinfo.org\/?p=22223#breadcrumb\",\"itemListElement\":[{\"@type\":\"ListItem\",\"position\":1,\"name\":\"Home\",\"item\":\"https:\/\/veritasinfo.org\/\"},{\"@type\":\"ListItem\",\"position\":2,\"name\":\"Avni Qenajt i vazhdohet paraburgimi n\u00eb Serbi\"}]},{\"@type\":\"WebSite\",\"@id\":\"https:\/\/veritasinfo.org\/#website\",\"url\":\"https:\/\/veritasinfo.org\/\",\"name\":\"\",\"description\":\"\",\"potentialAction\":[{\"@type\":\"SearchAction\",\"target\":{\"@type\":\"EntryPoint\",\"urlTemplate\":\"https:\/\/veritasinfo.org\/?s={search_term_string}\"},\"query-input\":{\"@type\":\"PropertyValueSpecification\",\"valueRequired\":true,\"valueName\":\"search_term_string\"}}],\"inLanguage\":\"en-US\"},{\"@type\":\"Person\",\"@id\":\"https:\/\/veritasinfo.org\/#\/schema\/person\/fe199eede04c3937362892b7444747cc\",\"name\":\"US6\",\"image\":{\"@type\":\"ImageObject\",\"inLanguage\":\"en-US\",\"@id\":\"https:\/\/veritasinfo.org\/#\/schema\/person\/image\/\",\"url\":\"https:\/\/secure.gravatar.com\/avatar\/cb16c3c31c9d23b9b8c705964598220b3014e42ff51eb540ff23cefa3ae8c15f?s=96&d=mm&r=g\",\"contentUrl\":\"https:\/\/secure.gravatar.com\/avatar\/cb16c3c31c9d23b9b8c705964598220b3014e42ff51eb540ff23cefa3ae8c15f?s=96&d=mm&r=g\",\"caption\":\"US6\"},\"url\":\"https:\/\/veritasinfo.org\/?author=7\"}]}<\/script>\n<!-- \/ Yoast SEO plugin. -->","yoast_head_json":{"title":"Avni Qenajt i vazhdohet paraburgimi n\u00eb Serbi -","robots":{"index":"index","follow":"follow","max-snippet":"max-snippet:-1","max-image-preview":"max-image-preview:large","max-video-preview":"max-video-preview:-1"},"canonical":"https:\/\/veritasinfo.org\/?p=22223","og_locale":"en_US","og_type":"article","og_title":"Avni Qenajt i vazhdohet paraburgimi n\u00eb Serbi -","og_description":"Prishtin\u00eb, 30 n\u00ebntor 2025 08:13 Gjykata n\u00eb Beograd ka vendosur t\u2019ia vazhdoj\u00eb paraburgimin ish-pjes\u00ebtarit t\u00eb U\u00c7K-s\u00eb dhe shtetasit t\u00eb Kosov\u00ebs, Avni Qenaj. Paraburgimi i Qenajt","og_url":"https:\/\/veritasinfo.org\/?p=22223","article_published_time":"2025-11-30T07:13:27+00:00","article_modified_time":"2025-11-30T07:15:52+00:00","og_image":[{"width":768,"height":632,"url":"https:\/\/veritasinfo.org\/wp-content\/uploads\/2025\/11\/589554069_1524730945432484_950924078375586046_n.jpg","type":"image\/jpeg"}],"author":"US6","twitter_card":"summary_large_image","twitter_misc":{"Written by":"US6","Est. reading time":"1 minute"},"schema":{"@context":"https:\/\/schema.org","@graph":[{"@type":"WebPage","@id":"https:\/\/veritasinfo.org\/?p=22223","url":"https:\/\/veritasinfo.org\/?p=22223","name":"Avni Qenajt i vazhdohet paraburgimi n\u00eb Serbi -","isPartOf":{"@id":"https:\/\/veritasinfo.org\/#website"},"primaryImageOfPage":{"@id":"https:\/\/veritasinfo.org\/?p=22223#primaryimage"},"image":{"@id":"https:\/\/veritasinfo.org\/?p=22223#primaryimage"},"thumbnailUrl":"https:\/\/veritasinfo.org\/wp-content\/uploads\/2025\/11\/589554069_1524730945432484_950924078375586046_n.jpg","datePublished":"2025-11-30T07:13:27+00:00","dateModified":"2025-11-30T07:15:52+00:00","author":{"@id":"https:\/\/veritasinfo.org\/#\/schema\/person\/fe199eede04c3937362892b7444747cc"},"breadcrumb":{"@id":"https:\/\/veritasinfo.org\/?p=22223#breadcrumb"},"inLanguage":"en-US","potentialAction":[{"@type":"ReadAction","target":["https:\/\/veritasinfo.org\/?p=22223"]}]},{"@type":"ImageObject","inLanguage":"en-US","@id":"https:\/\/veritasinfo.org\/?p=22223#primaryimage","url":"https:\/\/veritasinfo.org\/wp-content\/uploads\/2025\/11\/589554069_1524730945432484_950924078375586046_n.jpg","contentUrl":"https:\/\/veritasinfo.org\/wp-content\/uploads\/2025\/11\/589554069_1524730945432484_950924078375586046_n.jpg","width":768,"height":632},{"@type":"BreadcrumbList","@id":"https:\/\/veritasinfo.org\/?p=22223#breadcrumb","itemListElement":[{"@type":"ListItem","position":1,"name":"Home","item":"https:\/\/veritasinfo.org\/"},{"@type":"ListItem","position":2,"name":"Avni Qenajt i vazhdohet paraburgimi n\u00eb Serbi"}]},{"@type":"WebSite","@id":"https:\/\/veritasinfo.org\/#website","url":"https:\/\/veritasinfo.org\/","name":"","description":"","potentialAction":[{"@type":"SearchAction","target":{"@type":"EntryPoint","urlTemplate":"https:\/\/veritasinfo.org\/?s={search_term_string}"},"query-input":{"@type":"PropertyValueSpecification","valueRequired":true,"valueName":"search_term_string"}}],"inLanguage":"en-US"},{"@type":"Person","@id":"https:\/\/veritasinfo.org\/#\/schema\/person\/fe199eede04c3937362892b7444747cc","name":"US6","image":{"@type":"ImageObject","inLanguage":"en-US","@id":"https:\/\/veritasinfo.org\/#\/schema\/person\/image\/","url":"https:\/\/secure.gravatar.com\/avatar\/cb16c3c31c9d23b9b8c705964598220b3014e42ff51eb540ff23cefa3ae8c15f?s=96&d=mm&r=g","contentUrl":"https:\/\/secure.gravatar.com\/avatar\/cb16c3c31c9d23b9b8c705964598220b3014e42ff51eb540ff23cefa3ae8c15f?s=96&d=mm&r=g","caption":"US6"},"url":"https:\/\/veritasinfo.org\/?author=7"}]}},"featured_image_urls":{"full":["https:\/\/veritasinfo.org\/wp-content\/uploads\/2025\/11\/589554069_1524730945432484_950924078375586046_n.jpg",768,632,false],"thumbnail":["https:\/\/veritasinfo.org\/wp-content\/uploads\/2025\/11\/589554069_1524730945432484_950924078375586046_n-150x150.jpg",150,150,true],"medium":["https:\/\/veritasinfo.org\/wp-content\/uploads\/2025\/11\/589554069_1524730945432484_950924078375586046_n-300x247.jpg",300,247,true],"medium_large":["https:\/\/veritasinfo.org\/wp-content\/uploads\/2025\/11\/589554069_1524730945432484_950924078375586046_n.jpg",640,527,false],"large":["https:\/\/veritasinfo.org\/wp-content\/uploads\/2025\/11\/589554069_1524730945432484_950924078375586046_n.jpg",640,527,false],"1536x1536":["https:\/\/veritasinfo.org\/wp-content\/uploads\/2025\/11\/589554069_1524730945432484_950924078375586046_n.jpg",768,632,false],"2048x2048":["https:\/\/veritasinfo.org\/wp-content\/uploads\/2025\/11\/589554069_1524730945432484_950924078375586046_n.jpg",768,632,false],"kreeti-slider-full":["https:\/\/veritasinfo.org\/wp-content\/uploads\/2025\/11\/589554069_1524730945432484_950924078375586046_n.jpg",768,632,false],"kreeti-featured":["https:\/\/veritasinfo.org\/wp-content\/uploads\/2025\/11\/589554069_1524730945432484_950924078375586046_n.jpg",768,632,false],"kreeti-medium":["https:\/\/veritasinfo.org\/wp-content\/uploads\/2025\/11\/589554069_1524730945432484_950924078375586046_n.jpg",644,530,false],"kreeti-medium-square":["https:\/\/veritasinfo.org\/wp-content\/uploads\/2025\/11\/589554069_1524730945432484_950924078375586046_n.jpg",350,288,false]},"author_info":{"info":["US6"]},"category_info":"<a href=\"https:\/\/veritasinfo.org\/?cat=60\" rel=\"category\">Shoq\u00ebrore<\/a>","tag_info":"Shoq\u00ebrore","comment_count":"0","_links":{"self":[{"href":"https:\/\/veritasinfo.org\/index.php?rest_route=\/wp\/v2\/posts\/22223","targetHints":{"allow":["GET"]}}],"collection":[{"href":"https:\/\/veritasinfo.org\/index.php?rest_route=\/wp\/v2\/posts"}],"about":[{"href":"https:\/\/veritasinfo.org\/index.php?rest_route=\/wp\/v2\/types\/post"}],"author":[{"embeddable":true,"href":"https:\/\/veritasinfo.org\/index.php?rest_route=\/wp\/v2\/users\/7"}],"replies":[{"embeddable":true,"href":"https:\/\/veritasinfo.org\/index.php?rest_route=%2Fwp%2Fv2%2Fcomments&post=22223"}],"version-history":[{"count":1,"href":"https:\/\/veritasinfo.org\/index.php?rest_route=\/wp\/v2\/posts\/22223\/revisions"}],"predecessor-version":[{"id":22224,"href":"https:\/\/veritasinfo.org\/index.php?rest_route=\/wp\/v2\/posts\/22223\/revisions\/22224"}],"wp:featuredmedia":[{"embeddable":true,"href":"https:\/\/veritasinfo.org\/index.php?rest_route=\/wp\/v2\/media\/22226"}],"wp:attachment":[{"href":"https:\/\/veritasinfo.org\/index.php?rest_route=%2Fwp%2Fv2%2Fmedia&parent=22223"}],"wp:term":[{"taxonomy":"category","embeddable":true,"href":"https:\/\/veritasinfo.org\/index.php?rest_route=%2Fwp%2Fv2%2Fcategories&post=22223"},{"taxonomy":"post_tag","embeddable":true,"href":"https:\/\/veritasinfo.org\/index.php?rest_route=%2Fwp%2Fv2%2Ftags&post=22223"}],"curies":[{"name":"wp","href":"https:\/\/api.w.org\/{rel}","templated":true}]}}