{"id":22215,"date":"2025-11-29T20:50:31","date_gmt":"2025-11-29T19:50:31","guid":{"rendered":"https:\/\/veritasinfo.org\/?p=22215"},"modified":"2025-11-29T20:51:07","modified_gmt":"2025-11-29T19:51:07","slug":"kurti-sulmi-ne-iber-lepenc-nga-ekstremiste-serbe-dhe-ruse","status":"publish","type":"post","link":"https:\/\/veritasinfo.org\/?p=22215","title":{"rendered":"Kurti: Sulmi n\u00eb Ib\u00ebr Lepenc nga ekstremist\u00eb serb\u00eb dhe rus\u00eb"},"content":{"rendered":"<p>Prishtin\u00eb, 29 n\u00ebntor 2025<\/p>\n<p>Sot sh\u00ebnohet nj\u00eb vit nga sulmi kinetik terrorist n\u00eb Ib\u00ebr Lepenc.<\/p>\n<p>Kryeministri n\u00eb detyr\u00eb i Republik\u00ebs s\u00eb Kosov\u00ebs, Albin Kurti, n\u00eb nj\u00eb postim n\u00eb Facebook, ka shkruar se ky ishte sulmi i dyt\u00eb i r\u00ebnd\u00eb ndaj Kosov\u00ebs nga aktor\u00eb t\u00eb jasht\u00ebm brenda dy viteve, pas sulmit paramilitar n\u00eb Banjsk\u00eb t\u00eb Zve\u00e7anit, dhe i pari q\u00eb goditi infrastruktur\u00ebn kritike t\u00eb vendit.<\/p>\n<p>\u201cSi pasoj\u00eb e shp\u00ebrthimit u d\u00ebmtua r\u00ebnd\u00eb pjesa fundore dhe nj\u00ebra ballin\u00eb e akuaduktit, duke rrezikuar furnizimin me uj\u00eb p\u00ebr t\u00eb gjith\u00eb konsumator\u00ebt e sistemit, p\u00ebrfshir\u00eb Termocentralin \u2018Kosova B\u2019. Sulmi kishte p\u00ebr q\u00ebllim t\u00eb shkaktonte pasoja katastrofike: uljen me 60% t\u00eb kapaciteteve t\u00eb prodhimit t\u00eb energjis\u00eb elektrike, nd\u00ebrprerjen e furnizimit me uj\u00eb p\u00ebr Mitrovic\u00ebn, Skenderajn, Drenasin, Vushtrrin\u00eb, Fush\u00eb Kosov\u00ebn dhe gjysm\u00ebn e Prishtin\u00ebs, si dhe nd\u00ebrprerjen e sh\u00ebrbimeve t\u00eb ngrohjes qendrore dhe p\u00ebrgjysmimin e kapaciteteve telekomunikuese n\u00eb vend,\u201d \u00ebsht\u00eb shprehur Kurti.<\/p>\n<p>Sipas kryeministrit t\u00eb Kosov\u00ebs, reagimi institucional ishte i menj\u00ebhersh\u00ebm dhe efektiv, duke parandaluar pasojat m\u00eb t\u00eb r\u00ebnda. \u201cVeprimet profesionale t\u00eb institucioneve siguruan furnizim t\u00eb mjaftuesh\u00ebm me uj\u00eb p\u00ebr termoelektranat dhe banor\u00ebt e komunave t\u00eb prekura, si dhe ruajtjen e prodhimit t\u00eb energjis\u00eb elektrike,\u201d tha ai.<\/p>\n<p>D\u00ebmi i shkaktuar u sanua brenda vet\u00ebm nj\u00eb muaji, dhe sistemi u rikthye n\u00eb kapacitete t\u00eb plota operative. Kryeministri Kurti theksoi se p\u00ebrgjigjja e shtetit d\u00ebshmoi aft\u00ebsin\u00eb e lart\u00eb reaguese t\u00eb nd\u00ebrmarrjeve publike dhe institucioneve shtet\u00ebrore.<\/p>\n<p>Ai gjithashtu lidhi sulmin me financimin dhe mb\u00ebshtetjen e aktor\u00ebve ekstremist\u00eb serb\u00eb dhe rus\u00eb. Pas bastisjeve n\u00eb veri t\u00eb vendit, autoritetet konfiskuan arm\u00eb, uniforma dhe pajisje t\u00eb ndryshme, si dhe gjet\u00ebn emblema ruse dhe serbe t\u00eb strukturave t\u00eb inteligjenc\u00ebs, ushtris\u00eb dhe siguris\u00eb. \u201cK\u00ebto jan\u00eb d\u00ebshmi t\u00eb qarta t\u00eb p\u00ebrfshirjes s\u00eb grupeve ekstremiste dhe terroriste serbo-ruse, t\u00eb cilat synojn\u00eb destabilizimin e Kosov\u00ebs dhe krijimin e nj\u00eb mjedisi t\u00eb pasigurt n\u00eb rajon,\u201d tha Kurti.<\/p>\n<p>Sulmi n\u00eb Ib\u00ebr Lepenc u krahasua nga kryeministri me sulmet ruse ndaj rrjetit energjetik t\u00eb Ukrain\u00ebs, duke theksuar rrezikun e q\u00ebndruesh\u00ebm ndaj infrastruktur\u00ebs kritike n\u00eb rajon.<\/p>\n<p>&nbsp;<\/p>\n","protected":false},"excerpt":{"rendered":"<p>Prishtin\u00eb, 29 n\u00ebntor 2025 Sot sh\u00ebnohet nj\u00eb vit nga sulmi kinetik terrorist n\u00eb Ib\u00ebr Lepenc. Kryeministri n\u00eb detyr\u00eb i Republik\u00ebs s\u00eb Kosov\u00ebs, Albin Kurti, n\u00eb<\/p>\n","protected":false},"author":7,"featured_media":22216,"comment_status":"open","ping_status":"open","sticky":false,"template":"","format":"standard","meta":{"footnotes":""},"categories":[60],"tags":[],"class_list":["post-22215","post","type-post","status-publish","format-standard","has-post-thumbnail","hentry","category-shoqerore-sq"],"yoast_head":"<!-- This site is optimized with the Yoast SEO plugin v25.3.1 - https:\/\/yoast.com\/wordpress\/plugins\/seo\/ -->\n<title>Kurti: Sulmi n\u00eb Ib\u00ebr Lepenc nga ekstremist\u00eb serb\u00eb dhe rus\u00eb -<\/title>\n<meta name=\"robots\" content=\"index, follow, max-snippet:-1, max-image-preview:large, max-video-preview:-1\" \/>\n<link rel=\"canonical\" href=\"https:\/\/veritasinfo.org\/?p=22215\" \/>\n<meta property=\"og:locale\" content=\"en_US\" \/>\n<meta property=\"og:type\" content=\"article\" \/>\n<meta property=\"og:title\" content=\"Kurti: Sulmi n\u00eb Ib\u00ebr Lepenc nga ekstremist\u00eb serb\u00eb dhe rus\u00eb -\" \/>\n<meta property=\"og:description\" content=\"Prishtin\u00eb, 29 n\u00ebntor 2025 Sot sh\u00ebnohet nj\u00eb vit nga sulmi kinetik terrorist n\u00eb Ib\u00ebr Lepenc. Kryeministri n\u00eb detyr\u00eb i Republik\u00ebs s\u00eb Kosov\u00ebs, Albin Kurti, n\u00eb\" \/>\n<meta property=\"og:url\" content=\"https:\/\/veritasinfo.org\/?p=22215\" \/>\n<meta property=\"article:published_time\" content=\"2025-11-29T19:50:31+00:00\" \/>\n<meta property=\"article:modified_time\" content=\"2025-11-29T19:51:07+00:00\" \/>\n<meta property=\"og:image\" content=\"https:\/\/veritasinfo.org\/wp-content\/uploads\/2025\/11\/Iber-Lepeci.png\" \/>\n\t<meta property=\"og:image:width\" content=\"652\" \/>\n\t<meta property=\"og:image:height\" content=\"431\" \/>\n\t<meta property=\"og:image:type\" content=\"image\/png\" \/>\n<meta name=\"author\" content=\"US6\" \/>\n<meta name=\"twitter:card\" content=\"summary_large_image\" \/>\n<meta name=\"twitter:label1\" content=\"Written by\" \/>\n\t<meta name=\"twitter:data1\" content=\"US6\" \/>\n\t<meta name=\"twitter:label2\" content=\"Est. reading time\" \/>\n\t<meta name=\"twitter:data2\" content=\"2 minutes\" \/>\n<script type=\"application\/ld+json\" class=\"yoast-schema-graph\">{\"@context\":\"https:\/\/schema.org\",\"@graph\":[{\"@type\":\"WebPage\",\"@id\":\"https:\/\/veritasinfo.org\/?p=22215\",\"url\":\"https:\/\/veritasinfo.org\/?p=22215\",\"name\":\"Kurti: Sulmi n\u00eb Ib\u00ebr Lepenc nga ekstremist\u00eb serb\u00eb dhe rus\u00eb -\",\"isPartOf\":{\"@id\":\"https:\/\/veritasinfo.org\/#website\"},\"primaryImageOfPage\":{\"@id\":\"https:\/\/veritasinfo.org\/?p=22215#primaryimage\"},\"image\":{\"@id\":\"https:\/\/veritasinfo.org\/?p=22215#primaryimage\"},\"thumbnailUrl\":\"https:\/\/veritasinfo.org\/wp-content\/uploads\/2025\/11\/Iber-Lepeci.png\",\"datePublished\":\"2025-11-29T19:50:31+00:00\",\"dateModified\":\"2025-11-29T19:51:07+00:00\",\"author\":{\"@id\":\"https:\/\/veritasinfo.org\/#\/schema\/person\/fe199eede04c3937362892b7444747cc\"},\"breadcrumb\":{\"@id\":\"https:\/\/veritasinfo.org\/?p=22215#breadcrumb\"},\"inLanguage\":\"en-US\",\"potentialAction\":[{\"@type\":\"ReadAction\",\"target\":[\"https:\/\/veritasinfo.org\/?p=22215\"]}]},{\"@type\":\"ImageObject\",\"inLanguage\":\"en-US\",\"@id\":\"https:\/\/veritasinfo.org\/?p=22215#primaryimage\",\"url\":\"https:\/\/veritasinfo.org\/wp-content\/uploads\/2025\/11\/Iber-Lepeci.png\",\"contentUrl\":\"https:\/\/veritasinfo.org\/wp-content\/uploads\/2025\/11\/Iber-Lepeci.png\",\"width\":652,\"height\":431},{\"@type\":\"BreadcrumbList\",\"@id\":\"https:\/\/veritasinfo.org\/?p=22215#breadcrumb\",\"itemListElement\":[{\"@type\":\"ListItem\",\"position\":1,\"name\":\"Home\",\"item\":\"https:\/\/veritasinfo.org\/\"},{\"@type\":\"ListItem\",\"position\":2,\"name\":\"Kurti: Sulmi n\u00eb Ib\u00ebr Lepenc nga ekstremist\u00eb serb\u00eb dhe rus\u00eb\"}]},{\"@type\":\"WebSite\",\"@id\":\"https:\/\/veritasinfo.org\/#website\",\"url\":\"https:\/\/veritasinfo.org\/\",\"name\":\"\",\"description\":\"\",\"potentialAction\":[{\"@type\":\"SearchAction\",\"target\":{\"@type\":\"EntryPoint\",\"urlTemplate\":\"https:\/\/veritasinfo.org\/?s={search_term_string}\"},\"query-input\":{\"@type\":\"PropertyValueSpecification\",\"valueRequired\":true,\"valueName\":\"search_term_string\"}}],\"inLanguage\":\"en-US\"},{\"@type\":\"Person\",\"@id\":\"https:\/\/veritasinfo.org\/#\/schema\/person\/fe199eede04c3937362892b7444747cc\",\"name\":\"US6\",\"image\":{\"@type\":\"ImageObject\",\"inLanguage\":\"en-US\",\"@id\":\"https:\/\/veritasinfo.org\/#\/schema\/person\/image\/\",\"url\":\"https:\/\/secure.gravatar.com\/avatar\/cb16c3c31c9d23b9b8c705964598220b3014e42ff51eb540ff23cefa3ae8c15f?s=96&d=mm&r=g\",\"contentUrl\":\"https:\/\/secure.gravatar.com\/avatar\/cb16c3c31c9d23b9b8c705964598220b3014e42ff51eb540ff23cefa3ae8c15f?s=96&d=mm&r=g\",\"caption\":\"US6\"},\"url\":\"https:\/\/veritasinfo.org\/?author=7\"}]}<\/script>\n<!-- \/ Yoast SEO plugin. -->","yoast_head_json":{"title":"Kurti: Sulmi n\u00eb Ib\u00ebr Lepenc nga ekstremist\u00eb serb\u00eb dhe rus\u00eb -","robots":{"index":"index","follow":"follow","max-snippet":"max-snippet:-1","max-image-preview":"max-image-preview:large","max-video-preview":"max-video-preview:-1"},"canonical":"https:\/\/veritasinfo.org\/?p=22215","og_locale":"en_US","og_type":"article","og_title":"Kurti: Sulmi n\u00eb Ib\u00ebr Lepenc nga ekstremist\u00eb serb\u00eb dhe rus\u00eb -","og_description":"Prishtin\u00eb, 29 n\u00ebntor 2025 Sot sh\u00ebnohet nj\u00eb vit nga sulmi kinetik terrorist n\u00eb Ib\u00ebr Lepenc. Kryeministri n\u00eb detyr\u00eb i Republik\u00ebs s\u00eb Kosov\u00ebs, Albin Kurti, n\u00eb","og_url":"https:\/\/veritasinfo.org\/?p=22215","article_published_time":"2025-11-29T19:50:31+00:00","article_modified_time":"2025-11-29T19:51:07+00:00","og_image":[{"width":652,"height":431,"url":"https:\/\/veritasinfo.org\/wp-content\/uploads\/2025\/11\/Iber-Lepeci.png","type":"image\/png"}],"author":"US6","twitter_card":"summary_large_image","twitter_misc":{"Written by":"US6","Est. reading time":"2 minutes"},"schema":{"@context":"https:\/\/schema.org","@graph":[{"@type":"WebPage","@id":"https:\/\/veritasinfo.org\/?p=22215","url":"https:\/\/veritasinfo.org\/?p=22215","name":"Kurti: Sulmi n\u00eb Ib\u00ebr Lepenc nga ekstremist\u00eb serb\u00eb dhe rus\u00eb -","isPartOf":{"@id":"https:\/\/veritasinfo.org\/#website"},"primaryImageOfPage":{"@id":"https:\/\/veritasinfo.org\/?p=22215#primaryimage"},"image":{"@id":"https:\/\/veritasinfo.org\/?p=22215#primaryimage"},"thumbnailUrl":"https:\/\/veritasinfo.org\/wp-content\/uploads\/2025\/11\/Iber-Lepeci.png","datePublished":"2025-11-29T19:50:31+00:00","dateModified":"2025-11-29T19:51:07+00:00","author":{"@id":"https:\/\/veritasinfo.org\/#\/schema\/person\/fe199eede04c3937362892b7444747cc"},"breadcrumb":{"@id":"https:\/\/veritasinfo.org\/?p=22215#breadcrumb"},"inLanguage":"en-US","potentialAction":[{"@type":"ReadAction","target":["https:\/\/veritasinfo.org\/?p=22215"]}]},{"@type":"ImageObject","inLanguage":"en-US","@id":"https:\/\/veritasinfo.org\/?p=22215#primaryimage","url":"https:\/\/veritasinfo.org\/wp-content\/uploads\/2025\/11\/Iber-Lepeci.png","contentUrl":"https:\/\/veritasinfo.org\/wp-content\/uploads\/2025\/11\/Iber-Lepeci.png","width":652,"height":431},{"@type":"BreadcrumbList","@id":"https:\/\/veritasinfo.org\/?p=22215#breadcrumb","itemListElement":[{"@type":"ListItem","position":1,"name":"Home","item":"https:\/\/veritasinfo.org\/"},{"@type":"ListItem","position":2,"name":"Kurti: Sulmi n\u00eb Ib\u00ebr Lepenc nga ekstremist\u00eb serb\u00eb dhe rus\u00eb"}]},{"@type":"WebSite","@id":"https:\/\/veritasinfo.org\/#website","url":"https:\/\/veritasinfo.org\/","name":"","description":"","potentialAction":[{"@type":"SearchAction","target":{"@type":"EntryPoint","urlTemplate":"https:\/\/veritasinfo.org\/?s={search_term_string}"},"query-input":{"@type":"PropertyValueSpecification","valueRequired":true,"valueName":"search_term_string"}}],"inLanguage":"en-US"},{"@type":"Person","@id":"https:\/\/veritasinfo.org\/#\/schema\/person\/fe199eede04c3937362892b7444747cc","name":"US6","image":{"@type":"ImageObject","inLanguage":"en-US","@id":"https:\/\/veritasinfo.org\/#\/schema\/person\/image\/","url":"https:\/\/secure.gravatar.com\/avatar\/cb16c3c31c9d23b9b8c705964598220b3014e42ff51eb540ff23cefa3ae8c15f?s=96&d=mm&r=g","contentUrl":"https:\/\/secure.gravatar.com\/avatar\/cb16c3c31c9d23b9b8c705964598220b3014e42ff51eb540ff23cefa3ae8c15f?s=96&d=mm&r=g","caption":"US6"},"url":"https:\/\/veritasinfo.org\/?author=7"}]}},"featured_image_urls":{"full":["https:\/\/veritasinfo.org\/wp-content\/uploads\/2025\/11\/Iber-Lepeci.png",652,431,false],"thumbnail":["https:\/\/veritasinfo.org\/wp-content\/uploads\/2025\/11\/Iber-Lepeci-150x150.png",150,150,true],"medium":["https:\/\/veritasinfo.org\/wp-content\/uploads\/2025\/11\/Iber-Lepeci-300x198.png",300,198,true],"medium_large":["https:\/\/veritasinfo.org\/wp-content\/uploads\/2025\/11\/Iber-Lepeci.png",640,423,false],"large":["https:\/\/veritasinfo.org\/wp-content\/uploads\/2025\/11\/Iber-Lepeci.png",640,423,false],"1536x1536":["https:\/\/veritasinfo.org\/wp-content\/uploads\/2025\/11\/Iber-Lepeci.png",652,431,false],"2048x2048":["https:\/\/veritasinfo.org\/wp-content\/uploads\/2025\/11\/Iber-Lepeci.png",652,431,false],"kreeti-slider-full":["https:\/\/veritasinfo.org\/wp-content\/uploads\/2025\/11\/Iber-Lepeci.png",652,431,false],"kreeti-featured":["https:\/\/veritasinfo.org\/wp-content\/uploads\/2025\/11\/Iber-Lepeci.png",652,431,false],"kreeti-medium":["https:\/\/veritasinfo.org\/wp-content\/uploads\/2025\/11\/Iber-Lepeci.png",652,431,false],"kreeti-medium-square":["https:\/\/veritasinfo.org\/wp-content\/uploads\/2025\/11\/Iber-Lepeci.png",350,231,false]},"author_info":{"info":["US6"]},"category_info":"<a href=\"https:\/\/veritasinfo.org\/?cat=60\" rel=\"category\">Shoq\u00ebrore<\/a>","tag_info":"Shoq\u00ebrore","comment_count":"0","_links":{"self":[{"href":"https:\/\/veritasinfo.org\/index.php?rest_route=\/wp\/v2\/posts\/22215","targetHints":{"allow":["GET"]}}],"collection":[{"href":"https:\/\/veritasinfo.org\/index.php?rest_route=\/wp\/v2\/posts"}],"about":[{"href":"https:\/\/veritasinfo.org\/index.php?rest_route=\/wp\/v2\/types\/post"}],"author":[{"embeddable":true,"href":"https:\/\/veritasinfo.org\/index.php?rest_route=\/wp\/v2\/users\/7"}],"replies":[{"embeddable":true,"href":"https:\/\/veritasinfo.org\/index.php?rest_route=%2Fwp%2Fv2%2Fcomments&post=22215"}],"version-history":[{"count":1,"href":"https:\/\/veritasinfo.org\/index.php?rest_route=\/wp\/v2\/posts\/22215\/revisions"}],"predecessor-version":[{"id":22217,"href":"https:\/\/veritasinfo.org\/index.php?rest_route=\/wp\/v2\/posts\/22215\/revisions\/22217"}],"wp:featuredmedia":[{"embeddable":true,"href":"https:\/\/veritasinfo.org\/index.php?rest_route=\/wp\/v2\/media\/22216"}],"wp:attachment":[{"href":"https:\/\/veritasinfo.org\/index.php?rest_route=%2Fwp%2Fv2%2Fmedia&parent=22215"}],"wp:term":[{"taxonomy":"category","embeddable":true,"href":"https:\/\/veritasinfo.org\/index.php?rest_route=%2Fwp%2Fv2%2Fcategories&post=22215"},{"taxonomy":"post_tag","embeddable":true,"href":"https:\/\/veritasinfo.org\/index.php?rest_route=%2Fwp%2Fv2%2Ftags&post=22215"}],"curies":[{"name":"wp","href":"https:\/\/api.w.org\/{rel}","templated":true}]}}