{"id":22210,"date":"2025-11-29T19:40:22","date_gmt":"2025-11-29T18:40:22","guid":{"rendered":"https:\/\/veritasinfo.org\/?p=22210"},"modified":"2025-11-29T19:40:22","modified_gmt":"2025-11-29T18:40:22","slug":"gazetari-kroat-margetic-thote-se-vuciq-ishte-i-perfshire-ne-vrasjet-e-ndodhura-me-snajper-ne-sarajeve-ishte-organizatori","status":"publish","type":"post","link":"https:\/\/veritasinfo.org\/?p=22210","title":{"rendered":"Gazetari kroat Margeti\u00e7 thot\u00eb se Vu\u00e7iq ishte i p\u00ebrfshir\u00eb n\u00eb vrasjet e ndodhura me snajper n\u00eb Sarajev\u00eb: Ishte organizatori"},"content":{"rendered":"<p>Prishtin\u00eb, 29 n\u00ebntor 2025 19:39<\/p>\n<p>Gazetari Domagoj Margeti\u00e7 ka folur ekskluzivisht p\u00ebr Balkan Talks n\u00eb Eurone\u00ebs Albania, mbi shkrimin investigativ p\u00ebr p\u00ebrfshirjen e presidentit serb Aleksand\u00ebr Vu\u00e7i\u00e7 n\u00eb nj\u00eb grup snajperist\u00ebsh gjat\u00eb viteve t\u00eb luft\u00ebs n\u00eb Bosnje e Hercegovin\u00eb. Ai ka dh\u00ebn\u00eb detaje dhe d\u00ebshmi nga hetimi, q\u00eb tregojn\u00eb lidhjen e Vu\u00e7i\u00e7 me k\u00ebt\u00eb grup.<\/p>\n<p>\u201cN\u00eb af\u00ebrsi t\u00eb Sarajev\u00ebs, udh\u00ebhiqeshin nga njer\u00ebz t\u00eb nj\u00eb nj\u00ebsie paraushtarake, t\u00eb cil\u00ebt kishin leje kalimi nga institucionet serbe. Dhe ajo q\u00eb dim\u00eb tani, dhe \u00e7far\u00eb zbulova \u00ebsht\u00eb se Vu\u00e7i\u00e7 ishte nj\u00eb nga ata q\u00eb shoq\u00ebronte t\u00eb ashtuquajturit \u2018klient\u00eb\u2019, dhe Vu\u00e7i\u00e7 mbante nj\u00eb badge t\u00eb sh\u00ebrbimeve sekrete serbe, nd\u00ebrsa vazhdonte kalimin. Mirko Blagojevi\u0107 ishte kreu i k\u00ebsaj nj\u00ebsie paraushtarake dhe ai ka th\u00ebn\u00eb se Vu\u00e7i\u00e7 ishte ai q\u00eb shoq\u00ebronte njer\u00ebzit dhe mund\u00ebsonte l\u00ebvizjen e tyre. Ata shkonin nga lokaliteti Ipale tek varrezat hibraike, deri sa kalonin turist\u00ebt. Shumica e d\u00ebshmive t\u00eb mia mbi k\u00ebt\u00eb hetim jan\u00eb nga pala paraushtarake serbe, kam folur me eksponent\u00eb dhe ish-ekspozent\u00eb t\u00eb Bonsjes, q\u00eb po ashtu kan\u00eb konfirmuar se Vu\u00e7i\u00e7 ka qen\u00eb aty. Kam takuar njer\u00ebz t\u00eb nj\u00ebsis\u00eb paraushtarake serbe q\u00eb m\u00eb konfirmuan se ky \u2018safari\u2019 drejtohej nga Sllavko Aleksic dhe Vu\u00e7i\u00e7 ishte pjes\u00eb e k\u00ebsaj nj\u00ebsie. Pra, shumica e informacioneve vijn\u00eb nga ushtar\u00ebt. N\u00ebse e keni par\u00eb artikullin tim, un\u00eb nuk kam p\u00ebrmendur Serbin\u00eb dhe qytetar\u00ebt serb\u00eb, por ata q\u00eb kan\u00eb marr\u00eb pjes\u00eb.\u201d, ka deklaruar Margeti\u00e7.<\/p>\n<p>&nbsp;<\/p>\n","protected":false},"excerpt":{"rendered":"<p>Prishtin\u00eb, 29 n\u00ebntor 2025 19:39 Gazetari Domagoj Margeti\u00e7 ka folur ekskluzivisht p\u00ebr Balkan Talks n\u00eb Eurone\u00ebs Albania, mbi shkrimin investigativ p\u00ebr p\u00ebrfshirjen e presidentit serb<\/p>\n","protected":false},"author":7,"featured_media":22211,"comment_status":"open","ping_status":"open","sticky":false,"template":"","format":"standard","meta":{"footnotes":""},"categories":[58],"tags":[],"class_list":["post-22210","post","type-post","status-publish","format-standard","has-post-thumbnail","hentry","category-politike-sq"],"yoast_head":"<!-- This site is optimized with the Yoast SEO plugin v25.3.1 - https:\/\/yoast.com\/wordpress\/plugins\/seo\/ -->\n<title>Gazetari kroat Margeti\u00e7 thot\u00eb se Vu\u00e7iq ishte i p\u00ebrfshir\u00eb n\u00eb vrasjet e ndodhura me snajper n\u00eb Sarajev\u00eb: Ishte organizatori -<\/title>\n<meta name=\"robots\" content=\"index, follow, max-snippet:-1, max-image-preview:large, max-video-preview:-1\" \/>\n<link rel=\"canonical\" href=\"https:\/\/veritasinfo.org\/?p=22210\" \/>\n<meta property=\"og:locale\" content=\"en_US\" \/>\n<meta property=\"og:type\" content=\"article\" \/>\n<meta property=\"og:title\" content=\"Gazetari kroat Margeti\u00e7 thot\u00eb se Vu\u00e7iq ishte i p\u00ebrfshir\u00eb n\u00eb vrasjet e ndodhura me snajper n\u00eb Sarajev\u00eb: Ishte organizatori -\" \/>\n<meta property=\"og:description\" content=\"Prishtin\u00eb, 29 n\u00ebntor 2025 19:39 Gazetari Domagoj Margeti\u00e7 ka folur ekskluzivisht p\u00ebr Balkan Talks n\u00eb Eurone\u00ebs Albania, mbi shkrimin investigativ p\u00ebr p\u00ebrfshirjen e presidentit serb\" \/>\n<meta property=\"og:url\" content=\"https:\/\/veritasinfo.org\/?p=22210\" \/>\n<meta property=\"article:published_time\" content=\"2025-11-29T18:40:22+00:00\" \/>\n<meta property=\"og:image\" content=\"https:\/\/veritasinfo.org\/wp-content\/uploads\/2025\/11\/vucic.png\" \/>\n\t<meta property=\"og:image:width\" content=\"717\" \/>\n\t<meta property=\"og:image:height\" content=\"437\" \/>\n\t<meta property=\"og:image:type\" content=\"image\/png\" \/>\n<meta name=\"author\" content=\"US6\" \/>\n<meta name=\"twitter:card\" content=\"summary_large_image\" \/>\n<meta name=\"twitter:label1\" content=\"Written by\" \/>\n\t<meta name=\"twitter:data1\" content=\"US6\" \/>\n\t<meta name=\"twitter:label2\" content=\"Est. reading time\" \/>\n\t<meta name=\"twitter:data2\" content=\"2 minutes\" \/>\n<script type=\"application\/ld+json\" class=\"yoast-schema-graph\">{\"@context\":\"https:\/\/schema.org\",\"@graph\":[{\"@type\":\"WebPage\",\"@id\":\"https:\/\/veritasinfo.org\/?p=22210\",\"url\":\"https:\/\/veritasinfo.org\/?p=22210\",\"name\":\"Gazetari kroat Margeti\u00e7 thot\u00eb se Vu\u00e7iq ishte i p\u00ebrfshir\u00eb n\u00eb vrasjet e ndodhura me snajper n\u00eb Sarajev\u00eb: Ishte organizatori -\",\"isPartOf\":{\"@id\":\"https:\/\/veritasinfo.org\/#website\"},\"primaryImageOfPage\":{\"@id\":\"https:\/\/veritasinfo.org\/?p=22210#primaryimage\"},\"image\":{\"@id\":\"https:\/\/veritasinfo.org\/?p=22210#primaryimage\"},\"thumbnailUrl\":\"https:\/\/veritasinfo.org\/wp-content\/uploads\/2025\/11\/vucic.png\",\"datePublished\":\"2025-11-29T18:40:22+00:00\",\"author\":{\"@id\":\"https:\/\/veritasinfo.org\/#\/schema\/person\/fe199eede04c3937362892b7444747cc\"},\"breadcrumb\":{\"@id\":\"https:\/\/veritasinfo.org\/?p=22210#breadcrumb\"},\"inLanguage\":\"en-US\",\"potentialAction\":[{\"@type\":\"ReadAction\",\"target\":[\"https:\/\/veritasinfo.org\/?p=22210\"]}]},{\"@type\":\"ImageObject\",\"inLanguage\":\"en-US\",\"@id\":\"https:\/\/veritasinfo.org\/?p=22210#primaryimage\",\"url\":\"https:\/\/veritasinfo.org\/wp-content\/uploads\/2025\/11\/vucic.png\",\"contentUrl\":\"https:\/\/veritasinfo.org\/wp-content\/uploads\/2025\/11\/vucic.png\",\"width\":717,\"height\":437},{\"@type\":\"BreadcrumbList\",\"@id\":\"https:\/\/veritasinfo.org\/?p=22210#breadcrumb\",\"itemListElement\":[{\"@type\":\"ListItem\",\"position\":1,\"name\":\"Home\",\"item\":\"https:\/\/veritasinfo.org\/\"},{\"@type\":\"ListItem\",\"position\":2,\"name\":\"Gazetari kroat Margeti\u00e7 thot\u00eb se Vu\u00e7iq ishte i p\u00ebrfshir\u00eb n\u00eb vrasjet e ndodhura me snajper n\u00eb Sarajev\u00eb: Ishte organizatori\"}]},{\"@type\":\"WebSite\",\"@id\":\"https:\/\/veritasinfo.org\/#website\",\"url\":\"https:\/\/veritasinfo.org\/\",\"name\":\"\",\"description\":\"\",\"potentialAction\":[{\"@type\":\"SearchAction\",\"target\":{\"@type\":\"EntryPoint\",\"urlTemplate\":\"https:\/\/veritasinfo.org\/?s={search_term_string}\"},\"query-input\":{\"@type\":\"PropertyValueSpecification\",\"valueRequired\":true,\"valueName\":\"search_term_string\"}}],\"inLanguage\":\"en-US\"},{\"@type\":\"Person\",\"@id\":\"https:\/\/veritasinfo.org\/#\/schema\/person\/fe199eede04c3937362892b7444747cc\",\"name\":\"US6\",\"image\":{\"@type\":\"ImageObject\",\"inLanguage\":\"en-US\",\"@id\":\"https:\/\/veritasinfo.org\/#\/schema\/person\/image\/\",\"url\":\"https:\/\/secure.gravatar.com\/avatar\/cb16c3c31c9d23b9b8c705964598220b3014e42ff51eb540ff23cefa3ae8c15f?s=96&d=mm&r=g\",\"contentUrl\":\"https:\/\/secure.gravatar.com\/avatar\/cb16c3c31c9d23b9b8c705964598220b3014e42ff51eb540ff23cefa3ae8c15f?s=96&d=mm&r=g\",\"caption\":\"US6\"},\"url\":\"https:\/\/veritasinfo.org\/?author=7\"}]}<\/script>\n<!-- \/ Yoast SEO plugin. -->","yoast_head_json":{"title":"Gazetari kroat Margeti\u00e7 thot\u00eb se Vu\u00e7iq ishte i p\u00ebrfshir\u00eb n\u00eb vrasjet e ndodhura me snajper n\u00eb Sarajev\u00eb: Ishte organizatori -","robots":{"index":"index","follow":"follow","max-snippet":"max-snippet:-1","max-image-preview":"max-image-preview:large","max-video-preview":"max-video-preview:-1"},"canonical":"https:\/\/veritasinfo.org\/?p=22210","og_locale":"en_US","og_type":"article","og_title":"Gazetari kroat Margeti\u00e7 thot\u00eb se Vu\u00e7iq ishte i p\u00ebrfshir\u00eb n\u00eb vrasjet e ndodhura me snajper n\u00eb Sarajev\u00eb: Ishte organizatori -","og_description":"Prishtin\u00eb, 29 n\u00ebntor 2025 19:39 Gazetari Domagoj Margeti\u00e7 ka folur ekskluzivisht p\u00ebr Balkan Talks n\u00eb Eurone\u00ebs Albania, mbi shkrimin investigativ p\u00ebr p\u00ebrfshirjen e presidentit serb","og_url":"https:\/\/veritasinfo.org\/?p=22210","article_published_time":"2025-11-29T18:40:22+00:00","og_image":[{"width":717,"height":437,"url":"https:\/\/veritasinfo.org\/wp-content\/uploads\/2025\/11\/vucic.png","type":"image\/png"}],"author":"US6","twitter_card":"summary_large_image","twitter_misc":{"Written by":"US6","Est. reading time":"2 minutes"},"schema":{"@context":"https:\/\/schema.org","@graph":[{"@type":"WebPage","@id":"https:\/\/veritasinfo.org\/?p=22210","url":"https:\/\/veritasinfo.org\/?p=22210","name":"Gazetari kroat Margeti\u00e7 thot\u00eb se Vu\u00e7iq ishte i p\u00ebrfshir\u00eb n\u00eb vrasjet e ndodhura me snajper n\u00eb Sarajev\u00eb: Ishte organizatori -","isPartOf":{"@id":"https:\/\/veritasinfo.org\/#website"},"primaryImageOfPage":{"@id":"https:\/\/veritasinfo.org\/?p=22210#primaryimage"},"image":{"@id":"https:\/\/veritasinfo.org\/?p=22210#primaryimage"},"thumbnailUrl":"https:\/\/veritasinfo.org\/wp-content\/uploads\/2025\/11\/vucic.png","datePublished":"2025-11-29T18:40:22+00:00","author":{"@id":"https:\/\/veritasinfo.org\/#\/schema\/person\/fe199eede04c3937362892b7444747cc"},"breadcrumb":{"@id":"https:\/\/veritasinfo.org\/?p=22210#breadcrumb"},"inLanguage":"en-US","potentialAction":[{"@type":"ReadAction","target":["https:\/\/veritasinfo.org\/?p=22210"]}]},{"@type":"ImageObject","inLanguage":"en-US","@id":"https:\/\/veritasinfo.org\/?p=22210#primaryimage","url":"https:\/\/veritasinfo.org\/wp-content\/uploads\/2025\/11\/vucic.png","contentUrl":"https:\/\/veritasinfo.org\/wp-content\/uploads\/2025\/11\/vucic.png","width":717,"height":437},{"@type":"BreadcrumbList","@id":"https:\/\/veritasinfo.org\/?p=22210#breadcrumb","itemListElement":[{"@type":"ListItem","position":1,"name":"Home","item":"https:\/\/veritasinfo.org\/"},{"@type":"ListItem","position":2,"name":"Gazetari kroat Margeti\u00e7 thot\u00eb se Vu\u00e7iq ishte i p\u00ebrfshir\u00eb n\u00eb vrasjet e ndodhura me snajper n\u00eb Sarajev\u00eb: Ishte organizatori"}]},{"@type":"WebSite","@id":"https:\/\/veritasinfo.org\/#website","url":"https:\/\/veritasinfo.org\/","name":"","description":"","potentialAction":[{"@type":"SearchAction","target":{"@type":"EntryPoint","urlTemplate":"https:\/\/veritasinfo.org\/?s={search_term_string}"},"query-input":{"@type":"PropertyValueSpecification","valueRequired":true,"valueName":"search_term_string"}}],"inLanguage":"en-US"},{"@type":"Person","@id":"https:\/\/veritasinfo.org\/#\/schema\/person\/fe199eede04c3937362892b7444747cc","name":"US6","image":{"@type":"ImageObject","inLanguage":"en-US","@id":"https:\/\/veritasinfo.org\/#\/schema\/person\/image\/","url":"https:\/\/secure.gravatar.com\/avatar\/cb16c3c31c9d23b9b8c705964598220b3014e42ff51eb540ff23cefa3ae8c15f?s=96&d=mm&r=g","contentUrl":"https:\/\/secure.gravatar.com\/avatar\/cb16c3c31c9d23b9b8c705964598220b3014e42ff51eb540ff23cefa3ae8c15f?s=96&d=mm&r=g","caption":"US6"},"url":"https:\/\/veritasinfo.org\/?author=7"}]}},"featured_image_urls":{"full":["https:\/\/veritasinfo.org\/wp-content\/uploads\/2025\/11\/vucic.png",717,437,false],"thumbnail":["https:\/\/veritasinfo.org\/wp-content\/uploads\/2025\/11\/vucic-150x150.png",150,150,true],"medium":["https:\/\/veritasinfo.org\/wp-content\/uploads\/2025\/11\/vucic-300x183.png",300,183,true],"medium_large":["https:\/\/veritasinfo.org\/wp-content\/uploads\/2025\/11\/vucic.png",640,390,false],"large":["https:\/\/veritasinfo.org\/wp-content\/uploads\/2025\/11\/vucic.png",640,390,false],"1536x1536":["https:\/\/veritasinfo.org\/wp-content\/uploads\/2025\/11\/vucic.png",717,437,false],"2048x2048":["https:\/\/veritasinfo.org\/wp-content\/uploads\/2025\/11\/vucic.png",717,437,false],"kreeti-slider-full":["https:\/\/veritasinfo.org\/wp-content\/uploads\/2025\/11\/vucic.png",717,437,false],"kreeti-featured":["https:\/\/veritasinfo.org\/wp-content\/uploads\/2025\/11\/vucic.png",717,437,false],"kreeti-medium":["https:\/\/veritasinfo.org\/wp-content\/uploads\/2025\/11\/vucic.png",717,437,false],"kreeti-medium-square":["https:\/\/veritasinfo.org\/wp-content\/uploads\/2025\/11\/vucic.png",350,213,false]},"author_info":{"info":["US6"]},"category_info":"<a href=\"https:\/\/veritasinfo.org\/?cat=58\" rel=\"category\">Politik\u00eb<\/a>","tag_info":"Politik\u00eb","comment_count":"0","_links":{"self":[{"href":"https:\/\/veritasinfo.org\/index.php?rest_route=\/wp\/v2\/posts\/22210","targetHints":{"allow":["GET"]}}],"collection":[{"href":"https:\/\/veritasinfo.org\/index.php?rest_route=\/wp\/v2\/posts"}],"about":[{"href":"https:\/\/veritasinfo.org\/index.php?rest_route=\/wp\/v2\/types\/post"}],"author":[{"embeddable":true,"href":"https:\/\/veritasinfo.org\/index.php?rest_route=\/wp\/v2\/users\/7"}],"replies":[{"embeddable":true,"href":"https:\/\/veritasinfo.org\/index.php?rest_route=%2Fwp%2Fv2%2Fcomments&post=22210"}],"version-history":[{"count":1,"href":"https:\/\/veritasinfo.org\/index.php?rest_route=\/wp\/v2\/posts\/22210\/revisions"}],"predecessor-version":[{"id":22212,"href":"https:\/\/veritasinfo.org\/index.php?rest_route=\/wp\/v2\/posts\/22210\/revisions\/22212"}],"wp:featuredmedia":[{"embeddable":true,"href":"https:\/\/veritasinfo.org\/index.php?rest_route=\/wp\/v2\/media\/22211"}],"wp:attachment":[{"href":"https:\/\/veritasinfo.org\/index.php?rest_route=%2Fwp%2Fv2%2Fmedia&parent=22210"}],"wp:term":[{"taxonomy":"category","embeddable":true,"href":"https:\/\/veritasinfo.org\/index.php?rest_route=%2Fwp%2Fv2%2Fcategories&post=22210"},{"taxonomy":"post_tag","embeddable":true,"href":"https:\/\/veritasinfo.org\/index.php?rest_route=%2Fwp%2Fv2%2Ftags&post=22210"}],"curies":[{"name":"wp","href":"https:\/\/api.w.org\/{rel}","templated":true}]}}