{"id":22205,"date":"2025-11-29T19:23:59","date_gmt":"2025-11-29T18:23:59","guid":{"rendered":"https:\/\/veritasinfo.org\/?p=22205"},"modified":"2025-11-29T19:23:59","modified_gmt":"2025-11-29T18:23:59","slug":"kqz-deri-me-30-nentor-eshte-afati-per-regjistrimin-e-koalicioneve-per-28-dhjetor","status":"publish","type":"post","link":"https:\/\/veritasinfo.org\/?p=22205","title":{"rendered":"KQZ: Deri m\u00eb 30 n\u00ebntor \u00ebsht\u00eb afati p\u00ebr regjistrimin e koalicioneve p\u00ebr 28 dhjetor"},"content":{"rendered":"<p>Prishtin\u00eb, 29 n\u00ebntor 2025 19:23<\/p>\n<p>Komisioni Qendror i Zgjedhjeve ka b\u00ebr\u00eb t\u00eb ditur se \u00ebsht\u00eb duke vazhduar afati p\u00ebr partit\u00eb politike t\u00eb regjistruara p\u00ebr t\u00eb njoftuar KQZ-n\u00eb se n\u00eb zgjedhjet e parakohshme do t\u00eb marrin pjes\u00eb p\u00ebrmes koalicionit.<\/p>\n<p>Nga KQZ-ja pohuan se kjo periudh\u00eb, e cila ka filluar m\u00eb 24 n\u00ebntor, do t\u00eb p\u00ebrfundoj\u00eb m\u00eb 30 n\u00ebntor 2025.<\/p>\n<p>\u201cDeri m\u00eb tani (e shtun\u00eb, 29 n\u00ebntor 2025, ora 13:00), KQZ, respektivisht Zyra p\u00ebr Regjistrim, Certifikim dhe Kontrollin Financiar t\u00eb Subjekteve Politike \u00ebsht\u00eb njoftuar p\u00ebr formimin e dy koalicioneve p\u00ebr pjes\u00ebmarrje n\u00eb zgjedhje, si n\u00eb vijim: \u201cPAI \u2013 PDAK \u2013 LPB\u201d, i p\u00ebrb\u00ebr\u00eb nga 3 parti politike: Partia e Ashkalinj\u00ebve p\u00ebr Integrim (PAI), Partia Demokratike e Ashkanlive t\u00eb Kosov\u00ebs (PDAK) dhe L\u00ebvizja p\u00ebr Bashk\u00ebveprim (LPB)\u201d.<\/p>\n<p>\u201cKoalicioni VAKAT, i p\u00ebrb\u00ebr\u00eb nga 3 parti politike: Demokratska Stranka Bo\u0161njaka (DSB), Bo\u0161nja\u010dka Stranka Kosova (BS-K) dhe Demokratska Stranka Vatan (DSV)\u201d, thuhet n\u00eb njoftim.<\/p>\n<p>KQZ thekson se koalicioni mund t\u00eb nd\u00ebrtohet nga s\u00eb paku dy parti politike. Partia politike nuk mund t\u00eb t\u00ebrhiqet nga koalicioni pasi t\u00eb jete certifikuar deri sa rezultati i zgjedhjeve t\u00eb certifikohet nga ana e KQZ-s\u00eb.<\/p>\n<p>N\u00eb fund theksohet se gjithashtu partia politike e cila \u00ebsht\u00eb an\u00ebtare e koalicionit nuk mund t\u00eb marr pjes\u00eb si an\u00ebtare n\u00eb nj\u00eb koalicion tjet\u00ebr apo edhe si parti e ve\u00e7ant\u00eb n\u00eb t\u00eb nj\u00ebjtat zgjedhje.<\/p>\n<p>&nbsp;<\/p>\n","protected":false},"excerpt":{"rendered":"<p>Prishtin\u00eb, 29 n\u00ebntor 2025 19:23 Komisioni Qendror i Zgjedhjeve ka b\u00ebr\u00eb t\u00eb ditur se \u00ebsht\u00eb duke vazhduar afati p\u00ebr partit\u00eb politike t\u00eb regjistruara p\u00ebr t\u00eb<\/p>\n","protected":false},"author":7,"featured_media":22206,"comment_status":"open","ping_status":"open","sticky":false,"template":"","format":"standard","meta":{"footnotes":""},"categories":[8],"tags":[],"class_list":["post-22205","post","type-post","status-publish","format-standard","has-post-thumbnail","hentry","category-blog-sq"],"yoast_head":"<!-- This site is optimized with the Yoast SEO plugin v25.3.1 - https:\/\/yoast.com\/wordpress\/plugins\/seo\/ -->\n<title>KQZ: Deri m\u00eb 30 n\u00ebntor \u00ebsht\u00eb afati p\u00ebr regjistrimin e koalicioneve p\u00ebr 28 dhjetor -<\/title>\n<meta name=\"robots\" content=\"index, follow, max-snippet:-1, max-image-preview:large, max-video-preview:-1\" \/>\n<link rel=\"canonical\" href=\"https:\/\/veritasinfo.org\/?p=22205\" \/>\n<meta property=\"og:locale\" content=\"en_US\" \/>\n<meta property=\"og:type\" content=\"article\" \/>\n<meta property=\"og:title\" content=\"KQZ: Deri m\u00eb 30 n\u00ebntor \u00ebsht\u00eb afati p\u00ebr regjistrimin e koalicioneve p\u00ebr 28 dhjetor -\" \/>\n<meta property=\"og:description\" content=\"Prishtin\u00eb, 29 n\u00ebntor 2025 19:23 Komisioni Qendror i Zgjedhjeve ka b\u00ebr\u00eb t\u00eb ditur se \u00ebsht\u00eb duke vazhduar afati p\u00ebr partit\u00eb politike t\u00eb regjistruara p\u00ebr t\u00eb\" \/>\n<meta property=\"og:url\" content=\"https:\/\/veritasinfo.org\/?p=22205\" \/>\n<meta property=\"article:published_time\" content=\"2025-11-29T18:23:59+00:00\" \/>\n<meta property=\"og:image\" content=\"https:\/\/veritasinfo.org\/wp-content\/uploads\/2025\/11\/KQZ-1.png\" \/>\n\t<meta property=\"og:image:width\" content=\"900\" \/>\n\t<meta property=\"og:image:height\" content=\"570\" \/>\n\t<meta property=\"og:image:type\" content=\"image\/png\" \/>\n<meta name=\"author\" content=\"US6\" \/>\n<meta name=\"twitter:card\" content=\"summary_large_image\" \/>\n<meta name=\"twitter:label1\" content=\"Written by\" \/>\n\t<meta name=\"twitter:data1\" content=\"US6\" \/>\n\t<meta name=\"twitter:label2\" content=\"Est. reading time\" \/>\n\t<meta name=\"twitter:data2\" content=\"2 minutes\" \/>\n<script type=\"application\/ld+json\" class=\"yoast-schema-graph\">{\"@context\":\"https:\/\/schema.org\",\"@graph\":[{\"@type\":\"WebPage\",\"@id\":\"https:\/\/veritasinfo.org\/?p=22205\",\"url\":\"https:\/\/veritasinfo.org\/?p=22205\",\"name\":\"KQZ: Deri m\u00eb 30 n\u00ebntor \u00ebsht\u00eb afati p\u00ebr regjistrimin e koalicioneve p\u00ebr 28 dhjetor -\",\"isPartOf\":{\"@id\":\"https:\/\/veritasinfo.org\/#website\"},\"primaryImageOfPage\":{\"@id\":\"https:\/\/veritasinfo.org\/?p=22205#primaryimage\"},\"image\":{\"@id\":\"https:\/\/veritasinfo.org\/?p=22205#primaryimage\"},\"thumbnailUrl\":\"https:\/\/veritasinfo.org\/wp-content\/uploads\/2025\/11\/KQZ-1.png\",\"datePublished\":\"2025-11-29T18:23:59+00:00\",\"author\":{\"@id\":\"https:\/\/veritasinfo.org\/#\/schema\/person\/fe199eede04c3937362892b7444747cc\"},\"breadcrumb\":{\"@id\":\"https:\/\/veritasinfo.org\/?p=22205#breadcrumb\"},\"inLanguage\":\"en-US\",\"potentialAction\":[{\"@type\":\"ReadAction\",\"target\":[\"https:\/\/veritasinfo.org\/?p=22205\"]}]},{\"@type\":\"ImageObject\",\"inLanguage\":\"en-US\",\"@id\":\"https:\/\/veritasinfo.org\/?p=22205#primaryimage\",\"url\":\"https:\/\/veritasinfo.org\/wp-content\/uploads\/2025\/11\/KQZ-1.png\",\"contentUrl\":\"https:\/\/veritasinfo.org\/wp-content\/uploads\/2025\/11\/KQZ-1.png\",\"width\":900,\"height\":570},{\"@type\":\"BreadcrumbList\",\"@id\":\"https:\/\/veritasinfo.org\/?p=22205#breadcrumb\",\"itemListElement\":[{\"@type\":\"ListItem\",\"position\":1,\"name\":\"Home\",\"item\":\"https:\/\/veritasinfo.org\/\"},{\"@type\":\"ListItem\",\"position\":2,\"name\":\"KQZ: Deri m\u00eb 30 n\u00ebntor \u00ebsht\u00eb afati p\u00ebr regjistrimin e koalicioneve p\u00ebr 28 dhjetor\"}]},{\"@type\":\"WebSite\",\"@id\":\"https:\/\/veritasinfo.org\/#website\",\"url\":\"https:\/\/veritasinfo.org\/\",\"name\":\"\",\"description\":\"\",\"potentialAction\":[{\"@type\":\"SearchAction\",\"target\":{\"@type\":\"EntryPoint\",\"urlTemplate\":\"https:\/\/veritasinfo.org\/?s={search_term_string}\"},\"query-input\":{\"@type\":\"PropertyValueSpecification\",\"valueRequired\":true,\"valueName\":\"search_term_string\"}}],\"inLanguage\":\"en-US\"},{\"@type\":\"Person\",\"@id\":\"https:\/\/veritasinfo.org\/#\/schema\/person\/fe199eede04c3937362892b7444747cc\",\"name\":\"US6\",\"image\":{\"@type\":\"ImageObject\",\"inLanguage\":\"en-US\",\"@id\":\"https:\/\/veritasinfo.org\/#\/schema\/person\/image\/\",\"url\":\"https:\/\/secure.gravatar.com\/avatar\/cb16c3c31c9d23b9b8c705964598220b3014e42ff51eb540ff23cefa3ae8c15f?s=96&d=mm&r=g\",\"contentUrl\":\"https:\/\/secure.gravatar.com\/avatar\/cb16c3c31c9d23b9b8c705964598220b3014e42ff51eb540ff23cefa3ae8c15f?s=96&d=mm&r=g\",\"caption\":\"US6\"},\"url\":\"https:\/\/veritasinfo.org\/?author=7\"}]}<\/script>\n<!-- \/ Yoast SEO plugin. -->","yoast_head_json":{"title":"KQZ: Deri m\u00eb 30 n\u00ebntor \u00ebsht\u00eb afati p\u00ebr regjistrimin e koalicioneve p\u00ebr 28 dhjetor -","robots":{"index":"index","follow":"follow","max-snippet":"max-snippet:-1","max-image-preview":"max-image-preview:large","max-video-preview":"max-video-preview:-1"},"canonical":"https:\/\/veritasinfo.org\/?p=22205","og_locale":"en_US","og_type":"article","og_title":"KQZ: Deri m\u00eb 30 n\u00ebntor \u00ebsht\u00eb afati p\u00ebr regjistrimin e koalicioneve p\u00ebr 28 dhjetor -","og_description":"Prishtin\u00eb, 29 n\u00ebntor 2025 19:23 Komisioni Qendror i Zgjedhjeve ka b\u00ebr\u00eb t\u00eb ditur se \u00ebsht\u00eb duke vazhduar afati p\u00ebr partit\u00eb politike t\u00eb regjistruara p\u00ebr t\u00eb","og_url":"https:\/\/veritasinfo.org\/?p=22205","article_published_time":"2025-11-29T18:23:59+00:00","og_image":[{"width":900,"height":570,"url":"https:\/\/veritasinfo.org\/wp-content\/uploads\/2025\/11\/KQZ-1.png","type":"image\/png"}],"author":"US6","twitter_card":"summary_large_image","twitter_misc":{"Written by":"US6","Est. reading time":"2 minutes"},"schema":{"@context":"https:\/\/schema.org","@graph":[{"@type":"WebPage","@id":"https:\/\/veritasinfo.org\/?p=22205","url":"https:\/\/veritasinfo.org\/?p=22205","name":"KQZ: Deri m\u00eb 30 n\u00ebntor \u00ebsht\u00eb afati p\u00ebr regjistrimin e koalicioneve p\u00ebr 28 dhjetor -","isPartOf":{"@id":"https:\/\/veritasinfo.org\/#website"},"primaryImageOfPage":{"@id":"https:\/\/veritasinfo.org\/?p=22205#primaryimage"},"image":{"@id":"https:\/\/veritasinfo.org\/?p=22205#primaryimage"},"thumbnailUrl":"https:\/\/veritasinfo.org\/wp-content\/uploads\/2025\/11\/KQZ-1.png","datePublished":"2025-11-29T18:23:59+00:00","author":{"@id":"https:\/\/veritasinfo.org\/#\/schema\/person\/fe199eede04c3937362892b7444747cc"},"breadcrumb":{"@id":"https:\/\/veritasinfo.org\/?p=22205#breadcrumb"},"inLanguage":"en-US","potentialAction":[{"@type":"ReadAction","target":["https:\/\/veritasinfo.org\/?p=22205"]}]},{"@type":"ImageObject","inLanguage":"en-US","@id":"https:\/\/veritasinfo.org\/?p=22205#primaryimage","url":"https:\/\/veritasinfo.org\/wp-content\/uploads\/2025\/11\/KQZ-1.png","contentUrl":"https:\/\/veritasinfo.org\/wp-content\/uploads\/2025\/11\/KQZ-1.png","width":900,"height":570},{"@type":"BreadcrumbList","@id":"https:\/\/veritasinfo.org\/?p=22205#breadcrumb","itemListElement":[{"@type":"ListItem","position":1,"name":"Home","item":"https:\/\/veritasinfo.org\/"},{"@type":"ListItem","position":2,"name":"KQZ: Deri m\u00eb 30 n\u00ebntor \u00ebsht\u00eb afati p\u00ebr regjistrimin e koalicioneve p\u00ebr 28 dhjetor"}]},{"@type":"WebSite","@id":"https:\/\/veritasinfo.org\/#website","url":"https:\/\/veritasinfo.org\/","name":"","description":"","potentialAction":[{"@type":"SearchAction","target":{"@type":"EntryPoint","urlTemplate":"https:\/\/veritasinfo.org\/?s={search_term_string}"},"query-input":{"@type":"PropertyValueSpecification","valueRequired":true,"valueName":"search_term_string"}}],"inLanguage":"en-US"},{"@type":"Person","@id":"https:\/\/veritasinfo.org\/#\/schema\/person\/fe199eede04c3937362892b7444747cc","name":"US6","image":{"@type":"ImageObject","inLanguage":"en-US","@id":"https:\/\/veritasinfo.org\/#\/schema\/person\/image\/","url":"https:\/\/secure.gravatar.com\/avatar\/cb16c3c31c9d23b9b8c705964598220b3014e42ff51eb540ff23cefa3ae8c15f?s=96&d=mm&r=g","contentUrl":"https:\/\/secure.gravatar.com\/avatar\/cb16c3c31c9d23b9b8c705964598220b3014e42ff51eb540ff23cefa3ae8c15f?s=96&d=mm&r=g","caption":"US6"},"url":"https:\/\/veritasinfo.org\/?author=7"}]}},"featured_image_urls":{"full":["https:\/\/veritasinfo.org\/wp-content\/uploads\/2025\/11\/KQZ-1.png",900,570,false],"thumbnail":["https:\/\/veritasinfo.org\/wp-content\/uploads\/2025\/11\/KQZ-1-150x150.png",150,150,true],"medium":["https:\/\/veritasinfo.org\/wp-content\/uploads\/2025\/11\/KQZ-1-300x190.png",300,190,true],"medium_large":["https:\/\/veritasinfo.org\/wp-content\/uploads\/2025\/11\/KQZ-1-768x486.png",640,405,true],"large":["https:\/\/veritasinfo.org\/wp-content\/uploads\/2025\/11\/KQZ-1.png",640,405,false],"1536x1536":["https:\/\/veritasinfo.org\/wp-content\/uploads\/2025\/11\/KQZ-1.png",900,570,false],"2048x2048":["https:\/\/veritasinfo.org\/wp-content\/uploads\/2025\/11\/KQZ-1.png",900,570,false],"kreeti-slider-full":["https:\/\/veritasinfo.org\/wp-content\/uploads\/2025\/11\/KQZ-1.png",900,570,false],"kreeti-featured":["https:\/\/veritasinfo.org\/wp-content\/uploads\/2025\/11\/KQZ-1.png",900,570,false],"kreeti-medium":["https:\/\/veritasinfo.org\/wp-content\/uploads\/2025\/11\/KQZ-1.png",720,456,false],"kreeti-medium-square":["https:\/\/veritasinfo.org\/wp-content\/uploads\/2025\/11\/KQZ-1.png",350,222,false]},"author_info":{"info":["US6"]},"category_info":"<a href=\"https:\/\/veritasinfo.org\/?cat=8\" rel=\"category\">Zgjedhjet parlamentare 2025<\/a>","tag_info":"Zgjedhjet parlamentare 2025","comment_count":"0","_links":{"self":[{"href":"https:\/\/veritasinfo.org\/index.php?rest_route=\/wp\/v2\/posts\/22205","targetHints":{"allow":["GET"]}}],"collection":[{"href":"https:\/\/veritasinfo.org\/index.php?rest_route=\/wp\/v2\/posts"}],"about":[{"href":"https:\/\/veritasinfo.org\/index.php?rest_route=\/wp\/v2\/types\/post"}],"author":[{"embeddable":true,"href":"https:\/\/veritasinfo.org\/index.php?rest_route=\/wp\/v2\/users\/7"}],"replies":[{"embeddable":true,"href":"https:\/\/veritasinfo.org\/index.php?rest_route=%2Fwp%2Fv2%2Fcomments&post=22205"}],"version-history":[{"count":1,"href":"https:\/\/veritasinfo.org\/index.php?rest_route=\/wp\/v2\/posts\/22205\/revisions"}],"predecessor-version":[{"id":22207,"href":"https:\/\/veritasinfo.org\/index.php?rest_route=\/wp\/v2\/posts\/22205\/revisions\/22207"}],"wp:featuredmedia":[{"embeddable":true,"href":"https:\/\/veritasinfo.org\/index.php?rest_route=\/wp\/v2\/media\/22206"}],"wp:attachment":[{"href":"https:\/\/veritasinfo.org\/index.php?rest_route=%2Fwp%2Fv2%2Fmedia&parent=22205"}],"wp:term":[{"taxonomy":"category","embeddable":true,"href":"https:\/\/veritasinfo.org\/index.php?rest_route=%2Fwp%2Fv2%2Fcategories&post=22205"},{"taxonomy":"post_tag","embeddable":true,"href":"https:\/\/veritasinfo.org\/index.php?rest_route=%2Fwp%2Fv2%2Ftags&post=22205"}],"curies":[{"name":"wp","href":"https:\/\/api.w.org\/{rel}","templated":true}]}}