{"id":22200,"date":"2025-11-29T17:32:18","date_gmt":"2025-11-29T16:32:18","guid":{"rendered":"https:\/\/veritasinfo.org\/?p=22200"},"modified":"2025-11-29T17:32:18","modified_gmt":"2025-11-29T16:32:18","slug":"sorensenit-do-ti-zgjatet-mandati-edhe-per-dy-vjet-si-ndermjetes-ne-dialogun-kosove-serbi","status":"publish","type":"post","link":"https:\/\/veritasinfo.org\/?p=22200","title":{"rendered":"Sorensenit do t\u2019i zgjatet mandati edhe p\u00ebr dy vjet si nd\u00ebrmjet\u00ebs n\u00eb dialogun Kosov\u00eb\u2013Serbi"},"content":{"rendered":"<p>Prishtin\u00eb 29 N\u00ebntor 2025 17:30<\/p>\n<p>Shtetet an\u00ebtare t\u00eb Bashkimit Evropian jan\u00eb pajtuar q\u00eb emisarit evropian p\u00ebr dialog, Peter Sorensen, t\u2019i vazhdohet mandati, n\u00eb p\u00ebrputhje me rekomandimin e shefes s\u00eb diplomacis\u00eb evropiane, Kaja Kallas.<\/p>\n<p>K\u00ebt\u00eb e kan\u00eb konfirmuar burime diplomatike n\u00eb Bruksel, duke b\u00ebr\u00eb t\u00eb ditur se k\u00ebsaj radhe diplomatit danez Sorensen do t\u2019i zgjatet mandati p\u00ebr dy vjet shtes\u00eb.<\/p>\n<p>Mandati i tij i par\u00eb ishte 13-mujor dhe skadon n\u00eb fund t\u00eb muajit shkurt. Pranohet se nuk ka pasur shum\u00eb l\u00ebvizje n\u00eb proces, p\u00ebrve\u00e7 disa takimeve n\u00eb nivel t\u00eb kryenegociator\u00ebve. Megjithat\u00eb, mungesa e progresit n\u00eb procesin e normalizimit t\u00eb marr\u00ebdh\u00ebnieve u atribuohet kryesisht zhvillimeve t\u00eb brendshme politike, si n\u00eb Kosov\u00eb ashtu edhe n\u00eb Serbi.<\/p>\n<p>BE-ja tashm\u00eb ka konfirmuar se P\u00ebrfaq\u00ebsuesja e Lart\u00eb e p\u00ebr Politik\u00eb t\u00eb Jashtme dhe Siguri, Kaja Kallas, synon organizimin e nj\u00eb takimi n\u00eb nivel lider\u00ebsh, por vet\u00ebm kur t\u00eb krijohen kushtet e nevojshme p\u00ebr nj\u00eb takim t\u00eb till\u00eb.<\/p>\n<p>Bashkimi Evropian vazhdon t\u00eb insistoj\u00eb se progresi n\u00eb rrug\u00ebn evropiane, si p\u00ebr Kosov\u00ebn ashtu edhe p\u00ebr Serbin\u00eb, varet drejtp\u00ebrdrejt nga avancimi n\u00eb procesin e dialogut.<\/p>\n<p>N\u00eb takimin e dhjetorit t\u00eb ministrave evropian\u00eb, pritet t\u2019u rikujtohet pal\u00ebve se, n\u00eb munges\u00eb t\u00eb p\u00ebrparimit n\u00eb normalizimin e marr\u00ebdh\u00ebnieve, ato rrezikojn\u00eb t\u00eb humbasin mund\u00ebsi t\u00eb r\u00ebnd\u00ebsishme.<\/p>\n<p>Pavar\u00ebsisht munges\u00ebs s\u00eb takimeve n\u00eb nivelin m\u00eb t\u00eb lart\u00eb politik, Bashkimi Evropian vazhdon t\u2019u k\u00ebrkoj\u00eb Kosov\u00ebs dhe Serbis\u00eb p\u00ebrmbushjen e t\u00eb gjitha detyrimeve t\u00eb dala nga dialogu dhe zbatimin e marr\u00ebveshjes s\u00eb vitit 2023, t\u00eb arritur mes lider\u00ebve n\u00eb Oh\u00ebr.<\/p>\n","protected":false},"excerpt":{"rendered":"<p>Prishtin\u00eb 29 N\u00ebntor 2025 17:30 Shtetet an\u00ebtare t\u00eb Bashkimit Evropian jan\u00eb pajtuar q\u00eb emisarit evropian p\u00ebr dialog, Peter Sorensen, t\u2019i vazhdohet mandati, n\u00eb p\u00ebrputhje me<\/p>\n","protected":false},"author":6,"featured_media":22201,"comment_status":"open","ping_status":"open","sticky":false,"template":"","format":"standard","meta":{"footnotes":""},"categories":[58],"tags":[],"class_list":["post-22200","post","type-post","status-publish","format-standard","has-post-thumbnail","hentry","category-politike-sq"],"yoast_head":"<!-- This site is optimized with the Yoast SEO plugin v25.3.1 - https:\/\/yoast.com\/wordpress\/plugins\/seo\/ -->\n<title>Sorensenit do t\u2019i zgjatet mandati edhe p\u00ebr dy vjet si nd\u00ebrmjet\u00ebs n\u00eb dialogun Kosov\u00eb\u2013Serbi -<\/title>\n<meta name=\"robots\" content=\"index, follow, max-snippet:-1, max-image-preview:large, max-video-preview:-1\" \/>\n<link rel=\"canonical\" href=\"https:\/\/veritasinfo.org\/?p=22200\" \/>\n<meta property=\"og:locale\" content=\"en_US\" \/>\n<meta property=\"og:type\" content=\"article\" \/>\n<meta property=\"og:title\" content=\"Sorensenit do t\u2019i zgjatet mandati edhe p\u00ebr dy vjet si nd\u00ebrmjet\u00ebs n\u00eb dialogun Kosov\u00eb\u2013Serbi -\" \/>\n<meta property=\"og:description\" content=\"Prishtin\u00eb 29 N\u00ebntor 2025 17:30 Shtetet an\u00ebtare t\u00eb Bashkimit Evropian jan\u00eb pajtuar q\u00eb emisarit evropian p\u00ebr dialog, Peter Sorensen, t\u2019i vazhdohet mandati, n\u00eb p\u00ebrputhje me\" \/>\n<meta property=\"og:url\" content=\"https:\/\/veritasinfo.org\/?p=22200\" \/>\n<meta property=\"article:published_time\" content=\"2025-11-29T16:32:18+00:00\" \/>\n<meta property=\"og:image\" content=\"https:\/\/veritasinfo.org\/wp-content\/uploads\/2025\/11\/images-5.jpeg\" \/>\n\t<meta property=\"og:image:width\" content=\"738\" \/>\n\t<meta property=\"og:image:height\" content=\"416\" \/>\n\t<meta property=\"og:image:type\" content=\"image\/jpeg\" \/>\n<meta name=\"author\" content=\"US5\" \/>\n<meta name=\"twitter:card\" content=\"summary_large_image\" \/>\n<meta name=\"twitter:label1\" content=\"Written by\" \/>\n\t<meta name=\"twitter:data1\" content=\"US5\" \/>\n\t<meta name=\"twitter:label2\" content=\"Est. reading time\" \/>\n\t<meta name=\"twitter:data2\" content=\"1 minute\" \/>\n<script type=\"application\/ld+json\" class=\"yoast-schema-graph\">{\"@context\":\"https:\/\/schema.org\",\"@graph\":[{\"@type\":\"WebPage\",\"@id\":\"https:\/\/veritasinfo.org\/?p=22200\",\"url\":\"https:\/\/veritasinfo.org\/?p=22200\",\"name\":\"Sorensenit do t\u2019i zgjatet mandati edhe p\u00ebr dy vjet si nd\u00ebrmjet\u00ebs n\u00eb dialogun Kosov\u00eb\u2013Serbi -\",\"isPartOf\":{\"@id\":\"https:\/\/veritasinfo.org\/#website\"},\"primaryImageOfPage\":{\"@id\":\"https:\/\/veritasinfo.org\/?p=22200#primaryimage\"},\"image\":{\"@id\":\"https:\/\/veritasinfo.org\/?p=22200#primaryimage\"},\"thumbnailUrl\":\"https:\/\/veritasinfo.org\/wp-content\/uploads\/2025\/11\/images-5.jpeg\",\"datePublished\":\"2025-11-29T16:32:18+00:00\",\"author\":{\"@id\":\"https:\/\/veritasinfo.org\/#\/schema\/person\/bc442336e35414d04494ab8fb45db4c6\"},\"breadcrumb\":{\"@id\":\"https:\/\/veritasinfo.org\/?p=22200#breadcrumb\"},\"inLanguage\":\"en-US\",\"potentialAction\":[{\"@type\":\"ReadAction\",\"target\":[\"https:\/\/veritasinfo.org\/?p=22200\"]}]},{\"@type\":\"ImageObject\",\"inLanguage\":\"en-US\",\"@id\":\"https:\/\/veritasinfo.org\/?p=22200#primaryimage\",\"url\":\"https:\/\/veritasinfo.org\/wp-content\/uploads\/2025\/11\/images-5.jpeg\",\"contentUrl\":\"https:\/\/veritasinfo.org\/wp-content\/uploads\/2025\/11\/images-5.jpeg\",\"width\":738,\"height\":416},{\"@type\":\"BreadcrumbList\",\"@id\":\"https:\/\/veritasinfo.org\/?p=22200#breadcrumb\",\"itemListElement\":[{\"@type\":\"ListItem\",\"position\":1,\"name\":\"Home\",\"item\":\"https:\/\/veritasinfo.org\/\"},{\"@type\":\"ListItem\",\"position\":2,\"name\":\"Sorensenit do t\u2019i zgjatet mandati edhe p\u00ebr dy vjet si nd\u00ebrmjet\u00ebs n\u00eb dialogun Kosov\u00eb\u2013Serbi\"}]},{\"@type\":\"WebSite\",\"@id\":\"https:\/\/veritasinfo.org\/#website\",\"url\":\"https:\/\/veritasinfo.org\/\",\"name\":\"\",\"description\":\"\",\"potentialAction\":[{\"@type\":\"SearchAction\",\"target\":{\"@type\":\"EntryPoint\",\"urlTemplate\":\"https:\/\/veritasinfo.org\/?s={search_term_string}\"},\"query-input\":{\"@type\":\"PropertyValueSpecification\",\"valueRequired\":true,\"valueName\":\"search_term_string\"}}],\"inLanguage\":\"en-US\"},{\"@type\":\"Person\",\"@id\":\"https:\/\/veritasinfo.org\/#\/schema\/person\/bc442336e35414d04494ab8fb45db4c6\",\"name\":\"US5\",\"image\":{\"@type\":\"ImageObject\",\"inLanguage\":\"en-US\",\"@id\":\"https:\/\/veritasinfo.org\/#\/schema\/person\/image\/\",\"url\":\"https:\/\/secure.gravatar.com\/avatar\/16a61e7272a0c5d001121ebb9e60e925d5816e4ac1e443ed3e640d9a6ae55d0c?s=96&d=mm&r=g\",\"contentUrl\":\"https:\/\/secure.gravatar.com\/avatar\/16a61e7272a0c5d001121ebb9e60e925d5816e4ac1e443ed3e640d9a6ae55d0c?s=96&d=mm&r=g\",\"caption\":\"US5\"},\"url\":\"https:\/\/veritasinfo.org\/?author=6\"}]}<\/script>\n<!-- \/ Yoast SEO plugin. -->","yoast_head_json":{"title":"Sorensenit do t\u2019i zgjatet mandati edhe p\u00ebr dy vjet si nd\u00ebrmjet\u00ebs n\u00eb dialogun Kosov\u00eb\u2013Serbi -","robots":{"index":"index","follow":"follow","max-snippet":"max-snippet:-1","max-image-preview":"max-image-preview:large","max-video-preview":"max-video-preview:-1"},"canonical":"https:\/\/veritasinfo.org\/?p=22200","og_locale":"en_US","og_type":"article","og_title":"Sorensenit do t\u2019i zgjatet mandati edhe p\u00ebr dy vjet si nd\u00ebrmjet\u00ebs n\u00eb dialogun Kosov\u00eb\u2013Serbi -","og_description":"Prishtin\u00eb 29 N\u00ebntor 2025 17:30 Shtetet an\u00ebtare t\u00eb Bashkimit Evropian jan\u00eb pajtuar q\u00eb emisarit evropian p\u00ebr dialog, Peter Sorensen, t\u2019i vazhdohet mandati, n\u00eb p\u00ebrputhje me","og_url":"https:\/\/veritasinfo.org\/?p=22200","article_published_time":"2025-11-29T16:32:18+00:00","og_image":[{"width":738,"height":416,"url":"https:\/\/veritasinfo.org\/wp-content\/uploads\/2025\/11\/images-5.jpeg","type":"image\/jpeg"}],"author":"US5","twitter_card":"summary_large_image","twitter_misc":{"Written by":"US5","Est. reading time":"1 minute"},"schema":{"@context":"https:\/\/schema.org","@graph":[{"@type":"WebPage","@id":"https:\/\/veritasinfo.org\/?p=22200","url":"https:\/\/veritasinfo.org\/?p=22200","name":"Sorensenit do t\u2019i zgjatet mandati edhe p\u00ebr dy vjet si nd\u00ebrmjet\u00ebs n\u00eb dialogun Kosov\u00eb\u2013Serbi -","isPartOf":{"@id":"https:\/\/veritasinfo.org\/#website"},"primaryImageOfPage":{"@id":"https:\/\/veritasinfo.org\/?p=22200#primaryimage"},"image":{"@id":"https:\/\/veritasinfo.org\/?p=22200#primaryimage"},"thumbnailUrl":"https:\/\/veritasinfo.org\/wp-content\/uploads\/2025\/11\/images-5.jpeg","datePublished":"2025-11-29T16:32:18+00:00","author":{"@id":"https:\/\/veritasinfo.org\/#\/schema\/person\/bc442336e35414d04494ab8fb45db4c6"},"breadcrumb":{"@id":"https:\/\/veritasinfo.org\/?p=22200#breadcrumb"},"inLanguage":"en-US","potentialAction":[{"@type":"ReadAction","target":["https:\/\/veritasinfo.org\/?p=22200"]}]},{"@type":"ImageObject","inLanguage":"en-US","@id":"https:\/\/veritasinfo.org\/?p=22200#primaryimage","url":"https:\/\/veritasinfo.org\/wp-content\/uploads\/2025\/11\/images-5.jpeg","contentUrl":"https:\/\/veritasinfo.org\/wp-content\/uploads\/2025\/11\/images-5.jpeg","width":738,"height":416},{"@type":"BreadcrumbList","@id":"https:\/\/veritasinfo.org\/?p=22200#breadcrumb","itemListElement":[{"@type":"ListItem","position":1,"name":"Home","item":"https:\/\/veritasinfo.org\/"},{"@type":"ListItem","position":2,"name":"Sorensenit do t\u2019i zgjatet mandati edhe p\u00ebr dy vjet si nd\u00ebrmjet\u00ebs n\u00eb dialogun Kosov\u00eb\u2013Serbi"}]},{"@type":"WebSite","@id":"https:\/\/veritasinfo.org\/#website","url":"https:\/\/veritasinfo.org\/","name":"","description":"","potentialAction":[{"@type":"SearchAction","target":{"@type":"EntryPoint","urlTemplate":"https:\/\/veritasinfo.org\/?s={search_term_string}"},"query-input":{"@type":"PropertyValueSpecification","valueRequired":true,"valueName":"search_term_string"}}],"inLanguage":"en-US"},{"@type":"Person","@id":"https:\/\/veritasinfo.org\/#\/schema\/person\/bc442336e35414d04494ab8fb45db4c6","name":"US5","image":{"@type":"ImageObject","inLanguage":"en-US","@id":"https:\/\/veritasinfo.org\/#\/schema\/person\/image\/","url":"https:\/\/secure.gravatar.com\/avatar\/16a61e7272a0c5d001121ebb9e60e925d5816e4ac1e443ed3e640d9a6ae55d0c?s=96&d=mm&r=g","contentUrl":"https:\/\/secure.gravatar.com\/avatar\/16a61e7272a0c5d001121ebb9e60e925d5816e4ac1e443ed3e640d9a6ae55d0c?s=96&d=mm&r=g","caption":"US5"},"url":"https:\/\/veritasinfo.org\/?author=6"}]}},"featured_image_urls":{"full":["https:\/\/veritasinfo.org\/wp-content\/uploads\/2025\/11\/images-5.jpeg",738,416,false],"thumbnail":["https:\/\/veritasinfo.org\/wp-content\/uploads\/2025\/11\/images-5-150x150.jpeg",150,150,true],"medium":["https:\/\/veritasinfo.org\/wp-content\/uploads\/2025\/11\/images-5-300x169.jpeg",300,169,true],"medium_large":["https:\/\/veritasinfo.org\/wp-content\/uploads\/2025\/11\/images-5.jpeg",640,361,false],"large":["https:\/\/veritasinfo.org\/wp-content\/uploads\/2025\/11\/images-5.jpeg",640,361,false],"1536x1536":["https:\/\/veritasinfo.org\/wp-content\/uploads\/2025\/11\/images-5.jpeg",738,416,false],"2048x2048":["https:\/\/veritasinfo.org\/wp-content\/uploads\/2025\/11\/images-5.jpeg",738,416,false],"kreeti-slider-full":["https:\/\/veritasinfo.org\/wp-content\/uploads\/2025\/11\/images-5.jpeg",738,416,false],"kreeti-featured":["https:\/\/veritasinfo.org\/wp-content\/uploads\/2025\/11\/images-5.jpeg",738,416,false],"kreeti-medium":["https:\/\/veritasinfo.org\/wp-content\/uploads\/2025\/11\/images-5.jpeg",720,406,false],"kreeti-medium-square":["https:\/\/veritasinfo.org\/wp-content\/uploads\/2025\/11\/images-5.jpeg",350,197,false]},"author_info":{"info":["US5"]},"category_info":"<a href=\"https:\/\/veritasinfo.org\/?cat=58\" rel=\"category\">Politik\u00eb<\/a>","tag_info":"Politik\u00eb","comment_count":"0","_links":{"self":[{"href":"https:\/\/veritasinfo.org\/index.php?rest_route=\/wp\/v2\/posts\/22200","targetHints":{"allow":["GET"]}}],"collection":[{"href":"https:\/\/veritasinfo.org\/index.php?rest_route=\/wp\/v2\/posts"}],"about":[{"href":"https:\/\/veritasinfo.org\/index.php?rest_route=\/wp\/v2\/types\/post"}],"author":[{"embeddable":true,"href":"https:\/\/veritasinfo.org\/index.php?rest_route=\/wp\/v2\/users\/6"}],"replies":[{"embeddable":true,"href":"https:\/\/veritasinfo.org\/index.php?rest_route=%2Fwp%2Fv2%2Fcomments&post=22200"}],"version-history":[{"count":1,"href":"https:\/\/veritasinfo.org\/index.php?rest_route=\/wp\/v2\/posts\/22200\/revisions"}],"predecessor-version":[{"id":22202,"href":"https:\/\/veritasinfo.org\/index.php?rest_route=\/wp\/v2\/posts\/22200\/revisions\/22202"}],"wp:featuredmedia":[{"embeddable":true,"href":"https:\/\/veritasinfo.org\/index.php?rest_route=\/wp\/v2\/media\/22201"}],"wp:attachment":[{"href":"https:\/\/veritasinfo.org\/index.php?rest_route=%2Fwp%2Fv2%2Fmedia&parent=22200"}],"wp:term":[{"taxonomy":"category","embeddable":true,"href":"https:\/\/veritasinfo.org\/index.php?rest_route=%2Fwp%2Fv2%2Fcategories&post=22200"},{"taxonomy":"post_tag","embeddable":true,"href":"https:\/\/veritasinfo.org\/index.php?rest_route=%2Fwp%2Fv2%2Ftags&post=22200"}],"curies":[{"name":"wp","href":"https:\/\/api.w.org\/{rel}","templated":true}]}}