{"id":2220,"date":"2025-07-02T07:40:18","date_gmt":"2025-07-02T05:40:18","guid":{"rendered":"https:\/\/veritasinfo.org\/?p=2220"},"modified":"2025-07-02T07:40:18","modified_gmt":"2025-07-02T05:40:18","slug":"hovenier-kosoven-e-ndihmuam-te-dale-nga-tmerret-e-spastrimit-etnik-te-regjimit-te-ish-udheheqesit-fashist-te-serbise-sllobodan-milloshevicit","status":"publish","type":"post","link":"https:\/\/veritasinfo.org\/?p=2220","title":{"rendered":"Hovenier: Kosov\u00ebn e ndihmuam t\u00eb dal\u00eb nga tmerret e spastrimit etnik t\u00eb regjimit t\u00eb ish-udh\u00ebheq\u00ebsit fashist t\u00eb Serbis\u00eb, Sllobodan Milloshevi\u00e7it"},"content":{"rendered":"<p>Prishtin\u00eb, 02 Korrik 2025<\/p>\n<p><strong><span class=\"font-book mb-5 block text-base lg:text-xl\" data-v-d6e9d7ce=\"\">USAID p\u00ebrmbyll misionin e saj historik pas gjasht\u00eb dekadash n\u00eb sh\u00ebrbim global, nd\u00ebrsa ish-ambasadori i SHBA-s\u00eb n\u00eb Prishtin\u00eb e cil\u00ebson Kosov\u00ebn shembull t\u00eb suksesit t\u00eb saj, ve\u00e7an\u00ebrisht pas luft\u00ebs s\u00eb viteve 1998-1999.<\/span><\/strong><\/p>\n<p>Ish-ambasadori amerikan n\u00eb Prishtin\u00eb, Jeffrey Hovenier, ka reaguar pas shuarjes s\u00eb Agjencis\u00eb s\u00eb Shteteve t\u00eb Bashkuara t\u00eb Amerik\u00ebs p\u00ebr Zhvillim Nd\u00ebrkomb\u00ebtar (USAID), duke shprehur mir\u00ebnjohje p\u00ebr kontributin e saj n\u00eb ngritjen e Kosov\u00ebs pas luft\u00ebs.<\/p>\n<p>&nbsp;<\/p>\n<p>&nbsp;<\/p>\n<p>\u201cDua t\u00eb shpreh solidaritetin dhe mir\u00ebnjohjen time p\u00ebr t\u00eb gjith\u00eb koleg\u00ebt, ve\u00e7an\u00ebrisht ata nga USAID-i, p\u00ebr gjith\u00e7ka q\u00eb kan\u00eb b\u00ebr\u00eb p\u00ebr k\u00ebt\u00eb komb, sidomos n\u00eb nj\u00eb vend sikurse Kosova, popullin e s\u00eb cilit e kemi ndihmuar t\u00eb dal\u00eb nga tmerret e spastrimit etnik t\u00eb regjimit t\u00eb ish-udh\u00ebheq\u00ebsit fashist t\u00eb Serbis\u00eb, Sllobodan Milloshevi\u00e7it, dhe p\u00ebr t\u00eb nd\u00ebrtuar nj\u00eb shoq\u00ebri funksionale, demokratike dhe t\u00eb suksesshme\u201d, ka deklaruar ai.<\/p>\n<div><\/div>\n<p>Sekretari amerikan i Shtetit, Marco Rubio, ka njoftuar se USAID-i ka pushuar zyrtarisht t\u00eb gjitha aktivitetet, duke sh\u00ebnuar nj\u00eb fund historik p\u00ebr agjencin\u00eb amerikane t\u00eb ndihm\u00ebs s\u00eb jashtme pas m\u00eb shum\u00eb se gjasht\u00eb dekadash n\u00eb sh\u00ebrbim global.<\/p>\n<p>&nbsp;<\/p>\n<p>&nbsp;<\/p>\n<p>USAID-i ka luajtur nj\u00eb rol ky\u00e7 n\u00eb Kosov\u00eb, dhe q\u00eb nga paslufta ka investuar mbi 1 miliard dollar\u00eb n\u00eb vend, duke financuar nj\u00eb s\u00ebr\u00eb aktivitetesh, p\u00ebrfshir\u00eb mb\u00ebshtetjen e forcimit t\u00eb sundimit t\u00eb ligjit, qeverisjes s\u00eb mir\u00eb dhe demokracis\u00eb, krahas p\u00ebrmir\u00ebsimit t\u00eb arsimit, gjithp\u00ebrfshirjes e llogaridh\u00ebnies, si dhe zhvillimin ekonomik t\u00eb Kosov\u00ebs.<\/p>\n","protected":false},"excerpt":{"rendered":"<p>Prishtin\u00eb, 02 Korrik 2025 USAID p\u00ebrmbyll misionin e saj historik pas gjasht\u00eb dekadash n\u00eb sh\u00ebrbim global, nd\u00ebrsa ish-ambasadori i SHBA-s\u00eb n\u00eb Prishtin\u00eb e cil\u00ebson Kosov\u00ebn<\/p>\n","protected":false},"author":1,"featured_media":2221,"comment_status":"open","ping_status":"open","sticky":false,"template":"","format":"standard","meta":{"footnotes":""},"categories":[60],"tags":[],"class_list":["post-2220","post","type-post","status-publish","format-standard","has-post-thumbnail","hentry","category-shoqerore-sq"],"yoast_head":"<!-- This site is optimized with the Yoast SEO plugin v25.3.1 - https:\/\/yoast.com\/wordpress\/plugins\/seo\/ -->\n<title>Hovenier: Kosov\u00ebn e ndihmuam t\u00eb dal\u00eb nga tmerret e spastrimit etnik t\u00eb regjimit t\u00eb ish-udh\u00ebheq\u00ebsit fashist t\u00eb Serbis\u00eb, Sllobodan Milloshevi\u00e7it -<\/title>\n<meta name=\"robots\" content=\"index, follow, max-snippet:-1, max-image-preview:large, max-video-preview:-1\" \/>\n<link rel=\"canonical\" href=\"https:\/\/veritasinfo.org\/?p=2220\" \/>\n<meta property=\"og:locale\" content=\"en_US\" \/>\n<meta property=\"og:type\" content=\"article\" \/>\n<meta property=\"og:title\" content=\"Hovenier: Kosov\u00ebn e ndihmuam t\u00eb dal\u00eb nga tmerret e spastrimit etnik t\u00eb regjimit t\u00eb ish-udh\u00ebheq\u00ebsit fashist t\u00eb Serbis\u00eb, Sllobodan Milloshevi\u00e7it -\" \/>\n<meta property=\"og:description\" content=\"Prishtin\u00eb, 02 Korrik 2025 USAID p\u00ebrmbyll misionin e saj historik pas gjasht\u00eb dekadash n\u00eb sh\u00ebrbim global, nd\u00ebrsa ish-ambasadori i SHBA-s\u00eb n\u00eb Prishtin\u00eb e cil\u00ebson Kosov\u00ebn\" \/>\n<meta property=\"og:url\" content=\"https:\/\/veritasinfo.org\/?p=2220\" \/>\n<meta property=\"article:published_time\" content=\"2025-07-02T05:40:18+00:00\" \/>\n<meta property=\"og:image\" content=\"https:\/\/veritasinfo.org\/wp-content\/uploads\/2025\/07\/IMG_1667.webp\" \/>\n\t<meta property=\"og:image:width\" content=\"506\" \/>\n\t<meta property=\"og:image:height\" content=\"300\" \/>\n\t<meta property=\"og:image:type\" content=\"image\/webp\" \/>\n<meta name=\"author\" content=\"admin\" \/>\n<meta name=\"twitter:card\" content=\"summary_large_image\" \/>\n<meta name=\"twitter:label1\" content=\"Written by\" \/>\n\t<meta name=\"twitter:data1\" content=\"admin\" \/>\n\t<meta name=\"twitter:label2\" content=\"Est. reading time\" \/>\n\t<meta name=\"twitter:data2\" content=\"2 minutes\" \/>\n<script type=\"application\/ld+json\" class=\"yoast-schema-graph\">{\"@context\":\"https:\/\/schema.org\",\"@graph\":[{\"@type\":\"WebPage\",\"@id\":\"https:\/\/veritasinfo.org\/?p=2220\",\"url\":\"https:\/\/veritasinfo.org\/?p=2220\",\"name\":\"Hovenier: Kosov\u00ebn e ndihmuam t\u00eb dal\u00eb nga tmerret e spastrimit etnik t\u00eb regjimit t\u00eb ish-udh\u00ebheq\u00ebsit fashist t\u00eb Serbis\u00eb, Sllobodan Milloshevi\u00e7it -\",\"isPartOf\":{\"@id\":\"https:\/\/veritasinfo.org\/#website\"},\"primaryImageOfPage\":{\"@id\":\"https:\/\/veritasinfo.org\/?p=2220#primaryimage\"},\"image\":{\"@id\":\"https:\/\/veritasinfo.org\/?p=2220#primaryimage\"},\"thumbnailUrl\":\"https:\/\/veritasinfo.org\/wp-content\/uploads\/2025\/07\/IMG_1667.webp\",\"datePublished\":\"2025-07-02T05:40:18+00:00\",\"author\":{\"@id\":\"https:\/\/veritasinfo.org\/#\/schema\/person\/7701f8c088bece422266b100a712374f\"},\"breadcrumb\":{\"@id\":\"https:\/\/veritasinfo.org\/?p=2220#breadcrumb\"},\"inLanguage\":\"en-US\",\"potentialAction\":[{\"@type\":\"ReadAction\",\"target\":[\"https:\/\/veritasinfo.org\/?p=2220\"]}]},{\"@type\":\"ImageObject\",\"inLanguage\":\"en-US\",\"@id\":\"https:\/\/veritasinfo.org\/?p=2220#primaryimage\",\"url\":\"https:\/\/veritasinfo.org\/wp-content\/uploads\/2025\/07\/IMG_1667.webp\",\"contentUrl\":\"https:\/\/veritasinfo.org\/wp-content\/uploads\/2025\/07\/IMG_1667.webp\",\"width\":506,\"height\":300},{\"@type\":\"BreadcrumbList\",\"@id\":\"https:\/\/veritasinfo.org\/?p=2220#breadcrumb\",\"itemListElement\":[{\"@type\":\"ListItem\",\"position\":1,\"name\":\"Home\",\"item\":\"https:\/\/veritasinfo.org\/\"},{\"@type\":\"ListItem\",\"position\":2,\"name\":\"Hovenier: Kosov\u00ebn e ndihmuam t\u00eb dal\u00eb nga tmerret e spastrimit etnik t\u00eb regjimit t\u00eb ish-udh\u00ebheq\u00ebsit fashist t\u00eb Serbis\u00eb, Sllobodan Milloshevi\u00e7it\"}]},{\"@type\":\"WebSite\",\"@id\":\"https:\/\/veritasinfo.org\/#website\",\"url\":\"https:\/\/veritasinfo.org\/\",\"name\":\"\",\"description\":\"\",\"potentialAction\":[{\"@type\":\"SearchAction\",\"target\":{\"@type\":\"EntryPoint\",\"urlTemplate\":\"https:\/\/veritasinfo.org\/?s={search_term_string}\"},\"query-input\":{\"@type\":\"PropertyValueSpecification\",\"valueRequired\":true,\"valueName\":\"search_term_string\"}}],\"inLanguage\":\"en-US\"},{\"@type\":\"Person\",\"@id\":\"https:\/\/veritasinfo.org\/#\/schema\/person\/7701f8c088bece422266b100a712374f\",\"name\":\"admin\",\"image\":{\"@type\":\"ImageObject\",\"inLanguage\":\"en-US\",\"@id\":\"https:\/\/veritasinfo.org\/#\/schema\/person\/image\/\",\"url\":\"https:\/\/secure.gravatar.com\/avatar\/ea53aa3bf6c9a12d5fde8ce4deff43fef3885ae33cf60184161a50d6987cfd2f?s=96&d=mm&r=g\",\"contentUrl\":\"https:\/\/secure.gravatar.com\/avatar\/ea53aa3bf6c9a12d5fde8ce4deff43fef3885ae33cf60184161a50d6987cfd2f?s=96&d=mm&r=g\",\"caption\":\"admin\"},\"sameAs\":[\"https:\/\/veritasinfo.org\"],\"url\":\"https:\/\/veritasinfo.org\/?author=1\"}]}<\/script>\n<!-- \/ Yoast SEO plugin. -->","yoast_head_json":{"title":"Hovenier: Kosov\u00ebn e ndihmuam t\u00eb dal\u00eb nga tmerret e spastrimit etnik t\u00eb regjimit t\u00eb ish-udh\u00ebheq\u00ebsit fashist t\u00eb Serbis\u00eb, Sllobodan Milloshevi\u00e7it -","robots":{"index":"index","follow":"follow","max-snippet":"max-snippet:-1","max-image-preview":"max-image-preview:large","max-video-preview":"max-video-preview:-1"},"canonical":"https:\/\/veritasinfo.org\/?p=2220","og_locale":"en_US","og_type":"article","og_title":"Hovenier: Kosov\u00ebn e ndihmuam t\u00eb dal\u00eb nga tmerret e spastrimit etnik t\u00eb regjimit t\u00eb ish-udh\u00ebheq\u00ebsit fashist t\u00eb Serbis\u00eb, Sllobodan Milloshevi\u00e7it -","og_description":"Prishtin\u00eb, 02 Korrik 2025 USAID p\u00ebrmbyll misionin e saj historik pas gjasht\u00eb dekadash n\u00eb sh\u00ebrbim global, nd\u00ebrsa ish-ambasadori i SHBA-s\u00eb n\u00eb Prishtin\u00eb e cil\u00ebson Kosov\u00ebn","og_url":"https:\/\/veritasinfo.org\/?p=2220","article_published_time":"2025-07-02T05:40:18+00:00","og_image":[{"width":506,"height":300,"url":"https:\/\/veritasinfo.org\/wp-content\/uploads\/2025\/07\/IMG_1667.webp","type":"image\/webp"}],"author":"admin","twitter_card":"summary_large_image","twitter_misc":{"Written by":"admin","Est. reading time":"2 minutes"},"schema":{"@context":"https:\/\/schema.org","@graph":[{"@type":"WebPage","@id":"https:\/\/veritasinfo.org\/?p=2220","url":"https:\/\/veritasinfo.org\/?p=2220","name":"Hovenier: Kosov\u00ebn e ndihmuam t\u00eb dal\u00eb nga tmerret e spastrimit etnik t\u00eb regjimit t\u00eb ish-udh\u00ebheq\u00ebsit fashist t\u00eb Serbis\u00eb, Sllobodan Milloshevi\u00e7it -","isPartOf":{"@id":"https:\/\/veritasinfo.org\/#website"},"primaryImageOfPage":{"@id":"https:\/\/veritasinfo.org\/?p=2220#primaryimage"},"image":{"@id":"https:\/\/veritasinfo.org\/?p=2220#primaryimage"},"thumbnailUrl":"https:\/\/veritasinfo.org\/wp-content\/uploads\/2025\/07\/IMG_1667.webp","datePublished":"2025-07-02T05:40:18+00:00","author":{"@id":"https:\/\/veritasinfo.org\/#\/schema\/person\/7701f8c088bece422266b100a712374f"},"breadcrumb":{"@id":"https:\/\/veritasinfo.org\/?p=2220#breadcrumb"},"inLanguage":"en-US","potentialAction":[{"@type":"ReadAction","target":["https:\/\/veritasinfo.org\/?p=2220"]}]},{"@type":"ImageObject","inLanguage":"en-US","@id":"https:\/\/veritasinfo.org\/?p=2220#primaryimage","url":"https:\/\/veritasinfo.org\/wp-content\/uploads\/2025\/07\/IMG_1667.webp","contentUrl":"https:\/\/veritasinfo.org\/wp-content\/uploads\/2025\/07\/IMG_1667.webp","width":506,"height":300},{"@type":"BreadcrumbList","@id":"https:\/\/veritasinfo.org\/?p=2220#breadcrumb","itemListElement":[{"@type":"ListItem","position":1,"name":"Home","item":"https:\/\/veritasinfo.org\/"},{"@type":"ListItem","position":2,"name":"Hovenier: Kosov\u00ebn e ndihmuam t\u00eb dal\u00eb nga tmerret e spastrimit etnik t\u00eb regjimit t\u00eb ish-udh\u00ebheq\u00ebsit fashist t\u00eb Serbis\u00eb, Sllobodan Milloshevi\u00e7it"}]},{"@type":"WebSite","@id":"https:\/\/veritasinfo.org\/#website","url":"https:\/\/veritasinfo.org\/","name":"","description":"","potentialAction":[{"@type":"SearchAction","target":{"@type":"EntryPoint","urlTemplate":"https:\/\/veritasinfo.org\/?s={search_term_string}"},"query-input":{"@type":"PropertyValueSpecification","valueRequired":true,"valueName":"search_term_string"}}],"inLanguage":"en-US"},{"@type":"Person","@id":"https:\/\/veritasinfo.org\/#\/schema\/person\/7701f8c088bece422266b100a712374f","name":"admin","image":{"@type":"ImageObject","inLanguage":"en-US","@id":"https:\/\/veritasinfo.org\/#\/schema\/person\/image\/","url":"https:\/\/secure.gravatar.com\/avatar\/ea53aa3bf6c9a12d5fde8ce4deff43fef3885ae33cf60184161a50d6987cfd2f?s=96&d=mm&r=g","contentUrl":"https:\/\/secure.gravatar.com\/avatar\/ea53aa3bf6c9a12d5fde8ce4deff43fef3885ae33cf60184161a50d6987cfd2f?s=96&d=mm&r=g","caption":"admin"},"sameAs":["https:\/\/veritasinfo.org"],"url":"https:\/\/veritasinfo.org\/?author=1"}]}},"featured_image_urls":{"full":["https:\/\/veritasinfo.org\/wp-content\/uploads\/2025\/07\/IMG_1667.webp",506,300,false],"thumbnail":["https:\/\/veritasinfo.org\/wp-content\/uploads\/2025\/07\/IMG_1667-150x150.webp",150,150,true],"medium":["https:\/\/veritasinfo.org\/wp-content\/uploads\/2025\/07\/IMG_1667-300x178.webp",300,178,true],"medium_large":["https:\/\/veritasinfo.org\/wp-content\/uploads\/2025\/07\/IMG_1667.webp",506,300,false],"large":["https:\/\/veritasinfo.org\/wp-content\/uploads\/2025\/07\/IMG_1667.webp",506,300,false],"1536x1536":["https:\/\/veritasinfo.org\/wp-content\/uploads\/2025\/07\/IMG_1667.webp",506,300,false],"2048x2048":["https:\/\/veritasinfo.org\/wp-content\/uploads\/2025\/07\/IMG_1667.webp",506,300,false],"kreeti-slider-full":["https:\/\/veritasinfo.org\/wp-content\/uploads\/2025\/07\/IMG_1667.webp",506,300,false],"kreeti-featured":["https:\/\/veritasinfo.org\/wp-content\/uploads\/2025\/07\/IMG_1667.webp",506,300,false],"kreeti-medium":["https:\/\/veritasinfo.org\/wp-content\/uploads\/2025\/07\/IMG_1667.webp",506,300,false],"kreeti-medium-square":["https:\/\/veritasinfo.org\/wp-content\/uploads\/2025\/07\/IMG_1667.webp",350,208,false]},"author_info":{"info":["admin"]},"category_info":"<a href=\"https:\/\/veritasinfo.org\/?cat=60\" rel=\"category\">Shoq\u00ebrore<\/a>","tag_info":"Shoq\u00ebrore","comment_count":"0","_links":{"self":[{"href":"https:\/\/veritasinfo.org\/index.php?rest_route=\/wp\/v2\/posts\/2220","targetHints":{"allow":["GET"]}}],"collection":[{"href":"https:\/\/veritasinfo.org\/index.php?rest_route=\/wp\/v2\/posts"}],"about":[{"href":"https:\/\/veritasinfo.org\/index.php?rest_route=\/wp\/v2\/types\/post"}],"author":[{"embeddable":true,"href":"https:\/\/veritasinfo.org\/index.php?rest_route=\/wp\/v2\/users\/1"}],"replies":[{"embeddable":true,"href":"https:\/\/veritasinfo.org\/index.php?rest_route=%2Fwp%2Fv2%2Fcomments&post=2220"}],"version-history":[{"count":1,"href":"https:\/\/veritasinfo.org\/index.php?rest_route=\/wp\/v2\/posts\/2220\/revisions"}],"predecessor-version":[{"id":2222,"href":"https:\/\/veritasinfo.org\/index.php?rest_route=\/wp\/v2\/posts\/2220\/revisions\/2222"}],"wp:featuredmedia":[{"embeddable":true,"href":"https:\/\/veritasinfo.org\/index.php?rest_route=\/wp\/v2\/media\/2221"}],"wp:attachment":[{"href":"https:\/\/veritasinfo.org\/index.php?rest_route=%2Fwp%2Fv2%2Fmedia&parent=2220"}],"wp:term":[{"taxonomy":"category","embeddable":true,"href":"https:\/\/veritasinfo.org\/index.php?rest_route=%2Fwp%2Fv2%2Fcategories&post=2220"},{"taxonomy":"post_tag","embeddable":true,"href":"https:\/\/veritasinfo.org\/index.php?rest_route=%2Fwp%2Fv2%2Ftags&post=2220"}],"curies":[{"name":"wp","href":"https:\/\/api.w.org\/{rel}","templated":true}]}}