{"id":22170,"date":"2025-11-29T12:38:52","date_gmt":"2025-11-29T11:38:52","guid":{"rendered":"https:\/\/veritasinfo.org\/?p=22170"},"modified":"2025-11-29T12:38:52","modified_gmt":"2025-11-29T11:38:52","slug":"arsenijeviqi-kerkon-garanci-se-nuk-do-te-arrestohet-per-tu-betuar-si-asamblist","status":"publish","type":"post","link":"https:\/\/veritasinfo.org\/?p=22170","title":{"rendered":"Arsenijeviqi k\u00ebrkon garanci se nuk do t\u00eb arrestohet p\u00ebr t\u2019u betuar si asamblist"},"content":{"rendered":"<p>Prishtin\u00eb, 29 n\u00ebntor 2025 12:38<\/p>\n<p>Kryetari i partis\u00eb \u201cDemokracia Serbe\u201d, Aleksandar Arsenijeviq, ka deklaruar se kthimi i tij n\u00eb Kosov\u00eb dhe paraqitja n\u00eb seanc\u00ebn inauguruese p\u00ebr betimin si asamblist n\u00eb Mitrovic\u00ebn e Veriut nuk do t\u00eb ndodh\u00eb pa garanci t\u00eb plota se nuk do t\u00eb arrestohet.<\/p>\n<p>Arsenijeviqi k\u00ebrkohet nga autoritetet e Kosov\u00ebs pasi n\u00eb nj\u00eb objekt t\u00eb tij n\u00eb fshatin Vallaq t\u00eb Zve\u00e7anit u gjet armatim.<\/p>\n<p>Ai e quan mandatin e tij legjitim dhe thot\u00eb se nuk do t\u00eb pranoj\u00eb \u201crole t\u00eb inskenuara\u201d q\u00eb sipas tij mund t\u00eb shfryt\u00ebzohen p\u00ebr q\u00ebllime politike.<\/p>\n<p>Arsenijeviq ka theksuar se mandatin e ka marr\u00eb me votat e qytetar\u00ebve dhe se \u201cas afatet artificiale, e as presionet\u201d nuk mund ta kontestojn\u00eb at\u00eb. Ai deklaron se prania e tij n\u00eb Kosov\u00eb mund t\u00eb garantohet vet\u00ebm pasi t\u00eb sigurohet \u201celementarja \u2013 siguria fizike\u201d.<\/p>\n<p>\u201cNuk do t\u00eb pranoj role t\u00eb imponuara q\u00eb t\u00eb arrestohem p\u00ebr spektak\u00ebl televiziv. Detyra ime \u00ebsht\u00eb t\u00eb p\u00ebrfaq\u00ebsoj qytetar\u00ebt, jo t\u00eb sh\u00ebrbej si mjet p\u00ebr mesazhe politike\u201d, ka th\u00ebn\u00eb ai n\u00eb nj\u00eb p\u00ebrgjigje p\u00ebr KOH\u00cbN t\u00eb premten, duke shtuar se pret q\u00eb institucionet t\u00eb krijojn\u00eb kushte ku askush nuk detyrohet t\u00eb zgjedh\u00eb mes mandatit, siguris\u00eb personale dhe liris\u00eb.<\/p>\n<p>Arsenijeviqi ka b\u00ebr\u00eb t\u00eb ditur se avokati i tij \u00ebsht\u00eb n\u00eb komunikim t\u00eb vazhduesh\u00ebm me organet kompetente dhe se ai nuk k\u00ebrkon privilegje, por vet\u00ebm respektim t\u00eb ligjit dhe garanci se mund t\u00eb paraqitet n\u00eb seanc\u00eb pa k\u00ebrc\u00ebnime, provokime apo politizim t\u00eb procedur\u00ebs.<\/p>\n<p>N\u00eb qershor t\u00eb k\u00ebtij viti, Policia e Kosov\u00ebs kishte kryer nj\u00eb aksion n\u00eb fshatin Vallaq t\u00eb Zve\u00e7anit,\u00a0ku n\u00eb nj\u00eb pron\u00eb t\u00eb Arsenijeviqit u sekuestruan arm\u00eb, municion, granata dore dhe zolla.\u00a0Arsenijeviq e pati pranuar pron\u00ebsin\u00eb e objektit, por kishte th\u00ebn\u00eb se nuk \u00ebsht\u00eb vendbanim i tij i p\u00ebrhersh\u00ebm dhe se b\u00ebhet fjal\u00eb p\u00ebr nj\u00eb stall\u00eb ku mban kafsh\u00eb, duke shtuar se objekti \u201c\u00ebsht\u00eb gjithmon\u00eb i hapur dhe i qassh\u00ebm p\u00ebr k\u00ebdo\u201d. Q\u00eb at\u00ebher\u00eb, ai nuk \u00ebsht\u00eb paraqitur para organeve t\u00eb drejt\u00ebsis\u00eb n\u00eb Kosov\u00eb.<\/p>\n<p>N\u00eb rast se Arsenijeviq nuk betohet si asamblist nj\u00eb muaj pas certifikimit t\u00eb rezultateve, e humb mandatin.<\/p>\n<p>Certifikimi i rezultateve p\u00ebr kuvendin komunal t\u00eb Mitrovic\u00ebs s\u00eb Veriut u b\u00eb m\u00eb 21 n\u00ebntor nga Komisionin Qendror i Zgjedhjeve. Seanca inauguruese do t\u00eb mbahet m\u00eb 5 dhjetor.<\/p>\n","protected":false},"excerpt":{"rendered":"<p>Prishtin\u00eb, 29 n\u00ebntor 2025 12:38 Kryetari i partis\u00eb \u201cDemokracia Serbe\u201d, Aleksandar Arsenijeviq, ka deklaruar se kthimi i tij n\u00eb Kosov\u00eb dhe paraqitja n\u00eb seanc\u00ebn inauguruese<\/p>\n","protected":false},"author":7,"featured_media":22171,"comment_status":"open","ping_status":"open","sticky":false,"template":"","format":"standard","meta":{"footnotes":""},"categories":[58],"tags":[],"class_list":["post-22170","post","type-post","status-publish","format-standard","has-post-thumbnail","hentry","category-politike-sq"],"yoast_head":"<!-- This site is optimized with the Yoast SEO plugin v25.3.1 - https:\/\/yoast.com\/wordpress\/plugins\/seo\/ -->\n<title>Arsenijeviqi k\u00ebrkon garanci se nuk do t\u00eb arrestohet p\u00ebr t\u2019u betuar si asamblist -<\/title>\n<meta name=\"robots\" content=\"index, follow, max-snippet:-1, max-image-preview:large, max-video-preview:-1\" \/>\n<link rel=\"canonical\" href=\"https:\/\/veritasinfo.org\/?p=22170\" \/>\n<meta property=\"og:locale\" content=\"en_US\" \/>\n<meta property=\"og:type\" content=\"article\" \/>\n<meta property=\"og:title\" content=\"Arsenijeviqi k\u00ebrkon garanci se nuk do t\u00eb arrestohet p\u00ebr t\u2019u betuar si asamblist -\" \/>\n<meta property=\"og:description\" content=\"Prishtin\u00eb, 29 n\u00ebntor 2025 12:38 Kryetari i partis\u00eb \u201cDemokracia Serbe\u201d, Aleksandar Arsenijeviq, ka deklaruar se kthimi i tij n\u00eb Kosov\u00eb dhe paraqitja n\u00eb seanc\u00ebn inauguruese\" \/>\n<meta property=\"og:url\" content=\"https:\/\/veritasinfo.org\/?p=22170\" \/>\n<meta property=\"article:published_time\" content=\"2025-11-29T11:38:52+00:00\" \/>\n<meta property=\"og:image\" content=\"https:\/\/veritasinfo.org\/wp-content\/uploads\/2025\/11\/Screenshot-2025-11-29-123732.jpg\" \/>\n\t<meta property=\"og:image:width\" content=\"889\" \/>\n\t<meta property=\"og:image:height\" content=\"511\" \/>\n\t<meta property=\"og:image:type\" content=\"image\/jpeg\" \/>\n<meta name=\"author\" content=\"US6\" \/>\n<meta name=\"twitter:card\" content=\"summary_large_image\" \/>\n<meta name=\"twitter:label1\" content=\"Written by\" \/>\n\t<meta name=\"twitter:data1\" content=\"US6\" \/>\n\t<meta name=\"twitter:label2\" content=\"Est. reading time\" \/>\n\t<meta name=\"twitter:data2\" content=\"2 minutes\" \/>\n<script type=\"application\/ld+json\" class=\"yoast-schema-graph\">{\"@context\":\"https:\/\/schema.org\",\"@graph\":[{\"@type\":\"WebPage\",\"@id\":\"https:\/\/veritasinfo.org\/?p=22170\",\"url\":\"https:\/\/veritasinfo.org\/?p=22170\",\"name\":\"Arsenijeviqi k\u00ebrkon garanci se nuk do t\u00eb arrestohet p\u00ebr t\u2019u betuar si asamblist -\",\"isPartOf\":{\"@id\":\"https:\/\/veritasinfo.org\/#website\"},\"primaryImageOfPage\":{\"@id\":\"https:\/\/veritasinfo.org\/?p=22170#primaryimage\"},\"image\":{\"@id\":\"https:\/\/veritasinfo.org\/?p=22170#primaryimage\"},\"thumbnailUrl\":\"https:\/\/veritasinfo.org\/wp-content\/uploads\/2025\/11\/Screenshot-2025-11-29-123732.jpg\",\"datePublished\":\"2025-11-29T11:38:52+00:00\",\"author\":{\"@id\":\"https:\/\/veritasinfo.org\/#\/schema\/person\/fe199eede04c3937362892b7444747cc\"},\"breadcrumb\":{\"@id\":\"https:\/\/veritasinfo.org\/?p=22170#breadcrumb\"},\"inLanguage\":\"en-US\",\"potentialAction\":[{\"@type\":\"ReadAction\",\"target\":[\"https:\/\/veritasinfo.org\/?p=22170\"]}]},{\"@type\":\"ImageObject\",\"inLanguage\":\"en-US\",\"@id\":\"https:\/\/veritasinfo.org\/?p=22170#primaryimage\",\"url\":\"https:\/\/veritasinfo.org\/wp-content\/uploads\/2025\/11\/Screenshot-2025-11-29-123732.jpg\",\"contentUrl\":\"https:\/\/veritasinfo.org\/wp-content\/uploads\/2025\/11\/Screenshot-2025-11-29-123732.jpg\",\"width\":889,\"height\":511},{\"@type\":\"BreadcrumbList\",\"@id\":\"https:\/\/veritasinfo.org\/?p=22170#breadcrumb\",\"itemListElement\":[{\"@type\":\"ListItem\",\"position\":1,\"name\":\"Home\",\"item\":\"https:\/\/veritasinfo.org\/\"},{\"@type\":\"ListItem\",\"position\":2,\"name\":\"Arsenijeviqi k\u00ebrkon garanci se nuk do t\u00eb arrestohet p\u00ebr t\u2019u betuar si asamblist\"}]},{\"@type\":\"WebSite\",\"@id\":\"https:\/\/veritasinfo.org\/#website\",\"url\":\"https:\/\/veritasinfo.org\/\",\"name\":\"\",\"description\":\"\",\"potentialAction\":[{\"@type\":\"SearchAction\",\"target\":{\"@type\":\"EntryPoint\",\"urlTemplate\":\"https:\/\/veritasinfo.org\/?s={search_term_string}\"},\"query-input\":{\"@type\":\"PropertyValueSpecification\",\"valueRequired\":true,\"valueName\":\"search_term_string\"}}],\"inLanguage\":\"en-US\"},{\"@type\":\"Person\",\"@id\":\"https:\/\/veritasinfo.org\/#\/schema\/person\/fe199eede04c3937362892b7444747cc\",\"name\":\"US6\",\"image\":{\"@type\":\"ImageObject\",\"inLanguage\":\"en-US\",\"@id\":\"https:\/\/veritasinfo.org\/#\/schema\/person\/image\/\",\"url\":\"https:\/\/secure.gravatar.com\/avatar\/cb16c3c31c9d23b9b8c705964598220b3014e42ff51eb540ff23cefa3ae8c15f?s=96&d=mm&r=g\",\"contentUrl\":\"https:\/\/secure.gravatar.com\/avatar\/cb16c3c31c9d23b9b8c705964598220b3014e42ff51eb540ff23cefa3ae8c15f?s=96&d=mm&r=g\",\"caption\":\"US6\"},\"url\":\"https:\/\/veritasinfo.org\/?author=7\"}]}<\/script>\n<!-- \/ Yoast SEO plugin. -->","yoast_head_json":{"title":"Arsenijeviqi k\u00ebrkon garanci se nuk do t\u00eb arrestohet p\u00ebr t\u2019u betuar si asamblist -","robots":{"index":"index","follow":"follow","max-snippet":"max-snippet:-1","max-image-preview":"max-image-preview:large","max-video-preview":"max-video-preview:-1"},"canonical":"https:\/\/veritasinfo.org\/?p=22170","og_locale":"en_US","og_type":"article","og_title":"Arsenijeviqi k\u00ebrkon garanci se nuk do t\u00eb arrestohet p\u00ebr t\u2019u betuar si asamblist -","og_description":"Prishtin\u00eb, 29 n\u00ebntor 2025 12:38 Kryetari i partis\u00eb \u201cDemokracia Serbe\u201d, Aleksandar Arsenijeviq, ka deklaruar se kthimi i tij n\u00eb Kosov\u00eb dhe paraqitja n\u00eb seanc\u00ebn inauguruese","og_url":"https:\/\/veritasinfo.org\/?p=22170","article_published_time":"2025-11-29T11:38:52+00:00","og_image":[{"width":889,"height":511,"url":"https:\/\/veritasinfo.org\/wp-content\/uploads\/2025\/11\/Screenshot-2025-11-29-123732.jpg","type":"image\/jpeg"}],"author":"US6","twitter_card":"summary_large_image","twitter_misc":{"Written by":"US6","Est. reading time":"2 minutes"},"schema":{"@context":"https:\/\/schema.org","@graph":[{"@type":"WebPage","@id":"https:\/\/veritasinfo.org\/?p=22170","url":"https:\/\/veritasinfo.org\/?p=22170","name":"Arsenijeviqi k\u00ebrkon garanci se nuk do t\u00eb arrestohet p\u00ebr t\u2019u betuar si asamblist -","isPartOf":{"@id":"https:\/\/veritasinfo.org\/#website"},"primaryImageOfPage":{"@id":"https:\/\/veritasinfo.org\/?p=22170#primaryimage"},"image":{"@id":"https:\/\/veritasinfo.org\/?p=22170#primaryimage"},"thumbnailUrl":"https:\/\/veritasinfo.org\/wp-content\/uploads\/2025\/11\/Screenshot-2025-11-29-123732.jpg","datePublished":"2025-11-29T11:38:52+00:00","author":{"@id":"https:\/\/veritasinfo.org\/#\/schema\/person\/fe199eede04c3937362892b7444747cc"},"breadcrumb":{"@id":"https:\/\/veritasinfo.org\/?p=22170#breadcrumb"},"inLanguage":"en-US","potentialAction":[{"@type":"ReadAction","target":["https:\/\/veritasinfo.org\/?p=22170"]}]},{"@type":"ImageObject","inLanguage":"en-US","@id":"https:\/\/veritasinfo.org\/?p=22170#primaryimage","url":"https:\/\/veritasinfo.org\/wp-content\/uploads\/2025\/11\/Screenshot-2025-11-29-123732.jpg","contentUrl":"https:\/\/veritasinfo.org\/wp-content\/uploads\/2025\/11\/Screenshot-2025-11-29-123732.jpg","width":889,"height":511},{"@type":"BreadcrumbList","@id":"https:\/\/veritasinfo.org\/?p=22170#breadcrumb","itemListElement":[{"@type":"ListItem","position":1,"name":"Home","item":"https:\/\/veritasinfo.org\/"},{"@type":"ListItem","position":2,"name":"Arsenijeviqi k\u00ebrkon garanci se nuk do t\u00eb arrestohet p\u00ebr t\u2019u betuar si asamblist"}]},{"@type":"WebSite","@id":"https:\/\/veritasinfo.org\/#website","url":"https:\/\/veritasinfo.org\/","name":"","description":"","potentialAction":[{"@type":"SearchAction","target":{"@type":"EntryPoint","urlTemplate":"https:\/\/veritasinfo.org\/?s={search_term_string}"},"query-input":{"@type":"PropertyValueSpecification","valueRequired":true,"valueName":"search_term_string"}}],"inLanguage":"en-US"},{"@type":"Person","@id":"https:\/\/veritasinfo.org\/#\/schema\/person\/fe199eede04c3937362892b7444747cc","name":"US6","image":{"@type":"ImageObject","inLanguage":"en-US","@id":"https:\/\/veritasinfo.org\/#\/schema\/person\/image\/","url":"https:\/\/secure.gravatar.com\/avatar\/cb16c3c31c9d23b9b8c705964598220b3014e42ff51eb540ff23cefa3ae8c15f?s=96&d=mm&r=g","contentUrl":"https:\/\/secure.gravatar.com\/avatar\/cb16c3c31c9d23b9b8c705964598220b3014e42ff51eb540ff23cefa3ae8c15f?s=96&d=mm&r=g","caption":"US6"},"url":"https:\/\/veritasinfo.org\/?author=7"}]}},"featured_image_urls":{"full":["https:\/\/veritasinfo.org\/wp-content\/uploads\/2025\/11\/Screenshot-2025-11-29-123732.jpg",889,511,false],"thumbnail":["https:\/\/veritasinfo.org\/wp-content\/uploads\/2025\/11\/Screenshot-2025-11-29-123732-150x150.jpg",150,150,true],"medium":["https:\/\/veritasinfo.org\/wp-content\/uploads\/2025\/11\/Screenshot-2025-11-29-123732-300x172.jpg",300,172,true],"medium_large":["https:\/\/veritasinfo.org\/wp-content\/uploads\/2025\/11\/Screenshot-2025-11-29-123732-768x441.jpg",640,368,true],"large":["https:\/\/veritasinfo.org\/wp-content\/uploads\/2025\/11\/Screenshot-2025-11-29-123732.jpg",640,368,false],"1536x1536":["https:\/\/veritasinfo.org\/wp-content\/uploads\/2025\/11\/Screenshot-2025-11-29-123732.jpg",889,511,false],"2048x2048":["https:\/\/veritasinfo.org\/wp-content\/uploads\/2025\/11\/Screenshot-2025-11-29-123732.jpg",889,511,false],"kreeti-slider-full":["https:\/\/veritasinfo.org\/wp-content\/uploads\/2025\/11\/Screenshot-2025-11-29-123732.jpg",889,511,false],"kreeti-featured":["https:\/\/veritasinfo.org\/wp-content\/uploads\/2025\/11\/Screenshot-2025-11-29-123732.jpg",889,511,false],"kreeti-medium":["https:\/\/veritasinfo.org\/wp-content\/uploads\/2025\/11\/Screenshot-2025-11-29-123732.jpg",720,414,false],"kreeti-medium-square":["https:\/\/veritasinfo.org\/wp-content\/uploads\/2025\/11\/Screenshot-2025-11-29-123732.jpg",350,201,false]},"author_info":{"info":["US6"]},"category_info":"<a href=\"https:\/\/veritasinfo.org\/?cat=58\" rel=\"category\">Politik\u00eb<\/a>","tag_info":"Politik\u00eb","comment_count":"0","_links":{"self":[{"href":"https:\/\/veritasinfo.org\/index.php?rest_route=\/wp\/v2\/posts\/22170","targetHints":{"allow":["GET"]}}],"collection":[{"href":"https:\/\/veritasinfo.org\/index.php?rest_route=\/wp\/v2\/posts"}],"about":[{"href":"https:\/\/veritasinfo.org\/index.php?rest_route=\/wp\/v2\/types\/post"}],"author":[{"embeddable":true,"href":"https:\/\/veritasinfo.org\/index.php?rest_route=\/wp\/v2\/users\/7"}],"replies":[{"embeddable":true,"href":"https:\/\/veritasinfo.org\/index.php?rest_route=%2Fwp%2Fv2%2Fcomments&post=22170"}],"version-history":[{"count":1,"href":"https:\/\/veritasinfo.org\/index.php?rest_route=\/wp\/v2\/posts\/22170\/revisions"}],"predecessor-version":[{"id":22172,"href":"https:\/\/veritasinfo.org\/index.php?rest_route=\/wp\/v2\/posts\/22170\/revisions\/22172"}],"wp:featuredmedia":[{"embeddable":true,"href":"https:\/\/veritasinfo.org\/index.php?rest_route=\/wp\/v2\/media\/22171"}],"wp:attachment":[{"href":"https:\/\/veritasinfo.org\/index.php?rest_route=%2Fwp%2Fv2%2Fmedia&parent=22170"}],"wp:term":[{"taxonomy":"category","embeddable":true,"href":"https:\/\/veritasinfo.org\/index.php?rest_route=%2Fwp%2Fv2%2Fcategories&post=22170"},{"taxonomy":"post_tag","embeddable":true,"href":"https:\/\/veritasinfo.org\/index.php?rest_route=%2Fwp%2Fv2%2Ftags&post=22170"}],"curies":[{"name":"wp","href":"https:\/\/api.w.org\/{rel}","templated":true}]}}