{"id":2212,"date":"2025-07-02T07:30:33","date_gmt":"2025-07-02T05:30:33","guid":{"rendered":"https:\/\/veritasinfo.org\/?p=2212"},"modified":"2025-07-02T07:43:57","modified_gmt":"2025-07-02T05:43:57","slug":"aleksandar-dugin-filozofi-i-putinit-vuciqit-i-ka-ardhur-fundi-legjitimiteti-i-tij-eshte-zhdukur","status":"publish","type":"post","link":"https:\/\/veritasinfo.org\/?p=2212","title":{"rendered":"Aleksandar Dugin, filozofi i Putinit: Vu\u00e7iqit i ka ardhur fundi, legjitimiteti i tij \u00ebsht\u00eb zhdukur"},"content":{"rendered":"<p>Prishtin\u00eb, 2 Korrik 2025<\/p>\n<p>Aleksandar Dugin, nj\u00eb filozof nga qarqet e krahut t\u00eb djatht\u00eb si n\u00eb Rusi ashtu edhe n\u00eb Serbi, sulmoi ashp\u00ebr presidentin serb Aleksandar Vu\u00e7iq n\u00eb nj\u00eb intervist\u00eb.<\/p>\n<p>Dugin, i cili konsiderohet frym\u00ebzuesi ideologjik i politik\u00ebs ekspansioniste t\u00eb bot\u00ebs ruse, tha se beson q\u00eb Vu\u00e7iq ka humbur legjitimitetin dhe se t\u00eb gjith\u00eb n\u00eb Serbi jan\u00eb t\u00eb pak\u00ebnaqur me t\u00eb, transmeton Telegrafi.<\/p>\n<p>\u201cSerb\u00ebt duan q\u00eb Vu\u00e7iqi t\u00eb largohet. Kjo \u00ebsht\u00eb e sigurt. Dhe t\u00eb gjith\u00eb serb\u00ebt e duan. P\u00ebr momentin, ai ka nj\u00eb shtet dhe zero mb\u00ebshtetje midis popullsis\u00eb s\u00eb Serbis\u00eb. E vetmja gj\u00eb \u00ebsht\u00eb se njer\u00ebzit q\u00eb kan\u00eb frik\u00eb nga nj\u00eb tjet\u00ebr revolucion me ngjyra nuk po marrin pjes\u00eb n\u00eb protesta, nuk po dalin n\u00eb sheshe, nuk po brohorasin. Por Vu\u00e7iqi ka mbaruar. Legjitimiteti i tij \u00ebsht\u00eb zhdukur. Mendoj se q\u00ebllimi i k\u00ebtyre protestave \u00ebsht\u00eb q\u00eb ai thjesht t\u00eb zhduket. Asnj\u00eb kompromis, marr\u00ebveshje apo ndonj\u00eb q\u00ebllim m\u00eb konkret dhe praktik nuk do ta zgjidh\u00eb k\u00ebt\u00eb situat\u00eb. Vu\u00e7iqi duhet t\u00eb largohet. Ky \u00ebsht\u00eb mendimi i shoq\u00ebris\u00eb serbe. N\u00eb t\u00eb nj\u00ebjt\u00ebn koh\u00eb, serb\u00ebt e kuptojn\u00eb qart\u00eb se \u00e7far\u00eb nuk duan, por jan\u00eb plot\u00ebsisht t\u00eb paqart\u00eb p\u00ebr at\u00eb q\u00eb duan. Sepse, n\u00eb nj\u00eb far\u00eb m\u00ebnyre, ata duan gj\u00ebra krejt\u00ebsisht t\u00eb kund\u00ebrta, disa jan\u00eb joreale, disa jan\u00eb t\u00eb pamundura, disa do t\u2019u kthehen kund\u00ebr dhe do t\u00eb duhet t\u00eb paguajn\u00eb nj\u00eb \u00e7mim edhe m\u00eb t\u00eb lart\u00eb p\u00ebr to\u201d, tha Dugin.<\/p>\n<p>Ky filozof, i cili konsiderohet filozofi i oborrit t\u00eb Vladimir Putinit, duket se \u00ebsht\u00eb ve\u00e7an\u00ebrisht i shqet\u00ebsuar q\u00eb Aleksandar Vulin nuk \u00ebsht\u00eb m\u00eb n\u00eb qeveri.<\/p>\n<p>Ai thot\u00eb hapur se ishte kund\u00ebr protestave n\u00eb Serbi dhe se madje e mb\u00ebshteti Vu\u00e7iqin \u201cn\u00eb fjalimet e tij drejtuar serb\u00ebve\u201d, midis t\u00eb cil\u00ebve, thot\u00eb ai, ka autoritet t\u00eb madh.<\/p>\n<p>\u201cDerisa Vulini ishte n\u00eb qeveri, u b\u00ebja thirrje serb\u00ebve t\u00eb mos shkonin n\u00eb ato protesta, dhe tani nuk kam nj\u00eb q\u00ebndrim t\u00eb prer\u00eb, sepse situata atje ndryshon \u00e7do dit\u00eb. Nuk mendoj se varet shum\u00eb nga ne. Rusia nuk \u00ebsht\u00eb n\u00eb at\u00eb situat\u00eb dhe pozicion p\u00ebr t\u00eb ndikuar v\u00ebrtet n\u00eb politik\u00ebn n\u00eb Evrop\u00ebn Lindore tani\u201d, thot\u00eb Dugin.<\/p>\n<p>Dugin beson se numri i njer\u00ebzve q\u00eb ai i quan patriot\u00eb dhe rusofil\u00eb serb\u00eb \u00ebsht\u00eb rritur n\u00eb protesta, dhe se ata jan\u00eb gjithashtu t\u00eb pak\u00ebnaqur me politikat e ndjekura nga presidenti serb.<\/p>\n<p>\u201cK\u00ebto protesta filluan t\u00eb financohen dhe promovohen nga globalist\u00ebt, sepse Vu\u00e7iqi nuk u p\u00ebrgjigjej atyre, ai ishte nj\u00eb figur\u00eb kalimtare. Ata donin t\u00eb sillnin n\u00eb pushtet nj\u00eb politikan pro-per\u00ebndimor t\u00eb bindur plot\u00ebsisht, i cili do t\u00eb shkonte n\u00eb at\u00eb an\u00eb edhe m\u00eb shum\u00eb se Vu\u00e7iqi. Por n\u00eb t\u00eb nj\u00ebjt\u00ebn koh\u00eb, pjesa e patriot\u00ebve dhe rusofil\u00ebve q\u00eb mor\u00ebn pjes\u00eb n\u00eb k\u00ebto protesta kund\u00ebr Vu\u00e7iqit, ve\u00e7an\u00ebrisht pas largimit t\u00eb Aleksandar Vulinit nga qeveria, u rrit. Dhe tani Vu\u00e7iqi nuk mund t\u2019u thot\u00eb atyre \u2013 q\u00ebndroni n\u00eb an\u00ebn time, njer\u00ebz, sepse Vu\u00e7iqi b\u00ebri gjith\u00e7ka p\u00ebr ta kthyer at\u00eb pjes\u00eb t\u00eb shoq\u00ebris\u00eb serbe kund\u00ebr vetes\u201d, shtoi ai.<\/p>\n<p>Lidhur me politik\u00ebn e jashtme t\u00eb loj\u00ebs n\u00eb fusha t\u00eb shum\u00ebfishta dhe uljes n\u00eb karrige t\u00eb shum\u00ebfishta, Dugin thot\u00eb se ky \u00ebsht\u00eb fati i vendeve t\u00eb vogla dhe t\u00eb dob\u00ebta, por ai kritikon ashp\u00ebr metodat e presidentit serb.<\/p>\n","protected":false},"excerpt":{"rendered":"<p>Prishtin\u00eb, 2 Korrik 2025 Aleksandar Dugin, nj\u00eb filozof nga qarqet e krahut t\u00eb djatht\u00eb si n\u00eb Rusi ashtu edhe n\u00eb Serbi, sulmoi ashp\u00ebr presidentin serb<\/p>\n","protected":false},"author":1,"featured_media":2226,"comment_status":"open","ping_status":"open","sticky":false,"template":"","format":"standard","meta":{"footnotes":""},"categories":[58],"tags":[],"class_list":["post-2212","post","type-post","status-publish","format-standard","has-post-thumbnail","hentry","category-politike-sq"],"yoast_head":"<!-- This site is optimized with the Yoast SEO plugin v25.3.1 - https:\/\/yoast.com\/wordpress\/plugins\/seo\/ -->\n<title>Aleksandar Dugin, filozofi i Putinit: Vu\u00e7iqit i ka ardhur fundi, legjitimiteti i tij \u00ebsht\u00eb zhdukur -<\/title>\n<meta name=\"robots\" content=\"index, follow, max-snippet:-1, max-image-preview:large, max-video-preview:-1\" \/>\n<link rel=\"canonical\" href=\"https:\/\/veritasinfo.org\/?p=2212\" \/>\n<meta property=\"og:locale\" content=\"en_US\" \/>\n<meta property=\"og:type\" content=\"article\" \/>\n<meta property=\"og:title\" content=\"Aleksandar Dugin, filozofi i Putinit: Vu\u00e7iqit i ka ardhur fundi, legjitimiteti i tij \u00ebsht\u00eb zhdukur -\" \/>\n<meta property=\"og:description\" content=\"Prishtin\u00eb, 2 Korrik 2025 Aleksandar Dugin, nj\u00eb filozof nga qarqet e krahut t\u00eb djatht\u00eb si n\u00eb Rusi ashtu edhe n\u00eb Serbi, sulmoi ashp\u00ebr presidentin serb\" \/>\n<meta property=\"og:url\" content=\"https:\/\/veritasinfo.org\/?p=2212\" \/>\n<meta property=\"article:published_time\" content=\"2025-07-02T05:30:33+00:00\" \/>\n<meta property=\"article:modified_time\" content=\"2025-07-02T05:43:57+00:00\" \/>\n<meta property=\"og:image\" content=\"https:\/\/veritasinfo.org\/wp-content\/uploads\/2025\/07\/dugin.jpg\" \/>\n\t<meta property=\"og:image:width\" content=\"1920\" \/>\n\t<meta property=\"og:image:height\" content=\"1080\" \/>\n\t<meta property=\"og:image:type\" content=\"image\/jpeg\" \/>\n<meta name=\"author\" content=\"admin\" \/>\n<meta name=\"twitter:card\" content=\"summary_large_image\" \/>\n<meta name=\"twitter:label1\" content=\"Written by\" \/>\n\t<meta name=\"twitter:data1\" content=\"admin\" \/>\n\t<meta name=\"twitter:label2\" content=\"Est. reading time\" \/>\n\t<meta name=\"twitter:data2\" content=\"3 minutes\" \/>\n<script type=\"application\/ld+json\" class=\"yoast-schema-graph\">{\"@context\":\"https:\/\/schema.org\",\"@graph\":[{\"@type\":\"WebPage\",\"@id\":\"https:\/\/veritasinfo.org\/?p=2212\",\"url\":\"https:\/\/veritasinfo.org\/?p=2212\",\"name\":\"Aleksandar Dugin, filozofi i Putinit: Vu\u00e7iqit i ka ardhur fundi, legjitimiteti i tij \u00ebsht\u00eb zhdukur -\",\"isPartOf\":{\"@id\":\"https:\/\/veritasinfo.org\/#website\"},\"primaryImageOfPage\":{\"@id\":\"https:\/\/veritasinfo.org\/?p=2212#primaryimage\"},\"image\":{\"@id\":\"https:\/\/veritasinfo.org\/?p=2212#primaryimage\"},\"thumbnailUrl\":\"https:\/\/veritasinfo.org\/wp-content\/uploads\/2025\/07\/dugin.jpg\",\"datePublished\":\"2025-07-02T05:30:33+00:00\",\"dateModified\":\"2025-07-02T05:43:57+00:00\",\"author\":{\"@id\":\"https:\/\/veritasinfo.org\/#\/schema\/person\/7701f8c088bece422266b100a712374f\"},\"breadcrumb\":{\"@id\":\"https:\/\/veritasinfo.org\/?p=2212#breadcrumb\"},\"inLanguage\":\"en-US\",\"potentialAction\":[{\"@type\":\"ReadAction\",\"target\":[\"https:\/\/veritasinfo.org\/?p=2212\"]}]},{\"@type\":\"ImageObject\",\"inLanguage\":\"en-US\",\"@id\":\"https:\/\/veritasinfo.org\/?p=2212#primaryimage\",\"url\":\"https:\/\/veritasinfo.org\/wp-content\/uploads\/2025\/07\/dugin.jpg\",\"contentUrl\":\"https:\/\/veritasinfo.org\/wp-content\/uploads\/2025\/07\/dugin.jpg\",\"width\":1920,\"height\":1080},{\"@type\":\"BreadcrumbList\",\"@id\":\"https:\/\/veritasinfo.org\/?p=2212#breadcrumb\",\"itemListElement\":[{\"@type\":\"ListItem\",\"position\":1,\"name\":\"Home\",\"item\":\"https:\/\/veritasinfo.org\/\"},{\"@type\":\"ListItem\",\"position\":2,\"name\":\"Aleksandar Dugin, filozofi i Putinit: Vu\u00e7iqit i ka ardhur fundi, legjitimiteti i tij \u00ebsht\u00eb zhdukur\"}]},{\"@type\":\"WebSite\",\"@id\":\"https:\/\/veritasinfo.org\/#website\",\"url\":\"https:\/\/veritasinfo.org\/\",\"name\":\"\",\"description\":\"\",\"potentialAction\":[{\"@type\":\"SearchAction\",\"target\":{\"@type\":\"EntryPoint\",\"urlTemplate\":\"https:\/\/veritasinfo.org\/?s={search_term_string}\"},\"query-input\":{\"@type\":\"PropertyValueSpecification\",\"valueRequired\":true,\"valueName\":\"search_term_string\"}}],\"inLanguage\":\"en-US\"},{\"@type\":\"Person\",\"@id\":\"https:\/\/veritasinfo.org\/#\/schema\/person\/7701f8c088bece422266b100a712374f\",\"name\":\"admin\",\"image\":{\"@type\":\"ImageObject\",\"inLanguage\":\"en-US\",\"@id\":\"https:\/\/veritasinfo.org\/#\/schema\/person\/image\/\",\"url\":\"https:\/\/secure.gravatar.com\/avatar\/ea53aa3bf6c9a12d5fde8ce4deff43fef3885ae33cf60184161a50d6987cfd2f?s=96&d=mm&r=g\",\"contentUrl\":\"https:\/\/secure.gravatar.com\/avatar\/ea53aa3bf6c9a12d5fde8ce4deff43fef3885ae33cf60184161a50d6987cfd2f?s=96&d=mm&r=g\",\"caption\":\"admin\"},\"sameAs\":[\"https:\/\/veritasinfo.org\"],\"url\":\"https:\/\/veritasinfo.org\/?author=1\"}]}<\/script>\n<!-- \/ Yoast SEO plugin. -->","yoast_head_json":{"title":"Aleksandar Dugin, filozofi i Putinit: Vu\u00e7iqit i ka ardhur fundi, legjitimiteti i tij \u00ebsht\u00eb zhdukur -","robots":{"index":"index","follow":"follow","max-snippet":"max-snippet:-1","max-image-preview":"max-image-preview:large","max-video-preview":"max-video-preview:-1"},"canonical":"https:\/\/veritasinfo.org\/?p=2212","og_locale":"en_US","og_type":"article","og_title":"Aleksandar Dugin, filozofi i Putinit: Vu\u00e7iqit i ka ardhur fundi, legjitimiteti i tij \u00ebsht\u00eb zhdukur -","og_description":"Prishtin\u00eb, 2 Korrik 2025 Aleksandar Dugin, nj\u00eb filozof nga qarqet e krahut t\u00eb djatht\u00eb si n\u00eb Rusi ashtu edhe n\u00eb Serbi, sulmoi ashp\u00ebr presidentin serb","og_url":"https:\/\/veritasinfo.org\/?p=2212","article_published_time":"2025-07-02T05:30:33+00:00","article_modified_time":"2025-07-02T05:43:57+00:00","og_image":[{"width":1920,"height":1080,"url":"https:\/\/veritasinfo.org\/wp-content\/uploads\/2025\/07\/dugin.jpg","type":"image\/jpeg"}],"author":"admin","twitter_card":"summary_large_image","twitter_misc":{"Written by":"admin","Est. reading time":"3 minutes"},"schema":{"@context":"https:\/\/schema.org","@graph":[{"@type":"WebPage","@id":"https:\/\/veritasinfo.org\/?p=2212","url":"https:\/\/veritasinfo.org\/?p=2212","name":"Aleksandar Dugin, filozofi i Putinit: Vu\u00e7iqit i ka ardhur fundi, legjitimiteti i tij \u00ebsht\u00eb zhdukur -","isPartOf":{"@id":"https:\/\/veritasinfo.org\/#website"},"primaryImageOfPage":{"@id":"https:\/\/veritasinfo.org\/?p=2212#primaryimage"},"image":{"@id":"https:\/\/veritasinfo.org\/?p=2212#primaryimage"},"thumbnailUrl":"https:\/\/veritasinfo.org\/wp-content\/uploads\/2025\/07\/dugin.jpg","datePublished":"2025-07-02T05:30:33+00:00","dateModified":"2025-07-02T05:43:57+00:00","author":{"@id":"https:\/\/veritasinfo.org\/#\/schema\/person\/7701f8c088bece422266b100a712374f"},"breadcrumb":{"@id":"https:\/\/veritasinfo.org\/?p=2212#breadcrumb"},"inLanguage":"en-US","potentialAction":[{"@type":"ReadAction","target":["https:\/\/veritasinfo.org\/?p=2212"]}]},{"@type":"ImageObject","inLanguage":"en-US","@id":"https:\/\/veritasinfo.org\/?p=2212#primaryimage","url":"https:\/\/veritasinfo.org\/wp-content\/uploads\/2025\/07\/dugin.jpg","contentUrl":"https:\/\/veritasinfo.org\/wp-content\/uploads\/2025\/07\/dugin.jpg","width":1920,"height":1080},{"@type":"BreadcrumbList","@id":"https:\/\/veritasinfo.org\/?p=2212#breadcrumb","itemListElement":[{"@type":"ListItem","position":1,"name":"Home","item":"https:\/\/veritasinfo.org\/"},{"@type":"ListItem","position":2,"name":"Aleksandar Dugin, filozofi i Putinit: Vu\u00e7iqit i ka ardhur fundi, legjitimiteti i tij \u00ebsht\u00eb zhdukur"}]},{"@type":"WebSite","@id":"https:\/\/veritasinfo.org\/#website","url":"https:\/\/veritasinfo.org\/","name":"","description":"","potentialAction":[{"@type":"SearchAction","target":{"@type":"EntryPoint","urlTemplate":"https:\/\/veritasinfo.org\/?s={search_term_string}"},"query-input":{"@type":"PropertyValueSpecification","valueRequired":true,"valueName":"search_term_string"}}],"inLanguage":"en-US"},{"@type":"Person","@id":"https:\/\/veritasinfo.org\/#\/schema\/person\/7701f8c088bece422266b100a712374f","name":"admin","image":{"@type":"ImageObject","inLanguage":"en-US","@id":"https:\/\/veritasinfo.org\/#\/schema\/person\/image\/","url":"https:\/\/secure.gravatar.com\/avatar\/ea53aa3bf6c9a12d5fde8ce4deff43fef3885ae33cf60184161a50d6987cfd2f?s=96&d=mm&r=g","contentUrl":"https:\/\/secure.gravatar.com\/avatar\/ea53aa3bf6c9a12d5fde8ce4deff43fef3885ae33cf60184161a50d6987cfd2f?s=96&d=mm&r=g","caption":"admin"},"sameAs":["https:\/\/veritasinfo.org"],"url":"https:\/\/veritasinfo.org\/?author=1"}]}},"featured_image_urls":{"full":["https:\/\/veritasinfo.org\/wp-content\/uploads\/2025\/07\/dugin.jpg",1920,1080,false],"thumbnail":["https:\/\/veritasinfo.org\/wp-content\/uploads\/2025\/07\/dugin-150x150.jpg",150,150,true],"medium":["https:\/\/veritasinfo.org\/wp-content\/uploads\/2025\/07\/dugin-300x169.jpg",300,169,true],"medium_large":["https:\/\/veritasinfo.org\/wp-content\/uploads\/2025\/07\/dugin-768x432.jpg",640,360,true],"large":["https:\/\/veritasinfo.org\/wp-content\/uploads\/2025\/07\/dugin-1024x576.jpg",640,360,true],"1536x1536":["https:\/\/veritasinfo.org\/wp-content\/uploads\/2025\/07\/dugin-1536x864.jpg",1536,864,true],"2048x2048":["https:\/\/veritasinfo.org\/wp-content\/uploads\/2025\/07\/dugin.jpg",1920,1080,false],"kreeti-slider-full":["https:\/\/veritasinfo.org\/wp-content\/uploads\/2025\/07\/dugin.jpg",1280,720,false],"kreeti-featured":["https:\/\/veritasinfo.org\/wp-content\/uploads\/2025\/07\/dugin.jpg",1024,576,false],"kreeti-medium":["https:\/\/veritasinfo.org\/wp-content\/uploads\/2025\/07\/dugin.jpg",720,405,false],"kreeti-medium-square":["https:\/\/veritasinfo.org\/wp-content\/uploads\/2025\/07\/dugin.jpg",350,197,false]},"author_info":{"info":["admin"]},"category_info":"<a href=\"https:\/\/veritasinfo.org\/?cat=58\" rel=\"category\">Politik\u00eb<\/a>","tag_info":"Politik\u00eb","comment_count":"0","_links":{"self":[{"href":"https:\/\/veritasinfo.org\/index.php?rest_route=\/wp\/v2\/posts\/2212","targetHints":{"allow":["GET"]}}],"collection":[{"href":"https:\/\/veritasinfo.org\/index.php?rest_route=\/wp\/v2\/posts"}],"about":[{"href":"https:\/\/veritasinfo.org\/index.php?rest_route=\/wp\/v2\/types\/post"}],"author":[{"embeddable":true,"href":"https:\/\/veritasinfo.org\/index.php?rest_route=\/wp\/v2\/users\/1"}],"replies":[{"embeddable":true,"href":"https:\/\/veritasinfo.org\/index.php?rest_route=%2Fwp%2Fv2%2Fcomments&post=2212"}],"version-history":[{"count":1,"href":"https:\/\/veritasinfo.org\/index.php?rest_route=\/wp\/v2\/posts\/2212\/revisions"}],"predecessor-version":[{"id":2215,"href":"https:\/\/veritasinfo.org\/index.php?rest_route=\/wp\/v2\/posts\/2212\/revisions\/2215"}],"wp:featuredmedia":[{"embeddable":true,"href":"https:\/\/veritasinfo.org\/index.php?rest_route=\/wp\/v2\/media\/2226"}],"wp:attachment":[{"href":"https:\/\/veritasinfo.org\/index.php?rest_route=%2Fwp%2Fv2%2Fmedia&parent=2212"}],"wp:term":[{"taxonomy":"category","embeddable":true,"href":"https:\/\/veritasinfo.org\/index.php?rest_route=%2Fwp%2Fv2%2Fcategories&post=2212"},{"taxonomy":"post_tag","embeddable":true,"href":"https:\/\/veritasinfo.org\/index.php?rest_route=%2Fwp%2Fv2%2Ftags&post=2212"}],"curies":[{"name":"wp","href":"https:\/\/api.w.org\/{rel}","templated":true}]}}