{"id":2211,"date":"2025-07-02T07:32:26","date_gmt":"2025-07-02T05:32:26","guid":{"rendered":"https:\/\/veritasinfo.org\/?p=2211"},"modified":"2025-07-02T07:35:23","modified_gmt":"2025-07-02T05:35:23","slug":"titulli-be-ja-pergenjeshtron-vuciqin-per-biseden-me-von-der-leyen","status":"publish","type":"post","link":"https:\/\/veritasinfo.org\/?p=2211","title":{"rendered":"BE-ja p\u00ebrg\u00ebnjeshtron Vu\u00e7iqin p\u00ebr bised\u00ebn me Von der Leyen"},"content":{"rendered":"<p>Sevilla, 02 Korrik 2025<\/p>\n<p style=\"font-weight: 400;\"><span style=\"font-style: inherit; font-weight: inherit;\">Komisioni Evropian ka mohuar pretendimet e presidentit serb Aleksandar Vu\u00e7iq se pati \u201cbised\u00eb t\u00eb gjat\u00eb\u201d me presidenten e Komisionit Evropian, Ursula von der Leyen n\u00eb Sevilla<br \/>\n\u201cPresidentja von der Leyen pati bised\u00eb t\u00eb rast\u00ebsishme dhe spontane me presidentin Vu\u00e7iq n\u00eb sallonin e pritjes para dark\u00ebs zyrtare n\u00eb Sevilla\u201d, ka th\u00ebn\u00eb z\u00ebdh\u00ebn\u00ebsi i BE-s\u00eb, Stefan de Kersmacker, duke iu p\u00ebrgjigjur pyetjes s\u00eb nj\u00eb gazetari n\u00eb lidhje me deklarat\u00ebn e Vu\u00e7iqit n\u00eb lidhje me takimin dhe pretendimin se \u201cnuk kan\u00eb folur kurr\u00eb p\u00ebr bashk\u00ebpunim dypal\u00ebsh p\u00ebr kaq gjat\u00eb\u201d, transmeton \u201cN1\u201d.<\/span><\/p>\n<p style=\"font-weight: 400;\"><span style=\"font-style: inherit; font-weight: inherit;\">Mediat pro-Vu\u00e7iqit raportuan t\u00eb h\u00ebn\u00ebn se presidenti serb nga Sevilla u shpreh se \u201cka pasur bised\u00eb t\u00eb gjat\u00eb me Ursula von der Leyen, 30 minuta\u201d.<\/span><\/p>\n<p style=\"font-weight: 400;\"><span style=\"font-style: inherit; font-weight: inherit;\">&#8220;Ajo pati mund\u00ebsin\u00eb t\u00eb shk\u00ebmbente disa fjal\u00eb me shum\u00eb udh\u00ebheq\u00ebs gjat\u00eb asaj ngjarje, p\u00ebrfshir\u00eb presidentin Vu\u00e7iq. Pra, nuk ishte takim zyrtar dypal\u00ebsh\u201d, k\u00ebmb\u00ebnguli z\u00ebdh\u00ebn\u00ebsi i Komisionit Evropian.<\/span><\/p>\n","protected":false},"excerpt":{"rendered":"<p>Sevilla, 02 Korrik 2025 Komisioni Evropian ka mohuar pretendimet e presidentit serb Aleksandar Vu\u00e7iq se pati \u201cbised\u00eb t\u00eb gjat\u00eb\u201d me presidenten e Komisionit Evropian, Ursula<\/p>\n","protected":false},"author":1,"featured_media":2214,"comment_status":"open","ping_status":"open","sticky":false,"template":"","format":"standard","meta":{"footnotes":""},"categories":[58],"tags":[],"class_list":["post-2211","post","type-post","status-publish","format-standard","has-post-thumbnail","hentry","category-politike-sq"],"yoast_head":"<!-- This site is optimized with the Yoast SEO plugin v25.3.1 - https:\/\/yoast.com\/wordpress\/plugins\/seo\/ -->\n<title>BE-ja p\u00ebrg\u00ebnjeshtron Vu\u00e7iqin p\u00ebr bised\u00ebn me Von der Leyen -<\/title>\n<meta name=\"robots\" content=\"index, follow, max-snippet:-1, max-image-preview:large, max-video-preview:-1\" \/>\n<link rel=\"canonical\" href=\"https:\/\/veritasinfo.org\/?p=2211\" \/>\n<meta property=\"og:locale\" content=\"en_US\" \/>\n<meta property=\"og:type\" content=\"article\" \/>\n<meta property=\"og:title\" content=\"BE-ja p\u00ebrg\u00ebnjeshtron Vu\u00e7iqin p\u00ebr bised\u00ebn me Von der Leyen -\" \/>\n<meta property=\"og:description\" content=\"Sevilla, 02 Korrik 2025 Komisioni Evropian ka mohuar pretendimet e presidentit serb Aleksandar Vu\u00e7iq se pati \u201cbised\u00eb t\u00eb gjat\u00eb\u201d me presidenten e Komisionit Evropian, Ursula\" \/>\n<meta property=\"og:url\" content=\"https:\/\/veritasinfo.org\/?p=2211\" \/>\n<meta property=\"article:published_time\" content=\"2025-07-02T05:32:26+00:00\" \/>\n<meta property=\"article:modified_time\" content=\"2025-07-02T05:35:23+00:00\" \/>\n<meta property=\"og:image\" content=\"https:\/\/veritasinfo.org\/wp-content\/uploads\/2025\/07\/IMG_1666.webp\" \/>\n\t<meta property=\"og:image:width\" content=\"900\" \/>\n\t<meta property=\"og:image:height\" content=\"506\" \/>\n\t<meta property=\"og:image:type\" content=\"image\/webp\" \/>\n<meta name=\"author\" content=\"admin\" \/>\n<meta name=\"twitter:card\" content=\"summary_large_image\" \/>\n<meta name=\"twitter:label1\" content=\"Written by\" \/>\n\t<meta name=\"twitter:data1\" content=\"admin\" \/>\n\t<meta name=\"twitter:label2\" content=\"Est. reading time\" \/>\n\t<meta name=\"twitter:data2\" content=\"1 minute\" \/>\n<script type=\"application\/ld+json\" class=\"yoast-schema-graph\">{\"@context\":\"https:\/\/schema.org\",\"@graph\":[{\"@type\":\"WebPage\",\"@id\":\"https:\/\/veritasinfo.org\/?p=2211\",\"url\":\"https:\/\/veritasinfo.org\/?p=2211\",\"name\":\"BE-ja p\u00ebrg\u00ebnjeshtron Vu\u00e7iqin p\u00ebr bised\u00ebn me Von der Leyen -\",\"isPartOf\":{\"@id\":\"https:\/\/veritasinfo.org\/#website\"},\"primaryImageOfPage\":{\"@id\":\"https:\/\/veritasinfo.org\/?p=2211#primaryimage\"},\"image\":{\"@id\":\"https:\/\/veritasinfo.org\/?p=2211#primaryimage\"},\"thumbnailUrl\":\"https:\/\/veritasinfo.org\/wp-content\/uploads\/2025\/07\/IMG_1666.webp\",\"datePublished\":\"2025-07-02T05:32:26+00:00\",\"dateModified\":\"2025-07-02T05:35:23+00:00\",\"author\":{\"@id\":\"https:\/\/veritasinfo.org\/#\/schema\/person\/7701f8c088bece422266b100a712374f\"},\"breadcrumb\":{\"@id\":\"https:\/\/veritasinfo.org\/?p=2211#breadcrumb\"},\"inLanguage\":\"en-US\",\"potentialAction\":[{\"@type\":\"ReadAction\",\"target\":[\"https:\/\/veritasinfo.org\/?p=2211\"]}]},{\"@type\":\"ImageObject\",\"inLanguage\":\"en-US\",\"@id\":\"https:\/\/veritasinfo.org\/?p=2211#primaryimage\",\"url\":\"https:\/\/veritasinfo.org\/wp-content\/uploads\/2025\/07\/IMG_1666.webp\",\"contentUrl\":\"https:\/\/veritasinfo.org\/wp-content\/uploads\/2025\/07\/IMG_1666.webp\",\"width\":900,\"height\":506},{\"@type\":\"BreadcrumbList\",\"@id\":\"https:\/\/veritasinfo.org\/?p=2211#breadcrumb\",\"itemListElement\":[{\"@type\":\"ListItem\",\"position\":1,\"name\":\"Home\",\"item\":\"https:\/\/veritasinfo.org\/\"},{\"@type\":\"ListItem\",\"position\":2,\"name\":\"BE-ja p\u00ebrg\u00ebnjeshtron Vu\u00e7iqin p\u00ebr bised\u00ebn me Von der Leyen\"}]},{\"@type\":\"WebSite\",\"@id\":\"https:\/\/veritasinfo.org\/#website\",\"url\":\"https:\/\/veritasinfo.org\/\",\"name\":\"\",\"description\":\"\",\"potentialAction\":[{\"@type\":\"SearchAction\",\"target\":{\"@type\":\"EntryPoint\",\"urlTemplate\":\"https:\/\/veritasinfo.org\/?s={search_term_string}\"},\"query-input\":{\"@type\":\"PropertyValueSpecification\",\"valueRequired\":true,\"valueName\":\"search_term_string\"}}],\"inLanguage\":\"en-US\"},{\"@type\":\"Person\",\"@id\":\"https:\/\/veritasinfo.org\/#\/schema\/person\/7701f8c088bece422266b100a712374f\",\"name\":\"admin\",\"image\":{\"@type\":\"ImageObject\",\"inLanguage\":\"en-US\",\"@id\":\"https:\/\/veritasinfo.org\/#\/schema\/person\/image\/\",\"url\":\"https:\/\/secure.gravatar.com\/avatar\/ea53aa3bf6c9a12d5fde8ce4deff43fef3885ae33cf60184161a50d6987cfd2f?s=96&d=mm&r=g\",\"contentUrl\":\"https:\/\/secure.gravatar.com\/avatar\/ea53aa3bf6c9a12d5fde8ce4deff43fef3885ae33cf60184161a50d6987cfd2f?s=96&d=mm&r=g\",\"caption\":\"admin\"},\"sameAs\":[\"https:\/\/veritasinfo.org\"],\"url\":\"https:\/\/veritasinfo.org\/?author=1\"}]}<\/script>\n<!-- \/ Yoast SEO plugin. -->","yoast_head_json":{"title":"BE-ja p\u00ebrg\u00ebnjeshtron Vu\u00e7iqin p\u00ebr bised\u00ebn me Von der Leyen -","robots":{"index":"index","follow":"follow","max-snippet":"max-snippet:-1","max-image-preview":"max-image-preview:large","max-video-preview":"max-video-preview:-1"},"canonical":"https:\/\/veritasinfo.org\/?p=2211","og_locale":"en_US","og_type":"article","og_title":"BE-ja p\u00ebrg\u00ebnjeshtron Vu\u00e7iqin p\u00ebr bised\u00ebn me Von der Leyen -","og_description":"Sevilla, 02 Korrik 2025 Komisioni Evropian ka mohuar pretendimet e presidentit serb Aleksandar Vu\u00e7iq se pati \u201cbised\u00eb t\u00eb gjat\u00eb\u201d me presidenten e Komisionit Evropian, Ursula","og_url":"https:\/\/veritasinfo.org\/?p=2211","article_published_time":"2025-07-02T05:32:26+00:00","article_modified_time":"2025-07-02T05:35:23+00:00","og_image":[{"width":900,"height":506,"url":"https:\/\/veritasinfo.org\/wp-content\/uploads\/2025\/07\/IMG_1666.webp","type":"image\/webp"}],"author":"admin","twitter_card":"summary_large_image","twitter_misc":{"Written by":"admin","Est. reading time":"1 minute"},"schema":{"@context":"https:\/\/schema.org","@graph":[{"@type":"WebPage","@id":"https:\/\/veritasinfo.org\/?p=2211","url":"https:\/\/veritasinfo.org\/?p=2211","name":"BE-ja p\u00ebrg\u00ebnjeshtron Vu\u00e7iqin p\u00ebr bised\u00ebn me Von der Leyen -","isPartOf":{"@id":"https:\/\/veritasinfo.org\/#website"},"primaryImageOfPage":{"@id":"https:\/\/veritasinfo.org\/?p=2211#primaryimage"},"image":{"@id":"https:\/\/veritasinfo.org\/?p=2211#primaryimage"},"thumbnailUrl":"https:\/\/veritasinfo.org\/wp-content\/uploads\/2025\/07\/IMG_1666.webp","datePublished":"2025-07-02T05:32:26+00:00","dateModified":"2025-07-02T05:35:23+00:00","author":{"@id":"https:\/\/veritasinfo.org\/#\/schema\/person\/7701f8c088bece422266b100a712374f"},"breadcrumb":{"@id":"https:\/\/veritasinfo.org\/?p=2211#breadcrumb"},"inLanguage":"en-US","potentialAction":[{"@type":"ReadAction","target":["https:\/\/veritasinfo.org\/?p=2211"]}]},{"@type":"ImageObject","inLanguage":"en-US","@id":"https:\/\/veritasinfo.org\/?p=2211#primaryimage","url":"https:\/\/veritasinfo.org\/wp-content\/uploads\/2025\/07\/IMG_1666.webp","contentUrl":"https:\/\/veritasinfo.org\/wp-content\/uploads\/2025\/07\/IMG_1666.webp","width":900,"height":506},{"@type":"BreadcrumbList","@id":"https:\/\/veritasinfo.org\/?p=2211#breadcrumb","itemListElement":[{"@type":"ListItem","position":1,"name":"Home","item":"https:\/\/veritasinfo.org\/"},{"@type":"ListItem","position":2,"name":"BE-ja p\u00ebrg\u00ebnjeshtron Vu\u00e7iqin p\u00ebr bised\u00ebn me Von der Leyen"}]},{"@type":"WebSite","@id":"https:\/\/veritasinfo.org\/#website","url":"https:\/\/veritasinfo.org\/","name":"","description":"","potentialAction":[{"@type":"SearchAction","target":{"@type":"EntryPoint","urlTemplate":"https:\/\/veritasinfo.org\/?s={search_term_string}"},"query-input":{"@type":"PropertyValueSpecification","valueRequired":true,"valueName":"search_term_string"}}],"inLanguage":"en-US"},{"@type":"Person","@id":"https:\/\/veritasinfo.org\/#\/schema\/person\/7701f8c088bece422266b100a712374f","name":"admin","image":{"@type":"ImageObject","inLanguage":"en-US","@id":"https:\/\/veritasinfo.org\/#\/schema\/person\/image\/","url":"https:\/\/secure.gravatar.com\/avatar\/ea53aa3bf6c9a12d5fde8ce4deff43fef3885ae33cf60184161a50d6987cfd2f?s=96&d=mm&r=g","contentUrl":"https:\/\/secure.gravatar.com\/avatar\/ea53aa3bf6c9a12d5fde8ce4deff43fef3885ae33cf60184161a50d6987cfd2f?s=96&d=mm&r=g","caption":"admin"},"sameAs":["https:\/\/veritasinfo.org"],"url":"https:\/\/veritasinfo.org\/?author=1"}]}},"featured_image_urls":{"full":["https:\/\/veritasinfo.org\/wp-content\/uploads\/2025\/07\/IMG_1666.webp",900,506,false],"thumbnail":["https:\/\/veritasinfo.org\/wp-content\/uploads\/2025\/07\/IMG_1666-150x150.webp",150,150,true],"medium":["https:\/\/veritasinfo.org\/wp-content\/uploads\/2025\/07\/IMG_1666-300x169.webp",300,169,true],"medium_large":["https:\/\/veritasinfo.org\/wp-content\/uploads\/2025\/07\/IMG_1666-768x432.webp",640,360,true],"large":["https:\/\/veritasinfo.org\/wp-content\/uploads\/2025\/07\/IMG_1666.webp",640,360,false],"1536x1536":["https:\/\/veritasinfo.org\/wp-content\/uploads\/2025\/07\/IMG_1666.webp",900,506,false],"2048x2048":["https:\/\/veritasinfo.org\/wp-content\/uploads\/2025\/07\/IMG_1666.webp",900,506,false],"kreeti-slider-full":["https:\/\/veritasinfo.org\/wp-content\/uploads\/2025\/07\/IMG_1666.webp",900,506,false],"kreeti-featured":["https:\/\/veritasinfo.org\/wp-content\/uploads\/2025\/07\/IMG_1666.webp",900,506,false],"kreeti-medium":["https:\/\/veritasinfo.org\/wp-content\/uploads\/2025\/07\/IMG_1666.webp",720,405,false],"kreeti-medium-square":["https:\/\/veritasinfo.org\/wp-content\/uploads\/2025\/07\/IMG_1666.webp",350,197,false]},"author_info":{"info":["admin"]},"category_info":"<a href=\"https:\/\/veritasinfo.org\/?cat=58\" rel=\"category\">Politik\u00eb<\/a>","tag_info":"Politik\u00eb","comment_count":"0","_links":{"self":[{"href":"https:\/\/veritasinfo.org\/index.php?rest_route=\/wp\/v2\/posts\/2211","targetHints":{"allow":["GET"]}}],"collection":[{"href":"https:\/\/veritasinfo.org\/index.php?rest_route=\/wp\/v2\/posts"}],"about":[{"href":"https:\/\/veritasinfo.org\/index.php?rest_route=\/wp\/v2\/types\/post"}],"author":[{"embeddable":true,"href":"https:\/\/veritasinfo.org\/index.php?rest_route=\/wp\/v2\/users\/1"}],"replies":[{"embeddable":true,"href":"https:\/\/veritasinfo.org\/index.php?rest_route=%2Fwp%2Fv2%2Fcomments&post=2211"}],"version-history":[{"count":2,"href":"https:\/\/veritasinfo.org\/index.php?rest_route=\/wp\/v2\/posts\/2211\/revisions"}],"predecessor-version":[{"id":2219,"href":"https:\/\/veritasinfo.org\/index.php?rest_route=\/wp\/v2\/posts\/2211\/revisions\/2219"}],"wp:featuredmedia":[{"embeddable":true,"href":"https:\/\/veritasinfo.org\/index.php?rest_route=\/wp\/v2\/media\/2214"}],"wp:attachment":[{"href":"https:\/\/veritasinfo.org\/index.php?rest_route=%2Fwp%2Fv2%2Fmedia&parent=2211"}],"wp:term":[{"taxonomy":"category","embeddable":true,"href":"https:\/\/veritasinfo.org\/index.php?rest_route=%2Fwp%2Fv2%2Fcategories&post=2211"},{"taxonomy":"post_tag","embeddable":true,"href":"https:\/\/veritasinfo.org\/index.php?rest_route=%2Fwp%2Fv2%2Ftags&post=2211"}],"curies":[{"name":"wp","href":"https:\/\/api.w.org\/{rel}","templated":true}]}}