{"id":22098,"date":"2025-11-28T13:06:35","date_gmt":"2025-11-28T12:06:35","guid":{"rendered":"https:\/\/veritasinfo.org\/?p=22098"},"modified":"2025-11-28T13:06:35","modified_gmt":"2025-11-28T12:06:35","slug":"hashim-thaci-nga-haga-uron-shqiptaret-per-28-nentor-besoj-qe-nentoret-e-tjera-do-ti-festojme-te-bashkuar","status":"publish","type":"post","link":"https:\/\/veritasinfo.org\/?p=22098","title":{"rendered":"Hashim Tha\u00e7i nga Haga uron shqiptar\u00ebt p\u00ebr 28 N\u00ebntor: Besoj q\u00eb n\u00ebntor\u00ebt e tjera do t\u2019i festojm\u00eb t\u00eb bashkuar"},"content":{"rendered":"<p>Prishtin\u00eb, 28 n\u00ebntor 2025 13:06<\/p>\n<p>Nga Haga, ish-Presidenti Hashim Tha\u00e7i ka uruar shqiptar\u00ebt p\u00ebr festat e 28 n\u00ebntorit, duke shprehur besimin q\u00eb n\u00ebntorin tjet\u00ebr do t\u00eb festojn\u00eb s\u00eb bashku.<\/p>\n<p>Tha\u00e7i n\u00eb fjal\u00ebn e tij n\u00eb seanc\u00ebn p\u00ebrgatitore ka shprehur pak\u00ebnaq\u00ebsin\u00eb e tij q\u00eb seanca \u00ebsht\u00eb caktuar pik\u00ebrisht n\u00eb dit\u00ebn kur shqiptar\u00ebt sh\u00ebnojn\u00eb festat e 28 n\u00ebntorit.<\/p>\n<p>\u201cSot \u00e7do shqiptar\u00eb ka fest\u00eb komb\u00ebtare, shtet\u00ebrore dhe familjare sepse \u00ebsht\u00eb festa e dinjitetit dhe krenaris\u00eb komb\u00ebtare ku \u00e7do popull i lir\u00eb n\u00eb bot\u00eb feston dhe kujton. Sot \u00e7do familje shqiptare dhe institucion i Kosov\u00ebs edhe kujton edhe feston. Prandaj mua nuk m\u00eb mbetet tjet\u00ebr ve\u00e7 t\u2019i uroj\u00eb shqiptar\u00ebt p\u00ebr festen e 28 N\u00ebntorit t\u00eb festojn\u00eb t\u00eb bashkuar, krenar dhe me dinjitet. Besoj q\u00eb n\u00ebntor\u00ebt e tjera do t\u2019i festojm\u00eb t\u00eb bashkuar\u201d, tha Tha\u00e7i.<\/p>\n<p>Tha\u00e7i ka th\u00ebn\u00eb se caktimi i k\u00ebsaj seance n\u00eb dit\u00ebn e 28 n\u00ebntorit \u00ebsht\u00eb nj\u00eb befasi jo e mir\u00eb e cila do t\u00eb duhej t\u00eb evitohej.<\/p>\n<p>\u201cE mir\u00ebpres mbajtjen e k\u00ebsaj seance p\u00ebr k\u00ebt\u00eb arsye jam n\u00eb k\u00ebt\u00eb arsye jam sot n\u00eb k\u00ebt\u00eb \u00a0seanc\u00eb sepse jam i p\u00ebrcaktuar p\u00ebr respektimin e sh\u00ebtit ligjor por i nderuar zoti gjyqtar \u00ebsht\u00eb me interes q\u00eb n\u00eb k\u00ebt\u00eb gjykat\u00eb t\u00eb mos ndodhin gj\u00ebra q\u00eb nuk lejohen t\u00eb ndodhin n\u00eb shtet t\u00eb huaja p\u00ebrkat\u00ebse. Sic do popull dhe ne shqiptar\u00ebt kemi historin\u00eb, traditat dhe vlerat komb\u00ebtare dhe shtet\u00ebrore. Mendoj se caktimi i k\u00ebsaj seance pik\u00ebrisht sot me 28 n\u00ebntor do t\u00eb duhej t\u00eb evituar. Mbajtja e k\u00ebsaj seance pik\u00ebrisht sot me 28 n\u00ebntor p\u00ebr mua dhe \u00e7do shqiptar\u00eb \u00ebsht\u00eb befasi jo e mir\u00eb\u201d, tha Tha\u00e7i.<\/p>\n<p>Por Gjyqtari i Gjykat\u00ebs Speciale, Christoph Gosnell, tha se seanca u caktuar n\u00eb konsultim me pal\u00ebt.<\/p>\n<p>\u201cFaleminderit z. Tha\u00e7i p\u00ebr k\u00ebto fjal\u00eb, me duhet t\u00eb iu them se k\u00ebt\u00eb dat\u00eb e caktuar pasi u konsultuam me t\u00eb gjitha pal\u00ebt dhe asnj\u00eb kund\u00ebrshtim nuk pari p\u00ebr k\u00ebt\u00eb dit\u00eb, p\u00ebr konferenc\u00ebn e p\u00ebrgatitjes\u201d, ka th\u00ebn\u00eb gjyqtari.<\/p>\n<p>&nbsp;<\/p>\n","protected":false},"excerpt":{"rendered":"<p>Prishtin\u00eb, 28 n\u00ebntor 2025 13:06 Nga Haga, ish-Presidenti Hashim Tha\u00e7i ka uruar shqiptar\u00ebt p\u00ebr festat e 28 n\u00ebntorit, duke shprehur besimin q\u00eb n\u00ebntorin tjet\u00ebr do<\/p>\n","protected":false},"author":7,"featured_media":22099,"comment_status":"open","ping_status":"open","sticky":false,"template":"","format":"standard","meta":{"footnotes":""},"categories":[60],"tags":[],"class_list":["post-22098","post","type-post","status-publish","format-standard","has-post-thumbnail","hentry","category-shoqerore-sq"],"yoast_head":"<!-- This site is optimized with the Yoast SEO plugin v25.3.1 - https:\/\/yoast.com\/wordpress\/plugins\/seo\/ -->\n<title>Hashim Tha\u00e7i nga Haga uron shqiptar\u00ebt p\u00ebr 28 N\u00ebntor: Besoj q\u00eb n\u00ebntor\u00ebt e tjera do t\u2019i festojm\u00eb t\u00eb bashkuar -<\/title>\n<meta name=\"robots\" content=\"index, follow, max-snippet:-1, max-image-preview:large, max-video-preview:-1\" \/>\n<link rel=\"canonical\" href=\"https:\/\/veritasinfo.org\/?p=22098\" \/>\n<meta property=\"og:locale\" content=\"en_US\" \/>\n<meta property=\"og:type\" content=\"article\" \/>\n<meta property=\"og:title\" content=\"Hashim Tha\u00e7i nga Haga uron shqiptar\u00ebt p\u00ebr 28 N\u00ebntor: Besoj q\u00eb n\u00ebntor\u00ebt e tjera do t\u2019i festojm\u00eb t\u00eb bashkuar -\" \/>\n<meta property=\"og:description\" content=\"Prishtin\u00eb, 28 n\u00ebntor 2025 13:06 Nga Haga, ish-Presidenti Hashim Tha\u00e7i ka uruar shqiptar\u00ebt p\u00ebr festat e 28 n\u00ebntorit, duke shprehur besimin q\u00eb n\u00ebntorin tjet\u00ebr do\" \/>\n<meta property=\"og:url\" content=\"https:\/\/veritasinfo.org\/?p=22098\" \/>\n<meta property=\"article:published_time\" content=\"2025-11-28T12:06:35+00:00\" \/>\n<meta property=\"og:image\" content=\"https:\/\/veritasinfo.org\/wp-content\/uploads\/2025\/11\/Screenshot-2025-11-28-130532.jpg\" \/>\n\t<meta property=\"og:image:width\" content=\"646\" \/>\n\t<meta property=\"og:image:height\" content=\"364\" \/>\n\t<meta property=\"og:image:type\" content=\"image\/jpeg\" \/>\n<meta name=\"author\" content=\"US6\" \/>\n<meta name=\"twitter:card\" content=\"summary_large_image\" \/>\n<meta name=\"twitter:label1\" content=\"Written by\" \/>\n\t<meta name=\"twitter:data1\" content=\"US6\" \/>\n\t<meta name=\"twitter:label2\" content=\"Est. reading time\" \/>\n\t<meta name=\"twitter:data2\" content=\"2 minutes\" \/>\n<script type=\"application\/ld+json\" class=\"yoast-schema-graph\">{\"@context\":\"https:\/\/schema.org\",\"@graph\":[{\"@type\":\"WebPage\",\"@id\":\"https:\/\/veritasinfo.org\/?p=22098\",\"url\":\"https:\/\/veritasinfo.org\/?p=22098\",\"name\":\"Hashim Tha\u00e7i nga Haga uron shqiptar\u00ebt p\u00ebr 28 N\u00ebntor: Besoj q\u00eb n\u00ebntor\u00ebt e tjera do t\u2019i festojm\u00eb t\u00eb bashkuar -\",\"isPartOf\":{\"@id\":\"https:\/\/veritasinfo.org\/#website\"},\"primaryImageOfPage\":{\"@id\":\"https:\/\/veritasinfo.org\/?p=22098#primaryimage\"},\"image\":{\"@id\":\"https:\/\/veritasinfo.org\/?p=22098#primaryimage\"},\"thumbnailUrl\":\"https:\/\/veritasinfo.org\/wp-content\/uploads\/2025\/11\/Screenshot-2025-11-28-130532.jpg\",\"datePublished\":\"2025-11-28T12:06:35+00:00\",\"author\":{\"@id\":\"https:\/\/veritasinfo.org\/#\/schema\/person\/fe199eede04c3937362892b7444747cc\"},\"breadcrumb\":{\"@id\":\"https:\/\/veritasinfo.org\/?p=22098#breadcrumb\"},\"inLanguage\":\"en-US\",\"potentialAction\":[{\"@type\":\"ReadAction\",\"target\":[\"https:\/\/veritasinfo.org\/?p=22098\"]}]},{\"@type\":\"ImageObject\",\"inLanguage\":\"en-US\",\"@id\":\"https:\/\/veritasinfo.org\/?p=22098#primaryimage\",\"url\":\"https:\/\/veritasinfo.org\/wp-content\/uploads\/2025\/11\/Screenshot-2025-11-28-130532.jpg\",\"contentUrl\":\"https:\/\/veritasinfo.org\/wp-content\/uploads\/2025\/11\/Screenshot-2025-11-28-130532.jpg\",\"width\":646,\"height\":364},{\"@type\":\"BreadcrumbList\",\"@id\":\"https:\/\/veritasinfo.org\/?p=22098#breadcrumb\",\"itemListElement\":[{\"@type\":\"ListItem\",\"position\":1,\"name\":\"Home\",\"item\":\"https:\/\/veritasinfo.org\/\"},{\"@type\":\"ListItem\",\"position\":2,\"name\":\"Hashim Tha\u00e7i nga Haga uron shqiptar\u00ebt p\u00ebr 28 N\u00ebntor: Besoj q\u00eb n\u00ebntor\u00ebt e tjera do t\u2019i festojm\u00eb t\u00eb bashkuar\"}]},{\"@type\":\"WebSite\",\"@id\":\"https:\/\/veritasinfo.org\/#website\",\"url\":\"https:\/\/veritasinfo.org\/\",\"name\":\"\",\"description\":\"\",\"potentialAction\":[{\"@type\":\"SearchAction\",\"target\":{\"@type\":\"EntryPoint\",\"urlTemplate\":\"https:\/\/veritasinfo.org\/?s={search_term_string}\"},\"query-input\":{\"@type\":\"PropertyValueSpecification\",\"valueRequired\":true,\"valueName\":\"search_term_string\"}}],\"inLanguage\":\"en-US\"},{\"@type\":\"Person\",\"@id\":\"https:\/\/veritasinfo.org\/#\/schema\/person\/fe199eede04c3937362892b7444747cc\",\"name\":\"US6\",\"image\":{\"@type\":\"ImageObject\",\"inLanguage\":\"en-US\",\"@id\":\"https:\/\/veritasinfo.org\/#\/schema\/person\/image\/\",\"url\":\"https:\/\/secure.gravatar.com\/avatar\/cb16c3c31c9d23b9b8c705964598220b3014e42ff51eb540ff23cefa3ae8c15f?s=96&d=mm&r=g\",\"contentUrl\":\"https:\/\/secure.gravatar.com\/avatar\/cb16c3c31c9d23b9b8c705964598220b3014e42ff51eb540ff23cefa3ae8c15f?s=96&d=mm&r=g\",\"caption\":\"US6\"},\"url\":\"https:\/\/veritasinfo.org\/?author=7\"}]}<\/script>\n<!-- \/ Yoast SEO plugin. -->","yoast_head_json":{"title":"Hashim Tha\u00e7i nga Haga uron shqiptar\u00ebt p\u00ebr 28 N\u00ebntor: Besoj q\u00eb n\u00ebntor\u00ebt e tjera do t\u2019i festojm\u00eb t\u00eb bashkuar -","robots":{"index":"index","follow":"follow","max-snippet":"max-snippet:-1","max-image-preview":"max-image-preview:large","max-video-preview":"max-video-preview:-1"},"canonical":"https:\/\/veritasinfo.org\/?p=22098","og_locale":"en_US","og_type":"article","og_title":"Hashim Tha\u00e7i nga Haga uron shqiptar\u00ebt p\u00ebr 28 N\u00ebntor: Besoj q\u00eb n\u00ebntor\u00ebt e tjera do t\u2019i festojm\u00eb t\u00eb bashkuar -","og_description":"Prishtin\u00eb, 28 n\u00ebntor 2025 13:06 Nga Haga, ish-Presidenti Hashim Tha\u00e7i ka uruar shqiptar\u00ebt p\u00ebr festat e 28 n\u00ebntorit, duke shprehur besimin q\u00eb n\u00ebntorin tjet\u00ebr do","og_url":"https:\/\/veritasinfo.org\/?p=22098","article_published_time":"2025-11-28T12:06:35+00:00","og_image":[{"width":646,"height":364,"url":"https:\/\/veritasinfo.org\/wp-content\/uploads\/2025\/11\/Screenshot-2025-11-28-130532.jpg","type":"image\/jpeg"}],"author":"US6","twitter_card":"summary_large_image","twitter_misc":{"Written by":"US6","Est. reading time":"2 minutes"},"schema":{"@context":"https:\/\/schema.org","@graph":[{"@type":"WebPage","@id":"https:\/\/veritasinfo.org\/?p=22098","url":"https:\/\/veritasinfo.org\/?p=22098","name":"Hashim Tha\u00e7i nga Haga uron shqiptar\u00ebt p\u00ebr 28 N\u00ebntor: Besoj q\u00eb n\u00ebntor\u00ebt e tjera do t\u2019i festojm\u00eb t\u00eb bashkuar -","isPartOf":{"@id":"https:\/\/veritasinfo.org\/#website"},"primaryImageOfPage":{"@id":"https:\/\/veritasinfo.org\/?p=22098#primaryimage"},"image":{"@id":"https:\/\/veritasinfo.org\/?p=22098#primaryimage"},"thumbnailUrl":"https:\/\/veritasinfo.org\/wp-content\/uploads\/2025\/11\/Screenshot-2025-11-28-130532.jpg","datePublished":"2025-11-28T12:06:35+00:00","author":{"@id":"https:\/\/veritasinfo.org\/#\/schema\/person\/fe199eede04c3937362892b7444747cc"},"breadcrumb":{"@id":"https:\/\/veritasinfo.org\/?p=22098#breadcrumb"},"inLanguage":"en-US","potentialAction":[{"@type":"ReadAction","target":["https:\/\/veritasinfo.org\/?p=22098"]}]},{"@type":"ImageObject","inLanguage":"en-US","@id":"https:\/\/veritasinfo.org\/?p=22098#primaryimage","url":"https:\/\/veritasinfo.org\/wp-content\/uploads\/2025\/11\/Screenshot-2025-11-28-130532.jpg","contentUrl":"https:\/\/veritasinfo.org\/wp-content\/uploads\/2025\/11\/Screenshot-2025-11-28-130532.jpg","width":646,"height":364},{"@type":"BreadcrumbList","@id":"https:\/\/veritasinfo.org\/?p=22098#breadcrumb","itemListElement":[{"@type":"ListItem","position":1,"name":"Home","item":"https:\/\/veritasinfo.org\/"},{"@type":"ListItem","position":2,"name":"Hashim Tha\u00e7i nga Haga uron shqiptar\u00ebt p\u00ebr 28 N\u00ebntor: Besoj q\u00eb n\u00ebntor\u00ebt e tjera do t\u2019i festojm\u00eb t\u00eb bashkuar"}]},{"@type":"WebSite","@id":"https:\/\/veritasinfo.org\/#website","url":"https:\/\/veritasinfo.org\/","name":"","description":"","potentialAction":[{"@type":"SearchAction","target":{"@type":"EntryPoint","urlTemplate":"https:\/\/veritasinfo.org\/?s={search_term_string}"},"query-input":{"@type":"PropertyValueSpecification","valueRequired":true,"valueName":"search_term_string"}}],"inLanguage":"en-US"},{"@type":"Person","@id":"https:\/\/veritasinfo.org\/#\/schema\/person\/fe199eede04c3937362892b7444747cc","name":"US6","image":{"@type":"ImageObject","inLanguage":"en-US","@id":"https:\/\/veritasinfo.org\/#\/schema\/person\/image\/","url":"https:\/\/secure.gravatar.com\/avatar\/cb16c3c31c9d23b9b8c705964598220b3014e42ff51eb540ff23cefa3ae8c15f?s=96&d=mm&r=g","contentUrl":"https:\/\/secure.gravatar.com\/avatar\/cb16c3c31c9d23b9b8c705964598220b3014e42ff51eb540ff23cefa3ae8c15f?s=96&d=mm&r=g","caption":"US6"},"url":"https:\/\/veritasinfo.org\/?author=7"}]}},"featured_image_urls":{"full":["https:\/\/veritasinfo.org\/wp-content\/uploads\/2025\/11\/Screenshot-2025-11-28-130532.jpg",646,364,false],"thumbnail":["https:\/\/veritasinfo.org\/wp-content\/uploads\/2025\/11\/Screenshot-2025-11-28-130532-150x150.jpg",150,150,true],"medium":["https:\/\/veritasinfo.org\/wp-content\/uploads\/2025\/11\/Screenshot-2025-11-28-130532-300x169.jpg",300,169,true],"medium_large":["https:\/\/veritasinfo.org\/wp-content\/uploads\/2025\/11\/Screenshot-2025-11-28-130532.jpg",640,361,false],"large":["https:\/\/veritasinfo.org\/wp-content\/uploads\/2025\/11\/Screenshot-2025-11-28-130532.jpg",640,361,false],"1536x1536":["https:\/\/veritasinfo.org\/wp-content\/uploads\/2025\/11\/Screenshot-2025-11-28-130532.jpg",646,364,false],"2048x2048":["https:\/\/veritasinfo.org\/wp-content\/uploads\/2025\/11\/Screenshot-2025-11-28-130532.jpg",646,364,false],"kreeti-slider-full":["https:\/\/veritasinfo.org\/wp-content\/uploads\/2025\/11\/Screenshot-2025-11-28-130532.jpg",646,364,false],"kreeti-featured":["https:\/\/veritasinfo.org\/wp-content\/uploads\/2025\/11\/Screenshot-2025-11-28-130532.jpg",646,364,false],"kreeti-medium":["https:\/\/veritasinfo.org\/wp-content\/uploads\/2025\/11\/Screenshot-2025-11-28-130532.jpg",646,364,false],"kreeti-medium-square":["https:\/\/veritasinfo.org\/wp-content\/uploads\/2025\/11\/Screenshot-2025-11-28-130532.jpg",350,197,false]},"author_info":{"info":["US6"]},"category_info":"<a href=\"https:\/\/veritasinfo.org\/?cat=60\" rel=\"category\">Shoq\u00ebrore<\/a>","tag_info":"Shoq\u00ebrore","comment_count":"0","_links":{"self":[{"href":"https:\/\/veritasinfo.org\/index.php?rest_route=\/wp\/v2\/posts\/22098","targetHints":{"allow":["GET"]}}],"collection":[{"href":"https:\/\/veritasinfo.org\/index.php?rest_route=\/wp\/v2\/posts"}],"about":[{"href":"https:\/\/veritasinfo.org\/index.php?rest_route=\/wp\/v2\/types\/post"}],"author":[{"embeddable":true,"href":"https:\/\/veritasinfo.org\/index.php?rest_route=\/wp\/v2\/users\/7"}],"replies":[{"embeddable":true,"href":"https:\/\/veritasinfo.org\/index.php?rest_route=%2Fwp%2Fv2%2Fcomments&post=22098"}],"version-history":[{"count":1,"href":"https:\/\/veritasinfo.org\/index.php?rest_route=\/wp\/v2\/posts\/22098\/revisions"}],"predecessor-version":[{"id":22100,"href":"https:\/\/veritasinfo.org\/index.php?rest_route=\/wp\/v2\/posts\/22098\/revisions\/22100"}],"wp:featuredmedia":[{"embeddable":true,"href":"https:\/\/veritasinfo.org\/index.php?rest_route=\/wp\/v2\/media\/22099"}],"wp:attachment":[{"href":"https:\/\/veritasinfo.org\/index.php?rest_route=%2Fwp%2Fv2%2Fmedia&parent=22098"}],"wp:term":[{"taxonomy":"category","embeddable":true,"href":"https:\/\/veritasinfo.org\/index.php?rest_route=%2Fwp%2Fv2%2Fcategories&post=22098"},{"taxonomy":"post_tag","embeddable":true,"href":"https:\/\/veritasinfo.org\/index.php?rest_route=%2Fwp%2Fv2%2Ftags&post=22098"}],"curies":[{"name":"wp","href":"https:\/\/api.w.org\/{rel}","templated":true}]}}