{"id":22093,"date":"2025-11-28T13:04:27","date_gmt":"2025-11-28T12:04:27","guid":{"rendered":"https:\/\/veritasinfo.org\/?p=22093"},"modified":"2025-11-28T13:04:27","modified_gmt":"2025-11-28T12:04:27","slug":"pakoja-e-re-e-sky-komunikimeve-trondit-serbine-permenden-vellezerit-vuciq","status":"publish","type":"post","link":"https:\/\/veritasinfo.org\/?p=22093","title":{"rendered":"Pakoja e re e Sky komunikimeve trondit Serbin\u00eb: P\u00ebrmenden v\u00ebllez\u00ebrit Vu\u00e7iq"},"content":{"rendered":"<p>Beograd 28 N\u00ebntor 2025. 13:03<\/p>\n<p>Presioni i pushtetit ndaj Prokuroris\u00eb p\u00ebr Krimin e Organizuar (TOK) n\u00eb Serbi ka arritur kulmin, nd\u00ebrsa qeveria po p\u00ebrgatit ndryshime ligjore q\u00eb do t\u2019i heqin k\u00ebsaj prokurorie pavar\u00ebsin\u00eb, duke e futur n\u00ebn var\u00ebsin\u00eb e Prokuroris\u00eb s\u00eb Lart\u00eb n\u00eb Beograd.<\/p>\n<p>Sipas burimeve t\u00eb mediumit Radar, nj\u00eb nga arsyet kryesore t\u00eb k\u00ebtij sulmi \u00ebsht\u00eb pakoja e re e komunikimeve t\u00eb Sky ECC, e ardhur p\u00ebrmes Europolit, e cila dyshohet se p\u00ebrmban t\u00eb dh\u00ebna p\u00ebr korrupsion t\u00eb nivelit t\u00eb lart\u00eb ku p\u00ebrmenden presidenti serb Aleksandar Vu\u010di\u0107 dhe v\u00ebllai i tij, Andrej Vu\u00e7iq. K\u00ebto komunikime ndodhen n\u00eb Ministrin\u00eb e Brendshme, por, sipas burimeve, nuk jan\u00eb dor\u00ebzuar ende n\u00eb Prokurorin\u00eb p\u00ebr Krimin e Organizuar (TOK).<\/p>\n<p>Nd\u00ebrkoh\u00eb TOK ka hapur disa hetime t\u00eb reja sensitive, p\u00ebrfshir\u00eb: Korrupsionin gjat\u00eb rind\u00ebrtimit t\u00eb streh\u00ebz\u00ebs s\u00eb autobus\u00ebve n\u00eb Novi Sad ku humb\u00ebn jet\u00ebn 16 persona; Shp\u00ebrdorimet n\u00eb nd\u00ebrtimin e hekurudh\u00ebs drejt kufirit dhe: Falsifikimet n\u00eb rastin e dokumenteve t\u00eb Shtabit t\u00eb P\u00ebrgjithsh\u00ebm.<\/p>\n<p>Ve\u00e7an\u00ebrisht t\u00eb rrezikshme p\u00ebr pushtetin jan\u00eb dy aktakuzat e reja ndaj bos-it t\u00eb drog\u00ebs Darko Shariq, i cili dyshohet se ka vazhduar t\u00eb drejtoj\u00eb kartelin e tij edhe nga burgu, duke komunikuar p\u00ebrmes Sky aplikacionit me bashk\u00ebpun\u00ebtor\u00eb brenda institucioneve serbe. N\u00eb k\u00ebto komunikime p\u00ebrmenden edhe dy v\u00ebllez\u00ebrit Vu\u00e7iq.<\/p>\n<p>Sky komunikimet e publikuara m\u00eb her\u00ebt tregojn\u00eb se njer\u00ebz t\u00eb af\u00ebrt me \u0160ari\u0107 kan\u00eb diskutuar p\u00ebr ndikim politik dhe gjyq\u00ebsor, madje jan\u00eb p\u00ebrmendur: Ish-ministri i brendsh\u00ebm Nebojsha Stefanoviq; Zyrtar\u00eb t\u00eb BIA-s; Presidentin e Gjykat\u00ebs s\u00eb Apelit n\u00eb Beograd dhe; P\u00ebrfshirja n\u00eb l\u00ebvizjen e gjyqtar\u00ebve q\u00eb trajtonin \u00e7\u00ebshtjet e Shariqit.<\/p>\n<p>Gjykat\u00ebsit Milimir Luki\u0107 dhe Dejan Terzi\u0107 kan\u00eb deklaruar se sistemi gjyq\u00ebsor po p\u00ebrballet me presione t\u00eb r\u00ebnda politike dhe se shum\u00eb nga komunikimet Sky nuk jan\u00eb hetuar kurr\u00eb seriozisht. Sipas tyre, informacionet e Sky duhej t\u00eb ishin baz\u00eb p\u00ebr hetime t\u00eb thelluara mbi ndikimin politik n\u00eb vendimet gjyq\u00ebsore, shkruan Radar.<\/p>\n<p>Rasti i Shariqit \u00ebsht\u00eb b\u00ebr\u00eb simbol i lidhjes s\u00eb kartelit me qarqe t\u00eb pushtetit. Pasi u dor\u00ebzua n\u00eb vitin 2014, ai mori disa vendime t\u00eb favorshme gjyq\u00ebsore, p\u00ebrfshir\u00eb edhe lirimin n\u00eb arrest sht\u00ebpiak n\u00eb nj\u00eb vil\u00eb n\u00eb Dedinje. Vet\u00ebm pas mb\u00ebrritjes s\u00eb paket\u00ebs s\u00eb re t\u00eb komunikimeve Sky n\u00eb vitin 2022, TOK k\u00ebrkoi arrestimin e tij t\u00eb ri.<\/p>\n<p>Publikime t\u00eb tjera, si ato t\u00eb KRIK dhe mediave malazeze, tregojn\u00eb se bashk\u00ebpun\u00ebtor\u00eb t\u00eb Shariqit kan\u00eb ruajtur lidhje t\u00eb ngushta me biznesmen\u00eb t\u00eb fuqish\u00ebm dhe figura t\u00eb larta t\u00eb SNS-s\u00eb, p\u00ebrfshir\u00eb Andrej Vu\u00e7iq dhe ish-kryetarin e Novi Sadit, Milosh Vu\u00e7eviq.<\/p>\n<p>Radar thot\u00eb se mbetet e paqart\u00eb n\u00ebse Prokuroria p\u00ebr Krimin e Organizuar do t\u00eb arrij\u00eb t\u00eb hap\u00eb hetime p\u00ebr k\u00ebto komunikime ku p\u00ebrmenden v\u00ebllez\u00ebrit Vu\u00e7iq, apo n\u00ebse do t\u00eb neutralizohet nga pushteti p\u00ebrpara se t\u00eb veproj\u00eb, duke u shnd\u00ebrruar n\u00eb nj\u00eb departament t\u00eb zakonsh\u00ebm brenda Prokuroris\u00eb s\u00eb Lart\u00eb n\u00eb Beograd.<\/p>\n","protected":false},"excerpt":{"rendered":"<p>Beograd 28 N\u00ebntor 2025. 13:03 Presioni i pushtetit ndaj Prokuroris\u00eb p\u00ebr Krimin e Organizuar (TOK) n\u00eb Serbi ka arritur kulmin, nd\u00ebrsa qeveria po p\u00ebrgatit ndryshime<\/p>\n","protected":false},"author":6,"featured_media":22094,"comment_status":"open","ping_status":"open","sticky":false,"template":"","format":"standard","meta":{"footnotes":""},"categories":[58],"tags":[],"class_list":["post-22093","post","type-post","status-publish","format-standard","has-post-thumbnail","hentry","category-politike-sq"],"yoast_head":"<!-- This site is optimized with the Yoast SEO plugin v25.3.1 - https:\/\/yoast.com\/wordpress\/plugins\/seo\/ -->\n<title>Pakoja e re e Sky komunikimeve trondit Serbin\u00eb: P\u00ebrmenden v\u00ebllez\u00ebrit Vu\u00e7iq -<\/title>\n<meta name=\"robots\" content=\"index, follow, max-snippet:-1, max-image-preview:large, max-video-preview:-1\" \/>\n<link rel=\"canonical\" href=\"https:\/\/veritasinfo.org\/?p=22093\" \/>\n<meta property=\"og:locale\" content=\"en_US\" \/>\n<meta property=\"og:type\" content=\"article\" \/>\n<meta property=\"og:title\" content=\"Pakoja e re e Sky komunikimeve trondit Serbin\u00eb: P\u00ebrmenden v\u00ebllez\u00ebrit Vu\u00e7iq -\" \/>\n<meta property=\"og:description\" content=\"Beograd 28 N\u00ebntor 2025. 13:03 Presioni i pushtetit ndaj Prokuroris\u00eb p\u00ebr Krimin e Organizuar (TOK) n\u00eb Serbi ka arritur kulmin, nd\u00ebrsa qeveria po p\u00ebrgatit ndryshime\" \/>\n<meta property=\"og:url\" content=\"https:\/\/veritasinfo.org\/?p=22093\" \/>\n<meta property=\"article:published_time\" content=\"2025-11-28T12:04:27+00:00\" \/>\n<meta property=\"og:image\" content=\"https:\/\/veritasinfo.org\/wp-content\/uploads\/2025\/11\/710697-0x0sfvcYY6.jpg\" \/>\n\t<meta property=\"og:image:width\" content=\"780\" \/>\n\t<meta property=\"og:image:height\" content=\"500\" \/>\n\t<meta property=\"og:image:type\" content=\"image\/jpeg\" \/>\n<meta name=\"author\" content=\"US5\" \/>\n<meta name=\"twitter:card\" content=\"summary_large_image\" \/>\n<meta name=\"twitter:label1\" content=\"Written by\" \/>\n\t<meta name=\"twitter:data1\" content=\"US5\" \/>\n\t<meta name=\"twitter:label2\" content=\"Est. reading time\" \/>\n\t<meta name=\"twitter:data2\" content=\"1 minute\" \/>\n<script type=\"application\/ld+json\" class=\"yoast-schema-graph\">{\"@context\":\"https:\/\/schema.org\",\"@graph\":[{\"@type\":\"WebPage\",\"@id\":\"https:\/\/veritasinfo.org\/?p=22093\",\"url\":\"https:\/\/veritasinfo.org\/?p=22093\",\"name\":\"Pakoja e re e Sky komunikimeve trondit Serbin\u00eb: P\u00ebrmenden v\u00ebllez\u00ebrit Vu\u00e7iq -\",\"isPartOf\":{\"@id\":\"https:\/\/veritasinfo.org\/#website\"},\"primaryImageOfPage\":{\"@id\":\"https:\/\/veritasinfo.org\/?p=22093#primaryimage\"},\"image\":{\"@id\":\"https:\/\/veritasinfo.org\/?p=22093#primaryimage\"},\"thumbnailUrl\":\"https:\/\/veritasinfo.org\/wp-content\/uploads\/2025\/11\/710697-0x0sfvcYY6.jpg\",\"datePublished\":\"2025-11-28T12:04:27+00:00\",\"author\":{\"@id\":\"https:\/\/veritasinfo.org\/#\/schema\/person\/bc442336e35414d04494ab8fb45db4c6\"},\"breadcrumb\":{\"@id\":\"https:\/\/veritasinfo.org\/?p=22093#breadcrumb\"},\"inLanguage\":\"en-US\",\"potentialAction\":[{\"@type\":\"ReadAction\",\"target\":[\"https:\/\/veritasinfo.org\/?p=22093\"]}]},{\"@type\":\"ImageObject\",\"inLanguage\":\"en-US\",\"@id\":\"https:\/\/veritasinfo.org\/?p=22093#primaryimage\",\"url\":\"https:\/\/veritasinfo.org\/wp-content\/uploads\/2025\/11\/710697-0x0sfvcYY6.jpg\",\"contentUrl\":\"https:\/\/veritasinfo.org\/wp-content\/uploads\/2025\/11\/710697-0x0sfvcYY6.jpg\",\"width\":780,\"height\":500},{\"@type\":\"BreadcrumbList\",\"@id\":\"https:\/\/veritasinfo.org\/?p=22093#breadcrumb\",\"itemListElement\":[{\"@type\":\"ListItem\",\"position\":1,\"name\":\"Home\",\"item\":\"https:\/\/veritasinfo.org\/\"},{\"@type\":\"ListItem\",\"position\":2,\"name\":\"Pakoja e re e Sky komunikimeve trondit Serbin\u00eb: P\u00ebrmenden v\u00ebllez\u00ebrit Vu\u00e7iq\"}]},{\"@type\":\"WebSite\",\"@id\":\"https:\/\/veritasinfo.org\/#website\",\"url\":\"https:\/\/veritasinfo.org\/\",\"name\":\"\",\"description\":\"\",\"potentialAction\":[{\"@type\":\"SearchAction\",\"target\":{\"@type\":\"EntryPoint\",\"urlTemplate\":\"https:\/\/veritasinfo.org\/?s={search_term_string}\"},\"query-input\":{\"@type\":\"PropertyValueSpecification\",\"valueRequired\":true,\"valueName\":\"search_term_string\"}}],\"inLanguage\":\"en-US\"},{\"@type\":\"Person\",\"@id\":\"https:\/\/veritasinfo.org\/#\/schema\/person\/bc442336e35414d04494ab8fb45db4c6\",\"name\":\"US5\",\"image\":{\"@type\":\"ImageObject\",\"inLanguage\":\"en-US\",\"@id\":\"https:\/\/veritasinfo.org\/#\/schema\/person\/image\/\",\"url\":\"https:\/\/secure.gravatar.com\/avatar\/16a61e7272a0c5d001121ebb9e60e925d5816e4ac1e443ed3e640d9a6ae55d0c?s=96&d=mm&r=g\",\"contentUrl\":\"https:\/\/secure.gravatar.com\/avatar\/16a61e7272a0c5d001121ebb9e60e925d5816e4ac1e443ed3e640d9a6ae55d0c?s=96&d=mm&r=g\",\"caption\":\"US5\"},\"url\":\"https:\/\/veritasinfo.org\/?author=6\"}]}<\/script>\n<!-- \/ Yoast SEO plugin. -->","yoast_head_json":{"title":"Pakoja e re e Sky komunikimeve trondit Serbin\u00eb: P\u00ebrmenden v\u00ebllez\u00ebrit Vu\u00e7iq -","robots":{"index":"index","follow":"follow","max-snippet":"max-snippet:-1","max-image-preview":"max-image-preview:large","max-video-preview":"max-video-preview:-1"},"canonical":"https:\/\/veritasinfo.org\/?p=22093","og_locale":"en_US","og_type":"article","og_title":"Pakoja e re e Sky komunikimeve trondit Serbin\u00eb: P\u00ebrmenden v\u00ebllez\u00ebrit Vu\u00e7iq -","og_description":"Beograd 28 N\u00ebntor 2025. 13:03 Presioni i pushtetit ndaj Prokuroris\u00eb p\u00ebr Krimin e Organizuar (TOK) n\u00eb Serbi ka arritur kulmin, nd\u00ebrsa qeveria po p\u00ebrgatit ndryshime","og_url":"https:\/\/veritasinfo.org\/?p=22093","article_published_time":"2025-11-28T12:04:27+00:00","og_image":[{"width":780,"height":500,"url":"https:\/\/veritasinfo.org\/wp-content\/uploads\/2025\/11\/710697-0x0sfvcYY6.jpg","type":"image\/jpeg"}],"author":"US5","twitter_card":"summary_large_image","twitter_misc":{"Written by":"US5","Est. reading time":"1 minute"},"schema":{"@context":"https:\/\/schema.org","@graph":[{"@type":"WebPage","@id":"https:\/\/veritasinfo.org\/?p=22093","url":"https:\/\/veritasinfo.org\/?p=22093","name":"Pakoja e re e Sky komunikimeve trondit Serbin\u00eb: P\u00ebrmenden v\u00ebllez\u00ebrit Vu\u00e7iq -","isPartOf":{"@id":"https:\/\/veritasinfo.org\/#website"},"primaryImageOfPage":{"@id":"https:\/\/veritasinfo.org\/?p=22093#primaryimage"},"image":{"@id":"https:\/\/veritasinfo.org\/?p=22093#primaryimage"},"thumbnailUrl":"https:\/\/veritasinfo.org\/wp-content\/uploads\/2025\/11\/710697-0x0sfvcYY6.jpg","datePublished":"2025-11-28T12:04:27+00:00","author":{"@id":"https:\/\/veritasinfo.org\/#\/schema\/person\/bc442336e35414d04494ab8fb45db4c6"},"breadcrumb":{"@id":"https:\/\/veritasinfo.org\/?p=22093#breadcrumb"},"inLanguage":"en-US","potentialAction":[{"@type":"ReadAction","target":["https:\/\/veritasinfo.org\/?p=22093"]}]},{"@type":"ImageObject","inLanguage":"en-US","@id":"https:\/\/veritasinfo.org\/?p=22093#primaryimage","url":"https:\/\/veritasinfo.org\/wp-content\/uploads\/2025\/11\/710697-0x0sfvcYY6.jpg","contentUrl":"https:\/\/veritasinfo.org\/wp-content\/uploads\/2025\/11\/710697-0x0sfvcYY6.jpg","width":780,"height":500},{"@type":"BreadcrumbList","@id":"https:\/\/veritasinfo.org\/?p=22093#breadcrumb","itemListElement":[{"@type":"ListItem","position":1,"name":"Home","item":"https:\/\/veritasinfo.org\/"},{"@type":"ListItem","position":2,"name":"Pakoja e re e Sky komunikimeve trondit Serbin\u00eb: P\u00ebrmenden v\u00ebllez\u00ebrit Vu\u00e7iq"}]},{"@type":"WebSite","@id":"https:\/\/veritasinfo.org\/#website","url":"https:\/\/veritasinfo.org\/","name":"","description":"","potentialAction":[{"@type":"SearchAction","target":{"@type":"EntryPoint","urlTemplate":"https:\/\/veritasinfo.org\/?s={search_term_string}"},"query-input":{"@type":"PropertyValueSpecification","valueRequired":true,"valueName":"search_term_string"}}],"inLanguage":"en-US"},{"@type":"Person","@id":"https:\/\/veritasinfo.org\/#\/schema\/person\/bc442336e35414d04494ab8fb45db4c6","name":"US5","image":{"@type":"ImageObject","inLanguage":"en-US","@id":"https:\/\/veritasinfo.org\/#\/schema\/person\/image\/","url":"https:\/\/secure.gravatar.com\/avatar\/16a61e7272a0c5d001121ebb9e60e925d5816e4ac1e443ed3e640d9a6ae55d0c?s=96&d=mm&r=g","contentUrl":"https:\/\/secure.gravatar.com\/avatar\/16a61e7272a0c5d001121ebb9e60e925d5816e4ac1e443ed3e640d9a6ae55d0c?s=96&d=mm&r=g","caption":"US5"},"url":"https:\/\/veritasinfo.org\/?author=6"}]}},"featured_image_urls":{"full":["https:\/\/veritasinfo.org\/wp-content\/uploads\/2025\/11\/710697-0x0sfvcYY6.jpg",780,500,false],"thumbnail":["https:\/\/veritasinfo.org\/wp-content\/uploads\/2025\/11\/710697-0x0sfvcYY6-150x150.jpg",150,150,true],"medium":["https:\/\/veritasinfo.org\/wp-content\/uploads\/2025\/11\/710697-0x0sfvcYY6-300x192.jpg",300,192,true],"medium_large":["https:\/\/veritasinfo.org\/wp-content\/uploads\/2025\/11\/710697-0x0sfvcYY6-768x492.jpg",640,410,true],"large":["https:\/\/veritasinfo.org\/wp-content\/uploads\/2025\/11\/710697-0x0sfvcYY6.jpg",640,410,false],"1536x1536":["https:\/\/veritasinfo.org\/wp-content\/uploads\/2025\/11\/710697-0x0sfvcYY6.jpg",780,500,false],"2048x2048":["https:\/\/veritasinfo.org\/wp-content\/uploads\/2025\/11\/710697-0x0sfvcYY6.jpg",780,500,false],"kreeti-slider-full":["https:\/\/veritasinfo.org\/wp-content\/uploads\/2025\/11\/710697-0x0sfvcYY6.jpg",780,500,false],"kreeti-featured":["https:\/\/veritasinfo.org\/wp-content\/uploads\/2025\/11\/710697-0x0sfvcYY6.jpg",780,500,false],"kreeti-medium":["https:\/\/veritasinfo.org\/wp-content\/uploads\/2025\/11\/710697-0x0sfvcYY6.jpg",720,462,false],"kreeti-medium-square":["https:\/\/veritasinfo.org\/wp-content\/uploads\/2025\/11\/710697-0x0sfvcYY6.jpg",350,224,false]},"author_info":{"info":["US5"]},"category_info":"<a href=\"https:\/\/veritasinfo.org\/?cat=58\" rel=\"category\">Politik\u00eb<\/a>","tag_info":"Politik\u00eb","comment_count":"0","_links":{"self":[{"href":"https:\/\/veritasinfo.org\/index.php?rest_route=\/wp\/v2\/posts\/22093","targetHints":{"allow":["GET"]}}],"collection":[{"href":"https:\/\/veritasinfo.org\/index.php?rest_route=\/wp\/v2\/posts"}],"about":[{"href":"https:\/\/veritasinfo.org\/index.php?rest_route=\/wp\/v2\/types\/post"}],"author":[{"embeddable":true,"href":"https:\/\/veritasinfo.org\/index.php?rest_route=\/wp\/v2\/users\/6"}],"replies":[{"embeddable":true,"href":"https:\/\/veritasinfo.org\/index.php?rest_route=%2Fwp%2Fv2%2Fcomments&post=22093"}],"version-history":[{"count":1,"href":"https:\/\/veritasinfo.org\/index.php?rest_route=\/wp\/v2\/posts\/22093\/revisions"}],"predecessor-version":[{"id":22095,"href":"https:\/\/veritasinfo.org\/index.php?rest_route=\/wp\/v2\/posts\/22093\/revisions\/22095"}],"wp:featuredmedia":[{"embeddable":true,"href":"https:\/\/veritasinfo.org\/index.php?rest_route=\/wp\/v2\/media\/22094"}],"wp:attachment":[{"href":"https:\/\/veritasinfo.org\/index.php?rest_route=%2Fwp%2Fv2%2Fmedia&parent=22093"}],"wp:term":[{"taxonomy":"category","embeddable":true,"href":"https:\/\/veritasinfo.org\/index.php?rest_route=%2Fwp%2Fv2%2Fcategories&post=22093"},{"taxonomy":"post_tag","embeddable":true,"href":"https:\/\/veritasinfo.org\/index.php?rest_route=%2Fwp%2Fv2%2Ftags&post=22093"}],"curies":[{"name":"wp","href":"https:\/\/api.w.org\/{rel}","templated":true}]}}