{"id":22071,"date":"2025-11-28T08:24:57","date_gmt":"2025-11-28T07:24:57","guid":{"rendered":"https:\/\/veritasinfo.org\/?p=22071"},"modified":"2025-11-28T08:24:57","modified_gmt":"2025-11-28T07:24:57","slug":"28-nentorin-nuk-e-njeh-specialja-me-seance-ndaj-thacit-dhe-te-tjereve","status":"publish","type":"post","link":"https:\/\/veritasinfo.org\/?p=22071","title":{"rendered":"28 N\u00ebntorin nuk e njeh, Specialja me seanc\u00eb ndaj Tha\u00e7it dhe t\u00eb tjer\u00ebve"},"content":{"rendered":"<p>Prishtin\u00eb, 28 n\u00ebntor 2025 08:24<\/p>\n<p>Dhomat e Specializuara t\u00eb Kosov\u00ebs n\u00eb Hag\u00eb, nuk e shohin si fest\u00eb dit\u00ebn e 28 n\u00ebntorit.<\/p>\n<p>Pasi p\u00ebr ish-presidentin Hashim Tha\u00e7i dhe t\u00eb tjer\u00ebt parashihet sot t\u00eb mbahet nj\u00eb konferenc\u00eb p\u00ebrgatitore n\u00eb Hag\u00eb p\u00ebr gjykim, duke nisur nga ora 09:00 me gjysm\u00eb or\u00eb vones\u00eb tek ne p\u00ebr t\u00eb vazhduar deri n\u00eb 16:00.<\/p>\n<p>Por, vet Hashim Tha\u00e7i e Bashkim Smakaj kan\u00eb hequr dor\u00eb nga pjes\u00ebmarrja fizike, raporton Klankosova.tv.<\/p>\n<p>Kjo seanc\u00eb pik\u00ebrisht n\u00eb k\u00ebt\u00eb dit\u00eb q\u00eb sh\u00ebnon po ashtu edhe 28-vjetorin e daljes n\u00eb sken\u00eb t\u00eb Ushtris\u00eb \u00c7lirimtare t\u00eb Kosov\u00ebs, nuk u prit mir\u00eb nga Organizata e Veteran\u00ebve t\u00eb Luft\u00ebs.<\/p>\n<p>&nbsp;<\/p>\n<p>&nbsp;<\/p>\n","protected":false},"excerpt":{"rendered":"<p>Prishtin\u00eb, 28 n\u00ebntor 2025 08:24 Dhomat e Specializuara t\u00eb Kosov\u00ebs n\u00eb Hag\u00eb, nuk e shohin si fest\u00eb dit\u00ebn e 28 n\u00ebntorit. Pasi p\u00ebr ish-presidentin Hashim<\/p>\n","protected":false},"author":7,"featured_media":22074,"comment_status":"open","ping_status":"open","sticky":false,"template":"","format":"standard","meta":{"footnotes":""},"categories":[60],"tags":[],"class_list":["post-22071","post","type-post","status-publish","format-standard","has-post-thumbnail","hentry","category-shoqerore-sq"],"yoast_head":"<!-- This site is optimized with the Yoast SEO plugin v25.3.1 - https:\/\/yoast.com\/wordpress\/plugins\/seo\/ -->\n<title>28 N\u00ebntorin nuk e njeh, Specialja me seanc\u00eb ndaj Tha\u00e7it dhe t\u00eb tjer\u00ebve -<\/title>\n<meta name=\"robots\" content=\"index, follow, max-snippet:-1, max-image-preview:large, max-video-preview:-1\" \/>\n<link rel=\"canonical\" href=\"https:\/\/veritasinfo.org\/?p=22071\" \/>\n<meta property=\"og:locale\" content=\"en_US\" \/>\n<meta property=\"og:type\" content=\"article\" \/>\n<meta property=\"og:title\" content=\"28 N\u00ebntorin nuk e njeh, Specialja me seanc\u00eb ndaj Tha\u00e7it dhe t\u00eb tjer\u00ebve -\" \/>\n<meta property=\"og:description\" content=\"Prishtin\u00eb, 28 n\u00ebntor 2025 08:24 Dhomat e Specializuara t\u00eb Kosov\u00ebs n\u00eb Hag\u00eb, nuk e shohin si fest\u00eb dit\u00ebn e 28 n\u00ebntorit. Pasi p\u00ebr ish-presidentin Hashim\" \/>\n<meta property=\"og:url\" content=\"https:\/\/veritasinfo.org\/?p=22071\" \/>\n<meta property=\"article:published_time\" content=\"2025-11-28T07:24:57+00:00\" \/>\n<meta property=\"og:image\" content=\"https:\/\/veritasinfo.org\/wp-content\/uploads\/2025\/11\/Thaci-dhe-te-tjeret-1.jpg\" \/>\n\t<meta property=\"og:image:width\" content=\"940\" \/>\n\t<meta property=\"og:image:height\" content=\"556\" \/>\n\t<meta property=\"og:image:type\" content=\"image\/jpeg\" \/>\n<meta name=\"author\" content=\"US6\" \/>\n<meta name=\"twitter:card\" content=\"summary_large_image\" \/>\n<meta name=\"twitter:label1\" content=\"Written by\" \/>\n\t<meta name=\"twitter:data1\" content=\"US6\" \/>\n\t<meta name=\"twitter:label2\" content=\"Est. reading time\" \/>\n\t<meta name=\"twitter:data2\" content=\"1 minute\" \/>\n<script type=\"application\/ld+json\" class=\"yoast-schema-graph\">{\"@context\":\"https:\/\/schema.org\",\"@graph\":[{\"@type\":\"WebPage\",\"@id\":\"https:\/\/veritasinfo.org\/?p=22071\",\"url\":\"https:\/\/veritasinfo.org\/?p=22071\",\"name\":\"28 N\u00ebntorin nuk e njeh, Specialja me seanc\u00eb ndaj Tha\u00e7it dhe t\u00eb tjer\u00ebve -\",\"isPartOf\":{\"@id\":\"https:\/\/veritasinfo.org\/#website\"},\"primaryImageOfPage\":{\"@id\":\"https:\/\/veritasinfo.org\/?p=22071#primaryimage\"},\"image\":{\"@id\":\"https:\/\/veritasinfo.org\/?p=22071#primaryimage\"},\"thumbnailUrl\":\"https:\/\/veritasinfo.org\/wp-content\/uploads\/2025\/11\/Thaci-dhe-te-tjeret-1.jpg\",\"datePublished\":\"2025-11-28T07:24:57+00:00\",\"author\":{\"@id\":\"https:\/\/veritasinfo.org\/#\/schema\/person\/fe199eede04c3937362892b7444747cc\"},\"breadcrumb\":{\"@id\":\"https:\/\/veritasinfo.org\/?p=22071#breadcrumb\"},\"inLanguage\":\"en-US\",\"potentialAction\":[{\"@type\":\"ReadAction\",\"target\":[\"https:\/\/veritasinfo.org\/?p=22071\"]}]},{\"@type\":\"ImageObject\",\"inLanguage\":\"en-US\",\"@id\":\"https:\/\/veritasinfo.org\/?p=22071#primaryimage\",\"url\":\"https:\/\/veritasinfo.org\/wp-content\/uploads\/2025\/11\/Thaci-dhe-te-tjeret-1.jpg\",\"contentUrl\":\"https:\/\/veritasinfo.org\/wp-content\/uploads\/2025\/11\/Thaci-dhe-te-tjeret-1.jpg\",\"width\":940,\"height\":556},{\"@type\":\"BreadcrumbList\",\"@id\":\"https:\/\/veritasinfo.org\/?p=22071#breadcrumb\",\"itemListElement\":[{\"@type\":\"ListItem\",\"position\":1,\"name\":\"Home\",\"item\":\"https:\/\/veritasinfo.org\/\"},{\"@type\":\"ListItem\",\"position\":2,\"name\":\"28 N\u00ebntorin nuk e njeh, Specialja me seanc\u00eb ndaj Tha\u00e7it dhe t\u00eb tjer\u00ebve\"}]},{\"@type\":\"WebSite\",\"@id\":\"https:\/\/veritasinfo.org\/#website\",\"url\":\"https:\/\/veritasinfo.org\/\",\"name\":\"\",\"description\":\"\",\"potentialAction\":[{\"@type\":\"SearchAction\",\"target\":{\"@type\":\"EntryPoint\",\"urlTemplate\":\"https:\/\/veritasinfo.org\/?s={search_term_string}\"},\"query-input\":{\"@type\":\"PropertyValueSpecification\",\"valueRequired\":true,\"valueName\":\"search_term_string\"}}],\"inLanguage\":\"en-US\"},{\"@type\":\"Person\",\"@id\":\"https:\/\/veritasinfo.org\/#\/schema\/person\/fe199eede04c3937362892b7444747cc\",\"name\":\"US6\",\"image\":{\"@type\":\"ImageObject\",\"inLanguage\":\"en-US\",\"@id\":\"https:\/\/veritasinfo.org\/#\/schema\/person\/image\/\",\"url\":\"https:\/\/secure.gravatar.com\/avatar\/cb16c3c31c9d23b9b8c705964598220b3014e42ff51eb540ff23cefa3ae8c15f?s=96&d=mm&r=g\",\"contentUrl\":\"https:\/\/secure.gravatar.com\/avatar\/cb16c3c31c9d23b9b8c705964598220b3014e42ff51eb540ff23cefa3ae8c15f?s=96&d=mm&r=g\",\"caption\":\"US6\"},\"url\":\"https:\/\/veritasinfo.org\/?author=7\"}]}<\/script>\n<!-- \/ Yoast SEO plugin. -->","yoast_head_json":{"title":"28 N\u00ebntorin nuk e njeh, Specialja me seanc\u00eb ndaj Tha\u00e7it dhe t\u00eb tjer\u00ebve -","robots":{"index":"index","follow":"follow","max-snippet":"max-snippet:-1","max-image-preview":"max-image-preview:large","max-video-preview":"max-video-preview:-1"},"canonical":"https:\/\/veritasinfo.org\/?p=22071","og_locale":"en_US","og_type":"article","og_title":"28 N\u00ebntorin nuk e njeh, Specialja me seanc\u00eb ndaj Tha\u00e7it dhe t\u00eb tjer\u00ebve -","og_description":"Prishtin\u00eb, 28 n\u00ebntor 2025 08:24 Dhomat e Specializuara t\u00eb Kosov\u00ebs n\u00eb Hag\u00eb, nuk e shohin si fest\u00eb dit\u00ebn e 28 n\u00ebntorit. Pasi p\u00ebr ish-presidentin Hashim","og_url":"https:\/\/veritasinfo.org\/?p=22071","article_published_time":"2025-11-28T07:24:57+00:00","og_image":[{"width":940,"height":556,"url":"https:\/\/veritasinfo.org\/wp-content\/uploads\/2025\/11\/Thaci-dhe-te-tjeret-1.jpg","type":"image\/jpeg"}],"author":"US6","twitter_card":"summary_large_image","twitter_misc":{"Written by":"US6","Est. reading time":"1 minute"},"schema":{"@context":"https:\/\/schema.org","@graph":[{"@type":"WebPage","@id":"https:\/\/veritasinfo.org\/?p=22071","url":"https:\/\/veritasinfo.org\/?p=22071","name":"28 N\u00ebntorin nuk e njeh, Specialja me seanc\u00eb ndaj Tha\u00e7it dhe t\u00eb tjer\u00ebve -","isPartOf":{"@id":"https:\/\/veritasinfo.org\/#website"},"primaryImageOfPage":{"@id":"https:\/\/veritasinfo.org\/?p=22071#primaryimage"},"image":{"@id":"https:\/\/veritasinfo.org\/?p=22071#primaryimage"},"thumbnailUrl":"https:\/\/veritasinfo.org\/wp-content\/uploads\/2025\/11\/Thaci-dhe-te-tjeret-1.jpg","datePublished":"2025-11-28T07:24:57+00:00","author":{"@id":"https:\/\/veritasinfo.org\/#\/schema\/person\/fe199eede04c3937362892b7444747cc"},"breadcrumb":{"@id":"https:\/\/veritasinfo.org\/?p=22071#breadcrumb"},"inLanguage":"en-US","potentialAction":[{"@type":"ReadAction","target":["https:\/\/veritasinfo.org\/?p=22071"]}]},{"@type":"ImageObject","inLanguage":"en-US","@id":"https:\/\/veritasinfo.org\/?p=22071#primaryimage","url":"https:\/\/veritasinfo.org\/wp-content\/uploads\/2025\/11\/Thaci-dhe-te-tjeret-1.jpg","contentUrl":"https:\/\/veritasinfo.org\/wp-content\/uploads\/2025\/11\/Thaci-dhe-te-tjeret-1.jpg","width":940,"height":556},{"@type":"BreadcrumbList","@id":"https:\/\/veritasinfo.org\/?p=22071#breadcrumb","itemListElement":[{"@type":"ListItem","position":1,"name":"Home","item":"https:\/\/veritasinfo.org\/"},{"@type":"ListItem","position":2,"name":"28 N\u00ebntorin nuk e njeh, Specialja me seanc\u00eb ndaj Tha\u00e7it dhe t\u00eb tjer\u00ebve"}]},{"@type":"WebSite","@id":"https:\/\/veritasinfo.org\/#website","url":"https:\/\/veritasinfo.org\/","name":"","description":"","potentialAction":[{"@type":"SearchAction","target":{"@type":"EntryPoint","urlTemplate":"https:\/\/veritasinfo.org\/?s={search_term_string}"},"query-input":{"@type":"PropertyValueSpecification","valueRequired":true,"valueName":"search_term_string"}}],"inLanguage":"en-US"},{"@type":"Person","@id":"https:\/\/veritasinfo.org\/#\/schema\/person\/fe199eede04c3937362892b7444747cc","name":"US6","image":{"@type":"ImageObject","inLanguage":"en-US","@id":"https:\/\/veritasinfo.org\/#\/schema\/person\/image\/","url":"https:\/\/secure.gravatar.com\/avatar\/cb16c3c31c9d23b9b8c705964598220b3014e42ff51eb540ff23cefa3ae8c15f?s=96&d=mm&r=g","contentUrl":"https:\/\/secure.gravatar.com\/avatar\/cb16c3c31c9d23b9b8c705964598220b3014e42ff51eb540ff23cefa3ae8c15f?s=96&d=mm&r=g","caption":"US6"},"url":"https:\/\/veritasinfo.org\/?author=7"}]}},"featured_image_urls":{"full":["https:\/\/veritasinfo.org\/wp-content\/uploads\/2025\/11\/Thaci-dhe-te-tjeret-1.jpg",940,556,false],"thumbnail":["https:\/\/veritasinfo.org\/wp-content\/uploads\/2025\/11\/Thaci-dhe-te-tjeret-1-150x150.jpg",150,150,true],"medium":["https:\/\/veritasinfo.org\/wp-content\/uploads\/2025\/11\/Thaci-dhe-te-tjeret-1-300x177.jpg",300,177,true],"medium_large":["https:\/\/veritasinfo.org\/wp-content\/uploads\/2025\/11\/Thaci-dhe-te-tjeret-1-768x454.jpg",640,378,true],"large":["https:\/\/veritasinfo.org\/wp-content\/uploads\/2025\/11\/Thaci-dhe-te-tjeret-1.jpg",640,379,false],"1536x1536":["https:\/\/veritasinfo.org\/wp-content\/uploads\/2025\/11\/Thaci-dhe-te-tjeret-1.jpg",940,556,false],"2048x2048":["https:\/\/veritasinfo.org\/wp-content\/uploads\/2025\/11\/Thaci-dhe-te-tjeret-1.jpg",940,556,false],"kreeti-slider-full":["https:\/\/veritasinfo.org\/wp-content\/uploads\/2025\/11\/Thaci-dhe-te-tjeret-1.jpg",940,556,false],"kreeti-featured":["https:\/\/veritasinfo.org\/wp-content\/uploads\/2025\/11\/Thaci-dhe-te-tjeret-1.jpg",940,556,false],"kreeti-medium":["https:\/\/veritasinfo.org\/wp-content\/uploads\/2025\/11\/Thaci-dhe-te-tjeret-1.jpg",720,426,false],"kreeti-medium-square":["https:\/\/veritasinfo.org\/wp-content\/uploads\/2025\/11\/Thaci-dhe-te-tjeret-1.jpg",350,207,false]},"author_info":{"info":["US6"]},"category_info":"<a href=\"https:\/\/veritasinfo.org\/?cat=60\" rel=\"category\">Shoq\u00ebrore<\/a>","tag_info":"Shoq\u00ebrore","comment_count":"0","_links":{"self":[{"href":"https:\/\/veritasinfo.org\/index.php?rest_route=\/wp\/v2\/posts\/22071","targetHints":{"allow":["GET"]}}],"collection":[{"href":"https:\/\/veritasinfo.org\/index.php?rest_route=\/wp\/v2\/posts"}],"about":[{"href":"https:\/\/veritasinfo.org\/index.php?rest_route=\/wp\/v2\/types\/post"}],"author":[{"embeddable":true,"href":"https:\/\/veritasinfo.org\/index.php?rest_route=\/wp\/v2\/users\/7"}],"replies":[{"embeddable":true,"href":"https:\/\/veritasinfo.org\/index.php?rest_route=%2Fwp%2Fv2%2Fcomments&post=22071"}],"version-history":[{"count":1,"href":"https:\/\/veritasinfo.org\/index.php?rest_route=\/wp\/v2\/posts\/22071\/revisions"}],"predecessor-version":[{"id":22075,"href":"https:\/\/veritasinfo.org\/index.php?rest_route=\/wp\/v2\/posts\/22071\/revisions\/22075"}],"wp:featuredmedia":[{"embeddable":true,"href":"https:\/\/veritasinfo.org\/index.php?rest_route=\/wp\/v2\/media\/22074"}],"wp:attachment":[{"href":"https:\/\/veritasinfo.org\/index.php?rest_route=%2Fwp%2Fv2%2Fmedia&parent=22071"}],"wp:term":[{"taxonomy":"category","embeddable":true,"href":"https:\/\/veritasinfo.org\/index.php?rest_route=%2Fwp%2Fv2%2Fcategories&post=22071"},{"taxonomy":"post_tag","embeddable":true,"href":"https:\/\/veritasinfo.org\/index.php?rest_route=%2Fwp%2Fv2%2Ftags&post=22071"}],"curies":[{"name":"wp","href":"https:\/\/api.w.org\/{rel}","templated":true}]}}