{"id":22063,"date":"2025-11-28T08:15:52","date_gmt":"2025-11-28T07:15:52","guid":{"rendered":"https:\/\/veritasinfo.org\/?p=22063"},"modified":"2025-11-28T08:21:31","modified_gmt":"2025-11-28T07:21:31","slug":"kurti-vellezer-e-motra-shqiptare-e-gezofshi-28-nentorin","status":"publish","type":"post","link":"https:\/\/veritasinfo.org\/?p=22063","title":{"rendered":"Kurti: V\u00ebllez\u00ebr e motra shqiptare, e g\u00ebzofshi 28 N\u00ebntorin"},"content":{"rendered":"<p>Prishtin\u00eb, 28 n\u00ebntor 2025 08:17<\/p>\n<p>Kryeministri n\u00eb detyr\u00eb i Kosov\u00ebs, Albin Kurti ka uruar t\u00eb gjith\u00eb shqiptar\u00ebt p\u00ebr fest\u00ebn e Flamurit.<\/p>\n<p>N\u00eb nj\u00eb postim n\u00eb Facebook, Kurti ka shkruar se nuk dihet t\u00eb ket\u00eb nj\u00eb tjet\u00ebr komb n\u00eb bot\u00eb q\u00eb fati i tij t\u00eb jet\u00eb nd\u00ebrthurur kaq pazgjidhshm\u00ebrisht me nj\u00eb dat\u00eb t\u00eb caktuar ashtu si\u00e7 g\u00ebrshetohet data 28 N\u00ebntor me fatin e kombit ton\u00eb.<\/p>\n<p>&#8220;Kjo dit\u00eb e 28-t\u00eb e muajit t\u00eb nj\u00ebmb\u00ebdhjet\u00eb v\u00ebrtet ishte nj\u00eb aksident historik i vitit 1443, por nj\u00eb aksident i k\u00ebtill\u00eb, i p\u00ebrs\u00ebritur me kaq ngulm p\u00ebrgjat\u00eb historis\u00eb, doemos u kthye dhe u b\u00eb nj\u00eb shenj\u00eb e shenjt\u00eb e kalendarit ton\u00eb komb\u00ebtar&#8221;, thot\u00eb ai.<\/p>\n<p>Mes tjerash, ai ka shkruar se n k\u00ebt\u00eb dat\u00eb, mbi K\u00ebshtjell\u00ebn e Kruj\u00ebs, u ngrit flamuri kuq e zi i Kastriot\u00ebve, q\u00eb u kthy e u b\u00eb edhe flamur yni komb\u00ebtar.<\/p>\n<p>&#8220;K\u00ebshtu nisi rrug\u00ebtimi i n\u00ebntor\u00ebve tan\u00eb q\u00eb erdh\u00ebn e u lidh\u00ebn si hallka t\u00eb nj\u00eb zinxhiri t\u00eb pashk\u00ebputsh\u00ebm, duke sh\u00ebnuar jo vet\u00ebm data kalendari, por edhe rrug\u00ebn e liris\u00eb son\u00eb. Pas shum\u00eb shekujsh, m\u00eb 28 n\u00ebntor 1912, ky flamur u ngrit prap\u00eb n\u00eb Vlor\u00ebn e Lab\u00ebris\u00eb, kur u shpall m\u00ebvet\u00ebsia e Shqip\u00ebris\u00eb s\u00eb sotme Administrative. Ky ishte N\u00ebntori yn\u00eb i Dyt\u00eb. N\u00eb k\u00ebt\u00eb shpallje u nj\u00ebmend\u00ebsua nj\u00eb pjes\u00eb e projektit larpam\u00ebs t\u00eb Sami Frash\u00ebrit, i cili kishte parapar\u00eb nj\u00eb Shqip\u00ebri n\u00eb kufijt\u00eb e p\u00ebraf\u00ebrt t\u00eb kat\u00ebr vilajeteve. Ai theksonte qart\u00eb q\u00eb \u201cq\u00ebllimi i vet\u00ebm i shqiptar\u00ebve \u00ebsht\u00eb t\u00eb ruajn\u00eb Shqip\u00ebrin\u00eb t\u00eb mos cop\u00ebtohet prej t\u00eb huajve, t\u00eb mbajn\u00eb gjuh\u00ebn e komb\u00ebsin\u00eb e tyre\u201d. Por kjo, p\u00ebr fat t\u00eb keq, n\u00eb at\u00eb koh\u00eb u arrit vet\u00ebm pjes\u00ebrisht&#8217;, thot\u00eb ai.<\/p>\n<p>Kurti shkroi se &#8220;P\u00ebr m\u00eb tep\u00ebr, n\u00eb kujtimet e tij, n\u00eb p\u00ebrvjetorin e par\u00eb t\u00eb pavar\u00ebsis\u00eb, n\u00eb vitin 1913, Luigj Gurakuqi shprehej se \u201cn\u00eb jet\u00ebn e kombevet, si edhe n\u00eb jet\u00ebn e njer\u00ebzve ndodhin hera-her\u00eb disa rasa t\u00eb paprituna, q\u00eb trazojn\u00eb rrjedh\u00ebn e pun\u00ebve dhe shkaktojn\u00eb disa ngjarje, q\u00eb as nuk pritej, as nuk shpresohej t\u00eb ndodhnin&#8221;.<\/p>\n<p>&#8220;Ashtu kishte ngjar\u00eb n\u00eb vitin 1912, mot i mbushur me mjerime e me p\u00ebsime, por q\u00eb, n\u00eb mes t\u00eb trazimeve e t\u00eb ligave t\u00eb panjohura, kishte sjell\u00eb edhe nji send t\u00eb pashpresuar e t\u00eb pa\u00e7muesh\u00ebm, dmth. lirin\u00eb, bashkimin dhe pavarsin\u00eb e Atdheut!\u201dMegjith\u00ebk\u00ebto, historia e n\u00ebntor\u00ebve tan\u00eb nuk mbaron k\u00ebtu&#8221;.<\/p>\n<p>&#8221; N\u00eb po k\u00ebt\u00eb dat\u00eb, n\u00eb vitin 1955, n\u00eb kullat e Jashar\u00ebve n\u00eb Prekaz lindi Kryekomandanti i U\u00c7K-s\u00eb, Adem Jashari, njeriu q\u00eb do t\u00eb vihej n\u00eb ball\u00eb t\u00eb luft\u00ebs p\u00ebr lirin\u00eb e Kosov\u00ebs. Po ashtu, m\u00eb 28 n\u00ebntor t\u00eb vitit 1997, U\u00c7K-ja, p\u00ebr her\u00eb t\u00eb par\u00eb, doli publikisht p\u00ebr t\u2019ia b\u00ebr\u00eb me dije bot\u00ebs se ky popull ishte i gatsh\u00ebm t\u00eb b\u00ebnte \u00e7do flijim dhe nuk do t\u00eb hiqte dor\u00eb kurr\u00eb nga lufta p\u00ebr liri&#8221;, theksoi Kurti.<\/p>\n<p>Kurti ka pohuar se gjith\u00eb k\u00ebto p\u00ebrpjekje, luft\u00ebra e flijime t\u00eb atdhetar\u00ebve shqiptar\u00eb n\u00ebp\u00ebr shekuj jan\u00eb kuror\u00ebzuar sot me Shqip\u00ebrin\u00eb e pavarur dhe me Kosov\u00ebn e pavarur.<\/p>\n<p>&#8220;Natyrisht, si komb evropian, syt\u00eb i kemi t\u00eb kthyer kah e ardhmja, kah nj\u00eb N\u00ebntor i Tret\u00eb, q\u00eb duhet t\u00eb vij\u00eb n\u00ebp\u00ebrmjet p\u00ebrpjekjeve tona, pun\u00ebs dhe p\u00ebrkushtimit ton\u00eb t\u00eb vazhduesh\u00ebm. Ky N\u00ebntor i Tret\u00eb, edhe n\u00ebse nuk do t\u00eb bjer\u00eb n\u00eb k\u00ebt\u00eb dit\u00eb, edhe n\u00ebse nuk do t\u00eb jet\u00eb muaj i n\u00ebntorit, ne mund ta pag\u00ebzojm\u00eb q\u00eb sot si 28 N\u00ebntori yn\u00eb i Tret\u00eb. At\u00ebher\u00eb amaneti i t\u00eb gjith\u00eb atdhetar\u00ebve shqiptar\u00eb, t\u00eb gjall\u00eb e t\u00eb vdekur, do t\u00eb p\u00ebrmbushet. Urojm\u00eb q\u00eb kjo dit\u00eb t\u00eb vij\u00eb sa m\u00eb shpejt&#8221;.<\/p>\n<p>&#8220;V\u00ebllez\u00ebr shqiptar\u00eb e motra shqiptare, kudo q\u00eb gjendeni, mes familjeve e miqve tuaj, n\u00eb k\u00ebt\u00eb dit\u00eb g\u00ebzimi e feste: G\u00ebzofshi 28 N\u00ebntorin, Dit\u00ebn e Flamurit&#8221;.<\/p>\n<p>&nbsp;<\/p>\n","protected":false},"excerpt":{"rendered":"<p>Prishtin\u00eb, 28 n\u00ebntor 2025 08:17 Kryeministri n\u00eb detyr\u00eb i Kosov\u00ebs, Albin Kurti ka uruar t\u00eb gjith\u00eb shqiptar\u00ebt p\u00ebr fest\u00ebn e Flamurit. N\u00eb nj\u00eb postim n\u00eb<\/p>\n","protected":false},"author":7,"featured_media":22064,"comment_status":"open","ping_status":"open","sticky":false,"template":"","format":"standard","meta":{"footnotes":""},"categories":[60],"tags":[],"class_list":["post-22063","post","type-post","status-publish","format-standard","has-post-thumbnail","hentry","category-shoqerore-sq"],"yoast_head":"<!-- This site is optimized with the Yoast SEO plugin v25.3.1 - https:\/\/yoast.com\/wordpress\/plugins\/seo\/ -->\n<title>Kurti: V\u00ebllez\u00ebr e motra shqiptare, e g\u00ebzofshi 28 N\u00ebntorin -<\/title>\n<meta name=\"robots\" content=\"index, follow, max-snippet:-1, max-image-preview:large, max-video-preview:-1\" \/>\n<link rel=\"canonical\" href=\"https:\/\/veritasinfo.org\/?p=22063\" \/>\n<meta property=\"og:locale\" content=\"en_US\" \/>\n<meta property=\"og:type\" content=\"article\" \/>\n<meta property=\"og:title\" content=\"Kurti: V\u00ebllez\u00ebr e motra shqiptare, e g\u00ebzofshi 28 N\u00ebntorin -\" \/>\n<meta property=\"og:description\" content=\"Prishtin\u00eb, 28 n\u00ebntor 2025 08:17 Kryeministri n\u00eb detyr\u00eb i Kosov\u00ebs, Albin Kurti ka uruar t\u00eb gjith\u00eb shqiptar\u00ebt p\u00ebr fest\u00ebn e Flamurit. N\u00eb nj\u00eb postim n\u00eb\" \/>\n<meta property=\"og:url\" content=\"https:\/\/veritasinfo.org\/?p=22063\" \/>\n<meta property=\"article:published_time\" content=\"2025-11-28T07:15:52+00:00\" \/>\n<meta property=\"article:modified_time\" content=\"2025-11-28T07:21:31+00:00\" \/>\n<meta property=\"og:image\" content=\"https:\/\/veritasinfo.org\/wp-content\/uploads\/2025\/11\/589327563_1399630781530645_3180792419035935461_n.jpg\" \/>\n\t<meta property=\"og:image:width\" content=\"2048\" \/>\n\t<meta property=\"og:image:height\" content=\"1365\" \/>\n\t<meta property=\"og:image:type\" content=\"image\/jpeg\" \/>\n<meta name=\"author\" content=\"US6\" \/>\n<meta name=\"twitter:card\" content=\"summary_large_image\" \/>\n<meta name=\"twitter:label1\" content=\"Written by\" \/>\n\t<meta name=\"twitter:data1\" content=\"US6\" \/>\n\t<meta name=\"twitter:label2\" content=\"Est. reading time\" \/>\n\t<meta name=\"twitter:data2\" content=\"3 minutes\" \/>\n<script type=\"application\/ld+json\" class=\"yoast-schema-graph\">{\"@context\":\"https:\/\/schema.org\",\"@graph\":[{\"@type\":\"WebPage\",\"@id\":\"https:\/\/veritasinfo.org\/?p=22063\",\"url\":\"https:\/\/veritasinfo.org\/?p=22063\",\"name\":\"Kurti: V\u00ebllez\u00ebr e motra shqiptare, e g\u00ebzofshi 28 N\u00ebntorin -\",\"isPartOf\":{\"@id\":\"https:\/\/veritasinfo.org\/#website\"},\"primaryImageOfPage\":{\"@id\":\"https:\/\/veritasinfo.org\/?p=22063#primaryimage\"},\"image\":{\"@id\":\"https:\/\/veritasinfo.org\/?p=22063#primaryimage\"},\"thumbnailUrl\":\"https:\/\/veritasinfo.org\/wp-content\/uploads\/2025\/11\/589327563_1399630781530645_3180792419035935461_n.jpg\",\"datePublished\":\"2025-11-28T07:15:52+00:00\",\"dateModified\":\"2025-11-28T07:21:31+00:00\",\"author\":{\"@id\":\"https:\/\/veritasinfo.org\/#\/schema\/person\/fe199eede04c3937362892b7444747cc\"},\"breadcrumb\":{\"@id\":\"https:\/\/veritasinfo.org\/?p=22063#breadcrumb\"},\"inLanguage\":\"en-US\",\"potentialAction\":[{\"@type\":\"ReadAction\",\"target\":[\"https:\/\/veritasinfo.org\/?p=22063\"]}]},{\"@type\":\"ImageObject\",\"inLanguage\":\"en-US\",\"@id\":\"https:\/\/veritasinfo.org\/?p=22063#primaryimage\",\"url\":\"https:\/\/veritasinfo.org\/wp-content\/uploads\/2025\/11\/589327563_1399630781530645_3180792419035935461_n.jpg\",\"contentUrl\":\"https:\/\/veritasinfo.org\/wp-content\/uploads\/2025\/11\/589327563_1399630781530645_3180792419035935461_n.jpg\",\"width\":2048,\"height\":1365},{\"@type\":\"BreadcrumbList\",\"@id\":\"https:\/\/veritasinfo.org\/?p=22063#breadcrumb\",\"itemListElement\":[{\"@type\":\"ListItem\",\"position\":1,\"name\":\"Home\",\"item\":\"https:\/\/veritasinfo.org\/\"},{\"@type\":\"ListItem\",\"position\":2,\"name\":\"Kurti: V\u00ebllez\u00ebr e motra shqiptare, e g\u00ebzofshi 28 N\u00ebntorin\"}]},{\"@type\":\"WebSite\",\"@id\":\"https:\/\/veritasinfo.org\/#website\",\"url\":\"https:\/\/veritasinfo.org\/\",\"name\":\"\",\"description\":\"\",\"potentialAction\":[{\"@type\":\"SearchAction\",\"target\":{\"@type\":\"EntryPoint\",\"urlTemplate\":\"https:\/\/veritasinfo.org\/?s={search_term_string}\"},\"query-input\":{\"@type\":\"PropertyValueSpecification\",\"valueRequired\":true,\"valueName\":\"search_term_string\"}}],\"inLanguage\":\"en-US\"},{\"@type\":\"Person\",\"@id\":\"https:\/\/veritasinfo.org\/#\/schema\/person\/fe199eede04c3937362892b7444747cc\",\"name\":\"US6\",\"image\":{\"@type\":\"ImageObject\",\"inLanguage\":\"en-US\",\"@id\":\"https:\/\/veritasinfo.org\/#\/schema\/person\/image\/\",\"url\":\"https:\/\/secure.gravatar.com\/avatar\/cb16c3c31c9d23b9b8c705964598220b3014e42ff51eb540ff23cefa3ae8c15f?s=96&d=mm&r=g\",\"contentUrl\":\"https:\/\/secure.gravatar.com\/avatar\/cb16c3c31c9d23b9b8c705964598220b3014e42ff51eb540ff23cefa3ae8c15f?s=96&d=mm&r=g\",\"caption\":\"US6\"},\"url\":\"https:\/\/veritasinfo.org\/?author=7\"}]}<\/script>\n<!-- \/ Yoast SEO plugin. -->","yoast_head_json":{"title":"Kurti: V\u00ebllez\u00ebr e motra shqiptare, e g\u00ebzofshi 28 N\u00ebntorin -","robots":{"index":"index","follow":"follow","max-snippet":"max-snippet:-1","max-image-preview":"max-image-preview:large","max-video-preview":"max-video-preview:-1"},"canonical":"https:\/\/veritasinfo.org\/?p=22063","og_locale":"en_US","og_type":"article","og_title":"Kurti: V\u00ebllez\u00ebr e motra shqiptare, e g\u00ebzofshi 28 N\u00ebntorin -","og_description":"Prishtin\u00eb, 28 n\u00ebntor 2025 08:17 Kryeministri n\u00eb detyr\u00eb i Kosov\u00ebs, Albin Kurti ka uruar t\u00eb gjith\u00eb shqiptar\u00ebt p\u00ebr fest\u00ebn e Flamurit. N\u00eb nj\u00eb postim n\u00eb","og_url":"https:\/\/veritasinfo.org\/?p=22063","article_published_time":"2025-11-28T07:15:52+00:00","article_modified_time":"2025-11-28T07:21:31+00:00","og_image":[{"width":2048,"height":1365,"url":"https:\/\/veritasinfo.org\/wp-content\/uploads\/2025\/11\/589327563_1399630781530645_3180792419035935461_n.jpg","type":"image\/jpeg"}],"author":"US6","twitter_card":"summary_large_image","twitter_misc":{"Written by":"US6","Est. reading time":"3 minutes"},"schema":{"@context":"https:\/\/schema.org","@graph":[{"@type":"WebPage","@id":"https:\/\/veritasinfo.org\/?p=22063","url":"https:\/\/veritasinfo.org\/?p=22063","name":"Kurti: V\u00ebllez\u00ebr e motra shqiptare, e g\u00ebzofshi 28 N\u00ebntorin -","isPartOf":{"@id":"https:\/\/veritasinfo.org\/#website"},"primaryImageOfPage":{"@id":"https:\/\/veritasinfo.org\/?p=22063#primaryimage"},"image":{"@id":"https:\/\/veritasinfo.org\/?p=22063#primaryimage"},"thumbnailUrl":"https:\/\/veritasinfo.org\/wp-content\/uploads\/2025\/11\/589327563_1399630781530645_3180792419035935461_n.jpg","datePublished":"2025-11-28T07:15:52+00:00","dateModified":"2025-11-28T07:21:31+00:00","author":{"@id":"https:\/\/veritasinfo.org\/#\/schema\/person\/fe199eede04c3937362892b7444747cc"},"breadcrumb":{"@id":"https:\/\/veritasinfo.org\/?p=22063#breadcrumb"},"inLanguage":"en-US","potentialAction":[{"@type":"ReadAction","target":["https:\/\/veritasinfo.org\/?p=22063"]}]},{"@type":"ImageObject","inLanguage":"en-US","@id":"https:\/\/veritasinfo.org\/?p=22063#primaryimage","url":"https:\/\/veritasinfo.org\/wp-content\/uploads\/2025\/11\/589327563_1399630781530645_3180792419035935461_n.jpg","contentUrl":"https:\/\/veritasinfo.org\/wp-content\/uploads\/2025\/11\/589327563_1399630781530645_3180792419035935461_n.jpg","width":2048,"height":1365},{"@type":"BreadcrumbList","@id":"https:\/\/veritasinfo.org\/?p=22063#breadcrumb","itemListElement":[{"@type":"ListItem","position":1,"name":"Home","item":"https:\/\/veritasinfo.org\/"},{"@type":"ListItem","position":2,"name":"Kurti: V\u00ebllez\u00ebr e motra shqiptare, e g\u00ebzofshi 28 N\u00ebntorin"}]},{"@type":"WebSite","@id":"https:\/\/veritasinfo.org\/#website","url":"https:\/\/veritasinfo.org\/","name":"","description":"","potentialAction":[{"@type":"SearchAction","target":{"@type":"EntryPoint","urlTemplate":"https:\/\/veritasinfo.org\/?s={search_term_string}"},"query-input":{"@type":"PropertyValueSpecification","valueRequired":true,"valueName":"search_term_string"}}],"inLanguage":"en-US"},{"@type":"Person","@id":"https:\/\/veritasinfo.org\/#\/schema\/person\/fe199eede04c3937362892b7444747cc","name":"US6","image":{"@type":"ImageObject","inLanguage":"en-US","@id":"https:\/\/veritasinfo.org\/#\/schema\/person\/image\/","url":"https:\/\/secure.gravatar.com\/avatar\/cb16c3c31c9d23b9b8c705964598220b3014e42ff51eb540ff23cefa3ae8c15f?s=96&d=mm&r=g","contentUrl":"https:\/\/secure.gravatar.com\/avatar\/cb16c3c31c9d23b9b8c705964598220b3014e42ff51eb540ff23cefa3ae8c15f?s=96&d=mm&r=g","caption":"US6"},"url":"https:\/\/veritasinfo.org\/?author=7"}]}},"featured_image_urls":{"full":["https:\/\/veritasinfo.org\/wp-content\/uploads\/2025\/11\/589327563_1399630781530645_3180792419035935461_n.jpg",2048,1365,false],"thumbnail":["https:\/\/veritasinfo.org\/wp-content\/uploads\/2025\/11\/589327563_1399630781530645_3180792419035935461_n-150x150.jpg",150,150,true],"medium":["https:\/\/veritasinfo.org\/wp-content\/uploads\/2025\/11\/589327563_1399630781530645_3180792419035935461_n-300x200.jpg",300,200,true],"medium_large":["https:\/\/veritasinfo.org\/wp-content\/uploads\/2025\/11\/589327563_1399630781530645_3180792419035935461_n-768x512.jpg",640,427,true],"large":["https:\/\/veritasinfo.org\/wp-content\/uploads\/2025\/11\/589327563_1399630781530645_3180792419035935461_n-1024x683.jpg",640,427,true],"1536x1536":["https:\/\/veritasinfo.org\/wp-content\/uploads\/2025\/11\/589327563_1399630781530645_3180792419035935461_n-1536x1024.jpg",1536,1024,true],"2048x2048":["https:\/\/veritasinfo.org\/wp-content\/uploads\/2025\/11\/589327563_1399630781530645_3180792419035935461_n.jpg",2048,1365,false],"kreeti-slider-full":["https:\/\/veritasinfo.org\/wp-content\/uploads\/2025\/11\/589327563_1399630781530645_3180792419035935461_n.jpg",1080,720,false],"kreeti-featured":["https:\/\/veritasinfo.org\/wp-content\/uploads\/2025\/11\/589327563_1399630781530645_3180792419035935461_n.jpg",1024,683,false],"kreeti-medium":["https:\/\/veritasinfo.org\/wp-content\/uploads\/2025\/11\/589327563_1399630781530645_3180792419035935461_n.jpg",720,480,false],"kreeti-medium-square":["https:\/\/veritasinfo.org\/wp-content\/uploads\/2025\/11\/589327563_1399630781530645_3180792419035935461_n.jpg",350,233,false]},"author_info":{"info":["US6"]},"category_info":"<a href=\"https:\/\/veritasinfo.org\/?cat=60\" rel=\"category\">Shoq\u00ebrore<\/a>","tag_info":"Shoq\u00ebrore","comment_count":"0","_links":{"self":[{"href":"https:\/\/veritasinfo.org\/index.php?rest_route=\/wp\/v2\/posts\/22063","targetHints":{"allow":["GET"]}}],"collection":[{"href":"https:\/\/veritasinfo.org\/index.php?rest_route=\/wp\/v2\/posts"}],"about":[{"href":"https:\/\/veritasinfo.org\/index.php?rest_route=\/wp\/v2\/types\/post"}],"author":[{"embeddable":true,"href":"https:\/\/veritasinfo.org\/index.php?rest_route=\/wp\/v2\/users\/7"}],"replies":[{"embeddable":true,"href":"https:\/\/veritasinfo.org\/index.php?rest_route=%2Fwp%2Fv2%2Fcomments&post=22063"}],"version-history":[{"count":2,"href":"https:\/\/veritasinfo.org\/index.php?rest_route=\/wp\/v2\/posts\/22063\/revisions"}],"predecessor-version":[{"id":22068,"href":"https:\/\/veritasinfo.org\/index.php?rest_route=\/wp\/v2\/posts\/22063\/revisions\/22068"}],"wp:featuredmedia":[{"embeddable":true,"href":"https:\/\/veritasinfo.org\/index.php?rest_route=\/wp\/v2\/media\/22064"}],"wp:attachment":[{"href":"https:\/\/veritasinfo.org\/index.php?rest_route=%2Fwp%2Fv2%2Fmedia&parent=22063"}],"wp:term":[{"taxonomy":"category","embeddable":true,"href":"https:\/\/veritasinfo.org\/index.php?rest_route=%2Fwp%2Fv2%2Fcategories&post=22063"},{"taxonomy":"post_tag","embeddable":true,"href":"https:\/\/veritasinfo.org\/index.php?rest_route=%2Fwp%2Fv2%2Ftags&post=22063"}],"curies":[{"name":"wp","href":"https:\/\/api.w.org\/{rel}","templated":true}]}}