{"id":22046,"date":"2025-11-28T06:53:36","date_gmt":"2025-11-28T05:53:36","guid":{"rendered":"https:\/\/veritasinfo.org\/?p=22046"},"modified":"2025-11-28T06:56:40","modified_gmt":"2025-11-28T05:56:40","slug":"serbia-zgjat-konkursin-per-punesime-jashari-e-vlereson-perpjekje-per-nderhyrje-ne-zgjedhjet-e-28-dhjetorit","status":"publish","type":"post","link":"https:\/\/veritasinfo.org\/?p=22046","title":{"rendered":"Serbia zgjat konkursin p\u00ebr pun\u00ebsime, Jashari e vler\u00ebson p\u00ebrpjekje p\u00ebr nd\u00ebrhyrje n\u00eb zgjedhjet e 28 dhjetorit"},"content":{"rendered":"<p>Prishtin\u00eb, 28 n\u00ebntor 2025 06:55<\/p>\n<p>Avokati, Arb\u00ebr Jashari ka th\u00ebn\u00eb se njoftimi i institucioneve t\u00eb Serbis\u00eb p\u00ebr zgjatje t\u00eb konkursit p\u00ebr pun\u00ebsim n\u00eb sistemin paralel sh\u00ebndet\u00ebsor n\u00eb Kosov\u00ebs \u00ebsht\u00eb vazhdim i p\u00ebrpjekjeve \u00a0t\u00eb Serbis\u00eb p\u00ebr nd\u00ebrhyrje n\u00eb zgjedhjet parlamentare t\u00eb 28 dhjetorit.<\/p>\n<p>Ai ka th\u00ebn\u00eb se kjo \u00ebsht\u00eb nj\u00eb m\u00ebnyr\u00eb p\u00ebr t\u2019i mbajtur njer\u00ebzit e varur dhe t\u00eb kusht\u00ebzuar.<\/p>\n<p>\u201cInstitucionet paralele kan\u00eb njoftuar sot,\u00a0 se procesi i p\u00ebrzgjedhjes se konkursit t\u00eb tetorit 2025,\u00a0 p\u00ebr pun\u00ebsim n\u00eb t\u00eb ashtuquajturin Institutin e Sh\u00ebndetit Publik n\u00eb Mitrovic\u00ebn e Kosov\u00ebs, shtyhet deri n\u00eb janar 2026, \u201cp\u00ebr shkak t\u00eb numrit t\u00eb madh t\u00eb aplikimeve\u201d. S\u2019do shum\u00eb mend p\u00ebr t\u00eb kuptuar q\u00eb kjo \u00ebsht\u00eb nj\u00eb m\u00ebnyr\u00eb tjet\u00ebr p\u00ebr t\u2019i mbajtur njer\u00ebzit e varur dhe t\u00eb kusht\u00ebzuar \u2013 k\u00ebt\u00eb her\u00eb p\u00ebr zgjedhjet e p\u00ebrgjithshme t\u00eb 28 dhjetorit. Kushtetuta dhe ligjet e Kosov\u00ebs garantojn\u00eb zgjedhje t\u00eb lira dhe demokratike. Por k\u00ebto parime bien n\u00eb uj\u00eb kur komuniteti serb nuk ka mund\u00ebsin\u00eb t\u00eb zgjedh\u00eb lirsh\u00ebm, pa presione dhe pa dirigjim politik nga Beogradi\u201d, ka shkruar Jashari.<\/p>\n","protected":false},"excerpt":{"rendered":"<p>Prishtin\u00eb, 28 n\u00ebntor 2025 06:55 Avokati, Arb\u00ebr Jashari ka th\u00ebn\u00eb se njoftimi i institucioneve t\u00eb Serbis\u00eb p\u00ebr zgjatje t\u00eb konkursit p\u00ebr pun\u00ebsim n\u00eb sistemin paralel<\/p>\n","protected":false},"author":7,"featured_media":22047,"comment_status":"open","ping_status":"open","sticky":false,"template":"","format":"standard","meta":{"footnotes":""},"categories":[58],"tags":[],"class_list":["post-22046","post","type-post","status-publish","format-standard","has-post-thumbnail","hentry","category-politike-sq"],"yoast_head":"<!-- This site is optimized with the Yoast SEO plugin v25.3.1 - https:\/\/yoast.com\/wordpress\/plugins\/seo\/ -->\n<title>Serbia zgjat konkursin p\u00ebr pun\u00ebsime, Jashari e vler\u00ebson p\u00ebrpjekje p\u00ebr nd\u00ebrhyrje n\u00eb zgjedhjet e 28 dhjetorit -<\/title>\n<meta name=\"robots\" content=\"index, follow, max-snippet:-1, max-image-preview:large, max-video-preview:-1\" \/>\n<link rel=\"canonical\" href=\"https:\/\/veritasinfo.org\/?p=22046\" \/>\n<meta property=\"og:locale\" content=\"en_US\" \/>\n<meta property=\"og:type\" content=\"article\" \/>\n<meta property=\"og:title\" content=\"Serbia zgjat konkursin p\u00ebr pun\u00ebsime, Jashari e vler\u00ebson p\u00ebrpjekje p\u00ebr nd\u00ebrhyrje n\u00eb zgjedhjet e 28 dhjetorit -\" \/>\n<meta property=\"og:description\" content=\"Prishtin\u00eb, 28 n\u00ebntor 2025 06:55 Avokati, Arb\u00ebr Jashari ka th\u00ebn\u00eb se njoftimi i institucioneve t\u00eb Serbis\u00eb p\u00ebr zgjatje t\u00eb konkursit p\u00ebr pun\u00ebsim n\u00eb sistemin paralel\" \/>\n<meta property=\"og:url\" content=\"https:\/\/veritasinfo.org\/?p=22046\" \/>\n<meta property=\"article:published_time\" content=\"2025-11-28T05:53:36+00:00\" \/>\n<meta property=\"article:modified_time\" content=\"2025-11-28T05:56:40+00:00\" \/>\n<meta property=\"og:image\" content=\"https:\/\/veritasinfo.org\/wp-content\/uploads\/2025\/11\/Screenshot-2025-11-28-065233.jpg\" \/>\n\t<meta property=\"og:image:width\" content=\"1073\" \/>\n\t<meta property=\"og:image:height\" content=\"729\" \/>\n\t<meta property=\"og:image:type\" content=\"image\/jpeg\" \/>\n<meta name=\"author\" content=\"US6\" \/>\n<meta name=\"twitter:card\" content=\"summary_large_image\" \/>\n<meta name=\"twitter:label1\" content=\"Written by\" \/>\n\t<meta name=\"twitter:data1\" content=\"US6\" \/>\n\t<meta name=\"twitter:label2\" content=\"Est. reading time\" \/>\n\t<meta name=\"twitter:data2\" content=\"1 minute\" \/>\n<script type=\"application\/ld+json\" class=\"yoast-schema-graph\">{\"@context\":\"https:\/\/schema.org\",\"@graph\":[{\"@type\":\"WebPage\",\"@id\":\"https:\/\/veritasinfo.org\/?p=22046\",\"url\":\"https:\/\/veritasinfo.org\/?p=22046\",\"name\":\"Serbia zgjat konkursin p\u00ebr pun\u00ebsime, Jashari e vler\u00ebson p\u00ebrpjekje p\u00ebr nd\u00ebrhyrje n\u00eb zgjedhjet e 28 dhjetorit -\",\"isPartOf\":{\"@id\":\"https:\/\/veritasinfo.org\/#website\"},\"primaryImageOfPage\":{\"@id\":\"https:\/\/veritasinfo.org\/?p=22046#primaryimage\"},\"image\":{\"@id\":\"https:\/\/veritasinfo.org\/?p=22046#primaryimage\"},\"thumbnailUrl\":\"https:\/\/veritasinfo.org\/wp-content\/uploads\/2025\/11\/Screenshot-2025-11-28-065233.jpg\",\"datePublished\":\"2025-11-28T05:53:36+00:00\",\"dateModified\":\"2025-11-28T05:56:40+00:00\",\"author\":{\"@id\":\"https:\/\/veritasinfo.org\/#\/schema\/person\/fe199eede04c3937362892b7444747cc\"},\"breadcrumb\":{\"@id\":\"https:\/\/veritasinfo.org\/?p=22046#breadcrumb\"},\"inLanguage\":\"en-US\",\"potentialAction\":[{\"@type\":\"ReadAction\",\"target\":[\"https:\/\/veritasinfo.org\/?p=22046\"]}]},{\"@type\":\"ImageObject\",\"inLanguage\":\"en-US\",\"@id\":\"https:\/\/veritasinfo.org\/?p=22046#primaryimage\",\"url\":\"https:\/\/veritasinfo.org\/wp-content\/uploads\/2025\/11\/Screenshot-2025-11-28-065233.jpg\",\"contentUrl\":\"https:\/\/veritasinfo.org\/wp-content\/uploads\/2025\/11\/Screenshot-2025-11-28-065233.jpg\",\"width\":1073,\"height\":729},{\"@type\":\"BreadcrumbList\",\"@id\":\"https:\/\/veritasinfo.org\/?p=22046#breadcrumb\",\"itemListElement\":[{\"@type\":\"ListItem\",\"position\":1,\"name\":\"Home\",\"item\":\"https:\/\/veritasinfo.org\/\"},{\"@type\":\"ListItem\",\"position\":2,\"name\":\"Serbia zgjat konkursin p\u00ebr pun\u00ebsime, Jashari e vler\u00ebson p\u00ebrpjekje p\u00ebr nd\u00ebrhyrje n\u00eb zgjedhjet e 28 dhjetorit\"}]},{\"@type\":\"WebSite\",\"@id\":\"https:\/\/veritasinfo.org\/#website\",\"url\":\"https:\/\/veritasinfo.org\/\",\"name\":\"\",\"description\":\"\",\"potentialAction\":[{\"@type\":\"SearchAction\",\"target\":{\"@type\":\"EntryPoint\",\"urlTemplate\":\"https:\/\/veritasinfo.org\/?s={search_term_string}\"},\"query-input\":{\"@type\":\"PropertyValueSpecification\",\"valueRequired\":true,\"valueName\":\"search_term_string\"}}],\"inLanguage\":\"en-US\"},{\"@type\":\"Person\",\"@id\":\"https:\/\/veritasinfo.org\/#\/schema\/person\/fe199eede04c3937362892b7444747cc\",\"name\":\"US6\",\"image\":{\"@type\":\"ImageObject\",\"inLanguage\":\"en-US\",\"@id\":\"https:\/\/veritasinfo.org\/#\/schema\/person\/image\/\",\"url\":\"https:\/\/secure.gravatar.com\/avatar\/cb16c3c31c9d23b9b8c705964598220b3014e42ff51eb540ff23cefa3ae8c15f?s=96&d=mm&r=g\",\"contentUrl\":\"https:\/\/secure.gravatar.com\/avatar\/cb16c3c31c9d23b9b8c705964598220b3014e42ff51eb540ff23cefa3ae8c15f?s=96&d=mm&r=g\",\"caption\":\"US6\"},\"url\":\"https:\/\/veritasinfo.org\/?author=7\"}]}<\/script>\n<!-- \/ Yoast SEO plugin. -->","yoast_head_json":{"title":"Serbia zgjat konkursin p\u00ebr pun\u00ebsime, Jashari e vler\u00ebson p\u00ebrpjekje p\u00ebr nd\u00ebrhyrje n\u00eb zgjedhjet e 28 dhjetorit -","robots":{"index":"index","follow":"follow","max-snippet":"max-snippet:-1","max-image-preview":"max-image-preview:large","max-video-preview":"max-video-preview:-1"},"canonical":"https:\/\/veritasinfo.org\/?p=22046","og_locale":"en_US","og_type":"article","og_title":"Serbia zgjat konkursin p\u00ebr pun\u00ebsime, Jashari e vler\u00ebson p\u00ebrpjekje p\u00ebr nd\u00ebrhyrje n\u00eb zgjedhjet e 28 dhjetorit -","og_description":"Prishtin\u00eb, 28 n\u00ebntor 2025 06:55 Avokati, Arb\u00ebr Jashari ka th\u00ebn\u00eb se njoftimi i institucioneve t\u00eb Serbis\u00eb p\u00ebr zgjatje t\u00eb konkursit p\u00ebr pun\u00ebsim n\u00eb sistemin paralel","og_url":"https:\/\/veritasinfo.org\/?p=22046","article_published_time":"2025-11-28T05:53:36+00:00","article_modified_time":"2025-11-28T05:56:40+00:00","og_image":[{"width":1073,"height":729,"url":"https:\/\/veritasinfo.org\/wp-content\/uploads\/2025\/11\/Screenshot-2025-11-28-065233.jpg","type":"image\/jpeg"}],"author":"US6","twitter_card":"summary_large_image","twitter_misc":{"Written by":"US6","Est. reading time":"1 minute"},"schema":{"@context":"https:\/\/schema.org","@graph":[{"@type":"WebPage","@id":"https:\/\/veritasinfo.org\/?p=22046","url":"https:\/\/veritasinfo.org\/?p=22046","name":"Serbia zgjat konkursin p\u00ebr pun\u00ebsime, Jashari e vler\u00ebson p\u00ebrpjekje p\u00ebr nd\u00ebrhyrje n\u00eb zgjedhjet e 28 dhjetorit -","isPartOf":{"@id":"https:\/\/veritasinfo.org\/#website"},"primaryImageOfPage":{"@id":"https:\/\/veritasinfo.org\/?p=22046#primaryimage"},"image":{"@id":"https:\/\/veritasinfo.org\/?p=22046#primaryimage"},"thumbnailUrl":"https:\/\/veritasinfo.org\/wp-content\/uploads\/2025\/11\/Screenshot-2025-11-28-065233.jpg","datePublished":"2025-11-28T05:53:36+00:00","dateModified":"2025-11-28T05:56:40+00:00","author":{"@id":"https:\/\/veritasinfo.org\/#\/schema\/person\/fe199eede04c3937362892b7444747cc"},"breadcrumb":{"@id":"https:\/\/veritasinfo.org\/?p=22046#breadcrumb"},"inLanguage":"en-US","potentialAction":[{"@type":"ReadAction","target":["https:\/\/veritasinfo.org\/?p=22046"]}]},{"@type":"ImageObject","inLanguage":"en-US","@id":"https:\/\/veritasinfo.org\/?p=22046#primaryimage","url":"https:\/\/veritasinfo.org\/wp-content\/uploads\/2025\/11\/Screenshot-2025-11-28-065233.jpg","contentUrl":"https:\/\/veritasinfo.org\/wp-content\/uploads\/2025\/11\/Screenshot-2025-11-28-065233.jpg","width":1073,"height":729},{"@type":"BreadcrumbList","@id":"https:\/\/veritasinfo.org\/?p=22046#breadcrumb","itemListElement":[{"@type":"ListItem","position":1,"name":"Home","item":"https:\/\/veritasinfo.org\/"},{"@type":"ListItem","position":2,"name":"Serbia zgjat konkursin p\u00ebr pun\u00ebsime, Jashari e vler\u00ebson p\u00ebrpjekje p\u00ebr nd\u00ebrhyrje n\u00eb zgjedhjet e 28 dhjetorit"}]},{"@type":"WebSite","@id":"https:\/\/veritasinfo.org\/#website","url":"https:\/\/veritasinfo.org\/","name":"","description":"","potentialAction":[{"@type":"SearchAction","target":{"@type":"EntryPoint","urlTemplate":"https:\/\/veritasinfo.org\/?s={search_term_string}"},"query-input":{"@type":"PropertyValueSpecification","valueRequired":true,"valueName":"search_term_string"}}],"inLanguage":"en-US"},{"@type":"Person","@id":"https:\/\/veritasinfo.org\/#\/schema\/person\/fe199eede04c3937362892b7444747cc","name":"US6","image":{"@type":"ImageObject","inLanguage":"en-US","@id":"https:\/\/veritasinfo.org\/#\/schema\/person\/image\/","url":"https:\/\/secure.gravatar.com\/avatar\/cb16c3c31c9d23b9b8c705964598220b3014e42ff51eb540ff23cefa3ae8c15f?s=96&d=mm&r=g","contentUrl":"https:\/\/secure.gravatar.com\/avatar\/cb16c3c31c9d23b9b8c705964598220b3014e42ff51eb540ff23cefa3ae8c15f?s=96&d=mm&r=g","caption":"US6"},"url":"https:\/\/veritasinfo.org\/?author=7"}]}},"featured_image_urls":{"full":["https:\/\/veritasinfo.org\/wp-content\/uploads\/2025\/11\/Screenshot-2025-11-28-065233.jpg",1073,729,false],"thumbnail":["https:\/\/veritasinfo.org\/wp-content\/uploads\/2025\/11\/Screenshot-2025-11-28-065233-150x150.jpg",150,150,true],"medium":["https:\/\/veritasinfo.org\/wp-content\/uploads\/2025\/11\/Screenshot-2025-11-28-065233-300x204.jpg",300,204,true],"medium_large":["https:\/\/veritasinfo.org\/wp-content\/uploads\/2025\/11\/Screenshot-2025-11-28-065233-768x522.jpg",640,435,true],"large":["https:\/\/veritasinfo.org\/wp-content\/uploads\/2025\/11\/Screenshot-2025-11-28-065233-1024x696.jpg",640,435,true],"1536x1536":["https:\/\/veritasinfo.org\/wp-content\/uploads\/2025\/11\/Screenshot-2025-11-28-065233.jpg",1073,729,false],"2048x2048":["https:\/\/veritasinfo.org\/wp-content\/uploads\/2025\/11\/Screenshot-2025-11-28-065233.jpg",1073,729,false],"kreeti-slider-full":["https:\/\/veritasinfo.org\/wp-content\/uploads\/2025\/11\/Screenshot-2025-11-28-065233.jpg",1060,720,false],"kreeti-featured":["https:\/\/veritasinfo.org\/wp-content\/uploads\/2025\/11\/Screenshot-2025-11-28-065233.jpg",1024,696,false],"kreeti-medium":["https:\/\/veritasinfo.org\/wp-content\/uploads\/2025\/11\/Screenshot-2025-11-28-065233.jpg",720,489,false],"kreeti-medium-square":["https:\/\/veritasinfo.org\/wp-content\/uploads\/2025\/11\/Screenshot-2025-11-28-065233.jpg",350,238,false]},"author_info":{"info":["US6"]},"category_info":"<a href=\"https:\/\/veritasinfo.org\/?cat=58\" rel=\"category\">Politik\u00eb<\/a>","tag_info":"Politik\u00eb","comment_count":"0","_links":{"self":[{"href":"https:\/\/veritasinfo.org\/index.php?rest_route=\/wp\/v2\/posts\/22046","targetHints":{"allow":["GET"]}}],"collection":[{"href":"https:\/\/veritasinfo.org\/index.php?rest_route=\/wp\/v2\/posts"}],"about":[{"href":"https:\/\/veritasinfo.org\/index.php?rest_route=\/wp\/v2\/types\/post"}],"author":[{"embeddable":true,"href":"https:\/\/veritasinfo.org\/index.php?rest_route=\/wp\/v2\/users\/7"}],"replies":[{"embeddable":true,"href":"https:\/\/veritasinfo.org\/index.php?rest_route=%2Fwp%2Fv2%2Fcomments&post=22046"}],"version-history":[{"count":2,"href":"https:\/\/veritasinfo.org\/index.php?rest_route=\/wp\/v2\/posts\/22046\/revisions"}],"predecessor-version":[{"id":22051,"href":"https:\/\/veritasinfo.org\/index.php?rest_route=\/wp\/v2\/posts\/22046\/revisions\/22051"}],"wp:featuredmedia":[{"embeddable":true,"href":"https:\/\/veritasinfo.org\/index.php?rest_route=\/wp\/v2\/media\/22047"}],"wp:attachment":[{"href":"https:\/\/veritasinfo.org\/index.php?rest_route=%2Fwp%2Fv2%2Fmedia&parent=22046"}],"wp:term":[{"taxonomy":"category","embeddable":true,"href":"https:\/\/veritasinfo.org\/index.php?rest_route=%2Fwp%2Fv2%2Fcategories&post=22046"},{"taxonomy":"post_tag","embeddable":true,"href":"https:\/\/veritasinfo.org\/index.php?rest_route=%2Fwp%2Fv2%2Ftags&post=22046"}],"curies":[{"name":"wp","href":"https:\/\/api.w.org\/{rel}","templated":true}]}}