{"id":22041,"date":"2025-11-27T22:20:29","date_gmt":"2025-11-27T21:20:29","guid":{"rendered":"https:\/\/veritasinfo.org\/?p=22041"},"modified":"2025-11-27T22:20:29","modified_gmt":"2025-11-27T21:20:29","slug":"osmani-shkodra-i-ka-dhene-kaq-shume-kombit-shqiptar-dhe-ka-qendruar-gjithmone-si-djep-i-tradites","status":"publish","type":"post","link":"https:\/\/veritasinfo.org\/?p=22041","title":{"rendered":"Osmani: Shkodra i ka dh\u00ebn\u00eb kaq shum\u00eb kombit shqiptar dhe ka q\u00ebndruar gjithmon\u00eb si djep i tradit\u00ebs"},"content":{"rendered":"<p>Prishtin\u00eb, 27 n\u00ebntor 2025 22:20<\/p>\n<p>Presidentja e vendit, Vjosa Osmani gjat\u00eb dit\u00ebs s\u00eb sotme ka q\u00ebndruar p\u00ebr vizit\u00eb n\u00eb qytetin e Shkodr\u00ebs.<\/p>\n<p>Atje \u00ebsht\u00eb mir\u00ebpritur nga ana e kryetarit Benet Beci. Pas vizit\u00ebs n\u00eb Shkod\u00ebr, Osmani ka th\u00ebn\u00eb se Shkodra i ka dh\u00ebn\u00eb kaq shum\u00eb kombit shqiptar dhe ka q\u00ebndruar gjithmon\u00eb si djep i tradit\u00ebs.<\/p>\n<p>Postimi i plot\u00eb:<\/p>\n<p>Faleminderit p\u00ebr mikpritjen e ngroht\u00eb n\u00eb Shkodr\u00ebn e kultur\u00ebs, bes\u00ebs dhe q\u00ebndres\u00ebs shqiptare, Kryetar Beci!<\/p>\n<p>K\u00ebnaq\u00ebsi q\u00eb Shkodr\u00ebn ta vizitojm\u00eb n\u00eb prag t\u00eb 28 N\u00ebntorit, Dit\u00ebs s\u00eb Flamurit, dit\u00ebs q\u00eb i bashkon n\u00eb nj\u00eb zem\u00ebr t\u00eb vetme t\u00eb gjith\u00eb shqiptar\u00ebt, kudo q\u00eb jan\u00eb.<\/p>\n<p>Shkodra i ka dh\u00ebn\u00eb kaq shum\u00eb kombit shqiptar dhe ka q\u00ebndruar gjithmon\u00eb si djep i tradit\u00ebs dhe i identitetit ton\u00eb komb\u00ebtar.<\/p>\n<p>&nbsp;<\/p>\n","protected":false},"excerpt":{"rendered":"<p>Prishtin\u00eb, 27 n\u00ebntor 2025 22:20 Presidentja e vendit, Vjosa Osmani gjat\u00eb dit\u00ebs s\u00eb sotme ka q\u00ebndruar p\u00ebr vizit\u00eb n\u00eb qytetin e Shkodr\u00ebs. Atje \u00ebsht\u00eb mir\u00ebpritur<\/p>\n","protected":false},"author":7,"featured_media":22042,"comment_status":"open","ping_status":"open","sticky":false,"template":"","format":"standard","meta":{"footnotes":""},"categories":[58],"tags":[],"class_list":["post-22041","post","type-post","status-publish","format-standard","has-post-thumbnail","hentry","category-politike-sq"],"yoast_head":"<!-- This site is optimized with the Yoast SEO plugin v25.3.1 - https:\/\/yoast.com\/wordpress\/plugins\/seo\/ -->\n<title>Osmani: Shkodra i ka dh\u00ebn\u00eb kaq shum\u00eb kombit shqiptar dhe ka q\u00ebndruar gjithmon\u00eb si djep i tradit\u00ebs -<\/title>\n<meta name=\"robots\" content=\"index, follow, max-snippet:-1, max-image-preview:large, max-video-preview:-1\" \/>\n<link rel=\"canonical\" href=\"https:\/\/veritasinfo.org\/?p=22041\" \/>\n<meta property=\"og:locale\" content=\"en_US\" \/>\n<meta property=\"og:type\" content=\"article\" \/>\n<meta property=\"og:title\" content=\"Osmani: Shkodra i ka dh\u00ebn\u00eb kaq shum\u00eb kombit shqiptar dhe ka q\u00ebndruar gjithmon\u00eb si djep i tradit\u00ebs -\" \/>\n<meta property=\"og:description\" content=\"Prishtin\u00eb, 27 n\u00ebntor 2025 22:20 Presidentja e vendit, Vjosa Osmani gjat\u00eb dit\u00ebs s\u00eb sotme ka q\u00ebndruar p\u00ebr vizit\u00eb n\u00eb qytetin e Shkodr\u00ebs. Atje \u00ebsht\u00eb mir\u00ebpritur\" \/>\n<meta property=\"og:url\" content=\"https:\/\/veritasinfo.org\/?p=22041\" \/>\n<meta property=\"article:published_time\" content=\"2025-11-27T21:20:29+00:00\" \/>\n<meta property=\"og:image\" content=\"https:\/\/veritasinfo.org\/wp-content\/uploads\/2025\/11\/589908819_1386063729544829_5740966232523478831_n.jpg\" \/>\n\t<meta property=\"og:image:width\" content=\"2048\" \/>\n\t<meta property=\"og:image:height\" content=\"1364\" \/>\n\t<meta property=\"og:image:type\" content=\"image\/jpeg\" \/>\n<meta name=\"author\" content=\"US6\" \/>\n<meta name=\"twitter:card\" content=\"summary_large_image\" \/>\n<meta name=\"twitter:label1\" content=\"Written by\" \/>\n\t<meta name=\"twitter:data1\" content=\"US6\" \/>\n\t<meta name=\"twitter:label2\" content=\"Est. reading time\" \/>\n\t<meta name=\"twitter:data2\" content=\"1 minute\" \/>\n<script type=\"application\/ld+json\" class=\"yoast-schema-graph\">{\"@context\":\"https:\/\/schema.org\",\"@graph\":[{\"@type\":\"WebPage\",\"@id\":\"https:\/\/veritasinfo.org\/?p=22041\",\"url\":\"https:\/\/veritasinfo.org\/?p=22041\",\"name\":\"Osmani: Shkodra i ka dh\u00ebn\u00eb kaq shum\u00eb kombit shqiptar dhe ka q\u00ebndruar gjithmon\u00eb si djep i tradit\u00ebs -\",\"isPartOf\":{\"@id\":\"https:\/\/veritasinfo.org\/#website\"},\"primaryImageOfPage\":{\"@id\":\"https:\/\/veritasinfo.org\/?p=22041#primaryimage\"},\"image\":{\"@id\":\"https:\/\/veritasinfo.org\/?p=22041#primaryimage\"},\"thumbnailUrl\":\"https:\/\/veritasinfo.org\/wp-content\/uploads\/2025\/11\/589908819_1386063729544829_5740966232523478831_n.jpg\",\"datePublished\":\"2025-11-27T21:20:29+00:00\",\"author\":{\"@id\":\"https:\/\/veritasinfo.org\/#\/schema\/person\/fe199eede04c3937362892b7444747cc\"},\"breadcrumb\":{\"@id\":\"https:\/\/veritasinfo.org\/?p=22041#breadcrumb\"},\"inLanguage\":\"en-US\",\"potentialAction\":[{\"@type\":\"ReadAction\",\"target\":[\"https:\/\/veritasinfo.org\/?p=22041\"]}]},{\"@type\":\"ImageObject\",\"inLanguage\":\"en-US\",\"@id\":\"https:\/\/veritasinfo.org\/?p=22041#primaryimage\",\"url\":\"https:\/\/veritasinfo.org\/wp-content\/uploads\/2025\/11\/589908819_1386063729544829_5740966232523478831_n.jpg\",\"contentUrl\":\"https:\/\/veritasinfo.org\/wp-content\/uploads\/2025\/11\/589908819_1386063729544829_5740966232523478831_n.jpg\",\"width\":2048,\"height\":1364},{\"@type\":\"BreadcrumbList\",\"@id\":\"https:\/\/veritasinfo.org\/?p=22041#breadcrumb\",\"itemListElement\":[{\"@type\":\"ListItem\",\"position\":1,\"name\":\"Home\",\"item\":\"https:\/\/veritasinfo.org\/\"},{\"@type\":\"ListItem\",\"position\":2,\"name\":\"Osmani: Shkodra i ka dh\u00ebn\u00eb kaq shum\u00eb kombit shqiptar dhe ka q\u00ebndruar gjithmon\u00eb si djep i tradit\u00ebs\"}]},{\"@type\":\"WebSite\",\"@id\":\"https:\/\/veritasinfo.org\/#website\",\"url\":\"https:\/\/veritasinfo.org\/\",\"name\":\"\",\"description\":\"\",\"potentialAction\":[{\"@type\":\"SearchAction\",\"target\":{\"@type\":\"EntryPoint\",\"urlTemplate\":\"https:\/\/veritasinfo.org\/?s={search_term_string}\"},\"query-input\":{\"@type\":\"PropertyValueSpecification\",\"valueRequired\":true,\"valueName\":\"search_term_string\"}}],\"inLanguage\":\"en-US\"},{\"@type\":\"Person\",\"@id\":\"https:\/\/veritasinfo.org\/#\/schema\/person\/fe199eede04c3937362892b7444747cc\",\"name\":\"US6\",\"image\":{\"@type\":\"ImageObject\",\"inLanguage\":\"en-US\",\"@id\":\"https:\/\/veritasinfo.org\/#\/schema\/person\/image\/\",\"url\":\"https:\/\/secure.gravatar.com\/avatar\/cb16c3c31c9d23b9b8c705964598220b3014e42ff51eb540ff23cefa3ae8c15f?s=96&d=mm&r=g\",\"contentUrl\":\"https:\/\/secure.gravatar.com\/avatar\/cb16c3c31c9d23b9b8c705964598220b3014e42ff51eb540ff23cefa3ae8c15f?s=96&d=mm&r=g\",\"caption\":\"US6\"},\"url\":\"https:\/\/veritasinfo.org\/?author=7\"}]}<\/script>\n<!-- \/ Yoast SEO plugin. -->","yoast_head_json":{"title":"Osmani: Shkodra i ka dh\u00ebn\u00eb kaq shum\u00eb kombit shqiptar dhe ka q\u00ebndruar gjithmon\u00eb si djep i tradit\u00ebs -","robots":{"index":"index","follow":"follow","max-snippet":"max-snippet:-1","max-image-preview":"max-image-preview:large","max-video-preview":"max-video-preview:-1"},"canonical":"https:\/\/veritasinfo.org\/?p=22041","og_locale":"en_US","og_type":"article","og_title":"Osmani: Shkodra i ka dh\u00ebn\u00eb kaq shum\u00eb kombit shqiptar dhe ka q\u00ebndruar gjithmon\u00eb si djep i tradit\u00ebs -","og_description":"Prishtin\u00eb, 27 n\u00ebntor 2025 22:20 Presidentja e vendit, Vjosa Osmani gjat\u00eb dit\u00ebs s\u00eb sotme ka q\u00ebndruar p\u00ebr vizit\u00eb n\u00eb qytetin e Shkodr\u00ebs. Atje \u00ebsht\u00eb mir\u00ebpritur","og_url":"https:\/\/veritasinfo.org\/?p=22041","article_published_time":"2025-11-27T21:20:29+00:00","og_image":[{"width":2048,"height":1364,"url":"https:\/\/veritasinfo.org\/wp-content\/uploads\/2025\/11\/589908819_1386063729544829_5740966232523478831_n.jpg","type":"image\/jpeg"}],"author":"US6","twitter_card":"summary_large_image","twitter_misc":{"Written by":"US6","Est. reading time":"1 minute"},"schema":{"@context":"https:\/\/schema.org","@graph":[{"@type":"WebPage","@id":"https:\/\/veritasinfo.org\/?p=22041","url":"https:\/\/veritasinfo.org\/?p=22041","name":"Osmani: Shkodra i ka dh\u00ebn\u00eb kaq shum\u00eb kombit shqiptar dhe ka q\u00ebndruar gjithmon\u00eb si djep i tradit\u00ebs -","isPartOf":{"@id":"https:\/\/veritasinfo.org\/#website"},"primaryImageOfPage":{"@id":"https:\/\/veritasinfo.org\/?p=22041#primaryimage"},"image":{"@id":"https:\/\/veritasinfo.org\/?p=22041#primaryimage"},"thumbnailUrl":"https:\/\/veritasinfo.org\/wp-content\/uploads\/2025\/11\/589908819_1386063729544829_5740966232523478831_n.jpg","datePublished":"2025-11-27T21:20:29+00:00","author":{"@id":"https:\/\/veritasinfo.org\/#\/schema\/person\/fe199eede04c3937362892b7444747cc"},"breadcrumb":{"@id":"https:\/\/veritasinfo.org\/?p=22041#breadcrumb"},"inLanguage":"en-US","potentialAction":[{"@type":"ReadAction","target":["https:\/\/veritasinfo.org\/?p=22041"]}]},{"@type":"ImageObject","inLanguage":"en-US","@id":"https:\/\/veritasinfo.org\/?p=22041#primaryimage","url":"https:\/\/veritasinfo.org\/wp-content\/uploads\/2025\/11\/589908819_1386063729544829_5740966232523478831_n.jpg","contentUrl":"https:\/\/veritasinfo.org\/wp-content\/uploads\/2025\/11\/589908819_1386063729544829_5740966232523478831_n.jpg","width":2048,"height":1364},{"@type":"BreadcrumbList","@id":"https:\/\/veritasinfo.org\/?p=22041#breadcrumb","itemListElement":[{"@type":"ListItem","position":1,"name":"Home","item":"https:\/\/veritasinfo.org\/"},{"@type":"ListItem","position":2,"name":"Osmani: Shkodra i ka dh\u00ebn\u00eb kaq shum\u00eb kombit shqiptar dhe ka q\u00ebndruar gjithmon\u00eb si djep i tradit\u00ebs"}]},{"@type":"WebSite","@id":"https:\/\/veritasinfo.org\/#website","url":"https:\/\/veritasinfo.org\/","name":"","description":"","potentialAction":[{"@type":"SearchAction","target":{"@type":"EntryPoint","urlTemplate":"https:\/\/veritasinfo.org\/?s={search_term_string}"},"query-input":{"@type":"PropertyValueSpecification","valueRequired":true,"valueName":"search_term_string"}}],"inLanguage":"en-US"},{"@type":"Person","@id":"https:\/\/veritasinfo.org\/#\/schema\/person\/fe199eede04c3937362892b7444747cc","name":"US6","image":{"@type":"ImageObject","inLanguage":"en-US","@id":"https:\/\/veritasinfo.org\/#\/schema\/person\/image\/","url":"https:\/\/secure.gravatar.com\/avatar\/cb16c3c31c9d23b9b8c705964598220b3014e42ff51eb540ff23cefa3ae8c15f?s=96&d=mm&r=g","contentUrl":"https:\/\/secure.gravatar.com\/avatar\/cb16c3c31c9d23b9b8c705964598220b3014e42ff51eb540ff23cefa3ae8c15f?s=96&d=mm&r=g","caption":"US6"},"url":"https:\/\/veritasinfo.org\/?author=7"}]}},"featured_image_urls":{"full":["https:\/\/veritasinfo.org\/wp-content\/uploads\/2025\/11\/589908819_1386063729544829_5740966232523478831_n.jpg",2048,1364,false],"thumbnail":["https:\/\/veritasinfo.org\/wp-content\/uploads\/2025\/11\/589908819_1386063729544829_5740966232523478831_n-150x150.jpg",150,150,true],"medium":["https:\/\/veritasinfo.org\/wp-content\/uploads\/2025\/11\/589908819_1386063729544829_5740966232523478831_n-300x200.jpg",300,200,true],"medium_large":["https:\/\/veritasinfo.org\/wp-content\/uploads\/2025\/11\/589908819_1386063729544829_5740966232523478831_n-768x512.jpg",640,427,true],"large":["https:\/\/veritasinfo.org\/wp-content\/uploads\/2025\/11\/589908819_1386063729544829_5740966232523478831_n-1024x682.jpg",640,426,true],"1536x1536":["https:\/\/veritasinfo.org\/wp-content\/uploads\/2025\/11\/589908819_1386063729544829_5740966232523478831_n-1536x1023.jpg",1536,1023,true],"2048x2048":["https:\/\/veritasinfo.org\/wp-content\/uploads\/2025\/11\/589908819_1386063729544829_5740966232523478831_n.jpg",2048,1364,false],"kreeti-slider-full":["https:\/\/veritasinfo.org\/wp-content\/uploads\/2025\/11\/589908819_1386063729544829_5740966232523478831_n.jpg",1081,720,false],"kreeti-featured":["https:\/\/veritasinfo.org\/wp-content\/uploads\/2025\/11\/589908819_1386063729544829_5740966232523478831_n.jpg",1024,682,false],"kreeti-medium":["https:\/\/veritasinfo.org\/wp-content\/uploads\/2025\/11\/589908819_1386063729544829_5740966232523478831_n.jpg",720,480,false],"kreeti-medium-square":["https:\/\/veritasinfo.org\/wp-content\/uploads\/2025\/11\/589908819_1386063729544829_5740966232523478831_n.jpg",350,233,false]},"author_info":{"info":["US6"]},"category_info":"<a href=\"https:\/\/veritasinfo.org\/?cat=58\" rel=\"category\">Politik\u00eb<\/a>","tag_info":"Politik\u00eb","comment_count":"0","_links":{"self":[{"href":"https:\/\/veritasinfo.org\/index.php?rest_route=\/wp\/v2\/posts\/22041","targetHints":{"allow":["GET"]}}],"collection":[{"href":"https:\/\/veritasinfo.org\/index.php?rest_route=\/wp\/v2\/posts"}],"about":[{"href":"https:\/\/veritasinfo.org\/index.php?rest_route=\/wp\/v2\/types\/post"}],"author":[{"embeddable":true,"href":"https:\/\/veritasinfo.org\/index.php?rest_route=\/wp\/v2\/users\/7"}],"replies":[{"embeddable":true,"href":"https:\/\/veritasinfo.org\/index.php?rest_route=%2Fwp%2Fv2%2Fcomments&post=22041"}],"version-history":[{"count":1,"href":"https:\/\/veritasinfo.org\/index.php?rest_route=\/wp\/v2\/posts\/22041\/revisions"}],"predecessor-version":[{"id":22043,"href":"https:\/\/veritasinfo.org\/index.php?rest_route=\/wp\/v2\/posts\/22041\/revisions\/22043"}],"wp:featuredmedia":[{"embeddable":true,"href":"https:\/\/veritasinfo.org\/index.php?rest_route=\/wp\/v2\/media\/22042"}],"wp:attachment":[{"href":"https:\/\/veritasinfo.org\/index.php?rest_route=%2Fwp%2Fv2%2Fmedia&parent=22041"}],"wp:term":[{"taxonomy":"category","embeddable":true,"href":"https:\/\/veritasinfo.org\/index.php?rest_route=%2Fwp%2Fv2%2Fcategories&post=22041"},{"taxonomy":"post_tag","embeddable":true,"href":"https:\/\/veritasinfo.org\/index.php?rest_route=%2Fwp%2Fv2%2Ftags&post=22041"}],"curies":[{"name":"wp","href":"https:\/\/api.w.org\/{rel}","templated":true}]}}