{"id":22036,"date":"2025-11-27T21:18:39","date_gmt":"2025-11-27T20:18:39","guid":{"rendered":"https:\/\/veritasinfo.org\/?p=22036"},"modified":"2025-11-27T21:18:39","modified_gmt":"2025-11-27T20:18:39","slug":"institucionet-bashkojne-forcat-per-mbrojtjen-e-viktimave-te-krimit","status":"publish","type":"post","link":"https:\/\/veritasinfo.org\/?p=22036","title":{"rendered":"Institucionet bashkojn\u00eb forcat p\u00ebr mbrojtjen e viktimave t\u00eb krimit"},"content":{"rendered":"<p>Prishtin\u00eb, 27 n\u00ebntor 2025 21:18<\/p>\n<p>Prokuroria Themelore n\u00eb Prizren, n\u00ebn udh\u00ebheqjen e kryeprokurorit Petrit Kryeziu dhe n\u00eb bashk\u00ebpunim me Zyr\u00ebn p\u00ebr Mbrojtje dhe Ndihm\u00eb Viktimave, ka organizuar sot tryez\u00ebn rajonale n\u00eb kuad\u00ebr t\u00eb \u201cJav\u00ebs p\u00ebr t\u00eb Drejtat e Viktimave t\u00eb Krimit\u201d, me tem\u00ebn \u201cT\u00eb bashkuar p\u00ebr t\u00eb drejtat e viktimave\u201d.<\/p>\n<p>Tryeza mblodhi p\u00ebrfaq\u00ebsues t\u00eb institucioneve ky\u00e7e t\u00eb sistemit t\u00eb drejt\u00ebsis\u00eb dhe mekanizmave t\u00eb mbrojtjes, p\u00ebrfshir\u00eb prokurorin\u00eb, gjykat\u00ebn, policin\u00eb, OSBE-n\u00eb, DKA-n\u00eb, mbrojt\u00ebsit e viktimave, Qendr\u00ebn p\u00ebr Pun\u00eb Sociale, Sh\u00ebrbimin Sprovues, strehimoren dhe institucione t\u00eb tjera relevante.<\/p>\n<p>Diskutimet u fokusuan n\u00eb forcimin e mekanizmave institucional\u00eb p\u00ebr mbrojtjen e viktimave, me theks t\u00eb ve\u00e7ant\u00eb tek rastet e dhun\u00ebs n\u00eb familje, t\u00eb cilat vazhdojn\u00eb t\u00eb jen\u00eb nd\u00ebr sfidat m\u00eb t\u00eb m\u00ebdha p\u00ebr sistemin e drejt\u00ebsis\u00eb n\u00eb vend.<\/p>\n<p>Kryeprokurori Petrit Kryeziu theksoi se mbrojtja e viktimave t\u00eb krimit \u00ebsht\u00eb prioritet thelb\u00ebsor p\u00ebr Prokurorin\u00eb Themelore n\u00eb Prizren.<\/p>\n<p>\u201cMbrojtja e viktimave t\u00eb krimit, ve\u00e7an\u00ebrisht e atyre q\u00eb p\u00ebrballen me dhun\u00eb n\u00eb familje, \u00ebsht\u00eb nj\u00eb nd\u00ebr prioritetet tona kryesore. \u00c7do rast duhet t\u00eb trajtohet me profesionaliz\u00ebm, ndjeshm\u00ebri dhe vendosm\u00ebri, duke siguruar q\u00eb viktima t\u00eb ndjehet e sigurt dhe e mbrojtur gjat\u00eb gjith\u00eb procesit\u201d, tha ai.<\/p>\n<p>Udh\u00ebheq\u00ebsja e Zyr\u00ebs p\u00ebr Mbrojtje dhe Ndihm\u00eb Viktimave, Semsije Sagdati, theksoi r\u00ebnd\u00ebsin\u00eb e mb\u00ebshtetjes nd\u00ebrinstitucionale, duke theksuar se viktimat e dhun\u00ebs shpesh p\u00ebrballen me frik\u00eb, pasiguri dhe pengesa t\u00eb shumta.<\/p>\n<p>Edhe kryetarja e Gjykat\u00ebs Themelore n\u00eb Prizren, Shpresa Emra, drejtori i Policis\u00eb Rajonale, Faton Alija, dhe p\u00ebrfaq\u00ebsues t\u00eb tjer\u00eb institucional\u00eb n\u00ebnvizuan nevoj\u00ebn p\u00ebr reagim t\u00eb koordinuar, mbrojtje t\u00eb menj\u00ebhershme dhe mb\u00ebshtetje t\u00eb vazhdueshme psikologjike e juridike p\u00ebr viktimat e dhun\u00ebs n\u00eb familje.<\/p>\n<p>Pjes\u00eb e diskutimeve ishte edhe trajtimi i rasteve ku kryes t\u00eb veprave penale jan\u00eb persona me \u00e7rregullime mendore. U theksua domosdoshm\u00ebria e vler\u00ebsimeve profesionale dhe masave t\u00eb specializuara p\u00ebr t\u00eb garantuar trajtim adekuat dhe parandalim t\u00eb rrezikut.<\/p>\n<p>Nj\u00eb nd\u00ebr temat qendrore t\u00eb tryez\u00ebs ishte edhe r\u00ebnd\u00ebsia e implementimit t\u00eb hallkave elektronike t\u00eb siguris\u00eb, t\u00eb cilat sh\u00ebrbejn\u00eb si mekaniz\u00ebm parandalues dhe mbrojt\u00ebs p\u00ebr viktimat e dhun\u00ebs n\u00eb familje. U k\u00ebrkua zbatim i plot\u00eb dhe funksional i tyre n\u00eb t\u00eb gjitha institucionet relevante.<\/p>\n<p>N\u00eb fund t\u00eb takimit, pjes\u00ebmarr\u00ebsit vizituan Policin\u00eb Rajonale t\u00eb Prizrenit p\u00ebr t\u00eb par\u00eb nga af\u00ebr funksionimin e hallkave elektronike dhe procedurat operative q\u00eb lidhen me mbrojtjen e viktimave.<\/p>\n<p>Ky aktivitet synon rritjen e bashk\u00ebpunimit nd\u00ebrinstitucional, unifikimin e praktikave profesionale dhe forcimin e mbrojtjes s\u00eb viktimave, me q\u00ebllim q\u00eb sistemi i drejt\u00ebsis\u00eb t\u00eb jet\u00eb sa m\u00eb efektiv dhe sa m\u00eb i ndjesh\u00ebm ndaj nevojave t\u00eb tyre.<\/p>\n","protected":false},"excerpt":{"rendered":"<p>Prishtin\u00eb, 27 n\u00ebntor 2025 21:18 Prokuroria Themelore n\u00eb Prizren, n\u00ebn udh\u00ebheqjen e kryeprokurorit Petrit Kryeziu dhe n\u00eb bashk\u00ebpunim me Zyr\u00ebn p\u00ebr Mbrojtje dhe Ndihm\u00eb Viktimave,<\/p>\n","protected":false},"author":7,"featured_media":22037,"comment_status":"open","ping_status":"open","sticky":false,"template":"","format":"standard","meta":{"footnotes":""},"categories":[60],"tags":[],"class_list":["post-22036","post","type-post","status-publish","format-standard","has-post-thumbnail","hentry","category-shoqerore-sq"],"yoast_head":"<!-- This site is optimized with the Yoast SEO plugin v25.3.1 - https:\/\/yoast.com\/wordpress\/plugins\/seo\/ -->\n<title>Institucionet bashkojn\u00eb forcat p\u00ebr mbrojtjen e viktimave t\u00eb krimit -<\/title>\n<meta name=\"robots\" content=\"index, follow, max-snippet:-1, max-image-preview:large, max-video-preview:-1\" \/>\n<link rel=\"canonical\" href=\"https:\/\/veritasinfo.org\/?p=22036\" \/>\n<meta property=\"og:locale\" content=\"en_US\" \/>\n<meta property=\"og:type\" content=\"article\" \/>\n<meta property=\"og:title\" content=\"Institucionet bashkojn\u00eb forcat p\u00ebr mbrojtjen e viktimave t\u00eb krimit -\" \/>\n<meta property=\"og:description\" content=\"Prishtin\u00eb, 27 n\u00ebntor 2025 21:18 Prokuroria Themelore n\u00eb Prizren, n\u00ebn udh\u00ebheqjen e kryeprokurorit Petrit Kryeziu dhe n\u00eb bashk\u00ebpunim me Zyr\u00ebn p\u00ebr Mbrojtje dhe Ndihm\u00eb Viktimave,\" \/>\n<meta property=\"og:url\" content=\"https:\/\/veritasinfo.org\/?p=22036\" \/>\n<meta property=\"article:published_time\" content=\"2025-11-27T20:18:39+00:00\" \/>\n<meta property=\"og:image\" content=\"https:\/\/veritasinfo.org\/wp-content\/uploads\/2025\/11\/588766939_122237770790037625_7935669337957627290_n.jpg\" \/>\n\t<meta property=\"og:image:width\" content=\"1280\" \/>\n\t<meta property=\"og:image:height\" content=\"655\" \/>\n\t<meta property=\"og:image:type\" content=\"image\/jpeg\" \/>\n<meta name=\"author\" content=\"US6\" \/>\n<meta name=\"twitter:card\" content=\"summary_large_image\" \/>\n<meta name=\"twitter:label1\" content=\"Written by\" \/>\n\t<meta name=\"twitter:data1\" content=\"US6\" \/>\n\t<meta name=\"twitter:label2\" content=\"Est. reading time\" \/>\n\t<meta name=\"twitter:data2\" content=\"2 minutes\" \/>\n<script type=\"application\/ld+json\" class=\"yoast-schema-graph\">{\"@context\":\"https:\/\/schema.org\",\"@graph\":[{\"@type\":\"WebPage\",\"@id\":\"https:\/\/veritasinfo.org\/?p=22036\",\"url\":\"https:\/\/veritasinfo.org\/?p=22036\",\"name\":\"Institucionet bashkojn\u00eb forcat p\u00ebr mbrojtjen e viktimave t\u00eb krimit -\",\"isPartOf\":{\"@id\":\"https:\/\/veritasinfo.org\/#website\"},\"primaryImageOfPage\":{\"@id\":\"https:\/\/veritasinfo.org\/?p=22036#primaryimage\"},\"image\":{\"@id\":\"https:\/\/veritasinfo.org\/?p=22036#primaryimage\"},\"thumbnailUrl\":\"https:\/\/veritasinfo.org\/wp-content\/uploads\/2025\/11\/588766939_122237770790037625_7935669337957627290_n.jpg\",\"datePublished\":\"2025-11-27T20:18:39+00:00\",\"author\":{\"@id\":\"https:\/\/veritasinfo.org\/#\/schema\/person\/fe199eede04c3937362892b7444747cc\"},\"breadcrumb\":{\"@id\":\"https:\/\/veritasinfo.org\/?p=22036#breadcrumb\"},\"inLanguage\":\"en-US\",\"potentialAction\":[{\"@type\":\"ReadAction\",\"target\":[\"https:\/\/veritasinfo.org\/?p=22036\"]}]},{\"@type\":\"ImageObject\",\"inLanguage\":\"en-US\",\"@id\":\"https:\/\/veritasinfo.org\/?p=22036#primaryimage\",\"url\":\"https:\/\/veritasinfo.org\/wp-content\/uploads\/2025\/11\/588766939_122237770790037625_7935669337957627290_n.jpg\",\"contentUrl\":\"https:\/\/veritasinfo.org\/wp-content\/uploads\/2025\/11\/588766939_122237770790037625_7935669337957627290_n.jpg\",\"width\":1280,\"height\":655},{\"@type\":\"BreadcrumbList\",\"@id\":\"https:\/\/veritasinfo.org\/?p=22036#breadcrumb\",\"itemListElement\":[{\"@type\":\"ListItem\",\"position\":1,\"name\":\"Home\",\"item\":\"https:\/\/veritasinfo.org\/\"},{\"@type\":\"ListItem\",\"position\":2,\"name\":\"Institucionet bashkojn\u00eb forcat p\u00ebr mbrojtjen e viktimave t\u00eb krimit\"}]},{\"@type\":\"WebSite\",\"@id\":\"https:\/\/veritasinfo.org\/#website\",\"url\":\"https:\/\/veritasinfo.org\/\",\"name\":\"\",\"description\":\"\",\"potentialAction\":[{\"@type\":\"SearchAction\",\"target\":{\"@type\":\"EntryPoint\",\"urlTemplate\":\"https:\/\/veritasinfo.org\/?s={search_term_string}\"},\"query-input\":{\"@type\":\"PropertyValueSpecification\",\"valueRequired\":true,\"valueName\":\"search_term_string\"}}],\"inLanguage\":\"en-US\"},{\"@type\":\"Person\",\"@id\":\"https:\/\/veritasinfo.org\/#\/schema\/person\/fe199eede04c3937362892b7444747cc\",\"name\":\"US6\",\"image\":{\"@type\":\"ImageObject\",\"inLanguage\":\"en-US\",\"@id\":\"https:\/\/veritasinfo.org\/#\/schema\/person\/image\/\",\"url\":\"https:\/\/secure.gravatar.com\/avatar\/cb16c3c31c9d23b9b8c705964598220b3014e42ff51eb540ff23cefa3ae8c15f?s=96&d=mm&r=g\",\"contentUrl\":\"https:\/\/secure.gravatar.com\/avatar\/cb16c3c31c9d23b9b8c705964598220b3014e42ff51eb540ff23cefa3ae8c15f?s=96&d=mm&r=g\",\"caption\":\"US6\"},\"url\":\"https:\/\/veritasinfo.org\/?author=7\"}]}<\/script>\n<!-- \/ Yoast SEO plugin. -->","yoast_head_json":{"title":"Institucionet bashkojn\u00eb forcat p\u00ebr mbrojtjen e viktimave t\u00eb krimit -","robots":{"index":"index","follow":"follow","max-snippet":"max-snippet:-1","max-image-preview":"max-image-preview:large","max-video-preview":"max-video-preview:-1"},"canonical":"https:\/\/veritasinfo.org\/?p=22036","og_locale":"en_US","og_type":"article","og_title":"Institucionet bashkojn\u00eb forcat p\u00ebr mbrojtjen e viktimave t\u00eb krimit -","og_description":"Prishtin\u00eb, 27 n\u00ebntor 2025 21:18 Prokuroria Themelore n\u00eb Prizren, n\u00ebn udh\u00ebheqjen e kryeprokurorit Petrit Kryeziu dhe n\u00eb bashk\u00ebpunim me Zyr\u00ebn p\u00ebr Mbrojtje dhe Ndihm\u00eb Viktimave,","og_url":"https:\/\/veritasinfo.org\/?p=22036","article_published_time":"2025-11-27T20:18:39+00:00","og_image":[{"width":1280,"height":655,"url":"https:\/\/veritasinfo.org\/wp-content\/uploads\/2025\/11\/588766939_122237770790037625_7935669337957627290_n.jpg","type":"image\/jpeg"}],"author":"US6","twitter_card":"summary_large_image","twitter_misc":{"Written by":"US6","Est. reading time":"2 minutes"},"schema":{"@context":"https:\/\/schema.org","@graph":[{"@type":"WebPage","@id":"https:\/\/veritasinfo.org\/?p=22036","url":"https:\/\/veritasinfo.org\/?p=22036","name":"Institucionet bashkojn\u00eb forcat p\u00ebr mbrojtjen e viktimave t\u00eb krimit -","isPartOf":{"@id":"https:\/\/veritasinfo.org\/#website"},"primaryImageOfPage":{"@id":"https:\/\/veritasinfo.org\/?p=22036#primaryimage"},"image":{"@id":"https:\/\/veritasinfo.org\/?p=22036#primaryimage"},"thumbnailUrl":"https:\/\/veritasinfo.org\/wp-content\/uploads\/2025\/11\/588766939_122237770790037625_7935669337957627290_n.jpg","datePublished":"2025-11-27T20:18:39+00:00","author":{"@id":"https:\/\/veritasinfo.org\/#\/schema\/person\/fe199eede04c3937362892b7444747cc"},"breadcrumb":{"@id":"https:\/\/veritasinfo.org\/?p=22036#breadcrumb"},"inLanguage":"en-US","potentialAction":[{"@type":"ReadAction","target":["https:\/\/veritasinfo.org\/?p=22036"]}]},{"@type":"ImageObject","inLanguage":"en-US","@id":"https:\/\/veritasinfo.org\/?p=22036#primaryimage","url":"https:\/\/veritasinfo.org\/wp-content\/uploads\/2025\/11\/588766939_122237770790037625_7935669337957627290_n.jpg","contentUrl":"https:\/\/veritasinfo.org\/wp-content\/uploads\/2025\/11\/588766939_122237770790037625_7935669337957627290_n.jpg","width":1280,"height":655},{"@type":"BreadcrumbList","@id":"https:\/\/veritasinfo.org\/?p=22036#breadcrumb","itemListElement":[{"@type":"ListItem","position":1,"name":"Home","item":"https:\/\/veritasinfo.org\/"},{"@type":"ListItem","position":2,"name":"Institucionet bashkojn\u00eb forcat p\u00ebr mbrojtjen e viktimave t\u00eb krimit"}]},{"@type":"WebSite","@id":"https:\/\/veritasinfo.org\/#website","url":"https:\/\/veritasinfo.org\/","name":"","description":"","potentialAction":[{"@type":"SearchAction","target":{"@type":"EntryPoint","urlTemplate":"https:\/\/veritasinfo.org\/?s={search_term_string}"},"query-input":{"@type":"PropertyValueSpecification","valueRequired":true,"valueName":"search_term_string"}}],"inLanguage":"en-US"},{"@type":"Person","@id":"https:\/\/veritasinfo.org\/#\/schema\/person\/fe199eede04c3937362892b7444747cc","name":"US6","image":{"@type":"ImageObject","inLanguage":"en-US","@id":"https:\/\/veritasinfo.org\/#\/schema\/person\/image\/","url":"https:\/\/secure.gravatar.com\/avatar\/cb16c3c31c9d23b9b8c705964598220b3014e42ff51eb540ff23cefa3ae8c15f?s=96&d=mm&r=g","contentUrl":"https:\/\/secure.gravatar.com\/avatar\/cb16c3c31c9d23b9b8c705964598220b3014e42ff51eb540ff23cefa3ae8c15f?s=96&d=mm&r=g","caption":"US6"},"url":"https:\/\/veritasinfo.org\/?author=7"}]}},"featured_image_urls":{"full":["https:\/\/veritasinfo.org\/wp-content\/uploads\/2025\/11\/588766939_122237770790037625_7935669337957627290_n.jpg",1280,655,false],"thumbnail":["https:\/\/veritasinfo.org\/wp-content\/uploads\/2025\/11\/588766939_122237770790037625_7935669337957627290_n-150x150.jpg",150,150,true],"medium":["https:\/\/veritasinfo.org\/wp-content\/uploads\/2025\/11\/588766939_122237770790037625_7935669337957627290_n-300x154.jpg",300,154,true],"medium_large":["https:\/\/veritasinfo.org\/wp-content\/uploads\/2025\/11\/588766939_122237770790037625_7935669337957627290_n-768x393.jpg",640,328,true],"large":["https:\/\/veritasinfo.org\/wp-content\/uploads\/2025\/11\/588766939_122237770790037625_7935669337957627290_n-1024x524.jpg",640,328,true],"1536x1536":["https:\/\/veritasinfo.org\/wp-content\/uploads\/2025\/11\/588766939_122237770790037625_7935669337957627290_n.jpg",1280,655,false],"2048x2048":["https:\/\/veritasinfo.org\/wp-content\/uploads\/2025\/11\/588766939_122237770790037625_7935669337957627290_n.jpg",1280,655,false],"kreeti-slider-full":["https:\/\/veritasinfo.org\/wp-content\/uploads\/2025\/11\/588766939_122237770790037625_7935669337957627290_n.jpg",1280,655,false],"kreeti-featured":["https:\/\/veritasinfo.org\/wp-content\/uploads\/2025\/11\/588766939_122237770790037625_7935669337957627290_n.jpg",1024,524,false],"kreeti-medium":["https:\/\/veritasinfo.org\/wp-content\/uploads\/2025\/11\/588766939_122237770790037625_7935669337957627290_n.jpg",720,368,false],"kreeti-medium-square":["https:\/\/veritasinfo.org\/wp-content\/uploads\/2025\/11\/588766939_122237770790037625_7935669337957627290_n.jpg",350,179,false]},"author_info":{"info":["US6"]},"category_info":"<a href=\"https:\/\/veritasinfo.org\/?cat=60\" rel=\"category\">Shoq\u00ebrore<\/a>","tag_info":"Shoq\u00ebrore","comment_count":"0","_links":{"self":[{"href":"https:\/\/veritasinfo.org\/index.php?rest_route=\/wp\/v2\/posts\/22036","targetHints":{"allow":["GET"]}}],"collection":[{"href":"https:\/\/veritasinfo.org\/index.php?rest_route=\/wp\/v2\/posts"}],"about":[{"href":"https:\/\/veritasinfo.org\/index.php?rest_route=\/wp\/v2\/types\/post"}],"author":[{"embeddable":true,"href":"https:\/\/veritasinfo.org\/index.php?rest_route=\/wp\/v2\/users\/7"}],"replies":[{"embeddable":true,"href":"https:\/\/veritasinfo.org\/index.php?rest_route=%2Fwp%2Fv2%2Fcomments&post=22036"}],"version-history":[{"count":1,"href":"https:\/\/veritasinfo.org\/index.php?rest_route=\/wp\/v2\/posts\/22036\/revisions"}],"predecessor-version":[{"id":22038,"href":"https:\/\/veritasinfo.org\/index.php?rest_route=\/wp\/v2\/posts\/22036\/revisions\/22038"}],"wp:featuredmedia":[{"embeddable":true,"href":"https:\/\/veritasinfo.org\/index.php?rest_route=\/wp\/v2\/media\/22037"}],"wp:attachment":[{"href":"https:\/\/veritasinfo.org\/index.php?rest_route=%2Fwp%2Fv2%2Fmedia&parent=22036"}],"wp:term":[{"taxonomy":"category","embeddable":true,"href":"https:\/\/veritasinfo.org\/index.php?rest_route=%2Fwp%2Fv2%2Fcategories&post=22036"},{"taxonomy":"post_tag","embeddable":true,"href":"https:\/\/veritasinfo.org\/index.php?rest_route=%2Fwp%2Fv2%2Ftags&post=22036"}],"curies":[{"name":"wp","href":"https:\/\/api.w.org\/{rel}","templated":true}]}}