{"id":21986,"date":"2025-11-27T13:08:09","date_gmt":"2025-11-27T12:08:09","guid":{"rendered":"https:\/\/veritasinfo.org\/?p=21986"},"modified":"2025-11-27T13:08:09","modified_gmt":"2025-11-27T12:08:09","slug":"parlamenti-europian-kerkon-kufizime-ne-rrjetet-sociale-per-personat-nen-16-vjec","status":"publish","type":"post","link":"https:\/\/veritasinfo.org\/?p=21986","title":{"rendered":"Parlamenti Europian k\u00ebrkon kufizime n\u00eb rrjetet sociale p\u00ebr personat n\u00ebn 16 vje\u00e7"},"content":{"rendered":"<p><strong>Bruksel, 27 n\u00ebntor 2025 13:07<\/strong><\/p>\n<p>Presidentja e Komisionit t\u00eb BE-s\u00eb, Ursula von der Leyen, d\u00ebshiron t\u00eb ndjek\u00eb shembullin e Australis\u00eb n\u00eb ndalimin e mediave sociale p\u00ebr f\u00ebmij\u00ebt n\u00ebn mosh\u00ebn 16 vje\u00e7. Parlamenti i BE-s\u00eb dhe shtetet an\u00ebtare bien dakord.<\/p>\n<p>Parlamenti Europian ka vendosur q\u00eb TikTok, YouTube, Instagram dhe platforma t\u00eb tjera t\u00eb mediave sociale duhet t\u00eb lejohen vet\u00ebm nga mosha 16 vje\u00e7. Nj\u00eb shumic\u00eb e qart\u00eb e an\u00ebtar\u00ebve t\u00eb Parlamentit Europian (European Economist) votuan t\u00eb m\u00ebrkur\u00ebn n\u00eb favor t\u00eb thirrjes p\u00ebr nj\u00eb mosh\u00eb minimale n\u00eb t\u00eb gjith\u00eb BE-n\u00eb.<\/p>\n<p>Sipas nj\u00eb deklarate nga Parlamenti, f\u00ebmij\u00ebve 13 deri n\u00eb 16 vje\u00e7 duhet t&#8217;u lejohet qasja vet\u00ebm me p\u00eblqimin e prind\u00ebrve t\u00eb tyre. Raporti i miratuar, i cili ende nuk \u00ebsht\u00eb detyrues, gjithashtu b\u00ebn thirrje p\u00ebr t\u00eb b\u00ebr\u00eb m\u00eb shum\u00eb p\u00ebr t\u00eb luftuar faktor\u00ebt q\u00eb krijojn\u00eb var\u00ebsi dhe strategjit\u00eb manipuluese. European Economistet shpreh\u00ebn shqet\u00ebsim n\u00eb lidhje me rreziqet p\u00ebr sh\u00ebndetin fizik dhe mendor t\u00eb t\u00eb miturve n\u00eb internet dhe vendos\u00ebn q\u00eb rregullat duhet t\u00eb zbatohen edhe p\u00ebr platformat video dhe shoq\u00ebruesit e Inteligjenc\u00ebs Artificiale (IA).<\/p>\n<p>N\u00eb mesin e tetorit, udh\u00ebheq\u00ebsit e shteteve an\u00ebtare t\u00eb BE-s\u00eb fol\u00ebn gjithashtu n\u00eb favor t\u00eb kufizimeve t\u00eb mosh\u00ebs n\u00eb platforma t\u00eb tilla si TikTok, Facebook dhe t\u00eb tjera &#8211; por nuk donin t&#8217;ia dor\u00ebzonin p\u00ebrgjegj\u00ebsit\u00eb e tyre komb\u00ebtare Brukselit.<\/p>\n<p>Presidentja e Komisionit Evropian, Ursula von der Leyen, fillimisht i kishte dh\u00ebn\u00eb nj\u00eb shtys\u00eb t\u00eb re debatit me thirrjen e saj p\u00ebr nj\u00eb kufizim moshe n\u00eb mediat sociale.<\/p>\n<p>Nj\u00eb grup ekspert\u00ebsh do t\u00eb k\u00ebshilloj\u00eb mbi rrjedh\u00ebn m\u00eb t\u00eb mir\u00eb t\u00eb veprimit p\u00ebr Evrop\u00ebn deri n\u00eb fund t\u00eb vitit. Von der Leyen p\u00ebrmendi Australin\u00eb si nj\u00eb model t\u00eb mundsh\u00ebm. Vendi koh\u00ebt e fundit e kishte zgjatur ndalimin e mediave sociale p\u00ebr f\u00ebmij\u00ebt n\u00ebn mosh\u00ebn 16 vje\u00e7. BE-ja tashm\u00eb po punon mbi k\u00ebrkesat teknike p\u00ebr kufizimet e mosh\u00ebs.<\/p>\n<p>Komisioni Evropian po zhvillon nj\u00eb aplikacion verifikimi p\u00ebr mbrojtjen e t\u00eb miturve. Q\u00ebllimi \u00ebsht\u00eb krijimi i sistemeve t\u00eb besueshme t\u00eb verifikimit t\u00eb mosh\u00ebs p\u00ebr p\u00ebrmbajtjen q\u00eb nuk \u00ebsht\u00eb e p\u00ebrshtatshme p\u00ebr f\u00ebmij\u00ebt dhe t\u00eb rinjt\u00eb.<\/p>\n","protected":false},"excerpt":{"rendered":"<p>Bruksel, 27 n\u00ebntor 2025 13:07 Presidentja e Komisionit t\u00eb BE-s\u00eb, Ursula von der Leyen, d\u00ebshiron t\u00eb ndjek\u00eb shembullin e Australis\u00eb n\u00eb ndalimin e mediave sociale<\/p>\n","protected":false},"author":2,"featured_media":21987,"comment_status":"open","ping_status":"open","sticky":false,"template":"","format":"standard","meta":{"footnotes":""},"categories":[60],"tags":[],"class_list":["post-21986","post","type-post","status-publish","format-standard","has-post-thumbnail","hentry","category-shoqerore-sq"],"yoast_head":"<!-- This site is optimized with the Yoast SEO plugin v25.3.1 - https:\/\/yoast.com\/wordpress\/plugins\/seo\/ -->\n<title>Parlamenti Europian k\u00ebrkon kufizime n\u00eb rrjetet sociale p\u00ebr personat n\u00ebn 16 vje\u00e7 -<\/title>\n<meta name=\"robots\" content=\"index, follow, max-snippet:-1, max-image-preview:large, max-video-preview:-1\" \/>\n<link rel=\"canonical\" href=\"https:\/\/veritasinfo.org\/?p=21986\" \/>\n<meta property=\"og:locale\" content=\"en_US\" \/>\n<meta property=\"og:type\" content=\"article\" \/>\n<meta property=\"og:title\" content=\"Parlamenti Europian k\u00ebrkon kufizime n\u00eb rrjetet sociale p\u00ebr personat n\u00ebn 16 vje\u00e7 -\" \/>\n<meta property=\"og:description\" content=\"Bruksel, 27 n\u00ebntor 2025 13:07 Presidentja e Komisionit t\u00eb BE-s\u00eb, Ursula von der Leyen, d\u00ebshiron t\u00eb ndjek\u00eb shembullin e Australis\u00eb n\u00eb ndalimin e mediave sociale\" \/>\n<meta property=\"og:url\" content=\"https:\/\/veritasinfo.org\/?p=21986\" \/>\n<meta property=\"article:published_time\" content=\"2025-11-27T12:08:09+00:00\" \/>\n<meta property=\"og:image\" content=\"https:\/\/veritasinfo.org\/wp-content\/uploads\/2025\/11\/Be-tik-tok.jpeg\" \/>\n\t<meta property=\"og:image:width\" content=\"1920\" \/>\n\t<meta property=\"og:image:height\" content=\"1278\" \/>\n\t<meta property=\"og:image:type\" content=\"image\/jpeg\" \/>\n<meta name=\"author\" content=\"US1\" \/>\n<meta name=\"twitter:card\" content=\"summary_large_image\" \/>\n<meta name=\"twitter:label1\" content=\"Written by\" \/>\n\t<meta name=\"twitter:data1\" content=\"US1\" \/>\n\t<meta name=\"twitter:label2\" content=\"Est. reading time\" \/>\n\t<meta name=\"twitter:data2\" content=\"2 minutes\" \/>\n<script type=\"application\/ld+json\" class=\"yoast-schema-graph\">{\"@context\":\"https:\/\/schema.org\",\"@graph\":[{\"@type\":\"WebPage\",\"@id\":\"https:\/\/veritasinfo.org\/?p=21986\",\"url\":\"https:\/\/veritasinfo.org\/?p=21986\",\"name\":\"Parlamenti Europian k\u00ebrkon kufizime n\u00eb rrjetet sociale p\u00ebr personat n\u00ebn 16 vje\u00e7 -\",\"isPartOf\":{\"@id\":\"https:\/\/veritasinfo.org\/#website\"},\"primaryImageOfPage\":{\"@id\":\"https:\/\/veritasinfo.org\/?p=21986#primaryimage\"},\"image\":{\"@id\":\"https:\/\/veritasinfo.org\/?p=21986#primaryimage\"},\"thumbnailUrl\":\"https:\/\/veritasinfo.org\/wp-content\/uploads\/2025\/11\/Be-tik-tok.jpeg\",\"datePublished\":\"2025-11-27T12:08:09+00:00\",\"author\":{\"@id\":\"https:\/\/veritasinfo.org\/#\/schema\/person\/c2b8be262ea994d0995addca692c5e98\"},\"breadcrumb\":{\"@id\":\"https:\/\/veritasinfo.org\/?p=21986#breadcrumb\"},\"inLanguage\":\"en-US\",\"potentialAction\":[{\"@type\":\"ReadAction\",\"target\":[\"https:\/\/veritasinfo.org\/?p=21986\"]}]},{\"@type\":\"ImageObject\",\"inLanguage\":\"en-US\",\"@id\":\"https:\/\/veritasinfo.org\/?p=21986#primaryimage\",\"url\":\"https:\/\/veritasinfo.org\/wp-content\/uploads\/2025\/11\/Be-tik-tok.jpeg\",\"contentUrl\":\"https:\/\/veritasinfo.org\/wp-content\/uploads\/2025\/11\/Be-tik-tok.jpeg\",\"width\":1920,\"height\":1278},{\"@type\":\"BreadcrumbList\",\"@id\":\"https:\/\/veritasinfo.org\/?p=21986#breadcrumb\",\"itemListElement\":[{\"@type\":\"ListItem\",\"position\":1,\"name\":\"Home\",\"item\":\"https:\/\/veritasinfo.org\/\"},{\"@type\":\"ListItem\",\"position\":2,\"name\":\"Parlamenti Europian k\u00ebrkon kufizime n\u00eb rrjetet sociale p\u00ebr personat n\u00ebn 16 vje\u00e7\"}]},{\"@type\":\"WebSite\",\"@id\":\"https:\/\/veritasinfo.org\/#website\",\"url\":\"https:\/\/veritasinfo.org\/\",\"name\":\"\",\"description\":\"\",\"potentialAction\":[{\"@type\":\"SearchAction\",\"target\":{\"@type\":\"EntryPoint\",\"urlTemplate\":\"https:\/\/veritasinfo.org\/?s={search_term_string}\"},\"query-input\":{\"@type\":\"PropertyValueSpecification\",\"valueRequired\":true,\"valueName\":\"search_term_string\"}}],\"inLanguage\":\"en-US\"},{\"@type\":\"Person\",\"@id\":\"https:\/\/veritasinfo.org\/#\/schema\/person\/c2b8be262ea994d0995addca692c5e98\",\"name\":\"US1\",\"image\":{\"@type\":\"ImageObject\",\"inLanguage\":\"en-US\",\"@id\":\"https:\/\/veritasinfo.org\/#\/schema\/person\/image\/\",\"url\":\"https:\/\/secure.gravatar.com\/avatar\/4e96a59bd256abf9956eb9963ac891a47461ffb364d47b0e9aab113328fdb75b?s=96&d=mm&r=g\",\"contentUrl\":\"https:\/\/secure.gravatar.com\/avatar\/4e96a59bd256abf9956eb9963ac891a47461ffb364d47b0e9aab113328fdb75b?s=96&d=mm&r=g\",\"caption\":\"US1\"},\"url\":\"https:\/\/veritasinfo.org\/?author=2\"}]}<\/script>\n<!-- \/ Yoast SEO plugin. -->","yoast_head_json":{"title":"Parlamenti Europian k\u00ebrkon kufizime n\u00eb rrjetet sociale p\u00ebr personat n\u00ebn 16 vje\u00e7 -","robots":{"index":"index","follow":"follow","max-snippet":"max-snippet:-1","max-image-preview":"max-image-preview:large","max-video-preview":"max-video-preview:-1"},"canonical":"https:\/\/veritasinfo.org\/?p=21986","og_locale":"en_US","og_type":"article","og_title":"Parlamenti Europian k\u00ebrkon kufizime n\u00eb rrjetet sociale p\u00ebr personat n\u00ebn 16 vje\u00e7 -","og_description":"Bruksel, 27 n\u00ebntor 2025 13:07 Presidentja e Komisionit t\u00eb BE-s\u00eb, Ursula von der Leyen, d\u00ebshiron t\u00eb ndjek\u00eb shembullin e Australis\u00eb n\u00eb ndalimin e mediave sociale","og_url":"https:\/\/veritasinfo.org\/?p=21986","article_published_time":"2025-11-27T12:08:09+00:00","og_image":[{"width":1920,"height":1278,"url":"https:\/\/veritasinfo.org\/wp-content\/uploads\/2025\/11\/Be-tik-tok.jpeg","type":"image\/jpeg"}],"author":"US1","twitter_card":"summary_large_image","twitter_misc":{"Written by":"US1","Est. reading time":"2 minutes"},"schema":{"@context":"https:\/\/schema.org","@graph":[{"@type":"WebPage","@id":"https:\/\/veritasinfo.org\/?p=21986","url":"https:\/\/veritasinfo.org\/?p=21986","name":"Parlamenti Europian k\u00ebrkon kufizime n\u00eb rrjetet sociale p\u00ebr personat n\u00ebn 16 vje\u00e7 -","isPartOf":{"@id":"https:\/\/veritasinfo.org\/#website"},"primaryImageOfPage":{"@id":"https:\/\/veritasinfo.org\/?p=21986#primaryimage"},"image":{"@id":"https:\/\/veritasinfo.org\/?p=21986#primaryimage"},"thumbnailUrl":"https:\/\/veritasinfo.org\/wp-content\/uploads\/2025\/11\/Be-tik-tok.jpeg","datePublished":"2025-11-27T12:08:09+00:00","author":{"@id":"https:\/\/veritasinfo.org\/#\/schema\/person\/c2b8be262ea994d0995addca692c5e98"},"breadcrumb":{"@id":"https:\/\/veritasinfo.org\/?p=21986#breadcrumb"},"inLanguage":"en-US","potentialAction":[{"@type":"ReadAction","target":["https:\/\/veritasinfo.org\/?p=21986"]}]},{"@type":"ImageObject","inLanguage":"en-US","@id":"https:\/\/veritasinfo.org\/?p=21986#primaryimage","url":"https:\/\/veritasinfo.org\/wp-content\/uploads\/2025\/11\/Be-tik-tok.jpeg","contentUrl":"https:\/\/veritasinfo.org\/wp-content\/uploads\/2025\/11\/Be-tik-tok.jpeg","width":1920,"height":1278},{"@type":"BreadcrumbList","@id":"https:\/\/veritasinfo.org\/?p=21986#breadcrumb","itemListElement":[{"@type":"ListItem","position":1,"name":"Home","item":"https:\/\/veritasinfo.org\/"},{"@type":"ListItem","position":2,"name":"Parlamenti Europian k\u00ebrkon kufizime n\u00eb rrjetet sociale p\u00ebr personat n\u00ebn 16 vje\u00e7"}]},{"@type":"WebSite","@id":"https:\/\/veritasinfo.org\/#website","url":"https:\/\/veritasinfo.org\/","name":"","description":"","potentialAction":[{"@type":"SearchAction","target":{"@type":"EntryPoint","urlTemplate":"https:\/\/veritasinfo.org\/?s={search_term_string}"},"query-input":{"@type":"PropertyValueSpecification","valueRequired":true,"valueName":"search_term_string"}}],"inLanguage":"en-US"},{"@type":"Person","@id":"https:\/\/veritasinfo.org\/#\/schema\/person\/c2b8be262ea994d0995addca692c5e98","name":"US1","image":{"@type":"ImageObject","inLanguage":"en-US","@id":"https:\/\/veritasinfo.org\/#\/schema\/person\/image\/","url":"https:\/\/secure.gravatar.com\/avatar\/4e96a59bd256abf9956eb9963ac891a47461ffb364d47b0e9aab113328fdb75b?s=96&d=mm&r=g","contentUrl":"https:\/\/secure.gravatar.com\/avatar\/4e96a59bd256abf9956eb9963ac891a47461ffb364d47b0e9aab113328fdb75b?s=96&d=mm&r=g","caption":"US1"},"url":"https:\/\/veritasinfo.org\/?author=2"}]}},"featured_image_urls":{"full":["https:\/\/veritasinfo.org\/wp-content\/uploads\/2025\/11\/Be-tik-tok.jpeg",1920,1278,false],"thumbnail":["https:\/\/veritasinfo.org\/wp-content\/uploads\/2025\/11\/Be-tik-tok-150x150.jpeg",150,150,true],"medium":["https:\/\/veritasinfo.org\/wp-content\/uploads\/2025\/11\/Be-tik-tok-300x200.jpeg",300,200,true],"medium_large":["https:\/\/veritasinfo.org\/wp-content\/uploads\/2025\/11\/Be-tik-tok-768x511.jpeg",640,426,true],"large":["https:\/\/veritasinfo.org\/wp-content\/uploads\/2025\/11\/Be-tik-tok-1024x682.jpeg",640,426,true],"1536x1536":["https:\/\/veritasinfo.org\/wp-content\/uploads\/2025\/11\/Be-tik-tok-1536x1022.jpeg",1536,1022,true],"2048x2048":["https:\/\/veritasinfo.org\/wp-content\/uploads\/2025\/11\/Be-tik-tok.jpeg",1920,1278,false],"kreeti-slider-full":["https:\/\/veritasinfo.org\/wp-content\/uploads\/2025\/11\/Be-tik-tok.jpeg",1082,720,false],"kreeti-featured":["https:\/\/veritasinfo.org\/wp-content\/uploads\/2025\/11\/Be-tik-tok.jpeg",1024,682,false],"kreeti-medium":["https:\/\/veritasinfo.org\/wp-content\/uploads\/2025\/11\/Be-tik-tok.jpeg",720,479,false],"kreeti-medium-square":["https:\/\/veritasinfo.org\/wp-content\/uploads\/2025\/11\/Be-tik-tok.jpeg",350,233,false]},"author_info":{"info":["US1"]},"category_info":"<a href=\"https:\/\/veritasinfo.org\/?cat=60\" rel=\"category\">Shoq\u00ebrore<\/a>","tag_info":"Shoq\u00ebrore","comment_count":"0","_links":{"self":[{"href":"https:\/\/veritasinfo.org\/index.php?rest_route=\/wp\/v2\/posts\/21986","targetHints":{"allow":["GET"]}}],"collection":[{"href":"https:\/\/veritasinfo.org\/index.php?rest_route=\/wp\/v2\/posts"}],"about":[{"href":"https:\/\/veritasinfo.org\/index.php?rest_route=\/wp\/v2\/types\/post"}],"author":[{"embeddable":true,"href":"https:\/\/veritasinfo.org\/index.php?rest_route=\/wp\/v2\/users\/2"}],"replies":[{"embeddable":true,"href":"https:\/\/veritasinfo.org\/index.php?rest_route=%2Fwp%2Fv2%2Fcomments&post=21986"}],"version-history":[{"count":1,"href":"https:\/\/veritasinfo.org\/index.php?rest_route=\/wp\/v2\/posts\/21986\/revisions"}],"predecessor-version":[{"id":21988,"href":"https:\/\/veritasinfo.org\/index.php?rest_route=\/wp\/v2\/posts\/21986\/revisions\/21988"}],"wp:featuredmedia":[{"embeddable":true,"href":"https:\/\/veritasinfo.org\/index.php?rest_route=\/wp\/v2\/media\/21987"}],"wp:attachment":[{"href":"https:\/\/veritasinfo.org\/index.php?rest_route=%2Fwp%2Fv2%2Fmedia&parent=21986"}],"wp:term":[{"taxonomy":"category","embeddable":true,"href":"https:\/\/veritasinfo.org\/index.php?rest_route=%2Fwp%2Fv2%2Fcategories&post=21986"},{"taxonomy":"post_tag","embeddable":true,"href":"https:\/\/veritasinfo.org\/index.php?rest_route=%2Fwp%2Fv2%2Ftags&post=21986"}],"curies":[{"name":"wp","href":"https:\/\/api.w.org\/{rel}","templated":true}]}}