{"id":21976,"date":"2025-11-27T11:56:16","date_gmt":"2025-11-27T10:56:16","guid":{"rendered":"https:\/\/veritasinfo.org\/?p=21976"},"modified":"2025-11-27T12:00:29","modified_gmt":"2025-11-27T11:00:29","slug":"veteranet-e-uck-se-dhe-policet-shenjester-e-arrestimeve-nga-serbia","status":"publish","type":"post","link":"https:\/\/veritasinfo.org\/?p=21976","title":{"rendered":"Veteran\u00ebt e U\u00c7K-s\u00eb dhe polic\u00ebt, sh\u00ebnjest\u00ebr e arrestimeve nga Serbia"},"content":{"rendered":"<p>Prishtin\u00eb 27 N\u00ebntor 2025. 11:54<\/p>\n<p>Serbia po vazhdon ndalimet e kosovar\u00ebve, kryesisht ish-pjes\u00ebtar\u00eb t\u00eb U\u00c7K-s\u00eb, duke i akuzuar pa prova p\u00ebr krime lufte dhe duke shkaktuar pasiguri serioze n\u00eb pik\u00ebkalimet kufitare. OVL U\u00c7K-ja raporton se vet\u00ebm k\u00ebt\u00eb vit jan\u00eb regjistruar rreth dhjet\u00eb raste ndalimesh e maltretimesh, nd\u00ebrsa familjar\u00ebt flasin p\u00ebr mbajtje t\u00eb padrejta dhe presion politik.<\/p>\n<p>Pik\u00ebkalimet kufitare me Serbin\u00eb po vazhdojn\u00eb t\u00eb mbesin problematike p\u00ebr ish-ushtar\u00ebt e U\u00c7K-s\u00eb e polic\u00ebt dhe ish-polic\u00ebt kosovar\u00eb.<\/p>\n<p>Ata q\u00eb po rrezikojn\u00eb t\u00eb kalojn\u00eb p\u00ebrmes tyre, n\u00eb shumic\u00ebn e rasteve po ndalohen e akuzohen nga Serbia me pretendimet p\u00ebr krime lufte.<\/p>\n<p>Rasti i fundit ishte t\u00eb mart\u00ebn ku u ndalua ish-pjes\u00ebtar i U\u00c7K-s\u00eb, Avni Qenaj.<\/p>\n<p>Nga Organizata e Veteran\u00ebve t\u00eb Luft\u00ebs s\u00eb U\u00c7K-s\u00eb po shprehen t\u00eb shqet\u00ebsuar dhe apelojn\u00eb bashk\u00ebluft\u00ebtarit q\u00eb t\u2019i evitojn\u00eb pik\u00ebkalimet kufitare me Serbin\u00eb.<\/p>\n<p>Sipas tyre, vet\u00ebm gjat\u00eb k\u00ebtij viti jan\u00eb ndaluar rreth dhjet\u00eb persona.<\/p>\n<p>\u201cMe dhjet\u00ebra po, kemi shum\u00eb raste, gjat\u00eb viteve t fundit kemi arrestimin e bashk\u00ebluft\u00ebtarit ton\u00eb nga Peja q\u00eb nuk ekzistonte n\u00eb databaz\u00ebn ton\u00eb, kishim rast n\u00eb Rahovec, dy v\u00ebllez\u00ebr nga Rahoveci para disa koh\u00ebsh, nj\u00ebri u lirua nd\u00ebrsa tjetrin e mbajt\u00ebn nj\u00eb jav\u00eb pastaj e liruan por diku dhjet\u00eb raste I kemi brenda k\u00ebtij viti me ndalime e maltretime nga ana e Serbis\u00eb\u201d, ka deklaruar Gazmend Syla \u2013 OVL U\u00c7K.<\/p>\n<p>Nj\u00eb rast konkret t\u00eb maltretimit e mbajtjes padrejt\u00ebsisht e ka shprehur vajza e ish-luft\u00ebtarit Hazir Hazirit q\u00eb tash e tre muaj \u00ebsht\u00eb duke u mbajtur nga autoritetet serbe.<\/p>\n<p>\u201cGjendja e tij e tij psikologjike \u00ebsht\u00eb e r\u00ebnduar dhe emocionalisht po e p\u00ebrjeton shum\u00eb r\u00ebnd sidomos parasysh mosh\u00ebn e tij, 77-vje\u00e7ar dhe nuk ka asnj\u00eb lidhje me akuzat, k\u00ebt\u00eb gj\u00eb e ka v\u00ebrtetuar edhe avokati q\u00eb ne e kemi angazhuar, q\u00eb i ka mbaruar t\u00eb gjitha procedurat ligjore dhe ai \u00ebsht\u00eb duke u mbajtur pa asnj\u00eb prov\u00eb, pa asnj\u00eb evidenc\u00eb, d\u00ebshmi tash e tre muaj\u201d, ka theksuar p\u00ebr Rtv Dukagjinin, Kaltrina Haziri \u2013 vajza e Hazir Hazirit.<\/p>\n<p>Nj\u00eb nga rastet q\u00eb mori m\u00eb s\u00eb shumti v\u00ebmendje koh\u00ebve t\u00eb fundit ishte edhe arrestimi i ish-policit t\u00eb Kosov\u00ebs, Arbnor Spahiu q\u00eb nga qershori deri n\u00eb n\u00ebntor u mbajt n\u00eb paraburgim.<\/p>\n<p>Ndon\u00ebse nuk ishte polic n\u00eb at\u00eb periudh\u00eb, ai ishte arrestuar pretendimin se kishe marr\u00eb pjes\u00eb n\u00eb aksionin e Policis\u00eb s\u00eb Kosov\u00ebs n\u00eb zmbrapsjen e sulmit terrorist n\u00eb Banjsk\u00eb, ku kishte mbetur i vrar\u00eb rreshteri policor i Kosov\u00ebs Afrim Bunjaku, dhe tre terrorist\u00eb serb\u00eb.<\/p>\n","protected":false},"excerpt":{"rendered":"<p>Prishtin\u00eb 27 N\u00ebntor 2025. 11:54 Serbia po vazhdon ndalimet e kosovar\u00ebve, kryesisht ish-pjes\u00ebtar\u00eb t\u00eb U\u00c7K-s\u00eb, duke i akuzuar pa prova p\u00ebr krime lufte dhe duke<\/p>\n","protected":false},"author":6,"featured_media":21977,"comment_status":"open","ping_status":"open","sticky":false,"template":"","format":"standard","meta":{"footnotes":""},"categories":[60],"tags":[],"class_list":["post-21976","post","type-post","status-publish","format-standard","has-post-thumbnail","hentry","category-shoqerore-sq"],"yoast_head":"<!-- This site is optimized with the Yoast SEO plugin v25.3.1 - https:\/\/yoast.com\/wordpress\/plugins\/seo\/ -->\n<title>Veteran\u00ebt e U\u00c7K-s\u00eb dhe polic\u00ebt, sh\u00ebnjest\u00ebr e arrestimeve nga Serbia -<\/title>\n<meta name=\"robots\" content=\"index, follow, max-snippet:-1, max-image-preview:large, max-video-preview:-1\" \/>\n<link rel=\"canonical\" href=\"https:\/\/veritasinfo.org\/?p=21976\" \/>\n<meta property=\"og:locale\" content=\"en_US\" \/>\n<meta property=\"og:type\" content=\"article\" \/>\n<meta property=\"og:title\" content=\"Veteran\u00ebt e U\u00c7K-s\u00eb dhe polic\u00ebt, sh\u00ebnjest\u00ebr e arrestimeve nga Serbia -\" \/>\n<meta property=\"og:description\" content=\"Prishtin\u00eb 27 N\u00ebntor 2025. 11:54 Serbia po vazhdon ndalimet e kosovar\u00ebve, kryesisht ish-pjes\u00ebtar\u00eb t\u00eb U\u00c7K-s\u00eb, duke i akuzuar pa prova p\u00ebr krime lufte dhe duke\" \/>\n<meta property=\"og:url\" content=\"https:\/\/veritasinfo.org\/?p=21976\" \/>\n<meta property=\"article:published_time\" content=\"2025-11-27T10:56:16+00:00\" \/>\n<meta property=\"article:modified_time\" content=\"2025-11-27T11:00:29+00:00\" \/>\n<meta property=\"og:image\" content=\"https:\/\/veritasinfo.org\/wp-content\/uploads\/2025\/11\/auto_211cec13-80a1-4f0f-8a66-4b88242be0c6-696x3921764227174-1.jpg\" \/>\n\t<meta property=\"og:image:width\" content=\"900\" \/>\n\t<meta property=\"og:image:height\" content=\"507\" \/>\n\t<meta property=\"og:image:type\" content=\"image\/jpeg\" \/>\n<meta name=\"author\" content=\"US5\" \/>\n<meta name=\"twitter:card\" content=\"summary_large_image\" \/>\n<meta name=\"twitter:label1\" content=\"Written by\" \/>\n\t<meta name=\"twitter:data1\" content=\"US5\" \/>\n\t<meta name=\"twitter:label2\" content=\"Est. reading time\" \/>\n\t<meta name=\"twitter:data2\" content=\"2 minutes\" \/>\n<script type=\"application\/ld+json\" class=\"yoast-schema-graph\">{\"@context\":\"https:\/\/schema.org\",\"@graph\":[{\"@type\":\"WebPage\",\"@id\":\"https:\/\/veritasinfo.org\/?p=21976\",\"url\":\"https:\/\/veritasinfo.org\/?p=21976\",\"name\":\"Veteran\u00ebt e U\u00c7K-s\u00eb dhe polic\u00ebt, sh\u00ebnjest\u00ebr e arrestimeve nga Serbia -\",\"isPartOf\":{\"@id\":\"https:\/\/veritasinfo.org\/#website\"},\"primaryImageOfPage\":{\"@id\":\"https:\/\/veritasinfo.org\/?p=21976#primaryimage\"},\"image\":{\"@id\":\"https:\/\/veritasinfo.org\/?p=21976#primaryimage\"},\"thumbnailUrl\":\"https:\/\/veritasinfo.org\/wp-content\/uploads\/2025\/11\/auto_211cec13-80a1-4f0f-8a66-4b88242be0c6-696x3921764227174-1.jpg\",\"datePublished\":\"2025-11-27T10:56:16+00:00\",\"dateModified\":\"2025-11-27T11:00:29+00:00\",\"author\":{\"@id\":\"https:\/\/veritasinfo.org\/#\/schema\/person\/bc442336e35414d04494ab8fb45db4c6\"},\"breadcrumb\":{\"@id\":\"https:\/\/veritasinfo.org\/?p=21976#breadcrumb\"},\"inLanguage\":\"en-US\",\"potentialAction\":[{\"@type\":\"ReadAction\",\"target\":[\"https:\/\/veritasinfo.org\/?p=21976\"]}]},{\"@type\":\"ImageObject\",\"inLanguage\":\"en-US\",\"@id\":\"https:\/\/veritasinfo.org\/?p=21976#primaryimage\",\"url\":\"https:\/\/veritasinfo.org\/wp-content\/uploads\/2025\/11\/auto_211cec13-80a1-4f0f-8a66-4b88242be0c6-696x3921764227174-1.jpg\",\"contentUrl\":\"https:\/\/veritasinfo.org\/wp-content\/uploads\/2025\/11\/auto_211cec13-80a1-4f0f-8a66-4b88242be0c6-696x3921764227174-1.jpg\",\"width\":900,\"height\":507},{\"@type\":\"BreadcrumbList\",\"@id\":\"https:\/\/veritasinfo.org\/?p=21976#breadcrumb\",\"itemListElement\":[{\"@type\":\"ListItem\",\"position\":1,\"name\":\"Home\",\"item\":\"https:\/\/veritasinfo.org\/\"},{\"@type\":\"ListItem\",\"position\":2,\"name\":\"Veteran\u00ebt e U\u00c7K-s\u00eb dhe polic\u00ebt, sh\u00ebnjest\u00ebr e arrestimeve nga Serbia\"}]},{\"@type\":\"WebSite\",\"@id\":\"https:\/\/veritasinfo.org\/#website\",\"url\":\"https:\/\/veritasinfo.org\/\",\"name\":\"\",\"description\":\"\",\"potentialAction\":[{\"@type\":\"SearchAction\",\"target\":{\"@type\":\"EntryPoint\",\"urlTemplate\":\"https:\/\/veritasinfo.org\/?s={search_term_string}\"},\"query-input\":{\"@type\":\"PropertyValueSpecification\",\"valueRequired\":true,\"valueName\":\"search_term_string\"}}],\"inLanguage\":\"en-US\"},{\"@type\":\"Person\",\"@id\":\"https:\/\/veritasinfo.org\/#\/schema\/person\/bc442336e35414d04494ab8fb45db4c6\",\"name\":\"US5\",\"image\":{\"@type\":\"ImageObject\",\"inLanguage\":\"en-US\",\"@id\":\"https:\/\/veritasinfo.org\/#\/schema\/person\/image\/\",\"url\":\"https:\/\/secure.gravatar.com\/avatar\/16a61e7272a0c5d001121ebb9e60e925d5816e4ac1e443ed3e640d9a6ae55d0c?s=96&d=mm&r=g\",\"contentUrl\":\"https:\/\/secure.gravatar.com\/avatar\/16a61e7272a0c5d001121ebb9e60e925d5816e4ac1e443ed3e640d9a6ae55d0c?s=96&d=mm&r=g\",\"caption\":\"US5\"},\"url\":\"https:\/\/veritasinfo.org\/?author=6\"}]}<\/script>\n<!-- \/ Yoast SEO plugin. -->","yoast_head_json":{"title":"Veteran\u00ebt e U\u00c7K-s\u00eb dhe polic\u00ebt, sh\u00ebnjest\u00ebr e arrestimeve nga Serbia -","robots":{"index":"index","follow":"follow","max-snippet":"max-snippet:-1","max-image-preview":"max-image-preview:large","max-video-preview":"max-video-preview:-1"},"canonical":"https:\/\/veritasinfo.org\/?p=21976","og_locale":"en_US","og_type":"article","og_title":"Veteran\u00ebt e U\u00c7K-s\u00eb dhe polic\u00ebt, sh\u00ebnjest\u00ebr e arrestimeve nga Serbia -","og_description":"Prishtin\u00eb 27 N\u00ebntor 2025. 11:54 Serbia po vazhdon ndalimet e kosovar\u00ebve, kryesisht ish-pjes\u00ebtar\u00eb t\u00eb U\u00c7K-s\u00eb, duke i akuzuar pa prova p\u00ebr krime lufte dhe duke","og_url":"https:\/\/veritasinfo.org\/?p=21976","article_published_time":"2025-11-27T10:56:16+00:00","article_modified_time":"2025-11-27T11:00:29+00:00","og_image":[{"width":900,"height":507,"url":"https:\/\/veritasinfo.org\/wp-content\/uploads\/2025\/11\/auto_211cec13-80a1-4f0f-8a66-4b88242be0c6-696x3921764227174-1.jpg","type":"image\/jpeg"}],"author":"US5","twitter_card":"summary_large_image","twitter_misc":{"Written by":"US5","Est. reading time":"2 minutes"},"schema":{"@context":"https:\/\/schema.org","@graph":[{"@type":"WebPage","@id":"https:\/\/veritasinfo.org\/?p=21976","url":"https:\/\/veritasinfo.org\/?p=21976","name":"Veteran\u00ebt e U\u00c7K-s\u00eb dhe polic\u00ebt, sh\u00ebnjest\u00ebr e arrestimeve nga Serbia -","isPartOf":{"@id":"https:\/\/veritasinfo.org\/#website"},"primaryImageOfPage":{"@id":"https:\/\/veritasinfo.org\/?p=21976#primaryimage"},"image":{"@id":"https:\/\/veritasinfo.org\/?p=21976#primaryimage"},"thumbnailUrl":"https:\/\/veritasinfo.org\/wp-content\/uploads\/2025\/11\/auto_211cec13-80a1-4f0f-8a66-4b88242be0c6-696x3921764227174-1.jpg","datePublished":"2025-11-27T10:56:16+00:00","dateModified":"2025-11-27T11:00:29+00:00","author":{"@id":"https:\/\/veritasinfo.org\/#\/schema\/person\/bc442336e35414d04494ab8fb45db4c6"},"breadcrumb":{"@id":"https:\/\/veritasinfo.org\/?p=21976#breadcrumb"},"inLanguage":"en-US","potentialAction":[{"@type":"ReadAction","target":["https:\/\/veritasinfo.org\/?p=21976"]}]},{"@type":"ImageObject","inLanguage":"en-US","@id":"https:\/\/veritasinfo.org\/?p=21976#primaryimage","url":"https:\/\/veritasinfo.org\/wp-content\/uploads\/2025\/11\/auto_211cec13-80a1-4f0f-8a66-4b88242be0c6-696x3921764227174-1.jpg","contentUrl":"https:\/\/veritasinfo.org\/wp-content\/uploads\/2025\/11\/auto_211cec13-80a1-4f0f-8a66-4b88242be0c6-696x3921764227174-1.jpg","width":900,"height":507},{"@type":"BreadcrumbList","@id":"https:\/\/veritasinfo.org\/?p=21976#breadcrumb","itemListElement":[{"@type":"ListItem","position":1,"name":"Home","item":"https:\/\/veritasinfo.org\/"},{"@type":"ListItem","position":2,"name":"Veteran\u00ebt e U\u00c7K-s\u00eb dhe polic\u00ebt, sh\u00ebnjest\u00ebr e arrestimeve nga Serbia"}]},{"@type":"WebSite","@id":"https:\/\/veritasinfo.org\/#website","url":"https:\/\/veritasinfo.org\/","name":"","description":"","potentialAction":[{"@type":"SearchAction","target":{"@type":"EntryPoint","urlTemplate":"https:\/\/veritasinfo.org\/?s={search_term_string}"},"query-input":{"@type":"PropertyValueSpecification","valueRequired":true,"valueName":"search_term_string"}}],"inLanguage":"en-US"},{"@type":"Person","@id":"https:\/\/veritasinfo.org\/#\/schema\/person\/bc442336e35414d04494ab8fb45db4c6","name":"US5","image":{"@type":"ImageObject","inLanguage":"en-US","@id":"https:\/\/veritasinfo.org\/#\/schema\/person\/image\/","url":"https:\/\/secure.gravatar.com\/avatar\/16a61e7272a0c5d001121ebb9e60e925d5816e4ac1e443ed3e640d9a6ae55d0c?s=96&d=mm&r=g","contentUrl":"https:\/\/secure.gravatar.com\/avatar\/16a61e7272a0c5d001121ebb9e60e925d5816e4ac1e443ed3e640d9a6ae55d0c?s=96&d=mm&r=g","caption":"US5"},"url":"https:\/\/veritasinfo.org\/?author=6"}]}},"featured_image_urls":{"full":["https:\/\/veritasinfo.org\/wp-content\/uploads\/2025\/11\/auto_211cec13-80a1-4f0f-8a66-4b88242be0c6-696x3921764227174-1.jpg",900,507,false],"thumbnail":["https:\/\/veritasinfo.org\/wp-content\/uploads\/2025\/11\/auto_211cec13-80a1-4f0f-8a66-4b88242be0c6-696x3921764227174-1-150x150.jpg",150,150,true],"medium":["https:\/\/veritasinfo.org\/wp-content\/uploads\/2025\/11\/auto_211cec13-80a1-4f0f-8a66-4b88242be0c6-696x3921764227174-1-300x169.jpg",300,169,true],"medium_large":["https:\/\/veritasinfo.org\/wp-content\/uploads\/2025\/11\/auto_211cec13-80a1-4f0f-8a66-4b88242be0c6-696x3921764227174-1-768x433.jpg",640,361,true],"large":["https:\/\/veritasinfo.org\/wp-content\/uploads\/2025\/11\/auto_211cec13-80a1-4f0f-8a66-4b88242be0c6-696x3921764227174-1.jpg",640,361,false],"1536x1536":["https:\/\/veritasinfo.org\/wp-content\/uploads\/2025\/11\/auto_211cec13-80a1-4f0f-8a66-4b88242be0c6-696x3921764227174-1.jpg",900,507,false],"2048x2048":["https:\/\/veritasinfo.org\/wp-content\/uploads\/2025\/11\/auto_211cec13-80a1-4f0f-8a66-4b88242be0c6-696x3921764227174-1.jpg",900,507,false],"kreeti-slider-full":["https:\/\/veritasinfo.org\/wp-content\/uploads\/2025\/11\/auto_211cec13-80a1-4f0f-8a66-4b88242be0c6-696x3921764227174-1.jpg",900,507,false],"kreeti-featured":["https:\/\/veritasinfo.org\/wp-content\/uploads\/2025\/11\/auto_211cec13-80a1-4f0f-8a66-4b88242be0c6-696x3921764227174-1.jpg",900,507,false],"kreeti-medium":["https:\/\/veritasinfo.org\/wp-content\/uploads\/2025\/11\/auto_211cec13-80a1-4f0f-8a66-4b88242be0c6-696x3921764227174-1.jpg",720,406,false],"kreeti-medium-square":["https:\/\/veritasinfo.org\/wp-content\/uploads\/2025\/11\/auto_211cec13-80a1-4f0f-8a66-4b88242be0c6-696x3921764227174-1.jpg",350,197,false]},"author_info":{"info":["US5"]},"category_info":"<a href=\"https:\/\/veritasinfo.org\/?cat=60\" rel=\"category\">Shoq\u00ebrore<\/a>","tag_info":"Shoq\u00ebrore","comment_count":"0","_links":{"self":[{"href":"https:\/\/veritasinfo.org\/index.php?rest_route=\/wp\/v2\/posts\/21976","targetHints":{"allow":["GET"]}}],"collection":[{"href":"https:\/\/veritasinfo.org\/index.php?rest_route=\/wp\/v2\/posts"}],"about":[{"href":"https:\/\/veritasinfo.org\/index.php?rest_route=\/wp\/v2\/types\/post"}],"author":[{"embeddable":true,"href":"https:\/\/veritasinfo.org\/index.php?rest_route=\/wp\/v2\/users\/6"}],"replies":[{"embeddable":true,"href":"https:\/\/veritasinfo.org\/index.php?rest_route=%2Fwp%2Fv2%2Fcomments&post=21976"}],"version-history":[{"count":1,"href":"https:\/\/veritasinfo.org\/index.php?rest_route=\/wp\/v2\/posts\/21976\/revisions"}],"predecessor-version":[{"id":21978,"href":"https:\/\/veritasinfo.org\/index.php?rest_route=\/wp\/v2\/posts\/21976\/revisions\/21978"}],"wp:featuredmedia":[{"embeddable":true,"href":"https:\/\/veritasinfo.org\/index.php?rest_route=\/wp\/v2\/media\/21977"}],"wp:attachment":[{"href":"https:\/\/veritasinfo.org\/index.php?rest_route=%2Fwp%2Fv2%2Fmedia&parent=21976"}],"wp:term":[{"taxonomy":"category","embeddable":true,"href":"https:\/\/veritasinfo.org\/index.php?rest_route=%2Fwp%2Fv2%2Fcategories&post=21976"},{"taxonomy":"post_tag","embeddable":true,"href":"https:\/\/veritasinfo.org\/index.php?rest_route=%2Fwp%2Fv2%2Ftags&post=21976"}],"curies":[{"name":"wp","href":"https:\/\/api.w.org\/{rel}","templated":true}]}}