{"id":21958,"date":"2025-11-27T10:31:30","date_gmt":"2025-11-27T09:31:30","guid":{"rendered":"https:\/\/veritasinfo.org\/?p=21958"},"modified":"2025-11-27T10:31:30","modified_gmt":"2025-11-27T09:31:30","slug":"28-nentori-bashkon-policine-e-kosoves-dhe-te-shqiperise-ne-aktivitet-festiv","status":"publish","type":"post","link":"https:\/\/veritasinfo.org\/?p=21958","title":{"rendered":"28 N\u00ebntori bashkon Policin\u00eb e Kosov\u00ebs dhe t\u00eb Shqip\u00ebris\u00eb n\u00eb aktivitet festiv"},"content":{"rendered":"<p>Prishtin\u00eb 27 N\u00ebntor 2025. 10:30<\/p>\n<p>P\u00ebr nder t\u00eb Fest\u00ebs s\u00eb Flamurit dhe 28 N\u00ebntorit, Dit\u00ebs s\u00eb Pavar\u00ebsis\u00eb s\u00eb Shqip\u00ebris\u00eb, Sindikata e Policis\u00eb s\u00eb Kosov\u00ebs dhe Sindikata e Policis\u00eb s\u00eb Shqip\u00ebris\u00eb organizuan nj\u00eb aktivitet sportiv t\u00eb p\u00ebrbashk\u00ebt, n\u00eb bashk\u00ebpunim t\u00eb ngusht\u00eb me t\u00eb dy policit\u00eb shtet\u00ebrore.<\/p>\n<p>Ngjarja sportive u mbajt n\u00eb nj\u00eb atmosfer\u00eb t\u00eb ngroht\u00eb e v\u00ebllaz\u00ebrore n\u00eb Akademin\u00eb e Siguris\u00eb s\u00eb Policis\u00eb s\u00eb Shqip\u00ebris\u00eb n\u00eb Tiran\u00eb. N\u00eb ndeshjen miq\u00ebsore t\u00eb futbollit t\u00eb vog\u00ebl mes ekipeve t\u00eb Policis\u00eb s\u00eb Kosov\u00ebs dhe Policis\u00eb s\u00eb Shqip\u00ebris\u00eb, sportist\u00ebt treguan disiplin\u00eb, profesionaliz\u00ebm dhe respekt t\u00eb nd\u00ebrsjell\u00eb, duke d\u00ebshmuar se vlera kryesore e aktivitetit ishte vet\u00eb gara dhe festimi i p\u00ebrbashk\u00ebt i k\u00ebsaj dite t\u00eb shenjt\u00eb komb\u00ebtare.<\/p>\n<p>Para nisjes s\u00eb aktivitetit, kryetar\u00ebt e dy sindikatave, Avdi Hoti dhe Sadedin Fishta, s\u00eb bashku me stafin menaxhues, u prit\u00ebn n\u00eb nj\u00eb takim zyrtar nga Rektori i Akademis\u00eb s\u00eb Siguris\u00eb, Prof. Dr. Ilirjan Mandro. Gjat\u00eb takimit u theksuan mesazhe t\u00eb forta bashkimi, bashk\u00ebpunimi dhe r\u00ebnd\u00ebsia e kremtimit t\u00eb p\u00ebrbashk\u00ebt t\u00eb festave mbar\u00ebkomb\u00ebtare.<\/p>\n<p>Ky organizim edhe nj\u00eb her\u00eb d\u00ebshmoi se sporti mbetet ur\u00eb lidh\u00ebse mes institucioneve dhe qytetar\u00ebve, nd\u00ebrsa sportist\u00ebt jan\u00eb ambasador\u00ebt m\u00eb t\u00eb mir\u00eb t\u00eb frym\u00ebs s\u00eb partneritetit nd\u00ebrmjet dy vendeve.<\/p>\n<p>N\u00eb fund t\u00eb aktivitetit, pjes\u00ebmarr\u00ebsve t\u00eb t\u00eb dy ekipeve iu shp\u00ebrndan\u00eb medalje nderi, si mir\u00ebnjohje p\u00ebr kontributin dhe pjes\u00ebmarrjen n\u00eb k\u00ebt\u00eb ngjarje t\u00eb dedikuar fest\u00ebs s\u00eb 28 N\u00ebntorit.<\/p>\n","protected":false},"excerpt":{"rendered":"<p>Prishtin\u00eb 27 N\u00ebntor 2025. 10:30 P\u00ebr nder t\u00eb Fest\u00ebs s\u00eb Flamurit dhe 28 N\u00ebntorit, Dit\u00ebs s\u00eb Pavar\u00ebsis\u00eb s\u00eb Shqip\u00ebris\u00eb, Sindikata e Policis\u00eb s\u00eb Kosov\u00ebs dhe<\/p>\n","protected":false},"author":6,"featured_media":21959,"comment_status":"open","ping_status":"open","sticky":false,"template":"","format":"standard","meta":{"footnotes":""},"categories":[60],"tags":[],"class_list":["post-21958","post","type-post","status-publish","format-standard","has-post-thumbnail","hentry","category-shoqerore-sq"],"yoast_head":"<!-- This site is optimized with the Yoast SEO plugin v25.3.1 - https:\/\/yoast.com\/wordpress\/plugins\/seo\/ -->\n<title>28 N\u00ebntori bashkon Policin\u00eb e Kosov\u00ebs dhe t\u00eb Shqip\u00ebris\u00eb n\u00eb aktivitet festiv -<\/title>\n<meta name=\"robots\" content=\"index, follow, max-snippet:-1, max-image-preview:large, max-video-preview:-1\" \/>\n<link rel=\"canonical\" href=\"https:\/\/veritasinfo.org\/?p=21958\" \/>\n<meta property=\"og:locale\" content=\"en_US\" \/>\n<meta property=\"og:type\" content=\"article\" \/>\n<meta property=\"og:title\" content=\"28 N\u00ebntori bashkon Policin\u00eb e Kosov\u00ebs dhe t\u00eb Shqip\u00ebris\u00eb n\u00eb aktivitet festiv -\" \/>\n<meta property=\"og:description\" content=\"Prishtin\u00eb 27 N\u00ebntor 2025. 10:30 P\u00ebr nder t\u00eb Fest\u00ebs s\u00eb Flamurit dhe 28 N\u00ebntorit, Dit\u00ebs s\u00eb Pavar\u00ebsis\u00eb s\u00eb Shqip\u00ebris\u00eb, Sindikata e Policis\u00eb s\u00eb Kosov\u00ebs dhe\" \/>\n<meta property=\"og:url\" content=\"https:\/\/veritasinfo.org\/?p=21958\" \/>\n<meta property=\"article:published_time\" content=\"2025-11-27T09:31:30+00:00\" \/>\n<meta property=\"og:image\" content=\"https:\/\/veritasinfo.org\/wp-content\/uploads\/2025\/11\/710605-K2ug45aq5W.jpg\" \/>\n\t<meta property=\"og:image:width\" content=\"780\" \/>\n\t<meta property=\"og:image:height\" content=\"500\" \/>\n\t<meta property=\"og:image:type\" content=\"image\/jpeg\" \/>\n<meta name=\"author\" content=\"US5\" \/>\n<meta name=\"twitter:card\" content=\"summary_large_image\" \/>\n<meta name=\"twitter:label1\" content=\"Written by\" \/>\n\t<meta name=\"twitter:data1\" content=\"US5\" \/>\n\t<meta name=\"twitter:label2\" content=\"Est. reading time\" \/>\n\t<meta name=\"twitter:data2\" content=\"1 minute\" \/>\n<script type=\"application\/ld+json\" class=\"yoast-schema-graph\">{\"@context\":\"https:\/\/schema.org\",\"@graph\":[{\"@type\":\"WebPage\",\"@id\":\"https:\/\/veritasinfo.org\/?p=21958\",\"url\":\"https:\/\/veritasinfo.org\/?p=21958\",\"name\":\"28 N\u00ebntori bashkon Policin\u00eb e Kosov\u00ebs dhe t\u00eb Shqip\u00ebris\u00eb n\u00eb aktivitet festiv -\",\"isPartOf\":{\"@id\":\"https:\/\/veritasinfo.org\/#website\"},\"primaryImageOfPage\":{\"@id\":\"https:\/\/veritasinfo.org\/?p=21958#primaryimage\"},\"image\":{\"@id\":\"https:\/\/veritasinfo.org\/?p=21958#primaryimage\"},\"thumbnailUrl\":\"https:\/\/veritasinfo.org\/wp-content\/uploads\/2025\/11\/710605-K2ug45aq5W.jpg\",\"datePublished\":\"2025-11-27T09:31:30+00:00\",\"author\":{\"@id\":\"https:\/\/veritasinfo.org\/#\/schema\/person\/bc442336e35414d04494ab8fb45db4c6\"},\"breadcrumb\":{\"@id\":\"https:\/\/veritasinfo.org\/?p=21958#breadcrumb\"},\"inLanguage\":\"en-US\",\"potentialAction\":[{\"@type\":\"ReadAction\",\"target\":[\"https:\/\/veritasinfo.org\/?p=21958\"]}]},{\"@type\":\"ImageObject\",\"inLanguage\":\"en-US\",\"@id\":\"https:\/\/veritasinfo.org\/?p=21958#primaryimage\",\"url\":\"https:\/\/veritasinfo.org\/wp-content\/uploads\/2025\/11\/710605-K2ug45aq5W.jpg\",\"contentUrl\":\"https:\/\/veritasinfo.org\/wp-content\/uploads\/2025\/11\/710605-K2ug45aq5W.jpg\",\"width\":780,\"height\":500},{\"@type\":\"BreadcrumbList\",\"@id\":\"https:\/\/veritasinfo.org\/?p=21958#breadcrumb\",\"itemListElement\":[{\"@type\":\"ListItem\",\"position\":1,\"name\":\"Home\",\"item\":\"https:\/\/veritasinfo.org\/\"},{\"@type\":\"ListItem\",\"position\":2,\"name\":\"28 N\u00ebntori bashkon Policin\u00eb e Kosov\u00ebs dhe t\u00eb Shqip\u00ebris\u00eb n\u00eb aktivitet festiv\"}]},{\"@type\":\"WebSite\",\"@id\":\"https:\/\/veritasinfo.org\/#website\",\"url\":\"https:\/\/veritasinfo.org\/\",\"name\":\"\",\"description\":\"\",\"potentialAction\":[{\"@type\":\"SearchAction\",\"target\":{\"@type\":\"EntryPoint\",\"urlTemplate\":\"https:\/\/veritasinfo.org\/?s={search_term_string}\"},\"query-input\":{\"@type\":\"PropertyValueSpecification\",\"valueRequired\":true,\"valueName\":\"search_term_string\"}}],\"inLanguage\":\"en-US\"},{\"@type\":\"Person\",\"@id\":\"https:\/\/veritasinfo.org\/#\/schema\/person\/bc442336e35414d04494ab8fb45db4c6\",\"name\":\"US5\",\"image\":{\"@type\":\"ImageObject\",\"inLanguage\":\"en-US\",\"@id\":\"https:\/\/veritasinfo.org\/#\/schema\/person\/image\/\",\"url\":\"https:\/\/secure.gravatar.com\/avatar\/16a61e7272a0c5d001121ebb9e60e925d5816e4ac1e443ed3e640d9a6ae55d0c?s=96&d=mm&r=g\",\"contentUrl\":\"https:\/\/secure.gravatar.com\/avatar\/16a61e7272a0c5d001121ebb9e60e925d5816e4ac1e443ed3e640d9a6ae55d0c?s=96&d=mm&r=g\",\"caption\":\"US5\"},\"url\":\"https:\/\/veritasinfo.org\/?author=6\"}]}<\/script>\n<!-- \/ Yoast SEO plugin. -->","yoast_head_json":{"title":"28 N\u00ebntori bashkon Policin\u00eb e Kosov\u00ebs dhe t\u00eb Shqip\u00ebris\u00eb n\u00eb aktivitet festiv -","robots":{"index":"index","follow":"follow","max-snippet":"max-snippet:-1","max-image-preview":"max-image-preview:large","max-video-preview":"max-video-preview:-1"},"canonical":"https:\/\/veritasinfo.org\/?p=21958","og_locale":"en_US","og_type":"article","og_title":"28 N\u00ebntori bashkon Policin\u00eb e Kosov\u00ebs dhe t\u00eb Shqip\u00ebris\u00eb n\u00eb aktivitet festiv -","og_description":"Prishtin\u00eb 27 N\u00ebntor 2025. 10:30 P\u00ebr nder t\u00eb Fest\u00ebs s\u00eb Flamurit dhe 28 N\u00ebntorit, Dit\u00ebs s\u00eb Pavar\u00ebsis\u00eb s\u00eb Shqip\u00ebris\u00eb, Sindikata e Policis\u00eb s\u00eb Kosov\u00ebs dhe","og_url":"https:\/\/veritasinfo.org\/?p=21958","article_published_time":"2025-11-27T09:31:30+00:00","og_image":[{"width":780,"height":500,"url":"https:\/\/veritasinfo.org\/wp-content\/uploads\/2025\/11\/710605-K2ug45aq5W.jpg","type":"image\/jpeg"}],"author":"US5","twitter_card":"summary_large_image","twitter_misc":{"Written by":"US5","Est. reading time":"1 minute"},"schema":{"@context":"https:\/\/schema.org","@graph":[{"@type":"WebPage","@id":"https:\/\/veritasinfo.org\/?p=21958","url":"https:\/\/veritasinfo.org\/?p=21958","name":"28 N\u00ebntori bashkon Policin\u00eb e Kosov\u00ebs dhe t\u00eb Shqip\u00ebris\u00eb n\u00eb aktivitet festiv -","isPartOf":{"@id":"https:\/\/veritasinfo.org\/#website"},"primaryImageOfPage":{"@id":"https:\/\/veritasinfo.org\/?p=21958#primaryimage"},"image":{"@id":"https:\/\/veritasinfo.org\/?p=21958#primaryimage"},"thumbnailUrl":"https:\/\/veritasinfo.org\/wp-content\/uploads\/2025\/11\/710605-K2ug45aq5W.jpg","datePublished":"2025-11-27T09:31:30+00:00","author":{"@id":"https:\/\/veritasinfo.org\/#\/schema\/person\/bc442336e35414d04494ab8fb45db4c6"},"breadcrumb":{"@id":"https:\/\/veritasinfo.org\/?p=21958#breadcrumb"},"inLanguage":"en-US","potentialAction":[{"@type":"ReadAction","target":["https:\/\/veritasinfo.org\/?p=21958"]}]},{"@type":"ImageObject","inLanguage":"en-US","@id":"https:\/\/veritasinfo.org\/?p=21958#primaryimage","url":"https:\/\/veritasinfo.org\/wp-content\/uploads\/2025\/11\/710605-K2ug45aq5W.jpg","contentUrl":"https:\/\/veritasinfo.org\/wp-content\/uploads\/2025\/11\/710605-K2ug45aq5W.jpg","width":780,"height":500},{"@type":"BreadcrumbList","@id":"https:\/\/veritasinfo.org\/?p=21958#breadcrumb","itemListElement":[{"@type":"ListItem","position":1,"name":"Home","item":"https:\/\/veritasinfo.org\/"},{"@type":"ListItem","position":2,"name":"28 N\u00ebntori bashkon Policin\u00eb e Kosov\u00ebs dhe t\u00eb Shqip\u00ebris\u00eb n\u00eb aktivitet festiv"}]},{"@type":"WebSite","@id":"https:\/\/veritasinfo.org\/#website","url":"https:\/\/veritasinfo.org\/","name":"","description":"","potentialAction":[{"@type":"SearchAction","target":{"@type":"EntryPoint","urlTemplate":"https:\/\/veritasinfo.org\/?s={search_term_string}"},"query-input":{"@type":"PropertyValueSpecification","valueRequired":true,"valueName":"search_term_string"}}],"inLanguage":"en-US"},{"@type":"Person","@id":"https:\/\/veritasinfo.org\/#\/schema\/person\/bc442336e35414d04494ab8fb45db4c6","name":"US5","image":{"@type":"ImageObject","inLanguage":"en-US","@id":"https:\/\/veritasinfo.org\/#\/schema\/person\/image\/","url":"https:\/\/secure.gravatar.com\/avatar\/16a61e7272a0c5d001121ebb9e60e925d5816e4ac1e443ed3e640d9a6ae55d0c?s=96&d=mm&r=g","contentUrl":"https:\/\/secure.gravatar.com\/avatar\/16a61e7272a0c5d001121ebb9e60e925d5816e4ac1e443ed3e640d9a6ae55d0c?s=96&d=mm&r=g","caption":"US5"},"url":"https:\/\/veritasinfo.org\/?author=6"}]}},"featured_image_urls":{"full":["https:\/\/veritasinfo.org\/wp-content\/uploads\/2025\/11\/710605-K2ug45aq5W.jpg",780,500,false],"thumbnail":["https:\/\/veritasinfo.org\/wp-content\/uploads\/2025\/11\/710605-K2ug45aq5W-150x150.jpg",150,150,true],"medium":["https:\/\/veritasinfo.org\/wp-content\/uploads\/2025\/11\/710605-K2ug45aq5W-300x192.jpg",300,192,true],"medium_large":["https:\/\/veritasinfo.org\/wp-content\/uploads\/2025\/11\/710605-K2ug45aq5W-768x492.jpg",640,410,true],"large":["https:\/\/veritasinfo.org\/wp-content\/uploads\/2025\/11\/710605-K2ug45aq5W.jpg",640,410,false],"1536x1536":["https:\/\/veritasinfo.org\/wp-content\/uploads\/2025\/11\/710605-K2ug45aq5W.jpg",780,500,false],"2048x2048":["https:\/\/veritasinfo.org\/wp-content\/uploads\/2025\/11\/710605-K2ug45aq5W.jpg",780,500,false],"kreeti-slider-full":["https:\/\/veritasinfo.org\/wp-content\/uploads\/2025\/11\/710605-K2ug45aq5W.jpg",780,500,false],"kreeti-featured":["https:\/\/veritasinfo.org\/wp-content\/uploads\/2025\/11\/710605-K2ug45aq5W.jpg",780,500,false],"kreeti-medium":["https:\/\/veritasinfo.org\/wp-content\/uploads\/2025\/11\/710605-K2ug45aq5W.jpg",720,462,false],"kreeti-medium-square":["https:\/\/veritasinfo.org\/wp-content\/uploads\/2025\/11\/710605-K2ug45aq5W.jpg",350,224,false]},"author_info":{"info":["US5"]},"category_info":"<a href=\"https:\/\/veritasinfo.org\/?cat=60\" rel=\"category\">Shoq\u00ebrore<\/a>","tag_info":"Shoq\u00ebrore","comment_count":"0","_links":{"self":[{"href":"https:\/\/veritasinfo.org\/index.php?rest_route=\/wp\/v2\/posts\/21958","targetHints":{"allow":["GET"]}}],"collection":[{"href":"https:\/\/veritasinfo.org\/index.php?rest_route=\/wp\/v2\/posts"}],"about":[{"href":"https:\/\/veritasinfo.org\/index.php?rest_route=\/wp\/v2\/types\/post"}],"author":[{"embeddable":true,"href":"https:\/\/veritasinfo.org\/index.php?rest_route=\/wp\/v2\/users\/6"}],"replies":[{"embeddable":true,"href":"https:\/\/veritasinfo.org\/index.php?rest_route=%2Fwp%2Fv2%2Fcomments&post=21958"}],"version-history":[{"count":1,"href":"https:\/\/veritasinfo.org\/index.php?rest_route=\/wp\/v2\/posts\/21958\/revisions"}],"predecessor-version":[{"id":21960,"href":"https:\/\/veritasinfo.org\/index.php?rest_route=\/wp\/v2\/posts\/21958\/revisions\/21960"}],"wp:featuredmedia":[{"embeddable":true,"href":"https:\/\/veritasinfo.org\/index.php?rest_route=\/wp\/v2\/media\/21959"}],"wp:attachment":[{"href":"https:\/\/veritasinfo.org\/index.php?rest_route=%2Fwp%2Fv2%2Fmedia&parent=21958"}],"wp:term":[{"taxonomy":"category","embeddable":true,"href":"https:\/\/veritasinfo.org\/index.php?rest_route=%2Fwp%2Fv2%2Fcategories&post=21958"},{"taxonomy":"post_tag","embeddable":true,"href":"https:\/\/veritasinfo.org\/index.php?rest_route=%2Fwp%2Fv2%2Ftags&post=21958"}],"curies":[{"name":"wp","href":"https:\/\/api.w.org\/{rel}","templated":true}]}}