{"id":21948,"date":"2025-11-27T09:19:02","date_gmt":"2025-11-27T08:19:02","guid":{"rendered":"https:\/\/veritasinfo.org\/?p=21948"},"modified":"2025-11-27T09:53:23","modified_gmt":"2025-11-27T08:53:23","slug":"lista-serbe-injoron-qellimshem-shenimin-zyrtar-republika-e-kosoves","status":"publish","type":"post","link":"https:\/\/veritasinfo.org\/?p=21948","title":{"rendered":"Lista Serbe injoron q\u00ebllimsh\u00ebm sh\u00ebnimin zyrtar \u201cRepublika e Kosov\u00ebs\u201d"},"content":{"rendered":"<p>Mitrovic\u00eb e Veriut, 27 n\u00ebntor 2025 09:19<\/p>\n<p>Para s\u00eb ta marr\u00eb zyrtarisht detyr\u00ebn si kryetar i sapozgjedhur i Komun\u00ebs s\u00eb Mitrovic\u00ebs s\u00eb Veriut, Milan Radojevi\u00e7 po jep tashm\u00eb sinjale t\u00eb qarta t\u00eb mosrespektimit t\u00eb rendit kushtetues t\u00eb Republik\u00ebs s\u00eb Kosov\u00ebs.<\/p>\n<p>N\u00eb ftes\u00ebn me firm\u00ebn e Radojevi\u00e7, d\u00ebrguar asamblist\u00ebve t\u00eb kuvendit t\u00eb ri komunal p\u00ebr seanc\u00ebn konstituive, ku do t\u00eb jepet betimi si kryetar i Komun\u00ebs, mungon sh\u00ebnimi zyrtar i dokumentit relevant, p\u00ebrkat\u00ebsisht \u201cRepublika e Kosov\u00ebs\u201d \u2014 term q\u00eb ligj\u00ebrisht dhe obligativisht duhet t\u00eb p\u00ebrdoret nga \u00e7do institucion shtet\u00ebror, qoft\u00eb n\u00eb nivel lokal, qoft\u00eb n\u00eb at\u00eb qendror, n\u00eb secilin dokument zyrtar.<\/p>\n<p>Ve\u00e7 munges\u00ebs s\u00eb sh\u00ebnimit zyrtar \u201cRepublika e Kosov\u00ebs\u201d, n\u00eb ftes\u00eb paraqitet edhe mungesa e respektimit t\u00eb Ligjit p\u00ebr P\u00ebrdorimin e Gjuh\u00ebve. Mungon gjuha shqipe.<\/p>\n<p>\u201cJu ftoj q\u00eb m\u00eb 5.12.2025, si k\u00ebshilltar t\u00eb zgjedhur, t\u00eb merrni pjes\u00eb n\u00eb seanc\u00ebn konstituive (solemne) t\u00eb p\u00ebrb\u00ebrjes s\u00eb re t\u00eb Kuvendit t\u00eb Komun\u00ebs s\u00eb Mitrovic\u00ebs s\u00eb Veriut, e cila do t\u00eb mbahet n\u00eb nd\u00ebrtes\u00ebn e komun\u00ebs (salla e Kuvendit), me fillim n\u00eb or\u00ebn 11:00\u201d, thuhet n\u00eb njoftimin e kryetarit t\u00eb komun\u00ebs.<\/p>\n<p>Ministria e Administrimit t\u00eb Pushtetit Lokal, si institucion mbik\u00ebqyr\u00ebs i pushtetit lokal, ka refuzuar mbajtjen e seanc\u00ebs s\u00eb thirrur m\u00eb 5 dhjetor, me arsyetimin se Republika e Kosov\u00ebs nuk p\u00ebrmendet askund n\u00eb dokumentacionin relevant.<\/p>\n<p>Mbetet t\u00eb shihet n\u00ebse ftesa do t\u00eb rishkruhet dhe t\u00eb p\u00ebrshtatet sipas praktikave ligjore n\u00eb Republik\u00ebn e Kosov\u00ebs, dhe n\u00ebse do t\u00eb vazhdohet procedura e dh\u00ebnies s\u00eb betimit t\u00eb kryetarit t\u00eb ri dhe an\u00ebtar\u00ebve t\u00eb Kuvendit Komunal.<\/p>\n","protected":false},"excerpt":{"rendered":"<p>Mitrovic\u00eb e Veriut, 27 n\u00ebntor 2025 09:19 Para s\u00eb ta marr\u00eb zyrtarisht detyr\u00ebn si kryetar i sapozgjedhur i Komun\u00ebs s\u00eb Mitrovic\u00ebs s\u00eb Veriut, Milan Radojevi\u00e7<\/p>\n","protected":false},"author":7,"featured_media":21945,"comment_status":"open","ping_status":"open","sticky":false,"template":"","format":"standard","meta":{"footnotes":""},"categories":[58],"tags":[],"class_list":["post-21948","post","type-post","status-publish","format-standard","has-post-thumbnail","hentry","category-politike-sq"],"yoast_head":"<!-- This site is optimized with the Yoast SEO plugin v25.3.1 - https:\/\/yoast.com\/wordpress\/plugins\/seo\/ -->\n<title>Lista Serbe injoron q\u00ebllimsh\u00ebm sh\u00ebnimin zyrtar \u201cRepublika e Kosov\u00ebs\u201d -<\/title>\n<meta name=\"robots\" content=\"index, follow, max-snippet:-1, max-image-preview:large, max-video-preview:-1\" \/>\n<link rel=\"canonical\" href=\"https:\/\/veritasinfo.org\/?p=21948\" \/>\n<meta property=\"og:locale\" content=\"en_US\" \/>\n<meta property=\"og:type\" content=\"article\" \/>\n<meta property=\"og:title\" content=\"Lista Serbe injoron q\u00ebllimsh\u00ebm sh\u00ebnimin zyrtar \u201cRepublika e Kosov\u00ebs\u201d -\" \/>\n<meta property=\"og:description\" content=\"Mitrovic\u00eb e Veriut, 27 n\u00ebntor 2025 09:19 Para s\u00eb ta marr\u00eb zyrtarisht detyr\u00ebn si kryetar i sapozgjedhur i Komun\u00ebs s\u00eb Mitrovic\u00ebs s\u00eb Veriut, Milan Radojevi\u00e7\" \/>\n<meta property=\"og:url\" content=\"https:\/\/veritasinfo.org\/?p=21948\" \/>\n<meta property=\"article:published_time\" content=\"2025-11-27T08:19:02+00:00\" \/>\n<meta property=\"article:modified_time\" content=\"2025-11-27T08:53:23+00:00\" \/>\n<meta property=\"og:image\" content=\"https:\/\/veritasinfo.org\/wp-content\/uploads\/2025\/11\/Screenshot-2025-11-27-091037.jpg\" \/>\n\t<meta property=\"og:image:width\" content=\"586\" \/>\n\t<meta property=\"og:image:height\" content=\"815\" \/>\n\t<meta property=\"og:image:type\" content=\"image\/jpeg\" \/>\n<meta name=\"author\" content=\"US6\" \/>\n<meta name=\"twitter:card\" content=\"summary_large_image\" \/>\n<meta name=\"twitter:label1\" content=\"Written by\" \/>\n\t<meta name=\"twitter:data1\" content=\"US6\" \/>\n\t<meta name=\"twitter:label2\" content=\"Est. reading time\" \/>\n\t<meta name=\"twitter:data2\" content=\"2 minutes\" \/>\n<script type=\"application\/ld+json\" class=\"yoast-schema-graph\">{\"@context\":\"https:\/\/schema.org\",\"@graph\":[{\"@type\":\"WebPage\",\"@id\":\"https:\/\/veritasinfo.org\/?p=21948\",\"url\":\"https:\/\/veritasinfo.org\/?p=21948\",\"name\":\"Lista Serbe injoron q\u00ebllimsh\u00ebm sh\u00ebnimin zyrtar \u201cRepublika e Kosov\u00ebs\u201d -\",\"isPartOf\":{\"@id\":\"https:\/\/veritasinfo.org\/#website\"},\"primaryImageOfPage\":{\"@id\":\"https:\/\/veritasinfo.org\/?p=21948#primaryimage\"},\"image\":{\"@id\":\"https:\/\/veritasinfo.org\/?p=21948#primaryimage\"},\"thumbnailUrl\":\"https:\/\/veritasinfo.org\/wp-content\/uploads\/2025\/11\/Screenshot-2025-11-27-091037.jpg\",\"datePublished\":\"2025-11-27T08:19:02+00:00\",\"dateModified\":\"2025-11-27T08:53:23+00:00\",\"author\":{\"@id\":\"https:\/\/veritasinfo.org\/#\/schema\/person\/fe199eede04c3937362892b7444747cc\"},\"breadcrumb\":{\"@id\":\"https:\/\/veritasinfo.org\/?p=21948#breadcrumb\"},\"inLanguage\":\"en-US\",\"potentialAction\":[{\"@type\":\"ReadAction\",\"target\":[\"https:\/\/veritasinfo.org\/?p=21948\"]}]},{\"@type\":\"ImageObject\",\"inLanguage\":\"en-US\",\"@id\":\"https:\/\/veritasinfo.org\/?p=21948#primaryimage\",\"url\":\"https:\/\/veritasinfo.org\/wp-content\/uploads\/2025\/11\/Screenshot-2025-11-27-091037.jpg\",\"contentUrl\":\"https:\/\/veritasinfo.org\/wp-content\/uploads\/2025\/11\/Screenshot-2025-11-27-091037.jpg\",\"width\":586,\"height\":815},{\"@type\":\"BreadcrumbList\",\"@id\":\"https:\/\/veritasinfo.org\/?p=21948#breadcrumb\",\"itemListElement\":[{\"@type\":\"ListItem\",\"position\":1,\"name\":\"Home\",\"item\":\"https:\/\/veritasinfo.org\/\"},{\"@type\":\"ListItem\",\"position\":2,\"name\":\"Lista Serbe injoron q\u00ebllimsh\u00ebm sh\u00ebnimin zyrtar \u201cRepublika e Kosov\u00ebs\u201d\"}]},{\"@type\":\"WebSite\",\"@id\":\"https:\/\/veritasinfo.org\/#website\",\"url\":\"https:\/\/veritasinfo.org\/\",\"name\":\"\",\"description\":\"\",\"potentialAction\":[{\"@type\":\"SearchAction\",\"target\":{\"@type\":\"EntryPoint\",\"urlTemplate\":\"https:\/\/veritasinfo.org\/?s={search_term_string}\"},\"query-input\":{\"@type\":\"PropertyValueSpecification\",\"valueRequired\":true,\"valueName\":\"search_term_string\"}}],\"inLanguage\":\"en-US\"},{\"@type\":\"Person\",\"@id\":\"https:\/\/veritasinfo.org\/#\/schema\/person\/fe199eede04c3937362892b7444747cc\",\"name\":\"US6\",\"image\":{\"@type\":\"ImageObject\",\"inLanguage\":\"en-US\",\"@id\":\"https:\/\/veritasinfo.org\/#\/schema\/person\/image\/\",\"url\":\"https:\/\/secure.gravatar.com\/avatar\/cb16c3c31c9d23b9b8c705964598220b3014e42ff51eb540ff23cefa3ae8c15f?s=96&d=mm&r=g\",\"contentUrl\":\"https:\/\/secure.gravatar.com\/avatar\/cb16c3c31c9d23b9b8c705964598220b3014e42ff51eb540ff23cefa3ae8c15f?s=96&d=mm&r=g\",\"caption\":\"US6\"},\"url\":\"https:\/\/veritasinfo.org\/?author=7\"}]}<\/script>\n<!-- \/ Yoast SEO plugin. -->","yoast_head_json":{"title":"Lista Serbe injoron q\u00ebllimsh\u00ebm sh\u00ebnimin zyrtar \u201cRepublika e Kosov\u00ebs\u201d -","robots":{"index":"index","follow":"follow","max-snippet":"max-snippet:-1","max-image-preview":"max-image-preview:large","max-video-preview":"max-video-preview:-1"},"canonical":"https:\/\/veritasinfo.org\/?p=21948","og_locale":"en_US","og_type":"article","og_title":"Lista Serbe injoron q\u00ebllimsh\u00ebm sh\u00ebnimin zyrtar \u201cRepublika e Kosov\u00ebs\u201d -","og_description":"Mitrovic\u00eb e Veriut, 27 n\u00ebntor 2025 09:19 Para s\u00eb ta marr\u00eb zyrtarisht detyr\u00ebn si kryetar i sapozgjedhur i Komun\u00ebs s\u00eb Mitrovic\u00ebs s\u00eb Veriut, Milan Radojevi\u00e7","og_url":"https:\/\/veritasinfo.org\/?p=21948","article_published_time":"2025-11-27T08:19:02+00:00","article_modified_time":"2025-11-27T08:53:23+00:00","og_image":[{"width":586,"height":815,"url":"https:\/\/veritasinfo.org\/wp-content\/uploads\/2025\/11\/Screenshot-2025-11-27-091037.jpg","type":"image\/jpeg"}],"author":"US6","twitter_card":"summary_large_image","twitter_misc":{"Written by":"US6","Est. reading time":"2 minutes"},"schema":{"@context":"https:\/\/schema.org","@graph":[{"@type":"WebPage","@id":"https:\/\/veritasinfo.org\/?p=21948","url":"https:\/\/veritasinfo.org\/?p=21948","name":"Lista Serbe injoron q\u00ebllimsh\u00ebm sh\u00ebnimin zyrtar \u201cRepublika e Kosov\u00ebs\u201d -","isPartOf":{"@id":"https:\/\/veritasinfo.org\/#website"},"primaryImageOfPage":{"@id":"https:\/\/veritasinfo.org\/?p=21948#primaryimage"},"image":{"@id":"https:\/\/veritasinfo.org\/?p=21948#primaryimage"},"thumbnailUrl":"https:\/\/veritasinfo.org\/wp-content\/uploads\/2025\/11\/Screenshot-2025-11-27-091037.jpg","datePublished":"2025-11-27T08:19:02+00:00","dateModified":"2025-11-27T08:53:23+00:00","author":{"@id":"https:\/\/veritasinfo.org\/#\/schema\/person\/fe199eede04c3937362892b7444747cc"},"breadcrumb":{"@id":"https:\/\/veritasinfo.org\/?p=21948#breadcrumb"},"inLanguage":"en-US","potentialAction":[{"@type":"ReadAction","target":["https:\/\/veritasinfo.org\/?p=21948"]}]},{"@type":"ImageObject","inLanguage":"en-US","@id":"https:\/\/veritasinfo.org\/?p=21948#primaryimage","url":"https:\/\/veritasinfo.org\/wp-content\/uploads\/2025\/11\/Screenshot-2025-11-27-091037.jpg","contentUrl":"https:\/\/veritasinfo.org\/wp-content\/uploads\/2025\/11\/Screenshot-2025-11-27-091037.jpg","width":586,"height":815},{"@type":"BreadcrumbList","@id":"https:\/\/veritasinfo.org\/?p=21948#breadcrumb","itemListElement":[{"@type":"ListItem","position":1,"name":"Home","item":"https:\/\/veritasinfo.org\/"},{"@type":"ListItem","position":2,"name":"Lista Serbe injoron q\u00ebllimsh\u00ebm sh\u00ebnimin zyrtar \u201cRepublika e Kosov\u00ebs\u201d"}]},{"@type":"WebSite","@id":"https:\/\/veritasinfo.org\/#website","url":"https:\/\/veritasinfo.org\/","name":"","description":"","potentialAction":[{"@type":"SearchAction","target":{"@type":"EntryPoint","urlTemplate":"https:\/\/veritasinfo.org\/?s={search_term_string}"},"query-input":{"@type":"PropertyValueSpecification","valueRequired":true,"valueName":"search_term_string"}}],"inLanguage":"en-US"},{"@type":"Person","@id":"https:\/\/veritasinfo.org\/#\/schema\/person\/fe199eede04c3937362892b7444747cc","name":"US6","image":{"@type":"ImageObject","inLanguage":"en-US","@id":"https:\/\/veritasinfo.org\/#\/schema\/person\/image\/","url":"https:\/\/secure.gravatar.com\/avatar\/cb16c3c31c9d23b9b8c705964598220b3014e42ff51eb540ff23cefa3ae8c15f?s=96&d=mm&r=g","contentUrl":"https:\/\/secure.gravatar.com\/avatar\/cb16c3c31c9d23b9b8c705964598220b3014e42ff51eb540ff23cefa3ae8c15f?s=96&d=mm&r=g","caption":"US6"},"url":"https:\/\/veritasinfo.org\/?author=7"}]}},"featured_image_urls":{"full":["https:\/\/veritasinfo.org\/wp-content\/uploads\/2025\/11\/Screenshot-2025-11-27-091037.jpg",586,815,false],"thumbnail":["https:\/\/veritasinfo.org\/wp-content\/uploads\/2025\/11\/Screenshot-2025-11-27-091037-150x150.jpg",150,150,true],"medium":["https:\/\/veritasinfo.org\/wp-content\/uploads\/2025\/11\/Screenshot-2025-11-27-091037-216x300.jpg",216,300,true],"medium_large":["https:\/\/veritasinfo.org\/wp-content\/uploads\/2025\/11\/Screenshot-2025-11-27-091037.jpg",586,815,false],"large":["https:\/\/veritasinfo.org\/wp-content\/uploads\/2025\/11\/Screenshot-2025-11-27-091037.jpg",586,815,false],"1536x1536":["https:\/\/veritasinfo.org\/wp-content\/uploads\/2025\/11\/Screenshot-2025-11-27-091037.jpg",586,815,false],"2048x2048":["https:\/\/veritasinfo.org\/wp-content\/uploads\/2025\/11\/Screenshot-2025-11-27-091037.jpg",586,815,false],"kreeti-slider-full":["https:\/\/veritasinfo.org\/wp-content\/uploads\/2025\/11\/Screenshot-2025-11-27-091037.jpg",518,720,false],"kreeti-featured":["https:\/\/veritasinfo.org\/wp-content\/uploads\/2025\/11\/Screenshot-2025-11-27-091037.jpg",586,815,false],"kreeti-medium":["https:\/\/veritasinfo.org\/wp-content\/uploads\/2025\/11\/Screenshot-2025-11-27-091037.jpg",381,530,false],"kreeti-medium-square":["https:\/\/veritasinfo.org\/wp-content\/uploads\/2025\/11\/Screenshot-2025-11-27-091037.jpg",252,350,false]},"author_info":{"info":["US6"]},"category_info":"<a href=\"https:\/\/veritasinfo.org\/?cat=58\" rel=\"category\">Politik\u00eb<\/a>","tag_info":"Politik\u00eb","comment_count":"0","_links":{"self":[{"href":"https:\/\/veritasinfo.org\/index.php?rest_route=\/wp\/v2\/posts\/21948","targetHints":{"allow":["GET"]}}],"collection":[{"href":"https:\/\/veritasinfo.org\/index.php?rest_route=\/wp\/v2\/posts"}],"about":[{"href":"https:\/\/veritasinfo.org\/index.php?rest_route=\/wp\/v2\/types\/post"}],"author":[{"embeddable":true,"href":"https:\/\/veritasinfo.org\/index.php?rest_route=\/wp\/v2\/users\/7"}],"replies":[{"embeddable":true,"href":"https:\/\/veritasinfo.org\/index.php?rest_route=%2Fwp%2Fv2%2Fcomments&post=21948"}],"version-history":[{"count":4,"href":"https:\/\/veritasinfo.org\/index.php?rest_route=\/wp\/v2\/posts\/21948\/revisions"}],"predecessor-version":[{"id":21955,"href":"https:\/\/veritasinfo.org\/index.php?rest_route=\/wp\/v2\/posts\/21948\/revisions\/21955"}],"wp:featuredmedia":[{"embeddable":true,"href":"https:\/\/veritasinfo.org\/index.php?rest_route=\/wp\/v2\/media\/21945"}],"wp:attachment":[{"href":"https:\/\/veritasinfo.org\/index.php?rest_route=%2Fwp%2Fv2%2Fmedia&parent=21948"}],"wp:term":[{"taxonomy":"category","embeddable":true,"href":"https:\/\/veritasinfo.org\/index.php?rest_route=%2Fwp%2Fv2%2Fcategories&post=21948"},{"taxonomy":"post_tag","embeddable":true,"href":"https:\/\/veritasinfo.org\/index.php?rest_route=%2Fwp%2Fv2%2Ftags&post=21948"}],"curies":[{"name":"wp","href":"https:\/\/api.w.org\/{rel}","templated":true}]}}