{"id":21933,"date":"2025-11-27T08:14:53","date_gmt":"2025-11-27T07:14:53","guid":{"rendered":"https:\/\/veritasinfo.org\/?p=21933"},"modified":"2025-11-27T08:14:59","modified_gmt":"2025-11-27T07:14:59","slug":"presidentja-osmani-viziton-shkodren-ne-prag-te-28-nentorit","status":"publish","type":"post","link":"https:\/\/veritasinfo.org\/?p=21933","title":{"rendered":"Presidentja Osmani viziton Shkodr\u00ebn n\u00eb prag t\u00eb 28 N\u00ebntorit"},"content":{"rendered":"<p>Prishtin\u00eb 27 N\u00ebntor 2025 08:16<\/p>\n<p>Presidentja e Kosov\u00ebs, Vjosa Osmani, do ta zhvilloj sot nj\u00eb vizit\u00eb zyrtare n\u00eb Shkod\u00ebr, ku do t\u00eb pritet n\u00eb takim nga kryetari i Bashkis\u00eb, Benet Beci. Pas takimit, \u00ebsht\u00eb paralajm\u00ebruar edhe nj\u00eb deklarim p\u00ebr media, raporton Ekonomia Online.<\/p>\n<p>Gjat\u00eb vizit\u00ebs s\u00eb saj n\u00eb Shkod\u00ebr, Presidentja Osmani do t\u00eb vizitoj Muzeun \u201cMarubi\u201d, si dhe n\u00eb Muzeun e Kujtes\u00ebs, ku do t\u00eb zhvilloj\u00eb nj\u00eb takim me p\u00ebrfaq\u00ebsues t\u00eb komuniteteve fetare. Vizita e saj do t\u00eb vazhdoj\u00eb me nj\u00eb takim me grat\u00eb intelektuale shkodrane.<\/p>\n<p>N\u00eb p\u00ebrmbyllje t\u00eb vizit\u00ebs, \u00ebsht\u00eb parapar\u00eb edhe nj\u00eb Koncert Festiv n\u00eb sheshin pran\u00eb Bashkis\u00eb s\u00eb Shkodr\u00ebs, aktivitet q\u00eb mbahet n\u00eb vigjilje t\u00eb 28 N\u00ebntorit, Dit\u00ebs s\u00eb Flamurit dhe t\u00eb Pavar\u00ebsis\u00eb s\u00eb Shqip\u00ebris\u00eb.<\/p>\n","protected":false},"excerpt":{"rendered":"<p>Prishtin\u00eb 27 N\u00ebntor 2025 08:16 Presidentja e Kosov\u00ebs, Vjosa Osmani, do ta zhvilloj sot nj\u00eb vizit\u00eb zyrtare n\u00eb Shkod\u00ebr, ku do t\u00eb pritet n\u00eb takim<\/p>\n","protected":false},"author":6,"featured_media":21934,"comment_status":"open","ping_status":"open","sticky":false,"template":"","format":"standard","meta":{"footnotes":""},"categories":[58],"tags":[],"class_list":["post-21933","post","type-post","status-publish","format-standard","has-post-thumbnail","hentry","category-politike-sq"],"yoast_head":"<!-- This site is optimized with the Yoast SEO plugin v25.3.1 - https:\/\/yoast.com\/wordpress\/plugins\/seo\/ -->\n<title>Presidentja Osmani viziton Shkodr\u00ebn n\u00eb prag t\u00eb 28 N\u00ebntorit -<\/title>\n<meta name=\"robots\" content=\"index, follow, max-snippet:-1, max-image-preview:large, max-video-preview:-1\" \/>\n<link rel=\"canonical\" href=\"https:\/\/veritasinfo.org\/?p=21933\" \/>\n<meta property=\"og:locale\" content=\"en_US\" \/>\n<meta property=\"og:type\" content=\"article\" \/>\n<meta property=\"og:title\" content=\"Presidentja Osmani viziton Shkodr\u00ebn n\u00eb prag t\u00eb 28 N\u00ebntorit -\" \/>\n<meta property=\"og:description\" content=\"Prishtin\u00eb 27 N\u00ebntor 2025 08:16 Presidentja e Kosov\u00ebs, Vjosa Osmani, do ta zhvilloj sot nj\u00eb vizit\u00eb zyrtare n\u00eb Shkod\u00ebr, ku do t\u00eb pritet n\u00eb takim\" \/>\n<meta property=\"og:url\" content=\"https:\/\/veritasinfo.org\/?p=21933\" \/>\n<meta property=\"article:published_time\" content=\"2025-11-27T07:14:53+00:00\" \/>\n<meta property=\"article:modified_time\" content=\"2025-11-27T07:14:59+00:00\" \/>\n<meta property=\"og:image\" content=\"https:\/\/veritasinfo.org\/wp-content\/uploads\/2025\/11\/vjosa-osmani-presidente-konference-1536x1220-1.jpg\" \/>\n\t<meta property=\"og:image:width\" content=\"1536\" \/>\n\t<meta property=\"og:image:height\" content=\"1220\" \/>\n\t<meta property=\"og:image:type\" content=\"image\/jpeg\" \/>\n<meta name=\"author\" content=\"US5\" \/>\n<meta name=\"twitter:card\" content=\"summary_large_image\" \/>\n<meta name=\"twitter:label1\" content=\"Written by\" \/>\n\t<meta name=\"twitter:data1\" content=\"US5\" \/>\n\t<meta name=\"twitter:label2\" content=\"Est. reading time\" \/>\n\t<meta name=\"twitter:data2\" content=\"1 minute\" \/>\n<script type=\"application\/ld+json\" class=\"yoast-schema-graph\">{\"@context\":\"https:\/\/schema.org\",\"@graph\":[{\"@type\":\"WebPage\",\"@id\":\"https:\/\/veritasinfo.org\/?p=21933\",\"url\":\"https:\/\/veritasinfo.org\/?p=21933\",\"name\":\"Presidentja Osmani viziton Shkodr\u00ebn n\u00eb prag t\u00eb 28 N\u00ebntorit -\",\"isPartOf\":{\"@id\":\"https:\/\/veritasinfo.org\/#website\"},\"primaryImageOfPage\":{\"@id\":\"https:\/\/veritasinfo.org\/?p=21933#primaryimage\"},\"image\":{\"@id\":\"https:\/\/veritasinfo.org\/?p=21933#primaryimage\"},\"thumbnailUrl\":\"https:\/\/veritasinfo.org\/wp-content\/uploads\/2025\/11\/vjosa-osmani-presidente-konference-1536x1220-1.jpg\",\"datePublished\":\"2025-11-27T07:14:53+00:00\",\"dateModified\":\"2025-11-27T07:14:59+00:00\",\"author\":{\"@id\":\"https:\/\/veritasinfo.org\/#\/schema\/person\/bc442336e35414d04494ab8fb45db4c6\"},\"breadcrumb\":{\"@id\":\"https:\/\/veritasinfo.org\/?p=21933#breadcrumb\"},\"inLanguage\":\"en-US\",\"potentialAction\":[{\"@type\":\"ReadAction\",\"target\":[\"https:\/\/veritasinfo.org\/?p=21933\"]}]},{\"@type\":\"ImageObject\",\"inLanguage\":\"en-US\",\"@id\":\"https:\/\/veritasinfo.org\/?p=21933#primaryimage\",\"url\":\"https:\/\/veritasinfo.org\/wp-content\/uploads\/2025\/11\/vjosa-osmani-presidente-konference-1536x1220-1.jpg\",\"contentUrl\":\"https:\/\/veritasinfo.org\/wp-content\/uploads\/2025\/11\/vjosa-osmani-presidente-konference-1536x1220-1.jpg\",\"width\":1536,\"height\":1220},{\"@type\":\"BreadcrumbList\",\"@id\":\"https:\/\/veritasinfo.org\/?p=21933#breadcrumb\",\"itemListElement\":[{\"@type\":\"ListItem\",\"position\":1,\"name\":\"Home\",\"item\":\"https:\/\/veritasinfo.org\/\"},{\"@type\":\"ListItem\",\"position\":2,\"name\":\"Presidentja Osmani viziton Shkodr\u00ebn n\u00eb prag t\u00eb 28 N\u00ebntorit\"}]},{\"@type\":\"WebSite\",\"@id\":\"https:\/\/veritasinfo.org\/#website\",\"url\":\"https:\/\/veritasinfo.org\/\",\"name\":\"\",\"description\":\"\",\"potentialAction\":[{\"@type\":\"SearchAction\",\"target\":{\"@type\":\"EntryPoint\",\"urlTemplate\":\"https:\/\/veritasinfo.org\/?s={search_term_string}\"},\"query-input\":{\"@type\":\"PropertyValueSpecification\",\"valueRequired\":true,\"valueName\":\"search_term_string\"}}],\"inLanguage\":\"en-US\"},{\"@type\":\"Person\",\"@id\":\"https:\/\/veritasinfo.org\/#\/schema\/person\/bc442336e35414d04494ab8fb45db4c6\",\"name\":\"US5\",\"image\":{\"@type\":\"ImageObject\",\"inLanguage\":\"en-US\",\"@id\":\"https:\/\/veritasinfo.org\/#\/schema\/person\/image\/\",\"url\":\"https:\/\/secure.gravatar.com\/avatar\/16a61e7272a0c5d001121ebb9e60e925d5816e4ac1e443ed3e640d9a6ae55d0c?s=96&d=mm&r=g\",\"contentUrl\":\"https:\/\/secure.gravatar.com\/avatar\/16a61e7272a0c5d001121ebb9e60e925d5816e4ac1e443ed3e640d9a6ae55d0c?s=96&d=mm&r=g\",\"caption\":\"US5\"},\"url\":\"https:\/\/veritasinfo.org\/?author=6\"}]}<\/script>\n<!-- \/ Yoast SEO plugin. -->","yoast_head_json":{"title":"Presidentja Osmani viziton Shkodr\u00ebn n\u00eb prag t\u00eb 28 N\u00ebntorit -","robots":{"index":"index","follow":"follow","max-snippet":"max-snippet:-1","max-image-preview":"max-image-preview:large","max-video-preview":"max-video-preview:-1"},"canonical":"https:\/\/veritasinfo.org\/?p=21933","og_locale":"en_US","og_type":"article","og_title":"Presidentja Osmani viziton Shkodr\u00ebn n\u00eb prag t\u00eb 28 N\u00ebntorit -","og_description":"Prishtin\u00eb 27 N\u00ebntor 2025 08:16 Presidentja e Kosov\u00ebs, Vjosa Osmani, do ta zhvilloj sot nj\u00eb vizit\u00eb zyrtare n\u00eb Shkod\u00ebr, ku do t\u00eb pritet n\u00eb takim","og_url":"https:\/\/veritasinfo.org\/?p=21933","article_published_time":"2025-11-27T07:14:53+00:00","article_modified_time":"2025-11-27T07:14:59+00:00","og_image":[{"width":1536,"height":1220,"url":"https:\/\/veritasinfo.org\/wp-content\/uploads\/2025\/11\/vjosa-osmani-presidente-konference-1536x1220-1.jpg","type":"image\/jpeg"}],"author":"US5","twitter_card":"summary_large_image","twitter_misc":{"Written by":"US5","Est. reading time":"1 minute"},"schema":{"@context":"https:\/\/schema.org","@graph":[{"@type":"WebPage","@id":"https:\/\/veritasinfo.org\/?p=21933","url":"https:\/\/veritasinfo.org\/?p=21933","name":"Presidentja Osmani viziton Shkodr\u00ebn n\u00eb prag t\u00eb 28 N\u00ebntorit -","isPartOf":{"@id":"https:\/\/veritasinfo.org\/#website"},"primaryImageOfPage":{"@id":"https:\/\/veritasinfo.org\/?p=21933#primaryimage"},"image":{"@id":"https:\/\/veritasinfo.org\/?p=21933#primaryimage"},"thumbnailUrl":"https:\/\/veritasinfo.org\/wp-content\/uploads\/2025\/11\/vjosa-osmani-presidente-konference-1536x1220-1.jpg","datePublished":"2025-11-27T07:14:53+00:00","dateModified":"2025-11-27T07:14:59+00:00","author":{"@id":"https:\/\/veritasinfo.org\/#\/schema\/person\/bc442336e35414d04494ab8fb45db4c6"},"breadcrumb":{"@id":"https:\/\/veritasinfo.org\/?p=21933#breadcrumb"},"inLanguage":"en-US","potentialAction":[{"@type":"ReadAction","target":["https:\/\/veritasinfo.org\/?p=21933"]}]},{"@type":"ImageObject","inLanguage":"en-US","@id":"https:\/\/veritasinfo.org\/?p=21933#primaryimage","url":"https:\/\/veritasinfo.org\/wp-content\/uploads\/2025\/11\/vjosa-osmani-presidente-konference-1536x1220-1.jpg","contentUrl":"https:\/\/veritasinfo.org\/wp-content\/uploads\/2025\/11\/vjosa-osmani-presidente-konference-1536x1220-1.jpg","width":1536,"height":1220},{"@type":"BreadcrumbList","@id":"https:\/\/veritasinfo.org\/?p=21933#breadcrumb","itemListElement":[{"@type":"ListItem","position":1,"name":"Home","item":"https:\/\/veritasinfo.org\/"},{"@type":"ListItem","position":2,"name":"Presidentja Osmani viziton Shkodr\u00ebn n\u00eb prag t\u00eb 28 N\u00ebntorit"}]},{"@type":"WebSite","@id":"https:\/\/veritasinfo.org\/#website","url":"https:\/\/veritasinfo.org\/","name":"","description":"","potentialAction":[{"@type":"SearchAction","target":{"@type":"EntryPoint","urlTemplate":"https:\/\/veritasinfo.org\/?s={search_term_string}"},"query-input":{"@type":"PropertyValueSpecification","valueRequired":true,"valueName":"search_term_string"}}],"inLanguage":"en-US"},{"@type":"Person","@id":"https:\/\/veritasinfo.org\/#\/schema\/person\/bc442336e35414d04494ab8fb45db4c6","name":"US5","image":{"@type":"ImageObject","inLanguage":"en-US","@id":"https:\/\/veritasinfo.org\/#\/schema\/person\/image\/","url":"https:\/\/secure.gravatar.com\/avatar\/16a61e7272a0c5d001121ebb9e60e925d5816e4ac1e443ed3e640d9a6ae55d0c?s=96&d=mm&r=g","contentUrl":"https:\/\/secure.gravatar.com\/avatar\/16a61e7272a0c5d001121ebb9e60e925d5816e4ac1e443ed3e640d9a6ae55d0c?s=96&d=mm&r=g","caption":"US5"},"url":"https:\/\/veritasinfo.org\/?author=6"}]}},"featured_image_urls":{"full":["https:\/\/veritasinfo.org\/wp-content\/uploads\/2025\/11\/vjosa-osmani-presidente-konference-1536x1220-1.jpg",1536,1220,false],"thumbnail":["https:\/\/veritasinfo.org\/wp-content\/uploads\/2025\/11\/vjosa-osmani-presidente-konference-1536x1220-1-150x150.jpg",150,150,true],"medium":["https:\/\/veritasinfo.org\/wp-content\/uploads\/2025\/11\/vjosa-osmani-presidente-konference-1536x1220-1-300x238.jpg",300,238,true],"medium_large":["https:\/\/veritasinfo.org\/wp-content\/uploads\/2025\/11\/vjosa-osmani-presidente-konference-1536x1220-1-768x610.jpg",640,508,true],"large":["https:\/\/veritasinfo.org\/wp-content\/uploads\/2025\/11\/vjosa-osmani-presidente-konference-1536x1220-1-1024x813.jpg",640,508,true],"1536x1536":["https:\/\/veritasinfo.org\/wp-content\/uploads\/2025\/11\/vjosa-osmani-presidente-konference-1536x1220-1.jpg",1536,1220,false],"2048x2048":["https:\/\/veritasinfo.org\/wp-content\/uploads\/2025\/11\/vjosa-osmani-presidente-konference-1536x1220-1.jpg",1536,1220,false],"kreeti-slider-full":["https:\/\/veritasinfo.org\/wp-content\/uploads\/2025\/11\/vjosa-osmani-presidente-konference-1536x1220-1.jpg",906,720,false],"kreeti-featured":["https:\/\/veritasinfo.org\/wp-content\/uploads\/2025\/11\/vjosa-osmani-presidente-konference-1536x1220-1.jpg",1024,813,false],"kreeti-medium":["https:\/\/veritasinfo.org\/wp-content\/uploads\/2025\/11\/vjosa-osmani-presidente-konference-1536x1220-1.jpg",667,530,false],"kreeti-medium-square":["https:\/\/veritasinfo.org\/wp-content\/uploads\/2025\/11\/vjosa-osmani-presidente-konference-1536x1220-1.jpg",350,278,false]},"author_info":{"info":["US5"]},"category_info":"<a href=\"https:\/\/veritasinfo.org\/?cat=58\" rel=\"category\">Politik\u00eb<\/a>","tag_info":"Politik\u00eb","comment_count":"0","_links":{"self":[{"href":"https:\/\/veritasinfo.org\/index.php?rest_route=\/wp\/v2\/posts\/21933","targetHints":{"allow":["GET"]}}],"collection":[{"href":"https:\/\/veritasinfo.org\/index.php?rest_route=\/wp\/v2\/posts"}],"about":[{"href":"https:\/\/veritasinfo.org\/index.php?rest_route=\/wp\/v2\/types\/post"}],"author":[{"embeddable":true,"href":"https:\/\/veritasinfo.org\/index.php?rest_route=\/wp\/v2\/users\/6"}],"replies":[{"embeddable":true,"href":"https:\/\/veritasinfo.org\/index.php?rest_route=%2Fwp%2Fv2%2Fcomments&post=21933"}],"version-history":[{"count":1,"href":"https:\/\/veritasinfo.org\/index.php?rest_route=\/wp\/v2\/posts\/21933\/revisions"}],"predecessor-version":[{"id":21935,"href":"https:\/\/veritasinfo.org\/index.php?rest_route=\/wp\/v2\/posts\/21933\/revisions\/21935"}],"wp:featuredmedia":[{"embeddable":true,"href":"https:\/\/veritasinfo.org\/index.php?rest_route=\/wp\/v2\/media\/21934"}],"wp:attachment":[{"href":"https:\/\/veritasinfo.org\/index.php?rest_route=%2Fwp%2Fv2%2Fmedia&parent=21933"}],"wp:term":[{"taxonomy":"category","embeddable":true,"href":"https:\/\/veritasinfo.org\/index.php?rest_route=%2Fwp%2Fv2%2Fcategories&post=21933"},{"taxonomy":"post_tag","embeddable":true,"href":"https:\/\/veritasinfo.org\/index.php?rest_route=%2Fwp%2Fv2%2Ftags&post=21933"}],"curies":[{"name":"wp","href":"https:\/\/api.w.org\/{rel}","templated":true}]}}