{"id":21905,"date":"2025-11-26T21:07:17","date_gmt":"2025-11-26T20:07:17","guid":{"rendered":"https:\/\/veritasinfo.org\/?p=21905"},"modified":"2025-11-26T21:08:22","modified_gmt":"2025-11-26T20:08:22","slug":"opozita-ne-serbi-kerkon-htim-dhe-ndeshkim-per-vuciqin","status":"publish","type":"post","link":"https:\/\/veritasinfo.org\/?p=21905","title":{"rendered":"Opozita n\u00eb Serbi k\u00ebrkon htim dhe nd\u00ebshkim p\u00ebr Vu\u00e7iqin"},"content":{"rendered":"<p>Beograd 26 N\u00ebntor 2025 21:06<\/p>\n<p>Opozita n\u00eb Serbi vazhdon t\u00eb k\u00ebrkoj\u00eb p\u00ebrgjegj\u00ebsi politike dhe penale p\u00ebr funksionar\u00ebt e lart\u00eb t\u00eb shtetit. Fushata \u201cRruga p\u00ebr n\u00eb burg, drejt\u00ebsi p\u00ebr Serbin\u00eb\u201d ngarkon me akuza presidentin Vu\u00e7iq dhe t\u00eb v\u00ebllan\u00eb e tij p\u00ebr shkat\u00ebrrim t\u00eb institucioneve tash e nj\u00eb dekad\u00eb. Opozita tashm\u00eb ka filluar t\u00eb nxjerr\u00eb n\u00eb pah edhe dokumente q\u00eb e lidhin Vu\u00e7iqin me kokat e krimit, duke k\u00ebrkuar nga organet kompetente t\u00eb nisin procedura p\u00ebr p\u00ebrgjegj\u00ebsi.<\/p>\n<p>Thellimi i tensioneve politike n\u00eb Serbi, pas muajve t\u00eb t\u00ebr\u00eb protestash antiqeveritare, ka kaluar n\u00eb nj\u00eb rrafsh tjet\u00ebr. Partit\u00eb opozitare kan\u00eb nisur nj\u00eb ofansiv\u00eb t\u00eb re kund\u00ebr qeveris\u00eb s\u00eb Vu\u00e7iqit, duke e akuzuar at\u00eb p\u00ebr shkat\u00ebrrim t\u00eb institucioneve tash e nj\u00eb dekad\u00eb.<\/p>\n<p>Fushata \u201cRruga p\u00ebr n\u00eb burg, drejt\u00ebsi p\u00ebr Serbin\u00eb\u201d ka nxjerr\u00eb n\u00eb pah nj\u00eb s\u00ebr\u00eb akuzash kund\u00ebr Vu\u00e7iqit dhe v\u00ebllait t\u00eb tij, Andrej.<\/p>\n<p>Deputetja Marinika Tepiq ka k\u00ebrkuar nga institucionet kompetente nisjen e procedurave p\u00ebr p\u00ebrgjegj\u00ebsi politike dhe penale t\u00eb funksionar\u00ebve m\u00eb t\u00eb lart\u00eb.<\/p>\n<p>\u201cVu\u00e7iq paraqitet formalisht si president, por n\u00eb fakt vepron si shef i krahut politik t\u00eb nj\u00eb grupi t\u00eb organizuar kriminal. Kjo aktakuz\u00eb synon t\u00eb \u00e7montoj\u00eb sistemin e korrupsionit, krimit dhe frik\u00ebs me t\u00eb cilin \u00ebsht\u00eb kapur shteti\u201d, the Tepiq.<\/p>\n<p>Tepiq ka paraqitur dokumentin ku radhiten aferat pas t\u00eb cilave, sipas saj, q\u00ebndron pushteti i Vu\u00e7iqit prej vitesh \u2014 nga rr\u00ebzimi i streh\u00ebs te stacioni hekurudhor n\u00eb Novi Sad, te lidhjet me Zvonko Veselinoviqin dhe Milan Radoi\u00e7iqin, e deri te keqp\u00ebrdorimet zgjedhore.<\/p>\n<p>Ndon\u00ebse presidenti Vu\u00e7iq ende nuk ka reaguar, kryetarja e Kuvendit, Ana Brnabiq, i hodhi posht\u00eb akuzat, duke i quajtur p\u00ebrpjekje p\u00ebr \u201cndalimin e veprimtaris\u00eb politike t\u00eb presidentit\u201d.<\/p>\n<p>\u201cAq shum\u00eb marr\u00ebzi, g\u00ebnjeshtra e thashetheme u than\u00eb, sa q\u00eb as vet\u00eb ajo nuk arriti t\u00eb kuptoj\u00eb \u00e7far\u00eb d\u00ebshiron t\u00eb thot\u00eb\u201d, tha Ana Brnabiq, kryetare e Kuvendit t\u00eb Serbis\u00eb.<\/p>\n<p>Nd\u00ebrkoh\u00eb, opozita mbetet k\u00ebmb\u00ebngul\u00ebse n\u00eb k\u00ebrkes\u00ebn p\u00ebr hetime ndaj Vu\u00e7iqit dhe ndalimin e partis\u00eb s\u00eb tij. Akuzat e fundit lidhen me k\u00ebrkesat q\u00eb kan\u00eb nxitur protestat antiqeveritare, t\u00eb cilat po vazhdojn\u00eb prej m\u00eb shum\u00eb se nj\u00eb viti.<\/p>\n<p>Duke marr\u00eb shkas nga tragjedia n\u00eb Novi Sad, protestave iu jan\u00eb bashkuar student\u00eb dhe shum\u00eb qytetar\u00eb, t\u00eb cil\u00ebt me k\u00ebmb\u00ebngulje k\u00ebrkojn\u00eb hetime institucionale, shkarkimin e p\u00ebrgjegj\u00ebsve dhe shpalljen e zgjedhjeve t\u00eb jasht\u00ebzakonshme parlamentare.<\/p>\n","protected":false},"excerpt":{"rendered":"<p>Beograd 26 N\u00ebntor 2025 21:06 Opozita n\u00eb Serbi vazhdon t\u00eb k\u00ebrkoj\u00eb p\u00ebrgjegj\u00ebsi politike dhe penale p\u00ebr funksionar\u00ebt e lart\u00eb t\u00eb shtetit. Fushata \u201cRruga p\u00ebr n\u00eb<\/p>\n","protected":false},"author":6,"featured_media":21906,"comment_status":"open","ping_status":"open","sticky":false,"template":"","format":"standard","meta":{"footnotes":""},"categories":[58],"tags":[],"class_list":["post-21905","post","type-post","status-publish","format-standard","has-post-thumbnail","hentry","category-politike-sq"],"yoast_head":"<!-- This site is optimized with the Yoast SEO plugin v25.3.1 - https:\/\/yoast.com\/wordpress\/plugins\/seo\/ -->\n<title>Opozita n\u00eb Serbi k\u00ebrkon htim dhe nd\u00ebshkim p\u00ebr Vu\u00e7iqin -<\/title>\n<meta name=\"robots\" content=\"index, follow, max-snippet:-1, max-image-preview:large, max-video-preview:-1\" \/>\n<link rel=\"canonical\" href=\"https:\/\/veritasinfo.org\/?p=21905\" \/>\n<meta property=\"og:locale\" content=\"en_US\" \/>\n<meta property=\"og:type\" content=\"article\" \/>\n<meta property=\"og:title\" content=\"Opozita n\u00eb Serbi k\u00ebrkon htim dhe nd\u00ebshkim p\u00ebr Vu\u00e7iqin -\" \/>\n<meta property=\"og:description\" content=\"Beograd 26 N\u00ebntor 2025 21:06 Opozita n\u00eb Serbi vazhdon t\u00eb k\u00ebrkoj\u00eb p\u00ebrgjegj\u00ebsi politike dhe penale p\u00ebr funksionar\u00ebt e lart\u00eb t\u00eb shtetit. Fushata \u201cRruga p\u00ebr n\u00eb\" \/>\n<meta property=\"og:url\" content=\"https:\/\/veritasinfo.org\/?p=21905\" \/>\n<meta property=\"article:published_time\" content=\"2025-11-26T20:07:17+00:00\" \/>\n<meta property=\"article:modified_time\" content=\"2025-11-26T20:08:22+00:00\" \/>\n<meta property=\"og:image\" content=\"https:\/\/veritasinfo.org\/wp-content\/uploads\/2025\/11\/IMG_20251126_210650.jpg\" \/>\n\t<meta property=\"og:image:width\" content=\"651\" \/>\n\t<meta property=\"og:image:height\" content=\"499\" \/>\n\t<meta property=\"og:image:type\" content=\"image\/jpeg\" \/>\n<meta name=\"author\" content=\"US5\" \/>\n<meta name=\"twitter:card\" content=\"summary_large_image\" \/>\n<meta name=\"twitter:label1\" content=\"Written by\" \/>\n\t<meta name=\"twitter:data1\" content=\"US5\" \/>\n\t<meta name=\"twitter:label2\" content=\"Est. reading time\" \/>\n\t<meta name=\"twitter:data2\" content=\"2 minutes\" \/>\n<script type=\"application\/ld+json\" class=\"yoast-schema-graph\">{\"@context\":\"https:\/\/schema.org\",\"@graph\":[{\"@type\":\"WebPage\",\"@id\":\"https:\/\/veritasinfo.org\/?p=21905\",\"url\":\"https:\/\/veritasinfo.org\/?p=21905\",\"name\":\"Opozita n\u00eb Serbi k\u00ebrkon htim dhe nd\u00ebshkim p\u00ebr Vu\u00e7iqin -\",\"isPartOf\":{\"@id\":\"https:\/\/veritasinfo.org\/#website\"},\"primaryImageOfPage\":{\"@id\":\"https:\/\/veritasinfo.org\/?p=21905#primaryimage\"},\"image\":{\"@id\":\"https:\/\/veritasinfo.org\/?p=21905#primaryimage\"},\"thumbnailUrl\":\"https:\/\/veritasinfo.org\/wp-content\/uploads\/2025\/11\/IMG_20251126_210650.jpg\",\"datePublished\":\"2025-11-26T20:07:17+00:00\",\"dateModified\":\"2025-11-26T20:08:22+00:00\",\"author\":{\"@id\":\"https:\/\/veritasinfo.org\/#\/schema\/person\/bc442336e35414d04494ab8fb45db4c6\"},\"breadcrumb\":{\"@id\":\"https:\/\/veritasinfo.org\/?p=21905#breadcrumb\"},\"inLanguage\":\"en-US\",\"potentialAction\":[{\"@type\":\"ReadAction\",\"target\":[\"https:\/\/veritasinfo.org\/?p=21905\"]}]},{\"@type\":\"ImageObject\",\"inLanguage\":\"en-US\",\"@id\":\"https:\/\/veritasinfo.org\/?p=21905#primaryimage\",\"url\":\"https:\/\/veritasinfo.org\/wp-content\/uploads\/2025\/11\/IMG_20251126_210650.jpg\",\"contentUrl\":\"https:\/\/veritasinfo.org\/wp-content\/uploads\/2025\/11\/IMG_20251126_210650.jpg\",\"width\":651,\"height\":499},{\"@type\":\"BreadcrumbList\",\"@id\":\"https:\/\/veritasinfo.org\/?p=21905#breadcrumb\",\"itemListElement\":[{\"@type\":\"ListItem\",\"position\":1,\"name\":\"Home\",\"item\":\"https:\/\/veritasinfo.org\/\"},{\"@type\":\"ListItem\",\"position\":2,\"name\":\"Opozita n\u00eb Serbi k\u00ebrkon htim dhe nd\u00ebshkim p\u00ebr Vu\u00e7iqin\"}]},{\"@type\":\"WebSite\",\"@id\":\"https:\/\/veritasinfo.org\/#website\",\"url\":\"https:\/\/veritasinfo.org\/\",\"name\":\"\",\"description\":\"\",\"potentialAction\":[{\"@type\":\"SearchAction\",\"target\":{\"@type\":\"EntryPoint\",\"urlTemplate\":\"https:\/\/veritasinfo.org\/?s={search_term_string}\"},\"query-input\":{\"@type\":\"PropertyValueSpecification\",\"valueRequired\":true,\"valueName\":\"search_term_string\"}}],\"inLanguage\":\"en-US\"},{\"@type\":\"Person\",\"@id\":\"https:\/\/veritasinfo.org\/#\/schema\/person\/bc442336e35414d04494ab8fb45db4c6\",\"name\":\"US5\",\"image\":{\"@type\":\"ImageObject\",\"inLanguage\":\"en-US\",\"@id\":\"https:\/\/veritasinfo.org\/#\/schema\/person\/image\/\",\"url\":\"https:\/\/secure.gravatar.com\/avatar\/16a61e7272a0c5d001121ebb9e60e925d5816e4ac1e443ed3e640d9a6ae55d0c?s=96&d=mm&r=g\",\"contentUrl\":\"https:\/\/secure.gravatar.com\/avatar\/16a61e7272a0c5d001121ebb9e60e925d5816e4ac1e443ed3e640d9a6ae55d0c?s=96&d=mm&r=g\",\"caption\":\"US5\"},\"url\":\"https:\/\/veritasinfo.org\/?author=6\"}]}<\/script>\n<!-- \/ Yoast SEO plugin. -->","yoast_head_json":{"title":"Opozita n\u00eb Serbi k\u00ebrkon htim dhe nd\u00ebshkim p\u00ebr Vu\u00e7iqin -","robots":{"index":"index","follow":"follow","max-snippet":"max-snippet:-1","max-image-preview":"max-image-preview:large","max-video-preview":"max-video-preview:-1"},"canonical":"https:\/\/veritasinfo.org\/?p=21905","og_locale":"en_US","og_type":"article","og_title":"Opozita n\u00eb Serbi k\u00ebrkon htim dhe nd\u00ebshkim p\u00ebr Vu\u00e7iqin -","og_description":"Beograd 26 N\u00ebntor 2025 21:06 Opozita n\u00eb Serbi vazhdon t\u00eb k\u00ebrkoj\u00eb p\u00ebrgjegj\u00ebsi politike dhe penale p\u00ebr funksionar\u00ebt e lart\u00eb t\u00eb shtetit. Fushata \u201cRruga p\u00ebr n\u00eb","og_url":"https:\/\/veritasinfo.org\/?p=21905","article_published_time":"2025-11-26T20:07:17+00:00","article_modified_time":"2025-11-26T20:08:22+00:00","og_image":[{"width":651,"height":499,"url":"https:\/\/veritasinfo.org\/wp-content\/uploads\/2025\/11\/IMG_20251126_210650.jpg","type":"image\/jpeg"}],"author":"US5","twitter_card":"summary_large_image","twitter_misc":{"Written by":"US5","Est. reading time":"2 minutes"},"schema":{"@context":"https:\/\/schema.org","@graph":[{"@type":"WebPage","@id":"https:\/\/veritasinfo.org\/?p=21905","url":"https:\/\/veritasinfo.org\/?p=21905","name":"Opozita n\u00eb Serbi k\u00ebrkon htim dhe nd\u00ebshkim p\u00ebr Vu\u00e7iqin -","isPartOf":{"@id":"https:\/\/veritasinfo.org\/#website"},"primaryImageOfPage":{"@id":"https:\/\/veritasinfo.org\/?p=21905#primaryimage"},"image":{"@id":"https:\/\/veritasinfo.org\/?p=21905#primaryimage"},"thumbnailUrl":"https:\/\/veritasinfo.org\/wp-content\/uploads\/2025\/11\/IMG_20251126_210650.jpg","datePublished":"2025-11-26T20:07:17+00:00","dateModified":"2025-11-26T20:08:22+00:00","author":{"@id":"https:\/\/veritasinfo.org\/#\/schema\/person\/bc442336e35414d04494ab8fb45db4c6"},"breadcrumb":{"@id":"https:\/\/veritasinfo.org\/?p=21905#breadcrumb"},"inLanguage":"en-US","potentialAction":[{"@type":"ReadAction","target":["https:\/\/veritasinfo.org\/?p=21905"]}]},{"@type":"ImageObject","inLanguage":"en-US","@id":"https:\/\/veritasinfo.org\/?p=21905#primaryimage","url":"https:\/\/veritasinfo.org\/wp-content\/uploads\/2025\/11\/IMG_20251126_210650.jpg","contentUrl":"https:\/\/veritasinfo.org\/wp-content\/uploads\/2025\/11\/IMG_20251126_210650.jpg","width":651,"height":499},{"@type":"BreadcrumbList","@id":"https:\/\/veritasinfo.org\/?p=21905#breadcrumb","itemListElement":[{"@type":"ListItem","position":1,"name":"Home","item":"https:\/\/veritasinfo.org\/"},{"@type":"ListItem","position":2,"name":"Opozita n\u00eb Serbi k\u00ebrkon htim dhe nd\u00ebshkim p\u00ebr Vu\u00e7iqin"}]},{"@type":"WebSite","@id":"https:\/\/veritasinfo.org\/#website","url":"https:\/\/veritasinfo.org\/","name":"","description":"","potentialAction":[{"@type":"SearchAction","target":{"@type":"EntryPoint","urlTemplate":"https:\/\/veritasinfo.org\/?s={search_term_string}"},"query-input":{"@type":"PropertyValueSpecification","valueRequired":true,"valueName":"search_term_string"}}],"inLanguage":"en-US"},{"@type":"Person","@id":"https:\/\/veritasinfo.org\/#\/schema\/person\/bc442336e35414d04494ab8fb45db4c6","name":"US5","image":{"@type":"ImageObject","inLanguage":"en-US","@id":"https:\/\/veritasinfo.org\/#\/schema\/person\/image\/","url":"https:\/\/secure.gravatar.com\/avatar\/16a61e7272a0c5d001121ebb9e60e925d5816e4ac1e443ed3e640d9a6ae55d0c?s=96&d=mm&r=g","contentUrl":"https:\/\/secure.gravatar.com\/avatar\/16a61e7272a0c5d001121ebb9e60e925d5816e4ac1e443ed3e640d9a6ae55d0c?s=96&d=mm&r=g","caption":"US5"},"url":"https:\/\/veritasinfo.org\/?author=6"}]}},"featured_image_urls":{"full":["https:\/\/veritasinfo.org\/wp-content\/uploads\/2025\/11\/IMG_20251126_210650.jpg",651,499,false],"thumbnail":["https:\/\/veritasinfo.org\/wp-content\/uploads\/2025\/11\/IMG_20251126_210650-150x150.jpg",150,150,true],"medium":["https:\/\/veritasinfo.org\/wp-content\/uploads\/2025\/11\/IMG_20251126_210650-300x230.jpg",300,230,true],"medium_large":["https:\/\/veritasinfo.org\/wp-content\/uploads\/2025\/11\/IMG_20251126_210650.jpg",640,491,false],"large":["https:\/\/veritasinfo.org\/wp-content\/uploads\/2025\/11\/IMG_20251126_210650.jpg",640,491,false],"1536x1536":["https:\/\/veritasinfo.org\/wp-content\/uploads\/2025\/11\/IMG_20251126_210650.jpg",651,499,false],"2048x2048":["https:\/\/veritasinfo.org\/wp-content\/uploads\/2025\/11\/IMG_20251126_210650.jpg",651,499,false],"kreeti-slider-full":["https:\/\/veritasinfo.org\/wp-content\/uploads\/2025\/11\/IMG_20251126_210650.jpg",651,499,false],"kreeti-featured":["https:\/\/veritasinfo.org\/wp-content\/uploads\/2025\/11\/IMG_20251126_210650.jpg",651,499,false],"kreeti-medium":["https:\/\/veritasinfo.org\/wp-content\/uploads\/2025\/11\/IMG_20251126_210650.jpg",651,499,false],"kreeti-medium-square":["https:\/\/veritasinfo.org\/wp-content\/uploads\/2025\/11\/IMG_20251126_210650.jpg",350,268,false]},"author_info":{"info":["US5"]},"category_info":"<a href=\"https:\/\/veritasinfo.org\/?cat=58\" rel=\"category\">Politik\u00eb<\/a>","tag_info":"Politik\u00eb","comment_count":"0","_links":{"self":[{"href":"https:\/\/veritasinfo.org\/index.php?rest_route=\/wp\/v2\/posts\/21905","targetHints":{"allow":["GET"]}}],"collection":[{"href":"https:\/\/veritasinfo.org\/index.php?rest_route=\/wp\/v2\/posts"}],"about":[{"href":"https:\/\/veritasinfo.org\/index.php?rest_route=\/wp\/v2\/types\/post"}],"author":[{"embeddable":true,"href":"https:\/\/veritasinfo.org\/index.php?rest_route=\/wp\/v2\/users\/6"}],"replies":[{"embeddable":true,"href":"https:\/\/veritasinfo.org\/index.php?rest_route=%2Fwp%2Fv2%2Fcomments&post=21905"}],"version-history":[{"count":2,"href":"https:\/\/veritasinfo.org\/index.php?rest_route=\/wp\/v2\/posts\/21905\/revisions"}],"predecessor-version":[{"id":21908,"href":"https:\/\/veritasinfo.org\/index.php?rest_route=\/wp\/v2\/posts\/21905\/revisions\/21908"}],"wp:featuredmedia":[{"embeddable":true,"href":"https:\/\/veritasinfo.org\/index.php?rest_route=\/wp\/v2\/media\/21906"}],"wp:attachment":[{"href":"https:\/\/veritasinfo.org\/index.php?rest_route=%2Fwp%2Fv2%2Fmedia&parent=21905"}],"wp:term":[{"taxonomy":"category","embeddable":true,"href":"https:\/\/veritasinfo.org\/index.php?rest_route=%2Fwp%2Fv2%2Fcategories&post=21905"},{"taxonomy":"post_tag","embeddable":true,"href":"https:\/\/veritasinfo.org\/index.php?rest_route=%2Fwp%2Fv2%2Ftags&post=21905"}],"curies":[{"name":"wp","href":"https:\/\/api.w.org\/{rel}","templated":true}]}}