{"id":21898,"date":"2025-11-26T20:07:17","date_gmt":"2025-11-26T19:07:17","guid":{"rendered":"https:\/\/veritasinfo.org\/?p=21898"},"modified":"2025-11-26T20:07:57","modified_gmt":"2025-11-26T19:07:57","slug":"be-ja-propaganda-ne-kosove-shperndahet-ne-rrjete-sociale-ne-serbi-neper-media","status":"publish","type":"post","link":"https:\/\/veritasinfo.org\/?p=21898","title":{"rendered":"BE-ja: Propaganda n\u00eb Kosov\u00eb shp\u00ebrndahet n\u00eb rrjete sociale, n\u00eb Serbi n\u00ebp\u00ebr media"},"content":{"rendered":"<p>Prishtin\u00eb, 26 n\u00ebntor 2025 20:06<\/p>\n<p>Kreu i Bashkimit Evropian n\u00eb Kosov\u00eb, Aivo Orav, ka theksuar se Kosova \u201cmbetet e ndjeshme ndaj manipulimeve\u201d, por edhe ndaj nd\u00ebrhyrjeve p\u00ebrmes dezinformimit n\u00eb \u00e7\u00ebshtjet politike dhe t\u00eb siguris\u00eb.<\/p>\n<p>Sipas Oravit, dezinformimi n\u00eb gjuh\u00ebn shqipe p\u00ebrhapet kryesisht n\u00eb rrjetet sociale, nd\u00ebrsa n\u00eb gjuh\u00ebn serbe shfaqet m\u00eb shpesh n\u00eb mediat tradicionale, me narrativa q\u00eb shpesh barazohen me dezinformimin rus, ve\u00e7an\u00ebrisht n\u00eb \u00e7\u00ebshtjet politike dhe t\u00eb siguris\u00eb.<\/p>\n<p>Ai gjithashtu n\u00ebnvizoi se Kosova renditet n\u00eb vendin e 40-t\u00eb nga 41 vende n\u00eb Indeksin Evropian t\u00eb Njohurive Mediatike, i cili pasqyron \u201cnivelin e dob\u00ebt t\u00eb nd\u00ebrgjegj\u00ebsimit t\u00eb institucioneve rreth njohurive mediatike\u201d.<\/p>\n<p>\u201cN\u00eb t\u00eb gjith\u00eb Evrop\u00ebn dhe m\u00eb gjer\u00eb, dezinformimi k\u00ebrkon t\u00eb dob\u00ebsoj\u00eb besimin n\u00eb institucione, t\u00eb polarizoj\u00eb shoq\u00ebrit\u00eb dhe t\u00eb p\u00ebrfitoj\u00eb nga p\u00ebr\u00e7arjet, dhe Kosova nuk b\u00ebn p\u00ebrjashtim. Bazuar n\u00eb gjetjet e \u2018hybrid.info\u2019, dezinformimi n\u00eb gjuh\u00ebn shqipe p\u00ebrhapet m\u00eb shum\u00eb n\u00eb rrjetet sociale, nd\u00ebrsa n\u00eb gjuh\u00ebn serbe shfaqet m\u00eb shpesh n\u00eb mediat tradicionale, me narrativa q\u00eb shpesh barazohen me dezinformimin rus, ve\u00e7an\u00ebrisht n\u00eb \u00e7\u00ebshtjet politike dhe t\u00eb siguris\u00eb. Si rezultat, hap\u00ebsira e Kosov\u00ebs mbetet e ndjeshme ndaj manipulimit dhe nd\u00ebrhyrjeve\u201d tha Orav.<\/p>\n","protected":false},"excerpt":{"rendered":"<p>Prishtin\u00eb, 26 n\u00ebntor 2025 20:06 Kreu i Bashkimit Evropian n\u00eb Kosov\u00eb, Aivo Orav, ka theksuar se Kosova \u201cmbetet e ndjeshme ndaj manipulimeve\u201d, por edhe ndaj<\/p>\n","protected":false},"author":7,"featured_media":21899,"comment_status":"open","ping_status":"open","sticky":false,"template":"","format":"standard","meta":{"footnotes":""},"categories":[60],"tags":[],"class_list":["post-21898","post","type-post","status-publish","format-standard","has-post-thumbnail","hentry","category-shoqerore-sq"],"yoast_head":"<!-- This site is optimized with the Yoast SEO plugin v25.3.1 - https:\/\/yoast.com\/wordpress\/plugins\/seo\/ -->\n<title>BE-ja: Propaganda n\u00eb Kosov\u00eb shp\u00ebrndahet n\u00eb rrjete sociale, n\u00eb Serbi n\u00ebp\u00ebr media -<\/title>\n<meta name=\"robots\" content=\"index, follow, max-snippet:-1, max-image-preview:large, max-video-preview:-1\" \/>\n<link rel=\"canonical\" href=\"https:\/\/veritasinfo.org\/?p=21898\" \/>\n<meta property=\"og:locale\" content=\"en_US\" \/>\n<meta property=\"og:type\" content=\"article\" \/>\n<meta property=\"og:title\" content=\"BE-ja: Propaganda n\u00eb Kosov\u00eb shp\u00ebrndahet n\u00eb rrjete sociale, n\u00eb Serbi n\u00ebp\u00ebr media -\" \/>\n<meta property=\"og:description\" content=\"Prishtin\u00eb, 26 n\u00ebntor 2025 20:06 Kreu i Bashkimit Evropian n\u00eb Kosov\u00eb, Aivo Orav, ka theksuar se Kosova \u201cmbetet e ndjeshme ndaj manipulimeve\u201d, por edhe ndaj\" \/>\n<meta property=\"og:url\" content=\"https:\/\/veritasinfo.org\/?p=21898\" \/>\n<meta property=\"article:published_time\" content=\"2025-11-26T19:07:17+00:00\" \/>\n<meta property=\"article:modified_time\" content=\"2025-11-26T19:07:57+00:00\" \/>\n<meta property=\"og:image\" content=\"https:\/\/veritasinfo.org\/wp-content\/uploads\/2025\/11\/640-0-ceb92cfb07dd1415a2c9d60a12ca6d28.jpg\" \/>\n\t<meta property=\"og:image:width\" content=\"640\" \/>\n\t<meta property=\"og:image:height\" content=\"360\" \/>\n\t<meta property=\"og:image:type\" content=\"image\/jpeg\" \/>\n<meta name=\"author\" content=\"US6\" \/>\n<meta name=\"twitter:card\" content=\"summary_large_image\" \/>\n<meta name=\"twitter:label1\" content=\"Written by\" \/>\n\t<meta name=\"twitter:data1\" content=\"US6\" \/>\n\t<meta name=\"twitter:label2\" content=\"Est. reading time\" \/>\n\t<meta name=\"twitter:data2\" content=\"2 minutes\" \/>\n<script type=\"application\/ld+json\" class=\"yoast-schema-graph\">{\"@context\":\"https:\/\/schema.org\",\"@graph\":[{\"@type\":\"WebPage\",\"@id\":\"https:\/\/veritasinfo.org\/?p=21898\",\"url\":\"https:\/\/veritasinfo.org\/?p=21898\",\"name\":\"BE-ja: Propaganda n\u00eb Kosov\u00eb shp\u00ebrndahet n\u00eb rrjete sociale, n\u00eb Serbi n\u00ebp\u00ebr media -\",\"isPartOf\":{\"@id\":\"https:\/\/veritasinfo.org\/#website\"},\"primaryImageOfPage\":{\"@id\":\"https:\/\/veritasinfo.org\/?p=21898#primaryimage\"},\"image\":{\"@id\":\"https:\/\/veritasinfo.org\/?p=21898#primaryimage\"},\"thumbnailUrl\":\"https:\/\/veritasinfo.org\/wp-content\/uploads\/2025\/11\/640-0-ceb92cfb07dd1415a2c9d60a12ca6d28.jpg\",\"datePublished\":\"2025-11-26T19:07:17+00:00\",\"dateModified\":\"2025-11-26T19:07:57+00:00\",\"author\":{\"@id\":\"https:\/\/veritasinfo.org\/#\/schema\/person\/fe199eede04c3937362892b7444747cc\"},\"breadcrumb\":{\"@id\":\"https:\/\/veritasinfo.org\/?p=21898#breadcrumb\"},\"inLanguage\":\"en-US\",\"potentialAction\":[{\"@type\":\"ReadAction\",\"target\":[\"https:\/\/veritasinfo.org\/?p=21898\"]}]},{\"@type\":\"ImageObject\",\"inLanguage\":\"en-US\",\"@id\":\"https:\/\/veritasinfo.org\/?p=21898#primaryimage\",\"url\":\"https:\/\/veritasinfo.org\/wp-content\/uploads\/2025\/11\/640-0-ceb92cfb07dd1415a2c9d60a12ca6d28.jpg\",\"contentUrl\":\"https:\/\/veritasinfo.org\/wp-content\/uploads\/2025\/11\/640-0-ceb92cfb07dd1415a2c9d60a12ca6d28.jpg\",\"width\":640,\"height\":360},{\"@type\":\"BreadcrumbList\",\"@id\":\"https:\/\/veritasinfo.org\/?p=21898#breadcrumb\",\"itemListElement\":[{\"@type\":\"ListItem\",\"position\":1,\"name\":\"Home\",\"item\":\"https:\/\/veritasinfo.org\/\"},{\"@type\":\"ListItem\",\"position\":2,\"name\":\"BE-ja: Propaganda n\u00eb Kosov\u00eb shp\u00ebrndahet n\u00eb rrjete sociale, n\u00eb Serbi n\u00ebp\u00ebr media\"}]},{\"@type\":\"WebSite\",\"@id\":\"https:\/\/veritasinfo.org\/#website\",\"url\":\"https:\/\/veritasinfo.org\/\",\"name\":\"\",\"description\":\"\",\"potentialAction\":[{\"@type\":\"SearchAction\",\"target\":{\"@type\":\"EntryPoint\",\"urlTemplate\":\"https:\/\/veritasinfo.org\/?s={search_term_string}\"},\"query-input\":{\"@type\":\"PropertyValueSpecification\",\"valueRequired\":true,\"valueName\":\"search_term_string\"}}],\"inLanguage\":\"en-US\"},{\"@type\":\"Person\",\"@id\":\"https:\/\/veritasinfo.org\/#\/schema\/person\/fe199eede04c3937362892b7444747cc\",\"name\":\"US6\",\"image\":{\"@type\":\"ImageObject\",\"inLanguage\":\"en-US\",\"@id\":\"https:\/\/veritasinfo.org\/#\/schema\/person\/image\/\",\"url\":\"https:\/\/secure.gravatar.com\/avatar\/cb16c3c31c9d23b9b8c705964598220b3014e42ff51eb540ff23cefa3ae8c15f?s=96&d=mm&r=g\",\"contentUrl\":\"https:\/\/secure.gravatar.com\/avatar\/cb16c3c31c9d23b9b8c705964598220b3014e42ff51eb540ff23cefa3ae8c15f?s=96&d=mm&r=g\",\"caption\":\"US6\"},\"url\":\"https:\/\/veritasinfo.org\/?author=7\"}]}<\/script>\n<!-- \/ Yoast SEO plugin. -->","yoast_head_json":{"title":"BE-ja: Propaganda n\u00eb Kosov\u00eb shp\u00ebrndahet n\u00eb rrjete sociale, n\u00eb Serbi n\u00ebp\u00ebr media -","robots":{"index":"index","follow":"follow","max-snippet":"max-snippet:-1","max-image-preview":"max-image-preview:large","max-video-preview":"max-video-preview:-1"},"canonical":"https:\/\/veritasinfo.org\/?p=21898","og_locale":"en_US","og_type":"article","og_title":"BE-ja: Propaganda n\u00eb Kosov\u00eb shp\u00ebrndahet n\u00eb rrjete sociale, n\u00eb Serbi n\u00ebp\u00ebr media -","og_description":"Prishtin\u00eb, 26 n\u00ebntor 2025 20:06 Kreu i Bashkimit Evropian n\u00eb Kosov\u00eb, Aivo Orav, ka theksuar se Kosova \u201cmbetet e ndjeshme ndaj manipulimeve\u201d, por edhe ndaj","og_url":"https:\/\/veritasinfo.org\/?p=21898","article_published_time":"2025-11-26T19:07:17+00:00","article_modified_time":"2025-11-26T19:07:57+00:00","og_image":[{"width":640,"height":360,"url":"https:\/\/veritasinfo.org\/wp-content\/uploads\/2025\/11\/640-0-ceb92cfb07dd1415a2c9d60a12ca6d28.jpg","type":"image\/jpeg"}],"author":"US6","twitter_card":"summary_large_image","twitter_misc":{"Written by":"US6","Est. reading time":"2 minutes"},"schema":{"@context":"https:\/\/schema.org","@graph":[{"@type":"WebPage","@id":"https:\/\/veritasinfo.org\/?p=21898","url":"https:\/\/veritasinfo.org\/?p=21898","name":"BE-ja: Propaganda n\u00eb Kosov\u00eb shp\u00ebrndahet n\u00eb rrjete sociale, n\u00eb Serbi n\u00ebp\u00ebr media -","isPartOf":{"@id":"https:\/\/veritasinfo.org\/#website"},"primaryImageOfPage":{"@id":"https:\/\/veritasinfo.org\/?p=21898#primaryimage"},"image":{"@id":"https:\/\/veritasinfo.org\/?p=21898#primaryimage"},"thumbnailUrl":"https:\/\/veritasinfo.org\/wp-content\/uploads\/2025\/11\/640-0-ceb92cfb07dd1415a2c9d60a12ca6d28.jpg","datePublished":"2025-11-26T19:07:17+00:00","dateModified":"2025-11-26T19:07:57+00:00","author":{"@id":"https:\/\/veritasinfo.org\/#\/schema\/person\/fe199eede04c3937362892b7444747cc"},"breadcrumb":{"@id":"https:\/\/veritasinfo.org\/?p=21898#breadcrumb"},"inLanguage":"en-US","potentialAction":[{"@type":"ReadAction","target":["https:\/\/veritasinfo.org\/?p=21898"]}]},{"@type":"ImageObject","inLanguage":"en-US","@id":"https:\/\/veritasinfo.org\/?p=21898#primaryimage","url":"https:\/\/veritasinfo.org\/wp-content\/uploads\/2025\/11\/640-0-ceb92cfb07dd1415a2c9d60a12ca6d28.jpg","contentUrl":"https:\/\/veritasinfo.org\/wp-content\/uploads\/2025\/11\/640-0-ceb92cfb07dd1415a2c9d60a12ca6d28.jpg","width":640,"height":360},{"@type":"BreadcrumbList","@id":"https:\/\/veritasinfo.org\/?p=21898#breadcrumb","itemListElement":[{"@type":"ListItem","position":1,"name":"Home","item":"https:\/\/veritasinfo.org\/"},{"@type":"ListItem","position":2,"name":"BE-ja: Propaganda n\u00eb Kosov\u00eb shp\u00ebrndahet n\u00eb rrjete sociale, n\u00eb Serbi n\u00ebp\u00ebr media"}]},{"@type":"WebSite","@id":"https:\/\/veritasinfo.org\/#website","url":"https:\/\/veritasinfo.org\/","name":"","description":"","potentialAction":[{"@type":"SearchAction","target":{"@type":"EntryPoint","urlTemplate":"https:\/\/veritasinfo.org\/?s={search_term_string}"},"query-input":{"@type":"PropertyValueSpecification","valueRequired":true,"valueName":"search_term_string"}}],"inLanguage":"en-US"},{"@type":"Person","@id":"https:\/\/veritasinfo.org\/#\/schema\/person\/fe199eede04c3937362892b7444747cc","name":"US6","image":{"@type":"ImageObject","inLanguage":"en-US","@id":"https:\/\/veritasinfo.org\/#\/schema\/person\/image\/","url":"https:\/\/secure.gravatar.com\/avatar\/cb16c3c31c9d23b9b8c705964598220b3014e42ff51eb540ff23cefa3ae8c15f?s=96&d=mm&r=g","contentUrl":"https:\/\/secure.gravatar.com\/avatar\/cb16c3c31c9d23b9b8c705964598220b3014e42ff51eb540ff23cefa3ae8c15f?s=96&d=mm&r=g","caption":"US6"},"url":"https:\/\/veritasinfo.org\/?author=7"}]}},"featured_image_urls":{"full":["https:\/\/veritasinfo.org\/wp-content\/uploads\/2025\/11\/640-0-ceb92cfb07dd1415a2c9d60a12ca6d28.jpg",640,360,false],"thumbnail":["https:\/\/veritasinfo.org\/wp-content\/uploads\/2025\/11\/640-0-ceb92cfb07dd1415a2c9d60a12ca6d28-150x150.jpg",150,150,true],"medium":["https:\/\/veritasinfo.org\/wp-content\/uploads\/2025\/11\/640-0-ceb92cfb07dd1415a2c9d60a12ca6d28-300x169.jpg",300,169,true],"medium_large":["https:\/\/veritasinfo.org\/wp-content\/uploads\/2025\/11\/640-0-ceb92cfb07dd1415a2c9d60a12ca6d28.jpg",640,360,false],"large":["https:\/\/veritasinfo.org\/wp-content\/uploads\/2025\/11\/640-0-ceb92cfb07dd1415a2c9d60a12ca6d28.jpg",640,360,false],"1536x1536":["https:\/\/veritasinfo.org\/wp-content\/uploads\/2025\/11\/640-0-ceb92cfb07dd1415a2c9d60a12ca6d28.jpg",640,360,false],"2048x2048":["https:\/\/veritasinfo.org\/wp-content\/uploads\/2025\/11\/640-0-ceb92cfb07dd1415a2c9d60a12ca6d28.jpg",640,360,false],"kreeti-slider-full":["https:\/\/veritasinfo.org\/wp-content\/uploads\/2025\/11\/640-0-ceb92cfb07dd1415a2c9d60a12ca6d28.jpg",640,360,false],"kreeti-featured":["https:\/\/veritasinfo.org\/wp-content\/uploads\/2025\/11\/640-0-ceb92cfb07dd1415a2c9d60a12ca6d28.jpg",640,360,false],"kreeti-medium":["https:\/\/veritasinfo.org\/wp-content\/uploads\/2025\/11\/640-0-ceb92cfb07dd1415a2c9d60a12ca6d28.jpg",640,360,false],"kreeti-medium-square":["https:\/\/veritasinfo.org\/wp-content\/uploads\/2025\/11\/640-0-ceb92cfb07dd1415a2c9d60a12ca6d28.jpg",350,197,false]},"author_info":{"info":["US6"]},"category_info":"<a href=\"https:\/\/veritasinfo.org\/?cat=60\" rel=\"category\">Shoq\u00ebrore<\/a>","tag_info":"Shoq\u00ebrore","comment_count":"0","_links":{"self":[{"href":"https:\/\/veritasinfo.org\/index.php?rest_route=\/wp\/v2\/posts\/21898","targetHints":{"allow":["GET"]}}],"collection":[{"href":"https:\/\/veritasinfo.org\/index.php?rest_route=\/wp\/v2\/posts"}],"about":[{"href":"https:\/\/veritasinfo.org\/index.php?rest_route=\/wp\/v2\/types\/post"}],"author":[{"embeddable":true,"href":"https:\/\/veritasinfo.org\/index.php?rest_route=\/wp\/v2\/users\/7"}],"replies":[{"embeddable":true,"href":"https:\/\/veritasinfo.org\/index.php?rest_route=%2Fwp%2Fv2%2Fcomments&post=21898"}],"version-history":[{"count":2,"href":"https:\/\/veritasinfo.org\/index.php?rest_route=\/wp\/v2\/posts\/21898\/revisions"}],"predecessor-version":[{"id":21901,"href":"https:\/\/veritasinfo.org\/index.php?rest_route=\/wp\/v2\/posts\/21898\/revisions\/21901"}],"wp:featuredmedia":[{"embeddable":true,"href":"https:\/\/veritasinfo.org\/index.php?rest_route=\/wp\/v2\/media\/21899"}],"wp:attachment":[{"href":"https:\/\/veritasinfo.org\/index.php?rest_route=%2Fwp%2Fv2%2Fmedia&parent=21898"}],"wp:term":[{"taxonomy":"category","embeddable":true,"href":"https:\/\/veritasinfo.org\/index.php?rest_route=%2Fwp%2Fv2%2Fcategories&post=21898"},{"taxonomy":"post_tag","embeddable":true,"href":"https:\/\/veritasinfo.org\/index.php?rest_route=%2Fwp%2Fv2%2Ftags&post=21898"}],"curies":[{"name":"wp","href":"https:\/\/api.w.org\/{rel}","templated":true}]}}