{"id":21893,"date":"2025-11-26T19:54:15","date_gmt":"2025-11-26T18:54:15","guid":{"rendered":"https:\/\/veritasinfo.org\/?p=21893"},"modified":"2025-11-26T19:54:15","modified_gmt":"2025-11-26T18:54:15","slug":"ne-refuzojme-qeverite-e-pazareve-albin-kurti-synon-serish-postin-e-kryeministrit","status":"publish","type":"post","link":"https:\/\/veritasinfo.org\/?p=21893","title":{"rendered":"\u201cNe refuzojm\u00eb qeverit\u00eb e pazareve\u201d, Albin Kurti synon s\u00ebrish postin e kryeministrit"},"content":{"rendered":"<p>Prishtin\u00eb, 26 n\u00ebntor 2025 19:53<\/p>\n<p>L\u00ebvizja Vet\u00ebvendosje ka zgjedhur me vendim unanim Albin Kurtin kandidat p\u00ebr kryeminist\u00ebr n\u00eb zgjedhjet e jasht\u00ebzakonshme t\u00eb 28 dhjetorit n\u00eb Kosov\u00eb pas d\u00ebshtimit t\u00eb formimit t\u00eb qeveris\u00eb p\u00ebr t\u00eb cil\u00ebn u faj\u00ebsuan kryek\u00ebput partit\u00eb e tjera politike n\u00eb Kuvendin e konstituuar pas shum\u00eb muajsh ng\u00ebr\u00e7i politik.<\/p>\n<p>N\u00ebnkryetari i VV-s\u00eb Glauk Konjufca, para delegat\u00ebve t\u00eb pranish\u00ebm, ka prezantuar Albin Kurtin si kandidat i vet\u00ebm nga radh\u00ebt e k\u00ebsaj partie p\u00ebr kryeminist\u00ebr t\u00eb Kosov\u00ebs.<\/p>\n<p>Konjufca tha se jan\u00eb partit\u00eb e tjera ato t\u00eb cilat sipas tij, penguan formimin e qeveris\u00eb Kurti 3 dhe se jan\u00eb \u2018fajtore\u2019 q\u00eb vendi po shkon s\u00ebrish n\u00eb zgjedhje.<\/p>\n<p>Konjufca tha se askush m\u00eb shum\u00eb n\u00eb Vet\u00ebvendosje nuk e meriton q\u00eb t\u00eb merr k\u00ebt\u00eb kandidatur\u00eb se sa Albin Kurti.<\/p>\n<p>\u201cSa i p\u00ebrket kund\u00ebrshtar\u00ebve politik\u00eb, vet\u00ebm nj\u00eb gj\u00eb ata nuk mund ta bllokojn\u00eb, nuk mund ta bllokojn\u00eb vullnetin e popullit dhe k\u00ebt\u00eb m\u00eb s\u00eb miri do ta kuptojn\u00eb m\u00eb 28 dhjetor\u201d, tha Konjufca.<\/p>\n<p>Kryetari i VV-s\u00eb, nj\u00ebher\u00ebsh, kryeminist\u00ebr n\u00eb detyr\u00eb Albin Kurti fal\u00ebnderoi delegat\u00ebt p\u00ebr besimin e dh\u00ebn\u00eb, teksa p\u00ebr t\u00eb gjitha zhvillimet n\u00eb vend faj\u00ebsoi \u00a0partit\u00eb e tjera politike.<\/p>\n<p>\u201cK\u00ebto parti kriz\u00ebn legale tani duan ta shnd\u00ebrrojn\u00eb n\u00eb kriz\u00eb sociale, njer\u00ebzit t\u00eb mbeten pa para, t\u00eb shkaktohen deficite buxhetore, munges\u00eb t\u00eb pagesave p\u00ebr operator\u00eb ekonomik\u00eb. D\u00ebshirojn\u00eb q\u00eb ta shnd\u00ebrrojn\u00eb n\u00eb kriz\u00eb social, sepse kriz\u00eb financiare n\u00eb vendin ton\u00eb nuk ka&#8230;Na akuzojn\u00eb se t\u00eb tjer\u00ebt na e kan\u00eb b\u00ebr\u00eb qeverin\u00eb me 20 e 30 p\u00ebr qind, por ne refuzojm\u00eb t\u00eb b\u00ebjm\u00eb qeveri t\u00eb pazaresh&#8230;Me mua mund t\u00eb bashk\u00ebpunojn\u00eb p\u00ebr t\u00eb adresuar hallet e qytetar\u00ebve, por jo ku t\u00eb kemi marr\u00ebveshje ku ndahen terminalet dhe postet e ambasador\u00ebve&#8230;Ne i kemi fituar zgjedhjet rregullisht dhe ne do t\u00eb fitojm\u00eb edhe m\u00eb 28 dhjetor\u201d, tha Kurti.<\/p>\n<p>Kujtojm\u00eb, VV fitoi zgjedhjet e 9 shkurtit, por nuk arriti t\u00eb formoj\u00eb qeverin\u00eb, pasi nuk kishte votat e nevojshme.<\/p>\n<p>&nbsp;<\/p>\n","protected":false},"excerpt":{"rendered":"<p>Prishtin\u00eb, 26 n\u00ebntor 2025 19:53 L\u00ebvizja Vet\u00ebvendosje ka zgjedhur me vendim unanim Albin Kurtin kandidat p\u00ebr kryeminist\u00ebr n\u00eb zgjedhjet e jasht\u00ebzakonshme t\u00eb 28 dhjetorit n\u00eb<\/p>\n","protected":false},"author":7,"featured_media":21894,"comment_status":"open","ping_status":"open","sticky":false,"template":"","format":"standard","meta":{"footnotes":""},"categories":[58],"tags":[],"class_list":["post-21893","post","type-post","status-publish","format-standard","has-post-thumbnail","hentry","category-politike-sq"],"yoast_head":"<!-- This site is optimized with the Yoast SEO plugin v25.3.1 - https:\/\/yoast.com\/wordpress\/plugins\/seo\/ -->\n<title>\u201cNe refuzojm\u00eb qeverit\u00eb e pazareve\u201d, Albin Kurti synon s\u00ebrish postin e kryeministrit -<\/title>\n<meta name=\"robots\" content=\"index, follow, max-snippet:-1, max-image-preview:large, max-video-preview:-1\" \/>\n<link rel=\"canonical\" href=\"https:\/\/veritasinfo.org\/?p=21893\" \/>\n<meta property=\"og:locale\" content=\"en_US\" \/>\n<meta property=\"og:type\" content=\"article\" \/>\n<meta property=\"og:title\" content=\"\u201cNe refuzojm\u00eb qeverit\u00eb e pazareve\u201d, Albin Kurti synon s\u00ebrish postin e kryeministrit -\" \/>\n<meta property=\"og:description\" content=\"Prishtin\u00eb, 26 n\u00ebntor 2025 19:53 L\u00ebvizja Vet\u00ebvendosje ka zgjedhur me vendim unanim Albin Kurtin kandidat p\u00ebr kryeminist\u00ebr n\u00eb zgjedhjet e jasht\u00ebzakonshme t\u00eb 28 dhjetorit n\u00eb\" \/>\n<meta property=\"og:url\" content=\"https:\/\/veritasinfo.org\/?p=21893\" \/>\n<meta property=\"article:published_time\" content=\"2025-11-26T18:54:15+00:00\" \/>\n<meta property=\"og:image\" content=\"https:\/\/veritasinfo.org\/wp-content\/uploads\/2025\/11\/Screenshot-2025-11-26-195330.jpg\" \/>\n\t<meta property=\"og:image:width\" content=\"904\" \/>\n\t<meta property=\"og:image:height\" content=\"466\" \/>\n\t<meta property=\"og:image:type\" content=\"image\/jpeg\" \/>\n<meta name=\"author\" content=\"US6\" \/>\n<meta name=\"twitter:card\" content=\"summary_large_image\" \/>\n<meta name=\"twitter:label1\" content=\"Written by\" \/>\n\t<meta name=\"twitter:data1\" content=\"US6\" \/>\n\t<meta name=\"twitter:label2\" content=\"Est. reading time\" \/>\n\t<meta name=\"twitter:data2\" content=\"2 minutes\" \/>\n<script type=\"application\/ld+json\" class=\"yoast-schema-graph\">{\"@context\":\"https:\/\/schema.org\",\"@graph\":[{\"@type\":\"WebPage\",\"@id\":\"https:\/\/veritasinfo.org\/?p=21893\",\"url\":\"https:\/\/veritasinfo.org\/?p=21893\",\"name\":\"\u201cNe refuzojm\u00eb qeverit\u00eb e pazareve\u201d, Albin Kurti synon s\u00ebrish postin e kryeministrit -\",\"isPartOf\":{\"@id\":\"https:\/\/veritasinfo.org\/#website\"},\"primaryImageOfPage\":{\"@id\":\"https:\/\/veritasinfo.org\/?p=21893#primaryimage\"},\"image\":{\"@id\":\"https:\/\/veritasinfo.org\/?p=21893#primaryimage\"},\"thumbnailUrl\":\"https:\/\/veritasinfo.org\/wp-content\/uploads\/2025\/11\/Screenshot-2025-11-26-195330.jpg\",\"datePublished\":\"2025-11-26T18:54:15+00:00\",\"author\":{\"@id\":\"https:\/\/veritasinfo.org\/#\/schema\/person\/fe199eede04c3937362892b7444747cc\"},\"breadcrumb\":{\"@id\":\"https:\/\/veritasinfo.org\/?p=21893#breadcrumb\"},\"inLanguage\":\"en-US\",\"potentialAction\":[{\"@type\":\"ReadAction\",\"target\":[\"https:\/\/veritasinfo.org\/?p=21893\"]}]},{\"@type\":\"ImageObject\",\"inLanguage\":\"en-US\",\"@id\":\"https:\/\/veritasinfo.org\/?p=21893#primaryimage\",\"url\":\"https:\/\/veritasinfo.org\/wp-content\/uploads\/2025\/11\/Screenshot-2025-11-26-195330.jpg\",\"contentUrl\":\"https:\/\/veritasinfo.org\/wp-content\/uploads\/2025\/11\/Screenshot-2025-11-26-195330.jpg\",\"width\":904,\"height\":466},{\"@type\":\"BreadcrumbList\",\"@id\":\"https:\/\/veritasinfo.org\/?p=21893#breadcrumb\",\"itemListElement\":[{\"@type\":\"ListItem\",\"position\":1,\"name\":\"Home\",\"item\":\"https:\/\/veritasinfo.org\/\"},{\"@type\":\"ListItem\",\"position\":2,\"name\":\"\u201cNe refuzojm\u00eb qeverit\u00eb e pazareve\u201d, Albin Kurti synon s\u00ebrish postin e kryeministrit\"}]},{\"@type\":\"WebSite\",\"@id\":\"https:\/\/veritasinfo.org\/#website\",\"url\":\"https:\/\/veritasinfo.org\/\",\"name\":\"\",\"description\":\"\",\"potentialAction\":[{\"@type\":\"SearchAction\",\"target\":{\"@type\":\"EntryPoint\",\"urlTemplate\":\"https:\/\/veritasinfo.org\/?s={search_term_string}\"},\"query-input\":{\"@type\":\"PropertyValueSpecification\",\"valueRequired\":true,\"valueName\":\"search_term_string\"}}],\"inLanguage\":\"en-US\"},{\"@type\":\"Person\",\"@id\":\"https:\/\/veritasinfo.org\/#\/schema\/person\/fe199eede04c3937362892b7444747cc\",\"name\":\"US6\",\"image\":{\"@type\":\"ImageObject\",\"inLanguage\":\"en-US\",\"@id\":\"https:\/\/veritasinfo.org\/#\/schema\/person\/image\/\",\"url\":\"https:\/\/secure.gravatar.com\/avatar\/cb16c3c31c9d23b9b8c705964598220b3014e42ff51eb540ff23cefa3ae8c15f?s=96&d=mm&r=g\",\"contentUrl\":\"https:\/\/secure.gravatar.com\/avatar\/cb16c3c31c9d23b9b8c705964598220b3014e42ff51eb540ff23cefa3ae8c15f?s=96&d=mm&r=g\",\"caption\":\"US6\"},\"url\":\"https:\/\/veritasinfo.org\/?author=7\"}]}<\/script>\n<!-- \/ Yoast SEO plugin. -->","yoast_head_json":{"title":"\u201cNe refuzojm\u00eb qeverit\u00eb e pazareve\u201d, Albin Kurti synon s\u00ebrish postin e kryeministrit -","robots":{"index":"index","follow":"follow","max-snippet":"max-snippet:-1","max-image-preview":"max-image-preview:large","max-video-preview":"max-video-preview:-1"},"canonical":"https:\/\/veritasinfo.org\/?p=21893","og_locale":"en_US","og_type":"article","og_title":"\u201cNe refuzojm\u00eb qeverit\u00eb e pazareve\u201d, Albin Kurti synon s\u00ebrish postin e kryeministrit -","og_description":"Prishtin\u00eb, 26 n\u00ebntor 2025 19:53 L\u00ebvizja Vet\u00ebvendosje ka zgjedhur me vendim unanim Albin Kurtin kandidat p\u00ebr kryeminist\u00ebr n\u00eb zgjedhjet e jasht\u00ebzakonshme t\u00eb 28 dhjetorit n\u00eb","og_url":"https:\/\/veritasinfo.org\/?p=21893","article_published_time":"2025-11-26T18:54:15+00:00","og_image":[{"width":904,"height":466,"url":"https:\/\/veritasinfo.org\/wp-content\/uploads\/2025\/11\/Screenshot-2025-11-26-195330.jpg","type":"image\/jpeg"}],"author":"US6","twitter_card":"summary_large_image","twitter_misc":{"Written by":"US6","Est. reading time":"2 minutes"},"schema":{"@context":"https:\/\/schema.org","@graph":[{"@type":"WebPage","@id":"https:\/\/veritasinfo.org\/?p=21893","url":"https:\/\/veritasinfo.org\/?p=21893","name":"\u201cNe refuzojm\u00eb qeverit\u00eb e pazareve\u201d, Albin Kurti synon s\u00ebrish postin e kryeministrit -","isPartOf":{"@id":"https:\/\/veritasinfo.org\/#website"},"primaryImageOfPage":{"@id":"https:\/\/veritasinfo.org\/?p=21893#primaryimage"},"image":{"@id":"https:\/\/veritasinfo.org\/?p=21893#primaryimage"},"thumbnailUrl":"https:\/\/veritasinfo.org\/wp-content\/uploads\/2025\/11\/Screenshot-2025-11-26-195330.jpg","datePublished":"2025-11-26T18:54:15+00:00","author":{"@id":"https:\/\/veritasinfo.org\/#\/schema\/person\/fe199eede04c3937362892b7444747cc"},"breadcrumb":{"@id":"https:\/\/veritasinfo.org\/?p=21893#breadcrumb"},"inLanguage":"en-US","potentialAction":[{"@type":"ReadAction","target":["https:\/\/veritasinfo.org\/?p=21893"]}]},{"@type":"ImageObject","inLanguage":"en-US","@id":"https:\/\/veritasinfo.org\/?p=21893#primaryimage","url":"https:\/\/veritasinfo.org\/wp-content\/uploads\/2025\/11\/Screenshot-2025-11-26-195330.jpg","contentUrl":"https:\/\/veritasinfo.org\/wp-content\/uploads\/2025\/11\/Screenshot-2025-11-26-195330.jpg","width":904,"height":466},{"@type":"BreadcrumbList","@id":"https:\/\/veritasinfo.org\/?p=21893#breadcrumb","itemListElement":[{"@type":"ListItem","position":1,"name":"Home","item":"https:\/\/veritasinfo.org\/"},{"@type":"ListItem","position":2,"name":"\u201cNe refuzojm\u00eb qeverit\u00eb e pazareve\u201d, Albin Kurti synon s\u00ebrish postin e kryeministrit"}]},{"@type":"WebSite","@id":"https:\/\/veritasinfo.org\/#website","url":"https:\/\/veritasinfo.org\/","name":"","description":"","potentialAction":[{"@type":"SearchAction","target":{"@type":"EntryPoint","urlTemplate":"https:\/\/veritasinfo.org\/?s={search_term_string}"},"query-input":{"@type":"PropertyValueSpecification","valueRequired":true,"valueName":"search_term_string"}}],"inLanguage":"en-US"},{"@type":"Person","@id":"https:\/\/veritasinfo.org\/#\/schema\/person\/fe199eede04c3937362892b7444747cc","name":"US6","image":{"@type":"ImageObject","inLanguage":"en-US","@id":"https:\/\/veritasinfo.org\/#\/schema\/person\/image\/","url":"https:\/\/secure.gravatar.com\/avatar\/cb16c3c31c9d23b9b8c705964598220b3014e42ff51eb540ff23cefa3ae8c15f?s=96&d=mm&r=g","contentUrl":"https:\/\/secure.gravatar.com\/avatar\/cb16c3c31c9d23b9b8c705964598220b3014e42ff51eb540ff23cefa3ae8c15f?s=96&d=mm&r=g","caption":"US6"},"url":"https:\/\/veritasinfo.org\/?author=7"}]}},"featured_image_urls":{"full":["https:\/\/veritasinfo.org\/wp-content\/uploads\/2025\/11\/Screenshot-2025-11-26-195330.jpg",904,466,false],"thumbnail":["https:\/\/veritasinfo.org\/wp-content\/uploads\/2025\/11\/Screenshot-2025-11-26-195330-150x150.jpg",150,150,true],"medium":["https:\/\/veritasinfo.org\/wp-content\/uploads\/2025\/11\/Screenshot-2025-11-26-195330-300x155.jpg",300,155,true],"medium_large":["https:\/\/veritasinfo.org\/wp-content\/uploads\/2025\/11\/Screenshot-2025-11-26-195330-768x396.jpg",640,330,true],"large":["https:\/\/veritasinfo.org\/wp-content\/uploads\/2025\/11\/Screenshot-2025-11-26-195330.jpg",640,330,false],"1536x1536":["https:\/\/veritasinfo.org\/wp-content\/uploads\/2025\/11\/Screenshot-2025-11-26-195330.jpg",904,466,false],"2048x2048":["https:\/\/veritasinfo.org\/wp-content\/uploads\/2025\/11\/Screenshot-2025-11-26-195330.jpg",904,466,false],"kreeti-slider-full":["https:\/\/veritasinfo.org\/wp-content\/uploads\/2025\/11\/Screenshot-2025-11-26-195330.jpg",904,466,false],"kreeti-featured":["https:\/\/veritasinfo.org\/wp-content\/uploads\/2025\/11\/Screenshot-2025-11-26-195330.jpg",904,466,false],"kreeti-medium":["https:\/\/veritasinfo.org\/wp-content\/uploads\/2025\/11\/Screenshot-2025-11-26-195330.jpg",720,371,false],"kreeti-medium-square":["https:\/\/veritasinfo.org\/wp-content\/uploads\/2025\/11\/Screenshot-2025-11-26-195330.jpg",350,180,false]},"author_info":{"info":["US6"]},"category_info":"<a href=\"https:\/\/veritasinfo.org\/?cat=58\" rel=\"category\">Politik\u00eb<\/a>","tag_info":"Politik\u00eb","comment_count":"0","_links":{"self":[{"href":"https:\/\/veritasinfo.org\/index.php?rest_route=\/wp\/v2\/posts\/21893","targetHints":{"allow":["GET"]}}],"collection":[{"href":"https:\/\/veritasinfo.org\/index.php?rest_route=\/wp\/v2\/posts"}],"about":[{"href":"https:\/\/veritasinfo.org\/index.php?rest_route=\/wp\/v2\/types\/post"}],"author":[{"embeddable":true,"href":"https:\/\/veritasinfo.org\/index.php?rest_route=\/wp\/v2\/users\/7"}],"replies":[{"embeddable":true,"href":"https:\/\/veritasinfo.org\/index.php?rest_route=%2Fwp%2Fv2%2Fcomments&post=21893"}],"version-history":[{"count":1,"href":"https:\/\/veritasinfo.org\/index.php?rest_route=\/wp\/v2\/posts\/21893\/revisions"}],"predecessor-version":[{"id":21895,"href":"https:\/\/veritasinfo.org\/index.php?rest_route=\/wp\/v2\/posts\/21893\/revisions\/21895"}],"wp:featuredmedia":[{"embeddable":true,"href":"https:\/\/veritasinfo.org\/index.php?rest_route=\/wp\/v2\/media\/21894"}],"wp:attachment":[{"href":"https:\/\/veritasinfo.org\/index.php?rest_route=%2Fwp%2Fv2%2Fmedia&parent=21893"}],"wp:term":[{"taxonomy":"category","embeddable":true,"href":"https:\/\/veritasinfo.org\/index.php?rest_route=%2Fwp%2Fv2%2Fcategories&post=21893"},{"taxonomy":"post_tag","embeddable":true,"href":"https:\/\/veritasinfo.org\/index.php?rest_route=%2Fwp%2Fv2%2Ftags&post=21893"}],"curies":[{"name":"wp","href":"https:\/\/api.w.org\/{rel}","templated":true}]}}