{"id":21883,"date":"2025-11-26T18:24:25","date_gmt":"2025-11-26T17:24:25","guid":{"rendered":"https:\/\/veritasinfo.org\/?p=21883"},"modified":"2025-11-26T18:24:25","modified_gmt":"2025-11-26T17:24:25","slug":"basha-diskuton-zhvillimet-politike-dhe-procesin-zgjedhor-me-te-ngarkuaren-me-pune-te-ambasades-amerikane","status":"publish","type":"post","link":"https:\/\/veritasinfo.org\/?p=21883","title":{"rendered":"Basha diskuton zhvillimet politike dhe procesin zgjedhor me t\u00eb Ngarkuar\u00ebn me Pun\u00eb t\u00eb Ambasad\u00ebs Amerikane"},"content":{"rendered":"<p>Prishtin\u00eb, 26 n\u00ebntor 2025 18:24<\/p>\n<p>Kryetari i Kuvendit t\u00eb Republik\u00ebs s\u00eb Kosov\u00ebs, Dimal Basha, priti sot n\u00eb takim t\u00eb Ngarkuar\u00ebn me Pun\u00eb t\u00eb Ambasad\u00ebs Amerikane n\u00eb Kosov\u00eb, Anu Prattipati, me t\u00eb cil\u00ebn diskutoi p\u00ebr zhvillimet e fundit n\u00eb vend dhe aktualitetin politik.<\/p>\n<p>Kryetari i Kuvendit shprehu keqardhjen q\u00eb nuk u votuan disa prej \u00e7\u00ebshtjeve t\u00eb r\u00ebnd\u00ebsishme n\u00eb Kuvend, p\u00ebrfshir\u00eb marr\u00ebveshjet nd\u00ebrkomb\u00ebtare, buxhetet e komunave, ligjin e buxhetit, si dhe raportin e RTK-s\u00eb q\u00eb do t\u00eb mund\u00ebsonte zgjidhjen e \u00e7\u00ebshtjes s\u00eb pagave p\u00ebr pun\u00ebtor\u00ebt.<\/p>\n<p>Nj\u00eb pjes\u00eb e bised\u00ebs u p\u00ebrqendrua te procesi zgjedhor n\u00eb vend, r\u00ebnd\u00ebsia e zgjedhjeve t\u00eb lira dhe t\u00eb ndershme, si dhe respekti mes subjekteve politike.<\/p>\n<p>\u201cKosova \u00ebsht\u00eb d\u00ebshmuar se organizon procese zgjedhore t\u00eb rregullta, nd\u00ebrsa qytetar\u00ebt tan\u00eb kan\u00eb treguar vazhdimisht kultur\u00eb t\u00eb lart\u00eb demokratike\u201d, theksoi Basha.<\/p>\n<p>Basha gjithashtu shprehu mir\u00ebnjohjen p\u00ebr mb\u00ebshtetjen e vazhdueshme t\u00eb Shteteve t\u00eb Bashkuara, aleatin ton\u00eb t\u00eb \u00e7muar dhe si\u00e7 e cil\u00ebsoi ai, modelin e p\u00ebrhersh\u00ebm p\u00ebr vlerat dhe standardet demokratike.<\/p>\n","protected":false},"excerpt":{"rendered":"<p>Prishtin\u00eb, 26 n\u00ebntor 2025 18:24 Kryetari i Kuvendit t\u00eb Republik\u00ebs s\u00eb Kosov\u00ebs, Dimal Basha, priti sot n\u00eb takim t\u00eb Ngarkuar\u00ebn me Pun\u00eb t\u00eb Ambasad\u00ebs Amerikane<\/p>\n","protected":false},"author":7,"featured_media":21884,"comment_status":"open","ping_status":"open","sticky":false,"template":"","format":"standard","meta":{"footnotes":""},"categories":[58],"tags":[],"class_list":["post-21883","post","type-post","status-publish","format-standard","has-post-thumbnail","hentry","category-politike-sq"],"yoast_head":"<!-- This site is optimized with the Yoast SEO plugin v25.3.1 - https:\/\/yoast.com\/wordpress\/plugins\/seo\/ -->\n<title>Basha diskuton zhvillimet politike dhe procesin zgjedhor me t\u00eb Ngarkuar\u00ebn me Pun\u00eb t\u00eb Ambasad\u00ebs Amerikane -<\/title>\n<meta name=\"robots\" content=\"index, follow, max-snippet:-1, max-image-preview:large, max-video-preview:-1\" \/>\n<link rel=\"canonical\" href=\"https:\/\/veritasinfo.org\/?p=21883\" \/>\n<meta property=\"og:locale\" content=\"en_US\" \/>\n<meta property=\"og:type\" content=\"article\" \/>\n<meta property=\"og:title\" content=\"Basha diskuton zhvillimet politike dhe procesin zgjedhor me t\u00eb Ngarkuar\u00ebn me Pun\u00eb t\u00eb Ambasad\u00ebs Amerikane -\" \/>\n<meta property=\"og:description\" content=\"Prishtin\u00eb, 26 n\u00ebntor 2025 18:24 Kryetari i Kuvendit t\u00eb Republik\u00ebs s\u00eb Kosov\u00ebs, Dimal Basha, priti sot n\u00eb takim t\u00eb Ngarkuar\u00ebn me Pun\u00eb t\u00eb Ambasad\u00ebs Amerikane\" \/>\n<meta property=\"og:url\" content=\"https:\/\/veritasinfo.org\/?p=21883\" \/>\n<meta property=\"article:published_time\" content=\"2025-11-26T17:24:25+00:00\" \/>\n<meta property=\"og:image\" content=\"https:\/\/veritasinfo.org\/wp-content\/uploads\/2025\/11\/2-9-850x583-1.jpg\" \/>\n\t<meta property=\"og:image:width\" content=\"850\" \/>\n\t<meta property=\"og:image:height\" content=\"583\" \/>\n\t<meta property=\"og:image:type\" content=\"image\/jpeg\" \/>\n<meta name=\"author\" content=\"US6\" \/>\n<meta name=\"twitter:card\" content=\"summary_large_image\" \/>\n<meta name=\"twitter:label1\" content=\"Written by\" \/>\n\t<meta name=\"twitter:data1\" content=\"US6\" \/>\n\t<meta name=\"twitter:label2\" content=\"Est. reading time\" \/>\n\t<meta name=\"twitter:data2\" content=\"1 minute\" \/>\n<script type=\"application\/ld+json\" class=\"yoast-schema-graph\">{\"@context\":\"https:\/\/schema.org\",\"@graph\":[{\"@type\":\"WebPage\",\"@id\":\"https:\/\/veritasinfo.org\/?p=21883\",\"url\":\"https:\/\/veritasinfo.org\/?p=21883\",\"name\":\"Basha diskuton zhvillimet politike dhe procesin zgjedhor me t\u00eb Ngarkuar\u00ebn me Pun\u00eb t\u00eb Ambasad\u00ebs Amerikane -\",\"isPartOf\":{\"@id\":\"https:\/\/veritasinfo.org\/#website\"},\"primaryImageOfPage\":{\"@id\":\"https:\/\/veritasinfo.org\/?p=21883#primaryimage\"},\"image\":{\"@id\":\"https:\/\/veritasinfo.org\/?p=21883#primaryimage\"},\"thumbnailUrl\":\"https:\/\/veritasinfo.org\/wp-content\/uploads\/2025\/11\/2-9-850x583-1.jpg\",\"datePublished\":\"2025-11-26T17:24:25+00:00\",\"author\":{\"@id\":\"https:\/\/veritasinfo.org\/#\/schema\/person\/fe199eede04c3937362892b7444747cc\"},\"breadcrumb\":{\"@id\":\"https:\/\/veritasinfo.org\/?p=21883#breadcrumb\"},\"inLanguage\":\"en-US\",\"potentialAction\":[{\"@type\":\"ReadAction\",\"target\":[\"https:\/\/veritasinfo.org\/?p=21883\"]}]},{\"@type\":\"ImageObject\",\"inLanguage\":\"en-US\",\"@id\":\"https:\/\/veritasinfo.org\/?p=21883#primaryimage\",\"url\":\"https:\/\/veritasinfo.org\/wp-content\/uploads\/2025\/11\/2-9-850x583-1.jpg\",\"contentUrl\":\"https:\/\/veritasinfo.org\/wp-content\/uploads\/2025\/11\/2-9-850x583-1.jpg\",\"width\":850,\"height\":583},{\"@type\":\"BreadcrumbList\",\"@id\":\"https:\/\/veritasinfo.org\/?p=21883#breadcrumb\",\"itemListElement\":[{\"@type\":\"ListItem\",\"position\":1,\"name\":\"Home\",\"item\":\"https:\/\/veritasinfo.org\/\"},{\"@type\":\"ListItem\",\"position\":2,\"name\":\"Basha diskuton zhvillimet politike dhe procesin zgjedhor me t\u00eb Ngarkuar\u00ebn me Pun\u00eb t\u00eb Ambasad\u00ebs Amerikane\"}]},{\"@type\":\"WebSite\",\"@id\":\"https:\/\/veritasinfo.org\/#website\",\"url\":\"https:\/\/veritasinfo.org\/\",\"name\":\"\",\"description\":\"\",\"potentialAction\":[{\"@type\":\"SearchAction\",\"target\":{\"@type\":\"EntryPoint\",\"urlTemplate\":\"https:\/\/veritasinfo.org\/?s={search_term_string}\"},\"query-input\":{\"@type\":\"PropertyValueSpecification\",\"valueRequired\":true,\"valueName\":\"search_term_string\"}}],\"inLanguage\":\"en-US\"},{\"@type\":\"Person\",\"@id\":\"https:\/\/veritasinfo.org\/#\/schema\/person\/fe199eede04c3937362892b7444747cc\",\"name\":\"US6\",\"image\":{\"@type\":\"ImageObject\",\"inLanguage\":\"en-US\",\"@id\":\"https:\/\/veritasinfo.org\/#\/schema\/person\/image\/\",\"url\":\"https:\/\/secure.gravatar.com\/avatar\/cb16c3c31c9d23b9b8c705964598220b3014e42ff51eb540ff23cefa3ae8c15f?s=96&d=mm&r=g\",\"contentUrl\":\"https:\/\/secure.gravatar.com\/avatar\/cb16c3c31c9d23b9b8c705964598220b3014e42ff51eb540ff23cefa3ae8c15f?s=96&d=mm&r=g\",\"caption\":\"US6\"},\"url\":\"https:\/\/veritasinfo.org\/?author=7\"}]}<\/script>\n<!-- \/ Yoast SEO plugin. -->","yoast_head_json":{"title":"Basha diskuton zhvillimet politike dhe procesin zgjedhor me t\u00eb Ngarkuar\u00ebn me Pun\u00eb t\u00eb Ambasad\u00ebs Amerikane -","robots":{"index":"index","follow":"follow","max-snippet":"max-snippet:-1","max-image-preview":"max-image-preview:large","max-video-preview":"max-video-preview:-1"},"canonical":"https:\/\/veritasinfo.org\/?p=21883","og_locale":"en_US","og_type":"article","og_title":"Basha diskuton zhvillimet politike dhe procesin zgjedhor me t\u00eb Ngarkuar\u00ebn me Pun\u00eb t\u00eb Ambasad\u00ebs Amerikane -","og_description":"Prishtin\u00eb, 26 n\u00ebntor 2025 18:24 Kryetari i Kuvendit t\u00eb Republik\u00ebs s\u00eb Kosov\u00ebs, Dimal Basha, priti sot n\u00eb takim t\u00eb Ngarkuar\u00ebn me Pun\u00eb t\u00eb Ambasad\u00ebs Amerikane","og_url":"https:\/\/veritasinfo.org\/?p=21883","article_published_time":"2025-11-26T17:24:25+00:00","og_image":[{"width":850,"height":583,"url":"https:\/\/veritasinfo.org\/wp-content\/uploads\/2025\/11\/2-9-850x583-1.jpg","type":"image\/jpeg"}],"author":"US6","twitter_card":"summary_large_image","twitter_misc":{"Written by":"US6","Est. reading time":"1 minute"},"schema":{"@context":"https:\/\/schema.org","@graph":[{"@type":"WebPage","@id":"https:\/\/veritasinfo.org\/?p=21883","url":"https:\/\/veritasinfo.org\/?p=21883","name":"Basha diskuton zhvillimet politike dhe procesin zgjedhor me t\u00eb Ngarkuar\u00ebn me Pun\u00eb t\u00eb Ambasad\u00ebs Amerikane -","isPartOf":{"@id":"https:\/\/veritasinfo.org\/#website"},"primaryImageOfPage":{"@id":"https:\/\/veritasinfo.org\/?p=21883#primaryimage"},"image":{"@id":"https:\/\/veritasinfo.org\/?p=21883#primaryimage"},"thumbnailUrl":"https:\/\/veritasinfo.org\/wp-content\/uploads\/2025\/11\/2-9-850x583-1.jpg","datePublished":"2025-11-26T17:24:25+00:00","author":{"@id":"https:\/\/veritasinfo.org\/#\/schema\/person\/fe199eede04c3937362892b7444747cc"},"breadcrumb":{"@id":"https:\/\/veritasinfo.org\/?p=21883#breadcrumb"},"inLanguage":"en-US","potentialAction":[{"@type":"ReadAction","target":["https:\/\/veritasinfo.org\/?p=21883"]}]},{"@type":"ImageObject","inLanguage":"en-US","@id":"https:\/\/veritasinfo.org\/?p=21883#primaryimage","url":"https:\/\/veritasinfo.org\/wp-content\/uploads\/2025\/11\/2-9-850x583-1.jpg","contentUrl":"https:\/\/veritasinfo.org\/wp-content\/uploads\/2025\/11\/2-9-850x583-1.jpg","width":850,"height":583},{"@type":"BreadcrumbList","@id":"https:\/\/veritasinfo.org\/?p=21883#breadcrumb","itemListElement":[{"@type":"ListItem","position":1,"name":"Home","item":"https:\/\/veritasinfo.org\/"},{"@type":"ListItem","position":2,"name":"Basha diskuton zhvillimet politike dhe procesin zgjedhor me t\u00eb Ngarkuar\u00ebn me Pun\u00eb t\u00eb Ambasad\u00ebs Amerikane"}]},{"@type":"WebSite","@id":"https:\/\/veritasinfo.org\/#website","url":"https:\/\/veritasinfo.org\/","name":"","description":"","potentialAction":[{"@type":"SearchAction","target":{"@type":"EntryPoint","urlTemplate":"https:\/\/veritasinfo.org\/?s={search_term_string}"},"query-input":{"@type":"PropertyValueSpecification","valueRequired":true,"valueName":"search_term_string"}}],"inLanguage":"en-US"},{"@type":"Person","@id":"https:\/\/veritasinfo.org\/#\/schema\/person\/fe199eede04c3937362892b7444747cc","name":"US6","image":{"@type":"ImageObject","inLanguage":"en-US","@id":"https:\/\/veritasinfo.org\/#\/schema\/person\/image\/","url":"https:\/\/secure.gravatar.com\/avatar\/cb16c3c31c9d23b9b8c705964598220b3014e42ff51eb540ff23cefa3ae8c15f?s=96&d=mm&r=g","contentUrl":"https:\/\/secure.gravatar.com\/avatar\/cb16c3c31c9d23b9b8c705964598220b3014e42ff51eb540ff23cefa3ae8c15f?s=96&d=mm&r=g","caption":"US6"},"url":"https:\/\/veritasinfo.org\/?author=7"}]}},"featured_image_urls":{"full":["https:\/\/veritasinfo.org\/wp-content\/uploads\/2025\/11\/2-9-850x583-1.jpg",850,583,false],"thumbnail":["https:\/\/veritasinfo.org\/wp-content\/uploads\/2025\/11\/2-9-850x583-1-150x150.jpg",150,150,true],"medium":["https:\/\/veritasinfo.org\/wp-content\/uploads\/2025\/11\/2-9-850x583-1-300x206.jpg",300,206,true],"medium_large":["https:\/\/veritasinfo.org\/wp-content\/uploads\/2025\/11\/2-9-850x583-1-768x527.jpg",640,439,true],"large":["https:\/\/veritasinfo.org\/wp-content\/uploads\/2025\/11\/2-9-850x583-1.jpg",640,439,false],"1536x1536":["https:\/\/veritasinfo.org\/wp-content\/uploads\/2025\/11\/2-9-850x583-1.jpg",850,583,false],"2048x2048":["https:\/\/veritasinfo.org\/wp-content\/uploads\/2025\/11\/2-9-850x583-1.jpg",850,583,false],"kreeti-slider-full":["https:\/\/veritasinfo.org\/wp-content\/uploads\/2025\/11\/2-9-850x583-1.jpg",850,583,false],"kreeti-featured":["https:\/\/veritasinfo.org\/wp-content\/uploads\/2025\/11\/2-9-850x583-1.jpg",850,583,false],"kreeti-medium":["https:\/\/veritasinfo.org\/wp-content\/uploads\/2025\/11\/2-9-850x583-1.jpg",720,494,false],"kreeti-medium-square":["https:\/\/veritasinfo.org\/wp-content\/uploads\/2025\/11\/2-9-850x583-1.jpg",350,240,false]},"author_info":{"info":["US6"]},"category_info":"<a href=\"https:\/\/veritasinfo.org\/?cat=58\" rel=\"category\">Politik\u00eb<\/a>","tag_info":"Politik\u00eb","comment_count":"0","_links":{"self":[{"href":"https:\/\/veritasinfo.org\/index.php?rest_route=\/wp\/v2\/posts\/21883","targetHints":{"allow":["GET"]}}],"collection":[{"href":"https:\/\/veritasinfo.org\/index.php?rest_route=\/wp\/v2\/posts"}],"about":[{"href":"https:\/\/veritasinfo.org\/index.php?rest_route=\/wp\/v2\/types\/post"}],"author":[{"embeddable":true,"href":"https:\/\/veritasinfo.org\/index.php?rest_route=\/wp\/v2\/users\/7"}],"replies":[{"embeddable":true,"href":"https:\/\/veritasinfo.org\/index.php?rest_route=%2Fwp%2Fv2%2Fcomments&post=21883"}],"version-history":[{"count":1,"href":"https:\/\/veritasinfo.org\/index.php?rest_route=\/wp\/v2\/posts\/21883\/revisions"}],"predecessor-version":[{"id":21885,"href":"https:\/\/veritasinfo.org\/index.php?rest_route=\/wp\/v2\/posts\/21883\/revisions\/21885"}],"wp:featuredmedia":[{"embeddable":true,"href":"https:\/\/veritasinfo.org\/index.php?rest_route=\/wp\/v2\/media\/21884"}],"wp:attachment":[{"href":"https:\/\/veritasinfo.org\/index.php?rest_route=%2Fwp%2Fv2%2Fmedia&parent=21883"}],"wp:term":[{"taxonomy":"category","embeddable":true,"href":"https:\/\/veritasinfo.org\/index.php?rest_route=%2Fwp%2Fv2%2Fcategories&post=21883"},{"taxonomy":"post_tag","embeddable":true,"href":"https:\/\/veritasinfo.org\/index.php?rest_route=%2Fwp%2Fv2%2Ftags&post=21883"}],"curies":[{"name":"wp","href":"https:\/\/api.w.org\/{rel}","templated":true}]}}