{"id":21869,"date":"2025-11-26T18:11:47","date_gmt":"2025-11-26T17:11:47","guid":{"rendered":"https:\/\/veritasinfo.org\/?p=21869"},"modified":"2025-11-26T18:14:37","modified_gmt":"2025-11-26T17:14:37","slug":"kurti-helmimi-i-nxenesve-nje-prej-krimeve-me-makabre-te-kryera-nga-serbia","status":"publish","type":"post","link":"https:\/\/veritasinfo.org\/?p=21869","title":{"rendered":"Kurti: Helmimi i nx\u00ebn\u00ebsve nj\u00eb prej krimeve m\u00eb makabre t\u00eb kryera nga Serbia"},"content":{"rendered":"<p>Prishtin\u00eb 26 N\u00ebntor 2025 18:10<\/p>\n<p> Kryeministri n\u00eb detyr\u00eb i Kosov\u00ebs, Albin Kurti ka th\u00ebn\u00eb se helmimi i nx\u00ebn\u00ebsve ka qen\u00eb nj\u00eb nga krimet makabre q\u00eb Serbia ka kryer n\u00eb Kosov\u00eb.<\/p>\n<p>Kurti ka kujtoi se edhe vet ishte nx\u00ebn\u00ebs n\u00eb gjimnaz kur Serbia nisi helmimin e nx\u00ebn\u00ebsve.<\/p>\n<p>\u201cMes t\u00eb gjitha krimeve t\u00eb kryera nga shteti okupator i Serbis\u00eb ndaj shqiptar\u00ebve n\u00eb Kosov\u00eb, nj\u00eb prej krimeve m\u00eb makabre dhe m\u00eb djall\u00ebzore, kan\u00eb qen\u00eb pik\u00ebrisht helmimet e nx\u00ebn\u00ebsve. Shum\u00eb prej nesh k\u00ebtu e kan\u00eb p\u00ebrjetuar at\u00eb koh\u00eb t\u00eb err\u00ebt, e cila edhe n\u00eb kujtes\u00ebn time edhe sot \u00ebsht\u00eb shum\u00eb e gjall\u00eb, meq\u00eb kam qen\u00eb nx\u00ebn\u00ebs i vitit t\u00eb par\u00eb n\u00eb gjimnazin \u201cXhevdet Doda\u201d n\u00eb Prishtin\u00eb, kur n\u00eb pranver\u00ebn e vitit 1990, u b\u00eb e qart\u00eb q\u00eb nx\u00ebn\u00ebsit po helmoheshin n\u00ebp\u00ebr shkolla\u201d, tha Kurti.<\/p>\n<p>Ai k\u00ebshtu u shpreh gjat\u00eb fjalimit n\u00eb edicionin e dyt\u00eb t\u00eb Forumit \u201cZ\u00e1 n\u2019Kujtes\u00eb\u201d q\u00eb k\u00ebt\u00eb vit iu kushtua helmimeve t\u00eb nx\u00ebn\u00ebsve n\u00eb Kosov\u00eb gjat\u00eb viteve 1990\u20131992. Ky edicion i ri, i realizuar nga Instituti i Krimeve t\u00eb Kryera gjat\u00eb Luft\u00ebs n\u00eb Kosov\u00eb n\u00eb bashk\u00ebpunim me MAShTI-n, sjell dokumente, fotografi dhe d\u00ebshmi t\u00eb koh\u00ebs q\u00eb ndri\u00e7ojn\u00eb nj\u00eb nga episodet m\u00eb t\u00eb err\u00ebta t\u00eb viteve \u201990..N\u00eb fjal\u00ebn e tij, Kurti  kujtoi koh\u00ebn kur n\u00eb Kosov\u00eb kishin filluar helmimet e nx\u00ebn\u00ebsve, m\u00eb 21 mars 1989 n\u00eb Klin\u00eb dhe m\u00eb 6 dhjetor 1989 n\u00eb Prizren, duke th\u00ebn\u00eb se teksa po p\u00ebrgatitej suprimimi i autonomis\u00eb s\u00eb Kosov\u00ebs, q\u00eb u realizua m\u00eb 23 mars 1989, vet\u00ebm dy dit\u00eb m\u00eb her\u00ebt, n\u00eb shkoll\u00ebn \u201cLuigj Gurakuqi\u201d t\u00eb Klin\u00ebs, u sh\u00ebnuan rastet e para t\u00eb helmimeve. N\u00eb muajt n\u00eb vijim, duke filluar nga 15 marsi i vitit 1990, raste t\u00eb helmimeve t\u00eb nx\u00ebn\u00ebsve do t\u00eb sh\u00ebnoheshin edhe n\u00eb 20 qytete dhe 11 fshatra n\u00eb t\u00ebr\u00eb Kosov\u00ebn. P\u00ebrtej nx\u00ebn\u00ebsve n\u00eb shkolla, raste helmimesh do t\u00eb regjistroheshin edhe mes pun\u00ebtor\u00ebve n\u00eb fabrik\u00ebn e tekstilit \u201cEmin Duraku\u201d n\u00eb Gjakov\u00eb, n\u00eb fabrik\u00ebn \u201cBallkan\u201d t\u00eb Suharek\u00ebs, n\u00eb fabrik\u00ebn \u201cPolet\u201d t\u00eb Vushtrris\u00eb dhe sporadikisht mes kalimtar\u00ebve. Madje u raportua edhe p\u00ebr helmimin e shtat\u00eb f\u00ebmij\u00ebve n\u00eb \u00e7erdhen \u201cEmin Duraku\u201d n\u00eb Gjakov\u00eb. M\u00eb 19 mars 1990, pati helmime masive t\u00eb nx\u00ebn\u00ebsve shqiptar\u00eb n\u00eb Podujev\u00eb, q\u00eb u pasuan nga nj\u00eb val\u00eb tjet\u00ebr helmimesh edhe m\u00eb 22 mars. 20 mars 1990, ishte dita kulmore e helmimeve, kur raste t\u00eb nx\u00ebn\u00ebsve t\u00eb helmuar u raportuan n\u00eb shum\u00eb qytete t\u00eb Kosov\u00ebs. Numri m\u00eb i madh i t\u00eb helmuarve do t\u00eb rezultonte t\u00eb jet\u00eb mes nx\u00ebn\u00ebsve t\u00eb komun\u00ebs s\u00eb Ferizajt, nd\u00ebrkaq nd\u00ebr vite, \u00ebsht\u00eb p\u00ebrllogaritur q\u00eb numri total i nx\u00ebn\u00ebsve t\u00eb helmuar ka qen\u00eb 7421.Autoritetet serbe u orvat\u00ebn t\u2019i kamuflojn\u00eb gjith\u00eb k\u00ebto raste helmimesh, duke i penguar hetimet dhe analizat mjek\u00ebsore. Po ashtu, i pat\u00ebn p\u00ebrndjekur ata q\u00eb ishin p\u00ebrfshir\u00eb n\u00eb dh\u00ebnien e ndihm\u00ebs, sikur n\u00eb rastin e 48 student\u00ebve t\u00eb Fakultetit t\u00eb Mjek\u00ebsis\u00eb t\u00eb cil\u00ebt u burgos\u00ebn p\u00ebr shkak t\u00eb, si\u00e7 u tha, ofrimit t\u00eb paautorizuar t\u00eb ndihm\u00ebs mjek\u00ebsore. Pavar\u00ebsisht k\u00ebtyre p\u00ebrpjekjeve t\u00eb tyre, k\u00ebto krime shtet\u00ebrore t\u00eb Serbis\u00eb padyshim q\u00eb kan\u00eb l\u00ebn\u00eb pas shum\u00eb d\u00ebshmi\u201d, tha Kurti<\/p>\n<p>Krahas d\u00ebshmive t\u00eb vet viktimave, d\u00ebshmitar\u00ebve, raporteve t\u00eb ndryshme mjek\u00ebsore e t\u00eb organizatave nd\u00ebrkomb\u00ebtare, si dhe politikan\u00ebve t\u00eb koh\u00ebs, kryeministri  n\u00eb detyr\u00eb, ve\u00e7oi r\u00ebnd\u00ebsin\u00eb e dokumentimit t\u00eb krimeve t\u00eb kryera nga Serbia n\u00eb Kosov\u00eb nga institucionet e shtetit t\u00eb Kosov\u00ebs. Pik\u00ebrisht me q\u00ebllim t\u00eb grumbullimit t\u00eb \u00e7do materiali dhe \u00e7do d\u00ebshmie p\u00ebr t\u00eb gjitha krimet e cil\u00ebsdo periudh\u00eb t\u00eb kryera nga Serbia ndaj shqiptar\u00ebve dhe t\u00eb tjer\u00ebve n\u00eb Kosov\u00eb, \u00ebsht\u00eb themeluar edhe Instituti p\u00ebr Hulumtimin e Krimeve t\u00eb Kryera gjat\u00eb Luft\u00ebs n\u00eb Kosov\u00eb, n\u00eb t\u00eb cilin institut po krijohet nj\u00eb qend\u00ebr arkivore, librare dhe audiovizuale, q\u00eb do t\u2019u sh\u00ebrbej\u00eb t\u00eb gjith\u00eb studiuesve, k\u00ebrkuesve, gazetar\u00ebve, jurist\u00ebve dhe politikb\u00ebr\u00ebsve t\u00eb interesuar p\u00ebr t\u00eb v\u00ebrtet\u00ebn e historis\u00eb s\u00eb Kosov\u00ebs dhe politikave t\u00eb adresimit t\u00eb saj, shtoi kryeministri.<\/p>\n<p>\u201cDuke grumbulluar d\u00ebshmi p\u00ebr helmimet dhe t\u00eb gjitha krimet e kryera nga shteti i Serbis\u00eb n\u00eb Kosov\u00eb, duke u kujdesur p\u00ebrmes institucioneve tona si shtet dhe p\u00ebrmes kultivimit t\u00eb mbamendjes si shoq\u00ebri, duke njohur dhe kujtuar, ne kujdesemi edhe q\u00eb t\u00eb mos kthehet fashizmi dhe q\u00eb e kaluara t\u00eb mos na p\u00ebrs\u00ebritet\u201d, tha ai n\u00eb p\u00ebrfundim t\u00eb fjal\u00ebs s\u00eb tij.<\/p>\n","protected":false},"excerpt":{"rendered":"<p>Prishtin\u00eb 26 N\u00ebntor 2025 18:10 Kryeministri n\u00eb detyr\u00eb i Kosov\u00ebs, Albin Kurti ka th\u00ebn\u00eb se helmimi i nx\u00ebn\u00ebsve ka qen\u00eb nj\u00eb nga krimet makabre q\u00eb<\/p>\n","protected":false},"author":6,"featured_media":21876,"comment_status":"open","ping_status":"open","sticky":false,"template":"","format":"standard","meta":{"footnotes":""},"categories":[58],"tags":[],"class_list":["post-21869","post","type-post","status-publish","format-standard","has-post-thumbnail","hentry","category-politike-sq"],"yoast_head":"<!-- This site is optimized with the Yoast SEO plugin v25.3.1 - https:\/\/yoast.com\/wordpress\/plugins\/seo\/ -->\n<title>Kurti: Helmimi i nx\u00ebn\u00ebsve nj\u00eb prej krimeve m\u00eb makabre t\u00eb kryera nga Serbia -<\/title>\n<meta name=\"robots\" content=\"index, follow, max-snippet:-1, max-image-preview:large, max-video-preview:-1\" \/>\n<link rel=\"canonical\" href=\"https:\/\/veritasinfo.org\/?p=21869\" \/>\n<meta property=\"og:locale\" content=\"en_US\" \/>\n<meta property=\"og:type\" content=\"article\" \/>\n<meta property=\"og:title\" content=\"Kurti: Helmimi i nx\u00ebn\u00ebsve nj\u00eb prej krimeve m\u00eb makabre t\u00eb kryera nga Serbia -\" \/>\n<meta property=\"og:description\" content=\"Prishtin\u00eb 26 N\u00ebntor 2025 18:10 Kryeministri n\u00eb detyr\u00eb i Kosov\u00ebs, Albin Kurti ka th\u00ebn\u00eb se helmimi i nx\u00ebn\u00ebsve ka qen\u00eb nj\u00eb nga krimet makabre q\u00eb\" \/>\n<meta property=\"og:url\" content=\"https:\/\/veritasinfo.org\/?p=21869\" \/>\n<meta property=\"article:published_time\" content=\"2025-11-26T17:11:47+00:00\" \/>\n<meta property=\"article:modified_time\" content=\"2025-11-26T17:14:37+00:00\" \/>\n<meta property=\"og:image\" content=\"https:\/\/veritasinfo.org\/wp-content\/uploads\/2025\/11\/IMG-20251117-WA0067-1.jpg\" \/>\n\t<meta property=\"og:image:width\" content=\"1140\" \/>\n\t<meta property=\"og:image:height\" content=\"570\" \/>\n\t<meta property=\"og:image:type\" content=\"image\/jpeg\" \/>\n<meta name=\"author\" content=\"US5\" \/>\n<meta name=\"twitter:card\" content=\"summary_large_image\" \/>\n<meta name=\"twitter:label1\" content=\"Written by\" \/>\n\t<meta name=\"twitter:data1\" content=\"US5\" \/>\n\t<meta name=\"twitter:label2\" content=\"Est. reading time\" \/>\n\t<meta name=\"twitter:data2\" content=\"4 minutes\" \/>\n<script type=\"application\/ld+json\" class=\"yoast-schema-graph\">{\"@context\":\"https:\/\/schema.org\",\"@graph\":[{\"@type\":\"WebPage\",\"@id\":\"https:\/\/veritasinfo.org\/?p=21869\",\"url\":\"https:\/\/veritasinfo.org\/?p=21869\",\"name\":\"Kurti: Helmimi i nx\u00ebn\u00ebsve nj\u00eb prej krimeve m\u00eb makabre t\u00eb kryera nga Serbia -\",\"isPartOf\":{\"@id\":\"https:\/\/veritasinfo.org\/#website\"},\"primaryImageOfPage\":{\"@id\":\"https:\/\/veritasinfo.org\/?p=21869#primaryimage\"},\"image\":{\"@id\":\"https:\/\/veritasinfo.org\/?p=21869#primaryimage\"},\"thumbnailUrl\":\"https:\/\/veritasinfo.org\/wp-content\/uploads\/2025\/11\/IMG-20251117-WA0067-1.jpg\",\"datePublished\":\"2025-11-26T17:11:47+00:00\",\"dateModified\":\"2025-11-26T17:14:37+00:00\",\"author\":{\"@id\":\"https:\/\/veritasinfo.org\/#\/schema\/person\/bc442336e35414d04494ab8fb45db4c6\"},\"breadcrumb\":{\"@id\":\"https:\/\/veritasinfo.org\/?p=21869#breadcrumb\"},\"inLanguage\":\"en-US\",\"potentialAction\":[{\"@type\":\"ReadAction\",\"target\":[\"https:\/\/veritasinfo.org\/?p=21869\"]}]},{\"@type\":\"ImageObject\",\"inLanguage\":\"en-US\",\"@id\":\"https:\/\/veritasinfo.org\/?p=21869#primaryimage\",\"url\":\"https:\/\/veritasinfo.org\/wp-content\/uploads\/2025\/11\/IMG-20251117-WA0067-1.jpg\",\"contentUrl\":\"https:\/\/veritasinfo.org\/wp-content\/uploads\/2025\/11\/IMG-20251117-WA0067-1.jpg\",\"width\":1140,\"height\":570},{\"@type\":\"BreadcrumbList\",\"@id\":\"https:\/\/veritasinfo.org\/?p=21869#breadcrumb\",\"itemListElement\":[{\"@type\":\"ListItem\",\"position\":1,\"name\":\"Home\",\"item\":\"https:\/\/veritasinfo.org\/\"},{\"@type\":\"ListItem\",\"position\":2,\"name\":\"Kurti: Helmimi i nx\u00ebn\u00ebsve nj\u00eb prej krimeve m\u00eb makabre t\u00eb kryera nga Serbia\"}]},{\"@type\":\"WebSite\",\"@id\":\"https:\/\/veritasinfo.org\/#website\",\"url\":\"https:\/\/veritasinfo.org\/\",\"name\":\"\",\"description\":\"\",\"potentialAction\":[{\"@type\":\"SearchAction\",\"target\":{\"@type\":\"EntryPoint\",\"urlTemplate\":\"https:\/\/veritasinfo.org\/?s={search_term_string}\"},\"query-input\":{\"@type\":\"PropertyValueSpecification\",\"valueRequired\":true,\"valueName\":\"search_term_string\"}}],\"inLanguage\":\"en-US\"},{\"@type\":\"Person\",\"@id\":\"https:\/\/veritasinfo.org\/#\/schema\/person\/bc442336e35414d04494ab8fb45db4c6\",\"name\":\"US5\",\"image\":{\"@type\":\"ImageObject\",\"inLanguage\":\"en-US\",\"@id\":\"https:\/\/veritasinfo.org\/#\/schema\/person\/image\/\",\"url\":\"https:\/\/secure.gravatar.com\/avatar\/16a61e7272a0c5d001121ebb9e60e925d5816e4ac1e443ed3e640d9a6ae55d0c?s=96&d=mm&r=g\",\"contentUrl\":\"https:\/\/secure.gravatar.com\/avatar\/16a61e7272a0c5d001121ebb9e60e925d5816e4ac1e443ed3e640d9a6ae55d0c?s=96&d=mm&r=g\",\"caption\":\"US5\"},\"url\":\"https:\/\/veritasinfo.org\/?author=6\"}]}<\/script>\n<!-- \/ Yoast SEO plugin. -->","yoast_head_json":{"title":"Kurti: Helmimi i nx\u00ebn\u00ebsve nj\u00eb prej krimeve m\u00eb makabre t\u00eb kryera nga Serbia -","robots":{"index":"index","follow":"follow","max-snippet":"max-snippet:-1","max-image-preview":"max-image-preview:large","max-video-preview":"max-video-preview:-1"},"canonical":"https:\/\/veritasinfo.org\/?p=21869","og_locale":"en_US","og_type":"article","og_title":"Kurti: Helmimi i nx\u00ebn\u00ebsve nj\u00eb prej krimeve m\u00eb makabre t\u00eb kryera nga Serbia -","og_description":"Prishtin\u00eb 26 N\u00ebntor 2025 18:10 Kryeministri n\u00eb detyr\u00eb i Kosov\u00ebs, Albin Kurti ka th\u00ebn\u00eb se helmimi i nx\u00ebn\u00ebsve ka qen\u00eb nj\u00eb nga krimet makabre q\u00eb","og_url":"https:\/\/veritasinfo.org\/?p=21869","article_published_time":"2025-11-26T17:11:47+00:00","article_modified_time":"2025-11-26T17:14:37+00:00","og_image":[{"width":1140,"height":570,"url":"https:\/\/veritasinfo.org\/wp-content\/uploads\/2025\/11\/IMG-20251117-WA0067-1.jpg","type":"image\/jpeg"}],"author":"US5","twitter_card":"summary_large_image","twitter_misc":{"Written by":"US5","Est. reading time":"4 minutes"},"schema":{"@context":"https:\/\/schema.org","@graph":[{"@type":"WebPage","@id":"https:\/\/veritasinfo.org\/?p=21869","url":"https:\/\/veritasinfo.org\/?p=21869","name":"Kurti: Helmimi i nx\u00ebn\u00ebsve nj\u00eb prej krimeve m\u00eb makabre t\u00eb kryera nga Serbia -","isPartOf":{"@id":"https:\/\/veritasinfo.org\/#website"},"primaryImageOfPage":{"@id":"https:\/\/veritasinfo.org\/?p=21869#primaryimage"},"image":{"@id":"https:\/\/veritasinfo.org\/?p=21869#primaryimage"},"thumbnailUrl":"https:\/\/veritasinfo.org\/wp-content\/uploads\/2025\/11\/IMG-20251117-WA0067-1.jpg","datePublished":"2025-11-26T17:11:47+00:00","dateModified":"2025-11-26T17:14:37+00:00","author":{"@id":"https:\/\/veritasinfo.org\/#\/schema\/person\/bc442336e35414d04494ab8fb45db4c6"},"breadcrumb":{"@id":"https:\/\/veritasinfo.org\/?p=21869#breadcrumb"},"inLanguage":"en-US","potentialAction":[{"@type":"ReadAction","target":["https:\/\/veritasinfo.org\/?p=21869"]}]},{"@type":"ImageObject","inLanguage":"en-US","@id":"https:\/\/veritasinfo.org\/?p=21869#primaryimage","url":"https:\/\/veritasinfo.org\/wp-content\/uploads\/2025\/11\/IMG-20251117-WA0067-1.jpg","contentUrl":"https:\/\/veritasinfo.org\/wp-content\/uploads\/2025\/11\/IMG-20251117-WA0067-1.jpg","width":1140,"height":570},{"@type":"BreadcrumbList","@id":"https:\/\/veritasinfo.org\/?p=21869#breadcrumb","itemListElement":[{"@type":"ListItem","position":1,"name":"Home","item":"https:\/\/veritasinfo.org\/"},{"@type":"ListItem","position":2,"name":"Kurti: Helmimi i nx\u00ebn\u00ebsve nj\u00eb prej krimeve m\u00eb makabre t\u00eb kryera nga Serbia"}]},{"@type":"WebSite","@id":"https:\/\/veritasinfo.org\/#website","url":"https:\/\/veritasinfo.org\/","name":"","description":"","potentialAction":[{"@type":"SearchAction","target":{"@type":"EntryPoint","urlTemplate":"https:\/\/veritasinfo.org\/?s={search_term_string}"},"query-input":{"@type":"PropertyValueSpecification","valueRequired":true,"valueName":"search_term_string"}}],"inLanguage":"en-US"},{"@type":"Person","@id":"https:\/\/veritasinfo.org\/#\/schema\/person\/bc442336e35414d04494ab8fb45db4c6","name":"US5","image":{"@type":"ImageObject","inLanguage":"en-US","@id":"https:\/\/veritasinfo.org\/#\/schema\/person\/image\/","url":"https:\/\/secure.gravatar.com\/avatar\/16a61e7272a0c5d001121ebb9e60e925d5816e4ac1e443ed3e640d9a6ae55d0c?s=96&d=mm&r=g","contentUrl":"https:\/\/secure.gravatar.com\/avatar\/16a61e7272a0c5d001121ebb9e60e925d5816e4ac1e443ed3e640d9a6ae55d0c?s=96&d=mm&r=g","caption":"US5"},"url":"https:\/\/veritasinfo.org\/?author=6"}]}},"featured_image_urls":{"full":["https:\/\/veritasinfo.org\/wp-content\/uploads\/2025\/11\/IMG-20251117-WA0067-1.jpg",1140,570,false],"thumbnail":["https:\/\/veritasinfo.org\/wp-content\/uploads\/2025\/11\/IMG-20251117-WA0067-1-150x150.jpg",150,150,true],"medium":["https:\/\/veritasinfo.org\/wp-content\/uploads\/2025\/11\/IMG-20251117-WA0067-1-300x150.jpg",300,150,true],"medium_large":["https:\/\/veritasinfo.org\/wp-content\/uploads\/2025\/11\/IMG-20251117-WA0067-1-768x384.jpg",640,320,true],"large":["https:\/\/veritasinfo.org\/wp-content\/uploads\/2025\/11\/IMG-20251117-WA0067-1-1024x512.jpg",640,320,true],"1536x1536":["https:\/\/veritasinfo.org\/wp-content\/uploads\/2025\/11\/IMG-20251117-WA0067-1.jpg",1140,570,false],"2048x2048":["https:\/\/veritasinfo.org\/wp-content\/uploads\/2025\/11\/IMG-20251117-WA0067-1.jpg",1140,570,false],"kreeti-slider-full":["https:\/\/veritasinfo.org\/wp-content\/uploads\/2025\/11\/IMG-20251117-WA0067-1.jpg",1140,570,false],"kreeti-featured":["https:\/\/veritasinfo.org\/wp-content\/uploads\/2025\/11\/IMG-20251117-WA0067-1.jpg",1024,512,false],"kreeti-medium":["https:\/\/veritasinfo.org\/wp-content\/uploads\/2025\/11\/IMG-20251117-WA0067-1.jpg",720,360,false],"kreeti-medium-square":["https:\/\/veritasinfo.org\/wp-content\/uploads\/2025\/11\/IMG-20251117-WA0067-1.jpg",350,175,false]},"author_info":{"info":["US5"]},"category_info":"<a href=\"https:\/\/veritasinfo.org\/?cat=58\" rel=\"category\">Politik\u00eb<\/a>","tag_info":"Politik\u00eb","comment_count":"0","_links":{"self":[{"href":"https:\/\/veritasinfo.org\/index.php?rest_route=\/wp\/v2\/posts\/21869","targetHints":{"allow":["GET"]}}],"collection":[{"href":"https:\/\/veritasinfo.org\/index.php?rest_route=\/wp\/v2\/posts"}],"about":[{"href":"https:\/\/veritasinfo.org\/index.php?rest_route=\/wp\/v2\/types\/post"}],"author":[{"embeddable":true,"href":"https:\/\/veritasinfo.org\/index.php?rest_route=\/wp\/v2\/users\/6"}],"replies":[{"embeddable":true,"href":"https:\/\/veritasinfo.org\/index.php?rest_route=%2Fwp%2Fv2%2Fcomments&post=21869"}],"version-history":[{"count":3,"href":"https:\/\/veritasinfo.org\/index.php?rest_route=\/wp\/v2\/posts\/21869\/revisions"}],"predecessor-version":[{"id":21879,"href":"https:\/\/veritasinfo.org\/index.php?rest_route=\/wp\/v2\/posts\/21869\/revisions\/21879"}],"wp:featuredmedia":[{"embeddable":true,"href":"https:\/\/veritasinfo.org\/index.php?rest_route=\/wp\/v2\/media\/21876"}],"wp:attachment":[{"href":"https:\/\/veritasinfo.org\/index.php?rest_route=%2Fwp%2Fv2%2Fmedia&parent=21869"}],"wp:term":[{"taxonomy":"category","embeddable":true,"href":"https:\/\/veritasinfo.org\/index.php?rest_route=%2Fwp%2Fv2%2Fcategories&post=21869"},{"taxonomy":"post_tag","embeddable":true,"href":"https:\/\/veritasinfo.org\/index.php?rest_route=%2Fwp%2Fv2%2Ftags&post=21869"}],"curies":[{"name":"wp","href":"https:\/\/api.w.org\/{rel}","templated":true}]}}