{"id":21855,"date":"2025-11-26T17:30:47","date_gmt":"2025-11-26T16:30:47","guid":{"rendered":"https:\/\/veritasinfo.org\/?p=21855"},"modified":"2025-11-26T17:30:47","modified_gmt":"2025-11-26T16:30:47","slug":"ish-nenkryetari-i-kllokotit-denohet-me-1-vit-burgim-per-akuzen-se-permes-kercenimit-siguronte-vota-per-listen-serbe","status":"publish","type":"post","link":"https:\/\/veritasinfo.org\/?p=21855","title":{"rendered":"Ish-n\u00ebnkryetari i Kllokotit d\u00ebnohet me 1 vit burgim p\u00ebr akuz\u00ebn se p\u00ebrmes k\u00ebrc\u00ebnimit siguronte vota p\u00ebr List\u00ebn Serbe"},"content":{"rendered":"<p>Prishtin\u00eb 26 N\u00ebntor 2025 17:29<\/p>\n<p>Prishtin\u00eb- Gjykata Themelore n\u00eb Prishtin\u00eb ka shpallur aktgjykim d\u00ebnues ndaj Sasha Mirkoviq, ish-n\u00ebnkryetar i Kllokotit, duke e d\u00ebnuar me 1 vit burgim lidhur me akuz\u00ebn p\u00ebr cenim t\u00eb p\u00ebrcaktimit t\u00eb lir\u00eb t\u00eb votuesve. <\/p>\n<p>Aktgjykimi ndaj Mirkoviq u shpall t\u00eb m\u00ebrkur\u00ebn nga kryetari i trupit gjykues, Lutfi Shala, raporton \u201cBetimi p\u00ebr Drejt\u00ebsi\u201c.<\/p>\n<p>Ndaj Mirkoviq, Gjykata ka shqiptuar edhe d\u00ebnim plot\u00ebsues- Ndalimi i ushtrimit t\u00eb funksionit n\u00eb administrat\u00eb publike ose n\u00eb sh\u00ebrbim publik n\u00eb koh\u00ebzgjatje prej 2 viteve.<\/p>\n<p>Gjykata obligoi t\u00eb akuzuarin q\u00eb n\u00eb em\u00ebr t\u00eb shpenzimeve gjyq\u00ebsor t\u00eb paguaj\u00eb shum\u00ebn prej 100 euro, 100 euro n\u00eb em\u00ebr t\u00eb paushallit gjyq\u00ebsor dhe 100 euro p\u00ebr Fondin e Kompensimit t\u00eb Viktimave.<\/p>\n<p>T\u00eb ngjajshme<br \/>\n25 N\u00ebn, 2025, 20:18<br \/>\nNdryshe, sipas aktakuz\u00ebs s\u00eb ngritur m\u00eb 14 gusht 2023 nga Prokuroria Speciale e Republik\u00ebs s\u00eb Kosov\u00ebs (PSRK), Sasha Mirkoviq akuzohej se n\u00eb periudh\u00ebn kohore janar \u2013 shkurt 2021, n\u00eb territorin e Komun\u00ebs s\u00eb Kllokotit, n\u00eb cil\u00ebsin\u00eb e n\u00ebnkryetarit t\u00eb Komun\u00ebs s\u00eb Kllokotit, n\u00eb bashk\u00ebkryerje me t\u00eb d\u00ebnuarin Bozhidar Dejanoviq dhe persona t\u00eb tjer\u00eb, ka p\u00ebrdorur kanosje serioze ndaj qytetar\u00ebve t\u00eb nacionalitetit serb\u00eb, me q\u00ebllim t\u00eb ndikimit n\u00eb vullnetin e tyre zgjedhor, gjat\u00eb periudh\u00ebs kohore para dhe gjat\u00eb zgjedhjeve t\u00eb P\u00ebrgjithshme t\u00eb Parakohshme Parlamentare t\u00eb mbajtura m\u00eb 14 shkurt 2021.<\/p>\n<p>N\u00eb aktakuz\u00eb thuhet se, s\u00eb bashku me kryetarin e Komun\u00ebs s\u00eb Kllokotit, t\u00eb d\u00ebnuarin Bozhidar Dejanoviq, kan\u00eb ushtruar presion dhe k\u00ebrc\u00ebnim serioz ndaj qytetar\u00ebve t\u00eb nacionalitetit serb\u00eb t\u00eb Komun\u00ebs s\u00eb Kllokotit, duke u k\u00ebrkuar q\u00eb t\u00eb votojn\u00eb p\u00ebr subjektet e caktuara politike, me k\u00ebrc\u00ebnimin se do t\u2019i largonin nga puna, ashtu q\u00eb Dejanoviq n\u00eb cil\u00ebsin\u00eb e kryetarit t\u00eb Komun\u00ebs, ka siguruar vota n\u00eb m\u00ebnyr\u00eb t\u00eb kund\u00ebrligjshme p\u00ebr subjektin politik \u201cLista Serbe\u201d.<\/p>\n<p>Gjithnj\u00eb sipas aktakuz\u00ebs, i akuzuari Mirkoviq, n\u00eb cil\u00ebsin\u00eb e n\u00ebnkryetarit t\u00eb Komun\u00ebs s\u00eb Kllokotit, ka siguruar vota me metoda t\u00eb nj\u00ebjta, p\u00ebr subjektin politik me num\u00ebr 129 \u201cUjedinjina Zajdenica- Ardiana Hoxhiq\u201d, duke i kanosur qytetar\u00ebt me humbje t\u00eb vendit t\u00eb pun\u00ebs apo me humbjen e t\u00eb drejt\u00ebs n\u00eb pages\u00eb sociale dhe k\u00ebshtu kan\u00eb ndikuar dhe i kan\u00eb detyruar qytetar\u00ebt q\u00eb t\u00eb votojn\u00eb n\u00eb m\u00ebnyr\u00eb t\u00eb caktuar, p\u00ebrkat\u00ebsisht p\u00ebr subjektin politik me num\u00ebr 129 \u201cUjedinjina Zajdenica- Ardiana Hoxhiq\u201d.<\/p>\n<p>Me k\u00ebt\u00eb, Sasha Mirkoviq akuzohej se n\u00eb bashk\u00ebkryerje ka kryer vepr\u00ebn penale \u201cCenimi i p\u00ebrcaktimi t\u00eb lir\u00eb t\u00eb votuesve\u201d e sanksionuar me nenin 210 t\u00eb Kodit Penal t\u00eb Republik\u00ebs s\u00eb Kosov\u00ebs, vep\u00ebr kjo e d\u00ebnueshme me nj\u00eb deri n\u00eb pes\u00eb vjet burg. \/Betimip\u00ebrDrejt\u00ebsi<\/p>\n<p>She\u0308nim: Personat e p\u00ebrmendur ne\u0308 ke\u0308te\u0308 artikull konsiderohen te\u0308 pafajshe\u0308m, pe\u0308rvec\u0327 ne\u0308se nga gjykata ve\u0308rtetohet se jane\u0308 fajtore\u0308 me vendim te\u0308 forme\u0308s se\u0308 prere\u0308.<\/p>\n","protected":false},"excerpt":{"rendered":"<p>Prishtin\u00eb 26 N\u00ebntor 2025 17:29 Prishtin\u00eb- Gjykata Themelore n\u00eb Prishtin\u00eb ka shpallur aktgjykim d\u00ebnues ndaj Sasha Mirkoviq, ish-n\u00ebnkryetar i Kllokotit, duke e d\u00ebnuar me 1<\/p>\n","protected":false},"author":6,"featured_media":21856,"comment_status":"open","ping_status":"open","sticky":false,"template":"","format":"standard","meta":{"footnotes":""},"categories":[58],"tags":[],"class_list":["post-21855","post","type-post","status-publish","format-standard","has-post-thumbnail","hentry","category-politike-sq"],"yoast_head":"<!-- This site is optimized with the Yoast SEO plugin v25.3.1 - https:\/\/yoast.com\/wordpress\/plugins\/seo\/ -->\n<title>Ish-n\u00ebnkryetari i Kllokotit d\u00ebnohet me 1 vit burgim p\u00ebr akuz\u00ebn se p\u00ebrmes k\u00ebrc\u00ebnimit siguronte vota p\u00ebr List\u00ebn Serbe -<\/title>\n<meta name=\"robots\" content=\"index, follow, max-snippet:-1, max-image-preview:large, max-video-preview:-1\" \/>\n<link rel=\"canonical\" href=\"https:\/\/veritasinfo.org\/?p=21855\" \/>\n<meta property=\"og:locale\" content=\"en_US\" \/>\n<meta property=\"og:type\" content=\"article\" \/>\n<meta property=\"og:title\" content=\"Ish-n\u00ebnkryetari i Kllokotit d\u00ebnohet me 1 vit burgim p\u00ebr akuz\u00ebn se p\u00ebrmes k\u00ebrc\u00ebnimit siguronte vota p\u00ebr List\u00ebn Serbe -\" \/>\n<meta property=\"og:description\" content=\"Prishtin\u00eb 26 N\u00ebntor 2025 17:29 Prishtin\u00eb- Gjykata Themelore n\u00eb Prishtin\u00eb ka shpallur aktgjykim d\u00ebnues ndaj Sasha Mirkoviq, ish-n\u00ebnkryetar i Kllokotit, duke e d\u00ebnuar me 1\" \/>\n<meta property=\"og:url\" content=\"https:\/\/veritasinfo.org\/?p=21855\" \/>\n<meta property=\"article:published_time\" content=\"2025-11-26T16:30:47+00:00\" \/>\n<meta property=\"og:image\" content=\"https:\/\/veritasinfo.org\/wp-content\/uploads\/2025\/11\/eddd-1-750x430-1.png\" \/>\n\t<meta property=\"og:image:width\" content=\"750\" \/>\n\t<meta property=\"og:image:height\" content=\"430\" \/>\n\t<meta property=\"og:image:type\" content=\"image\/png\" \/>\n<meta name=\"author\" content=\"US5\" \/>\n<meta name=\"twitter:card\" content=\"summary_large_image\" \/>\n<meta name=\"twitter:label1\" content=\"Written by\" \/>\n\t<meta name=\"twitter:data1\" content=\"US5\" \/>\n\t<meta name=\"twitter:label2\" content=\"Est. reading time\" \/>\n\t<meta name=\"twitter:data2\" content=\"1 minute\" \/>\n<script type=\"application\/ld+json\" class=\"yoast-schema-graph\">{\"@context\":\"https:\/\/schema.org\",\"@graph\":[{\"@type\":\"WebPage\",\"@id\":\"https:\/\/veritasinfo.org\/?p=21855\",\"url\":\"https:\/\/veritasinfo.org\/?p=21855\",\"name\":\"Ish-n\u00ebnkryetari i Kllokotit d\u00ebnohet me 1 vit burgim p\u00ebr akuz\u00ebn se p\u00ebrmes k\u00ebrc\u00ebnimit siguronte vota p\u00ebr List\u00ebn Serbe -\",\"isPartOf\":{\"@id\":\"https:\/\/veritasinfo.org\/#website\"},\"primaryImageOfPage\":{\"@id\":\"https:\/\/veritasinfo.org\/?p=21855#primaryimage\"},\"image\":{\"@id\":\"https:\/\/veritasinfo.org\/?p=21855#primaryimage\"},\"thumbnailUrl\":\"https:\/\/veritasinfo.org\/wp-content\/uploads\/2025\/11\/eddd-1-750x430-1.png\",\"datePublished\":\"2025-11-26T16:30:47+00:00\",\"author\":{\"@id\":\"https:\/\/veritasinfo.org\/#\/schema\/person\/bc442336e35414d04494ab8fb45db4c6\"},\"breadcrumb\":{\"@id\":\"https:\/\/veritasinfo.org\/?p=21855#breadcrumb\"},\"inLanguage\":\"en-US\",\"potentialAction\":[{\"@type\":\"ReadAction\",\"target\":[\"https:\/\/veritasinfo.org\/?p=21855\"]}]},{\"@type\":\"ImageObject\",\"inLanguage\":\"en-US\",\"@id\":\"https:\/\/veritasinfo.org\/?p=21855#primaryimage\",\"url\":\"https:\/\/veritasinfo.org\/wp-content\/uploads\/2025\/11\/eddd-1-750x430-1.png\",\"contentUrl\":\"https:\/\/veritasinfo.org\/wp-content\/uploads\/2025\/11\/eddd-1-750x430-1.png\",\"width\":750,\"height\":430},{\"@type\":\"BreadcrumbList\",\"@id\":\"https:\/\/veritasinfo.org\/?p=21855#breadcrumb\",\"itemListElement\":[{\"@type\":\"ListItem\",\"position\":1,\"name\":\"Home\",\"item\":\"https:\/\/veritasinfo.org\/\"},{\"@type\":\"ListItem\",\"position\":2,\"name\":\"Ish-n\u00ebnkryetari i Kllokotit d\u00ebnohet me 1 vit burgim p\u00ebr akuz\u00ebn se p\u00ebrmes k\u00ebrc\u00ebnimit siguronte vota p\u00ebr List\u00ebn Serbe\"}]},{\"@type\":\"WebSite\",\"@id\":\"https:\/\/veritasinfo.org\/#website\",\"url\":\"https:\/\/veritasinfo.org\/\",\"name\":\"\",\"description\":\"\",\"potentialAction\":[{\"@type\":\"SearchAction\",\"target\":{\"@type\":\"EntryPoint\",\"urlTemplate\":\"https:\/\/veritasinfo.org\/?s={search_term_string}\"},\"query-input\":{\"@type\":\"PropertyValueSpecification\",\"valueRequired\":true,\"valueName\":\"search_term_string\"}}],\"inLanguage\":\"en-US\"},{\"@type\":\"Person\",\"@id\":\"https:\/\/veritasinfo.org\/#\/schema\/person\/bc442336e35414d04494ab8fb45db4c6\",\"name\":\"US5\",\"image\":{\"@type\":\"ImageObject\",\"inLanguage\":\"en-US\",\"@id\":\"https:\/\/veritasinfo.org\/#\/schema\/person\/image\/\",\"url\":\"https:\/\/secure.gravatar.com\/avatar\/16a61e7272a0c5d001121ebb9e60e925d5816e4ac1e443ed3e640d9a6ae55d0c?s=96&d=mm&r=g\",\"contentUrl\":\"https:\/\/secure.gravatar.com\/avatar\/16a61e7272a0c5d001121ebb9e60e925d5816e4ac1e443ed3e640d9a6ae55d0c?s=96&d=mm&r=g\",\"caption\":\"US5\"},\"url\":\"https:\/\/veritasinfo.org\/?author=6\"}]}<\/script>\n<!-- \/ Yoast SEO plugin. -->","yoast_head_json":{"title":"Ish-n\u00ebnkryetari i Kllokotit d\u00ebnohet me 1 vit burgim p\u00ebr akuz\u00ebn se p\u00ebrmes k\u00ebrc\u00ebnimit siguronte vota p\u00ebr List\u00ebn Serbe -","robots":{"index":"index","follow":"follow","max-snippet":"max-snippet:-1","max-image-preview":"max-image-preview:large","max-video-preview":"max-video-preview:-1"},"canonical":"https:\/\/veritasinfo.org\/?p=21855","og_locale":"en_US","og_type":"article","og_title":"Ish-n\u00ebnkryetari i Kllokotit d\u00ebnohet me 1 vit burgim p\u00ebr akuz\u00ebn se p\u00ebrmes k\u00ebrc\u00ebnimit siguronte vota p\u00ebr List\u00ebn Serbe -","og_description":"Prishtin\u00eb 26 N\u00ebntor 2025 17:29 Prishtin\u00eb- Gjykata Themelore n\u00eb Prishtin\u00eb ka shpallur aktgjykim d\u00ebnues ndaj Sasha Mirkoviq, ish-n\u00ebnkryetar i Kllokotit, duke e d\u00ebnuar me 1","og_url":"https:\/\/veritasinfo.org\/?p=21855","article_published_time":"2025-11-26T16:30:47+00:00","og_image":[{"width":750,"height":430,"url":"https:\/\/veritasinfo.org\/wp-content\/uploads\/2025\/11\/eddd-1-750x430-1.png","type":"image\/png"}],"author":"US5","twitter_card":"summary_large_image","twitter_misc":{"Written by":"US5","Est. reading time":"1 minute"},"schema":{"@context":"https:\/\/schema.org","@graph":[{"@type":"WebPage","@id":"https:\/\/veritasinfo.org\/?p=21855","url":"https:\/\/veritasinfo.org\/?p=21855","name":"Ish-n\u00ebnkryetari i Kllokotit d\u00ebnohet me 1 vit burgim p\u00ebr akuz\u00ebn se p\u00ebrmes k\u00ebrc\u00ebnimit siguronte vota p\u00ebr List\u00ebn Serbe -","isPartOf":{"@id":"https:\/\/veritasinfo.org\/#website"},"primaryImageOfPage":{"@id":"https:\/\/veritasinfo.org\/?p=21855#primaryimage"},"image":{"@id":"https:\/\/veritasinfo.org\/?p=21855#primaryimage"},"thumbnailUrl":"https:\/\/veritasinfo.org\/wp-content\/uploads\/2025\/11\/eddd-1-750x430-1.png","datePublished":"2025-11-26T16:30:47+00:00","author":{"@id":"https:\/\/veritasinfo.org\/#\/schema\/person\/bc442336e35414d04494ab8fb45db4c6"},"breadcrumb":{"@id":"https:\/\/veritasinfo.org\/?p=21855#breadcrumb"},"inLanguage":"en-US","potentialAction":[{"@type":"ReadAction","target":["https:\/\/veritasinfo.org\/?p=21855"]}]},{"@type":"ImageObject","inLanguage":"en-US","@id":"https:\/\/veritasinfo.org\/?p=21855#primaryimage","url":"https:\/\/veritasinfo.org\/wp-content\/uploads\/2025\/11\/eddd-1-750x430-1.png","contentUrl":"https:\/\/veritasinfo.org\/wp-content\/uploads\/2025\/11\/eddd-1-750x430-1.png","width":750,"height":430},{"@type":"BreadcrumbList","@id":"https:\/\/veritasinfo.org\/?p=21855#breadcrumb","itemListElement":[{"@type":"ListItem","position":1,"name":"Home","item":"https:\/\/veritasinfo.org\/"},{"@type":"ListItem","position":2,"name":"Ish-n\u00ebnkryetari i Kllokotit d\u00ebnohet me 1 vit burgim p\u00ebr akuz\u00ebn se p\u00ebrmes k\u00ebrc\u00ebnimit siguronte vota p\u00ebr List\u00ebn Serbe"}]},{"@type":"WebSite","@id":"https:\/\/veritasinfo.org\/#website","url":"https:\/\/veritasinfo.org\/","name":"","description":"","potentialAction":[{"@type":"SearchAction","target":{"@type":"EntryPoint","urlTemplate":"https:\/\/veritasinfo.org\/?s={search_term_string}"},"query-input":{"@type":"PropertyValueSpecification","valueRequired":true,"valueName":"search_term_string"}}],"inLanguage":"en-US"},{"@type":"Person","@id":"https:\/\/veritasinfo.org\/#\/schema\/person\/bc442336e35414d04494ab8fb45db4c6","name":"US5","image":{"@type":"ImageObject","inLanguage":"en-US","@id":"https:\/\/veritasinfo.org\/#\/schema\/person\/image\/","url":"https:\/\/secure.gravatar.com\/avatar\/16a61e7272a0c5d001121ebb9e60e925d5816e4ac1e443ed3e640d9a6ae55d0c?s=96&d=mm&r=g","contentUrl":"https:\/\/secure.gravatar.com\/avatar\/16a61e7272a0c5d001121ebb9e60e925d5816e4ac1e443ed3e640d9a6ae55d0c?s=96&d=mm&r=g","caption":"US5"},"url":"https:\/\/veritasinfo.org\/?author=6"}]}},"featured_image_urls":{"full":["https:\/\/veritasinfo.org\/wp-content\/uploads\/2025\/11\/eddd-1-750x430-1.png",750,430,false],"thumbnail":["https:\/\/veritasinfo.org\/wp-content\/uploads\/2025\/11\/eddd-1-750x430-1-150x150.png",150,150,true],"medium":["https:\/\/veritasinfo.org\/wp-content\/uploads\/2025\/11\/eddd-1-750x430-1-300x172.png",300,172,true],"medium_large":["https:\/\/veritasinfo.org\/wp-content\/uploads\/2025\/11\/eddd-1-750x430-1.png",640,367,false],"large":["https:\/\/veritasinfo.org\/wp-content\/uploads\/2025\/11\/eddd-1-750x430-1.png",640,367,false],"1536x1536":["https:\/\/veritasinfo.org\/wp-content\/uploads\/2025\/11\/eddd-1-750x430-1.png",750,430,false],"2048x2048":["https:\/\/veritasinfo.org\/wp-content\/uploads\/2025\/11\/eddd-1-750x430-1.png",750,430,false],"kreeti-slider-full":["https:\/\/veritasinfo.org\/wp-content\/uploads\/2025\/11\/eddd-1-750x430-1.png",750,430,false],"kreeti-featured":["https:\/\/veritasinfo.org\/wp-content\/uploads\/2025\/11\/eddd-1-750x430-1.png",750,430,false],"kreeti-medium":["https:\/\/veritasinfo.org\/wp-content\/uploads\/2025\/11\/eddd-1-750x430-1.png",720,413,false],"kreeti-medium-square":["https:\/\/veritasinfo.org\/wp-content\/uploads\/2025\/11\/eddd-1-750x430-1.png",350,201,false]},"author_info":{"info":["US5"]},"category_info":"<a href=\"https:\/\/veritasinfo.org\/?cat=58\" rel=\"category\">Politik\u00eb<\/a>","tag_info":"Politik\u00eb","comment_count":"0","_links":{"self":[{"href":"https:\/\/veritasinfo.org\/index.php?rest_route=\/wp\/v2\/posts\/21855","targetHints":{"allow":["GET"]}}],"collection":[{"href":"https:\/\/veritasinfo.org\/index.php?rest_route=\/wp\/v2\/posts"}],"about":[{"href":"https:\/\/veritasinfo.org\/index.php?rest_route=\/wp\/v2\/types\/post"}],"author":[{"embeddable":true,"href":"https:\/\/veritasinfo.org\/index.php?rest_route=\/wp\/v2\/users\/6"}],"replies":[{"embeddable":true,"href":"https:\/\/veritasinfo.org\/index.php?rest_route=%2Fwp%2Fv2%2Fcomments&post=21855"}],"version-history":[{"count":1,"href":"https:\/\/veritasinfo.org\/index.php?rest_route=\/wp\/v2\/posts\/21855\/revisions"}],"predecessor-version":[{"id":21857,"href":"https:\/\/veritasinfo.org\/index.php?rest_route=\/wp\/v2\/posts\/21855\/revisions\/21857"}],"wp:featuredmedia":[{"embeddable":true,"href":"https:\/\/veritasinfo.org\/index.php?rest_route=\/wp\/v2\/media\/21856"}],"wp:attachment":[{"href":"https:\/\/veritasinfo.org\/index.php?rest_route=%2Fwp%2Fv2%2Fmedia&parent=21855"}],"wp:term":[{"taxonomy":"category","embeddable":true,"href":"https:\/\/veritasinfo.org\/index.php?rest_route=%2Fwp%2Fv2%2Fcategories&post=21855"},{"taxonomy":"post_tag","embeddable":true,"href":"https:\/\/veritasinfo.org\/index.php?rest_route=%2Fwp%2Fv2%2Ftags&post=21855"}],"curies":[{"name":"wp","href":"https:\/\/api.w.org\/{rel}","templated":true}]}}