{"id":21842,"date":"2025-11-26T15:56:04","date_gmt":"2025-11-26T14:56:04","guid":{"rendered":"https:\/\/veritasinfo.org\/?p=21842"},"modified":"2025-11-26T15:56:04","modified_gmt":"2025-11-26T14:56:04","slug":"dita-e-forces-jashari-falenderon-ushtaraket-per-sherbimin-ndaj-atdheut","status":"publish","type":"post","link":"https:\/\/veritasinfo.org\/?p=21842","title":{"rendered":"Dita e Forc\u00ebs: Jashari fal\u00ebnderon ushtarak\u00ebt p\u00ebr sh\u00ebrbimin ndaj atdheut"},"content":{"rendered":"<p>Prishtin\u00eb 26 N\u00ebntor 2025 15:54<\/p>\n<p>Me rastin e sh\u00ebnimit t\u00eb \u201cDit\u00ebs s\u00eb Forc\u00ebs\u201d, komandanti i Forc\u00ebs s\u00eb Siguris\u00eb s\u00eb Kosov\u00ebs, gjenerallejt\u00ebnant Bashkim Jashari, ka d\u00ebrguar nj\u00eb urim p\u00ebr t\u00eb gjith\u00eb pjes\u00ebtar\u00ebt aktiv\u00eb dhe rezerv\u00eb t\u00eb FSK-s\u00eb dhe Ministris\u00eb s\u00eb Mbrojtjes, si dhe p\u00ebr qytetar\u00ebt e Republik\u00ebs s\u00eb Kosov\u00ebs.<\/p>\n<p>N\u00eb urimin e tij, Jashari theksoi se FSK-ja, q\u00eb nga themelimi, ka d\u00ebshmuar p\u00ebrkushtim, profesionaliz\u00ebm dhe disiplin\u00eb n\u00eb p\u00ebrmbushjen e misionit t\u00eb saj p\u00ebr mbrojtjen e sovranitetit dhe integritetit territorial t\u00eb vendit.<\/p>\n<p>\u201cFSK, q\u00eb nga themelimi e deri m\u00eb sot, ka d\u00ebshmuar p\u00ebrkushtim, profesionaliz\u00ebm dhe disiplin\u00eb n\u00eb p\u00ebrmbushjen e misionit t\u00eb saj p\u00ebr mbrojtjen e sovranitetit dhe integritetit territorial t\u00eb Republik\u00ebs s\u00eb Kosov\u00ebs, p\u00ebr mb\u00ebshtetjen e paqes, siguris\u00eb dhe zhvillimit t\u00eb vendit ton\u00eb\u201d, ka theksuar ai.<\/p>\n<p>Jashari u shprehu fal\u00ebnderime dhe mir\u00ebnjohje t\u00eb gjith\u00eb pjes\u00ebtar\u00ebve t\u00eb FSK-s\u00eb p\u00ebr p\u00ebrkushtimin dhe sakrific\u00ebn e p\u00ebrditshme n\u00eb sh\u00ebrbim t\u00eb atdheut.<\/p>\n<p>\u201cUrime t\u00eb gjith\u00eb pjes\u00ebtar\u00ebve t\u00eb FSK-s\u00eb, bashk\u00eb me nder e p\u00ebrkushtim, do t\u00eb vazhdojm\u00eb ta forcojm\u00eb Forc\u00ebn ton\u00eb dhe ta mbrojm\u00eb atdheun ton\u00eb t\u00eb dashur\u201d, u shpreh komandanti Jashari.<\/p>\n","protected":false},"excerpt":{"rendered":"<p>Prishtin\u00eb 26 N\u00ebntor 2025 15:54 Me rastin e sh\u00ebnimit t\u00eb \u201cDit\u00ebs s\u00eb Forc\u00ebs\u201d, komandanti i Forc\u00ebs s\u00eb Siguris\u00eb s\u00eb Kosov\u00ebs, gjenerallejt\u00ebnant Bashkim Jashari, ka d\u00ebrguar<\/p>\n","protected":false},"author":6,"featured_media":21843,"comment_status":"open","ping_status":"open","sticky":false,"template":"","format":"standard","meta":{"footnotes":""},"categories":[58],"tags":[],"class_list":["post-21842","post","type-post","status-publish","format-standard","has-post-thumbnail","hentry","category-politike-sq"],"yoast_head":"<!-- This site is optimized with the Yoast SEO plugin v25.3.1 - https:\/\/yoast.com\/wordpress\/plugins\/seo\/ -->\n<title>Dita e Forc\u00ebs: Jashari fal\u00ebnderon ushtarak\u00ebt p\u00ebr sh\u00ebrbimin ndaj atdheut -<\/title>\n<meta name=\"robots\" content=\"index, follow, max-snippet:-1, max-image-preview:large, max-video-preview:-1\" \/>\n<link rel=\"canonical\" href=\"https:\/\/veritasinfo.org\/?p=21842\" \/>\n<meta property=\"og:locale\" content=\"en_US\" \/>\n<meta property=\"og:type\" content=\"article\" \/>\n<meta property=\"og:title\" content=\"Dita e Forc\u00ebs: Jashari fal\u00ebnderon ushtarak\u00ebt p\u00ebr sh\u00ebrbimin ndaj atdheut -\" \/>\n<meta property=\"og:description\" content=\"Prishtin\u00eb 26 N\u00ebntor 2025 15:54 Me rastin e sh\u00ebnimit t\u00eb \u201cDit\u00ebs s\u00eb Forc\u00ebs\u201d, komandanti i Forc\u00ebs s\u00eb Siguris\u00eb s\u00eb Kosov\u00ebs, gjenerallejt\u00ebnant Bashkim Jashari, ka d\u00ebrguar\" \/>\n<meta property=\"og:url\" content=\"https:\/\/veritasinfo.org\/?p=21842\" \/>\n<meta property=\"article:published_time\" content=\"2025-11-26T14:56:04+00:00\" \/>\n<meta property=\"og:image\" content=\"https:\/\/veritasinfo.org\/wp-content\/uploads\/2025\/11\/710551-BjuddFGM3s.jpg\" \/>\n\t<meta property=\"og:image:width\" content=\"780\" \/>\n\t<meta property=\"og:image:height\" content=\"500\" \/>\n\t<meta property=\"og:image:type\" content=\"image\/jpeg\" \/>\n<meta name=\"author\" content=\"US5\" \/>\n<meta name=\"twitter:card\" content=\"summary_large_image\" \/>\n<meta name=\"twitter:label1\" content=\"Written by\" \/>\n\t<meta name=\"twitter:data1\" content=\"US5\" \/>\n<script type=\"application\/ld+json\" class=\"yoast-schema-graph\">{\"@context\":\"https:\/\/schema.org\",\"@graph\":[{\"@type\":\"WebPage\",\"@id\":\"https:\/\/veritasinfo.org\/?p=21842\",\"url\":\"https:\/\/veritasinfo.org\/?p=21842\",\"name\":\"Dita e Forc\u00ebs: Jashari fal\u00ebnderon ushtarak\u00ebt p\u00ebr sh\u00ebrbimin ndaj atdheut -\",\"isPartOf\":{\"@id\":\"https:\/\/veritasinfo.org\/#website\"},\"primaryImageOfPage\":{\"@id\":\"https:\/\/veritasinfo.org\/?p=21842#primaryimage\"},\"image\":{\"@id\":\"https:\/\/veritasinfo.org\/?p=21842#primaryimage\"},\"thumbnailUrl\":\"https:\/\/veritasinfo.org\/wp-content\/uploads\/2025\/11\/710551-BjuddFGM3s.jpg\",\"datePublished\":\"2025-11-26T14:56:04+00:00\",\"author\":{\"@id\":\"https:\/\/veritasinfo.org\/#\/schema\/person\/bc442336e35414d04494ab8fb45db4c6\"},\"breadcrumb\":{\"@id\":\"https:\/\/veritasinfo.org\/?p=21842#breadcrumb\"},\"inLanguage\":\"en-US\",\"potentialAction\":[{\"@type\":\"ReadAction\",\"target\":[\"https:\/\/veritasinfo.org\/?p=21842\"]}]},{\"@type\":\"ImageObject\",\"inLanguage\":\"en-US\",\"@id\":\"https:\/\/veritasinfo.org\/?p=21842#primaryimage\",\"url\":\"https:\/\/veritasinfo.org\/wp-content\/uploads\/2025\/11\/710551-BjuddFGM3s.jpg\",\"contentUrl\":\"https:\/\/veritasinfo.org\/wp-content\/uploads\/2025\/11\/710551-BjuddFGM3s.jpg\",\"width\":780,\"height\":500},{\"@type\":\"BreadcrumbList\",\"@id\":\"https:\/\/veritasinfo.org\/?p=21842#breadcrumb\",\"itemListElement\":[{\"@type\":\"ListItem\",\"position\":1,\"name\":\"Home\",\"item\":\"https:\/\/veritasinfo.org\/\"},{\"@type\":\"ListItem\",\"position\":2,\"name\":\"Dita e Forc\u00ebs: Jashari fal\u00ebnderon ushtarak\u00ebt p\u00ebr sh\u00ebrbimin ndaj atdheut\"}]},{\"@type\":\"WebSite\",\"@id\":\"https:\/\/veritasinfo.org\/#website\",\"url\":\"https:\/\/veritasinfo.org\/\",\"name\":\"\",\"description\":\"\",\"potentialAction\":[{\"@type\":\"SearchAction\",\"target\":{\"@type\":\"EntryPoint\",\"urlTemplate\":\"https:\/\/veritasinfo.org\/?s={search_term_string}\"},\"query-input\":{\"@type\":\"PropertyValueSpecification\",\"valueRequired\":true,\"valueName\":\"search_term_string\"}}],\"inLanguage\":\"en-US\"},{\"@type\":\"Person\",\"@id\":\"https:\/\/veritasinfo.org\/#\/schema\/person\/bc442336e35414d04494ab8fb45db4c6\",\"name\":\"US5\",\"image\":{\"@type\":\"ImageObject\",\"inLanguage\":\"en-US\",\"@id\":\"https:\/\/veritasinfo.org\/#\/schema\/person\/image\/\",\"url\":\"https:\/\/secure.gravatar.com\/avatar\/16a61e7272a0c5d001121ebb9e60e925d5816e4ac1e443ed3e640d9a6ae55d0c?s=96&d=mm&r=g\",\"contentUrl\":\"https:\/\/secure.gravatar.com\/avatar\/16a61e7272a0c5d001121ebb9e60e925d5816e4ac1e443ed3e640d9a6ae55d0c?s=96&d=mm&r=g\",\"caption\":\"US5\"},\"url\":\"https:\/\/veritasinfo.org\/?author=6\"}]}<\/script>\n<!-- \/ Yoast SEO plugin. -->","yoast_head_json":{"title":"Dita e Forc\u00ebs: Jashari fal\u00ebnderon ushtarak\u00ebt p\u00ebr sh\u00ebrbimin ndaj atdheut -","robots":{"index":"index","follow":"follow","max-snippet":"max-snippet:-1","max-image-preview":"max-image-preview:large","max-video-preview":"max-video-preview:-1"},"canonical":"https:\/\/veritasinfo.org\/?p=21842","og_locale":"en_US","og_type":"article","og_title":"Dita e Forc\u00ebs: Jashari fal\u00ebnderon ushtarak\u00ebt p\u00ebr sh\u00ebrbimin ndaj atdheut -","og_description":"Prishtin\u00eb 26 N\u00ebntor 2025 15:54 Me rastin e sh\u00ebnimit t\u00eb \u201cDit\u00ebs s\u00eb Forc\u00ebs\u201d, komandanti i Forc\u00ebs s\u00eb Siguris\u00eb s\u00eb Kosov\u00ebs, gjenerallejt\u00ebnant Bashkim Jashari, ka d\u00ebrguar","og_url":"https:\/\/veritasinfo.org\/?p=21842","article_published_time":"2025-11-26T14:56:04+00:00","og_image":[{"width":780,"height":500,"url":"https:\/\/veritasinfo.org\/wp-content\/uploads\/2025\/11\/710551-BjuddFGM3s.jpg","type":"image\/jpeg"}],"author":"US5","twitter_card":"summary_large_image","twitter_misc":{"Written by":"US5"},"schema":{"@context":"https:\/\/schema.org","@graph":[{"@type":"WebPage","@id":"https:\/\/veritasinfo.org\/?p=21842","url":"https:\/\/veritasinfo.org\/?p=21842","name":"Dita e Forc\u00ebs: Jashari fal\u00ebnderon ushtarak\u00ebt p\u00ebr sh\u00ebrbimin ndaj atdheut -","isPartOf":{"@id":"https:\/\/veritasinfo.org\/#website"},"primaryImageOfPage":{"@id":"https:\/\/veritasinfo.org\/?p=21842#primaryimage"},"image":{"@id":"https:\/\/veritasinfo.org\/?p=21842#primaryimage"},"thumbnailUrl":"https:\/\/veritasinfo.org\/wp-content\/uploads\/2025\/11\/710551-BjuddFGM3s.jpg","datePublished":"2025-11-26T14:56:04+00:00","author":{"@id":"https:\/\/veritasinfo.org\/#\/schema\/person\/bc442336e35414d04494ab8fb45db4c6"},"breadcrumb":{"@id":"https:\/\/veritasinfo.org\/?p=21842#breadcrumb"},"inLanguage":"en-US","potentialAction":[{"@type":"ReadAction","target":["https:\/\/veritasinfo.org\/?p=21842"]}]},{"@type":"ImageObject","inLanguage":"en-US","@id":"https:\/\/veritasinfo.org\/?p=21842#primaryimage","url":"https:\/\/veritasinfo.org\/wp-content\/uploads\/2025\/11\/710551-BjuddFGM3s.jpg","contentUrl":"https:\/\/veritasinfo.org\/wp-content\/uploads\/2025\/11\/710551-BjuddFGM3s.jpg","width":780,"height":500},{"@type":"BreadcrumbList","@id":"https:\/\/veritasinfo.org\/?p=21842#breadcrumb","itemListElement":[{"@type":"ListItem","position":1,"name":"Home","item":"https:\/\/veritasinfo.org\/"},{"@type":"ListItem","position":2,"name":"Dita e Forc\u00ebs: Jashari fal\u00ebnderon ushtarak\u00ebt p\u00ebr sh\u00ebrbimin ndaj atdheut"}]},{"@type":"WebSite","@id":"https:\/\/veritasinfo.org\/#website","url":"https:\/\/veritasinfo.org\/","name":"","description":"","potentialAction":[{"@type":"SearchAction","target":{"@type":"EntryPoint","urlTemplate":"https:\/\/veritasinfo.org\/?s={search_term_string}"},"query-input":{"@type":"PropertyValueSpecification","valueRequired":true,"valueName":"search_term_string"}}],"inLanguage":"en-US"},{"@type":"Person","@id":"https:\/\/veritasinfo.org\/#\/schema\/person\/bc442336e35414d04494ab8fb45db4c6","name":"US5","image":{"@type":"ImageObject","inLanguage":"en-US","@id":"https:\/\/veritasinfo.org\/#\/schema\/person\/image\/","url":"https:\/\/secure.gravatar.com\/avatar\/16a61e7272a0c5d001121ebb9e60e925d5816e4ac1e443ed3e640d9a6ae55d0c?s=96&d=mm&r=g","contentUrl":"https:\/\/secure.gravatar.com\/avatar\/16a61e7272a0c5d001121ebb9e60e925d5816e4ac1e443ed3e640d9a6ae55d0c?s=96&d=mm&r=g","caption":"US5"},"url":"https:\/\/veritasinfo.org\/?author=6"}]}},"featured_image_urls":{"full":["https:\/\/veritasinfo.org\/wp-content\/uploads\/2025\/11\/710551-BjuddFGM3s.jpg",780,500,false],"thumbnail":["https:\/\/veritasinfo.org\/wp-content\/uploads\/2025\/11\/710551-BjuddFGM3s-150x150.jpg",150,150,true],"medium":["https:\/\/veritasinfo.org\/wp-content\/uploads\/2025\/11\/710551-BjuddFGM3s-300x192.jpg",300,192,true],"medium_large":["https:\/\/veritasinfo.org\/wp-content\/uploads\/2025\/11\/710551-BjuddFGM3s-768x492.jpg",640,410,true],"large":["https:\/\/veritasinfo.org\/wp-content\/uploads\/2025\/11\/710551-BjuddFGM3s.jpg",640,410,false],"1536x1536":["https:\/\/veritasinfo.org\/wp-content\/uploads\/2025\/11\/710551-BjuddFGM3s.jpg",780,500,false],"2048x2048":["https:\/\/veritasinfo.org\/wp-content\/uploads\/2025\/11\/710551-BjuddFGM3s.jpg",780,500,false],"kreeti-slider-full":["https:\/\/veritasinfo.org\/wp-content\/uploads\/2025\/11\/710551-BjuddFGM3s.jpg",780,500,false],"kreeti-featured":["https:\/\/veritasinfo.org\/wp-content\/uploads\/2025\/11\/710551-BjuddFGM3s.jpg",780,500,false],"kreeti-medium":["https:\/\/veritasinfo.org\/wp-content\/uploads\/2025\/11\/710551-BjuddFGM3s.jpg",720,462,false],"kreeti-medium-square":["https:\/\/veritasinfo.org\/wp-content\/uploads\/2025\/11\/710551-BjuddFGM3s.jpg",350,224,false]},"author_info":{"info":["US5"]},"category_info":"<a href=\"https:\/\/veritasinfo.org\/?cat=58\" rel=\"category\">Politik\u00eb<\/a>","tag_info":"Politik\u00eb","comment_count":"0","_links":{"self":[{"href":"https:\/\/veritasinfo.org\/index.php?rest_route=\/wp\/v2\/posts\/21842","targetHints":{"allow":["GET"]}}],"collection":[{"href":"https:\/\/veritasinfo.org\/index.php?rest_route=\/wp\/v2\/posts"}],"about":[{"href":"https:\/\/veritasinfo.org\/index.php?rest_route=\/wp\/v2\/types\/post"}],"author":[{"embeddable":true,"href":"https:\/\/veritasinfo.org\/index.php?rest_route=\/wp\/v2\/users\/6"}],"replies":[{"embeddable":true,"href":"https:\/\/veritasinfo.org\/index.php?rest_route=%2Fwp%2Fv2%2Fcomments&post=21842"}],"version-history":[{"count":1,"href":"https:\/\/veritasinfo.org\/index.php?rest_route=\/wp\/v2\/posts\/21842\/revisions"}],"predecessor-version":[{"id":21844,"href":"https:\/\/veritasinfo.org\/index.php?rest_route=\/wp\/v2\/posts\/21842\/revisions\/21844"}],"wp:featuredmedia":[{"embeddable":true,"href":"https:\/\/veritasinfo.org\/index.php?rest_route=\/wp\/v2\/media\/21843"}],"wp:attachment":[{"href":"https:\/\/veritasinfo.org\/index.php?rest_route=%2Fwp%2Fv2%2Fmedia&parent=21842"}],"wp:term":[{"taxonomy":"category","embeddable":true,"href":"https:\/\/veritasinfo.org\/index.php?rest_route=%2Fwp%2Fv2%2Fcategories&post=21842"},{"taxonomy":"post_tag","embeddable":true,"href":"https:\/\/veritasinfo.org\/index.php?rest_route=%2Fwp%2Fv2%2Ftags&post=21842"}],"curies":[{"name":"wp","href":"https:\/\/api.w.org\/{rel}","templated":true}]}}