{"id":21837,"date":"2025-11-26T15:52:00","date_gmt":"2025-11-26T14:52:00","guid":{"rendered":"https:\/\/veritasinfo.org\/?p=21837"},"modified":"2025-11-26T15:52:00","modified_gmt":"2025-11-26T14:52:00","slug":"kurti-kosova-drejt-shnderrimit-ne-qender-rajonale-te-industrise-se-drurit","status":"publish","type":"post","link":"https:\/\/veritasinfo.org\/?p=21837","title":{"rendered":"Kurti: Kosova drejt shnd\u00ebrrimit n\u00eb qend\u00ebr rajonale t\u00eb industris\u00eb s\u00eb drurit"},"content":{"rendered":"<p>Prishtin\u00eb 26 n\u00ebntor 2025 15:53<\/p>\n<p>Kryeministri n\u00eb detyr\u00eb i Kosov\u00ebs, Albin Kurti, ka b\u00ebr\u00eb thirrje p\u00ebr m\u00eb shum\u00eb bashk\u00ebpunim, inovacion dhe zhvillim n\u00eb sektorin e p\u00ebrpunimit t\u00eb drurit, gjat\u00eb adresimit t\u00eb tij n\u00eb Edicionin e 8-t\u00eb t\u00eb Konvent\u00ebs s\u00eb Industris\u00eb s\u00eb Drurit 2025, t\u00eb organizuar nga Shoqata e P\u00ebrpunuesve t\u00eb Drurit t\u00eb Kosov\u00ebs \u2013 Wood Cluster (SHPDK).<\/p>\n<p>N\u00eb fjal\u00ebn e tij, Kurti u shpreh se Qeveria \u00ebsht\u00eb e p\u00ebrkushtuar t\u00eb jet\u00eb \u201cpartner i bizneseve\u201d, duke theksuar investimet n\u00eb arsim profesional dual, digjitalizim t\u00eb sh\u00ebrbimeve, inovacion, makineri moderne, rritje t\u00eb kapaciteteve eksportuese dhe standarde t\u00eb q\u00ebndrueshme t\u00eb menaxhimit t\u00eb pyjeve.<\/p>\n<p>Ai theksoi se produktet \u201cMade in Kosova\u201d po fitojn\u00eb terren n\u00eb tregjet evropiane e rajonale, si garanci e cil\u00ebsis\u00eb dhe jo kompromis i saj. Sipas tij, vizioni i Qeveris\u00eb \u00ebsht\u00eb q\u00eb Kosova t\u00eb shnd\u00ebrrohet n\u00eb qend\u00ebr rajonale t\u00eb prodhimit t\u00eb mobileve dhe t\u00eb produkteve t\u00eb drurit.<\/p>\n<p>Kurti vuri n\u00eb pah se Kosova kryeson n\u00eb rajon p\u00ebr p\u00ebrmir\u00ebsim t\u00eb lirive, demokracis\u00eb dhe qeverisjes, duke e b\u00ebr\u00eb vendin m\u00eb t\u00eb besuesh\u00ebm p\u00ebr bashk\u00ebpunim e investime. Ai p\u00ebrmendi edhe vler\u00ebsimin e &#8216;Gallup International&#8217;, sipas t\u00eb cilit Kosova renditet vendi m\u00eb i sigurt n\u00eb Evrop\u00eb dhe i treti n\u00eb bot\u00eb p\u00ebr rend dhe siguri, \u00e7ka, sipas tij, paraqet nj\u00eb sinjal t\u00eb qart\u00eb p\u00ebr partner\u00ebt nd\u00ebrkomb\u00ebtar\u00eb.<\/p>\n<p>Kurti n\u00ebnvizoi p\u00ebrkushtimin e Qeveris\u00eb p\u00ebr krijimin e nj\u00eb mjedisi m\u00eb t\u00eb favorsh\u00ebm p\u00ebr bizneset, me m\u00eb pak barriera dhe m\u00eb shum\u00eb mund\u00ebsi, \u00e7ka ndihmon kompanit\u00eb e drurit dhe t\u00eb prodhimit t\u00eb mobilieve t\u00eb zgjerohen drejt tregjeve t\u00eb huaja dhe t\u00eb t\u00ebrheqin investime t\u00eb reja.<\/p>\n<p>N\u00eb k\u00ebt\u00eb Konvent\u00eb, ku Kurti mori pjes\u00eb bashk\u00eb me ministren n\u00eb detyr\u00eb t\u00eb Industris\u00eb, Nd\u00ebrmarr\u00ebsis\u00eb dhe Tregtis\u00eb, Rozeta Hajdari, u mblodh\u00ebn p\u00ebrfaq\u00ebsues t\u00eb bizneseve, institucioneve, universiteteve, donator\u00ebve dhe ekspert\u00ebve vendor\u00eb e nd\u00ebrkomb\u00ebtar\u00eb p\u00ebr t\u00eb diskutuar zhvillimin, inovacionin dhe t\u00eb ardhmen e sektorit.<\/p>\n","protected":false},"excerpt":{"rendered":"<p>Prishtin\u00eb 26 n\u00ebntor 2025 15:53 Kryeministri n\u00eb detyr\u00eb i Kosov\u00ebs, Albin Kurti, ka b\u00ebr\u00eb thirrje p\u00ebr m\u00eb shum\u00eb bashk\u00ebpunim, inovacion dhe zhvillim n\u00eb sektorin e<\/p>\n","protected":false},"author":6,"featured_media":21838,"comment_status":"open","ping_status":"open","sticky":false,"template":"","format":"standard","meta":{"footnotes":""},"categories":[58],"tags":[],"class_list":["post-21837","post","type-post","status-publish","format-standard","has-post-thumbnail","hentry","category-politike-sq"],"yoast_head":"<!-- This site is optimized with the Yoast SEO plugin v25.3.1 - https:\/\/yoast.com\/wordpress\/plugins\/seo\/ -->\n<title>Kurti: Kosova drejt shnd\u00ebrrimit n\u00eb qend\u00ebr rajonale t\u00eb industris\u00eb s\u00eb drurit -<\/title>\n<meta name=\"robots\" content=\"index, follow, max-snippet:-1, max-image-preview:large, max-video-preview:-1\" \/>\n<link rel=\"canonical\" href=\"https:\/\/veritasinfo.org\/?p=21837\" \/>\n<meta property=\"og:locale\" content=\"en_US\" \/>\n<meta property=\"og:type\" content=\"article\" \/>\n<meta property=\"og:title\" content=\"Kurti: Kosova drejt shnd\u00ebrrimit n\u00eb qend\u00ebr rajonale t\u00eb industris\u00eb s\u00eb drurit -\" \/>\n<meta property=\"og:description\" content=\"Prishtin\u00eb 26 n\u00ebntor 2025 15:53 Kryeministri n\u00eb detyr\u00eb i Kosov\u00ebs, Albin Kurti, ka b\u00ebr\u00eb thirrje p\u00ebr m\u00eb shum\u00eb bashk\u00ebpunim, inovacion dhe zhvillim n\u00eb sektorin e\" \/>\n<meta property=\"og:url\" content=\"https:\/\/veritasinfo.org\/?p=21837\" \/>\n<meta property=\"article:published_time\" content=\"2025-11-26T14:52:00+00:00\" \/>\n<meta property=\"og:image\" content=\"https:\/\/veritasinfo.org\/wp-content\/uploads\/2025\/11\/710549-qzxr6vnXrh.jpg\" \/>\n\t<meta property=\"og:image:width\" content=\"780\" \/>\n\t<meta property=\"og:image:height\" content=\"500\" \/>\n\t<meta property=\"og:image:type\" content=\"image\/jpeg\" \/>\n<meta name=\"author\" content=\"US5\" \/>\n<meta name=\"twitter:card\" content=\"summary_large_image\" \/>\n<meta name=\"twitter:label1\" content=\"Written by\" \/>\n\t<meta name=\"twitter:data1\" content=\"US5\" \/>\n<script type=\"application\/ld+json\" class=\"yoast-schema-graph\">{\"@context\":\"https:\/\/schema.org\",\"@graph\":[{\"@type\":\"WebPage\",\"@id\":\"https:\/\/veritasinfo.org\/?p=21837\",\"url\":\"https:\/\/veritasinfo.org\/?p=21837\",\"name\":\"Kurti: Kosova drejt shnd\u00ebrrimit n\u00eb qend\u00ebr rajonale t\u00eb industris\u00eb s\u00eb drurit -\",\"isPartOf\":{\"@id\":\"https:\/\/veritasinfo.org\/#website\"},\"primaryImageOfPage\":{\"@id\":\"https:\/\/veritasinfo.org\/?p=21837#primaryimage\"},\"image\":{\"@id\":\"https:\/\/veritasinfo.org\/?p=21837#primaryimage\"},\"thumbnailUrl\":\"https:\/\/veritasinfo.org\/wp-content\/uploads\/2025\/11\/710549-qzxr6vnXrh.jpg\",\"datePublished\":\"2025-11-26T14:52:00+00:00\",\"author\":{\"@id\":\"https:\/\/veritasinfo.org\/#\/schema\/person\/bc442336e35414d04494ab8fb45db4c6\"},\"breadcrumb\":{\"@id\":\"https:\/\/veritasinfo.org\/?p=21837#breadcrumb\"},\"inLanguage\":\"en-US\",\"potentialAction\":[{\"@type\":\"ReadAction\",\"target\":[\"https:\/\/veritasinfo.org\/?p=21837\"]}]},{\"@type\":\"ImageObject\",\"inLanguage\":\"en-US\",\"@id\":\"https:\/\/veritasinfo.org\/?p=21837#primaryimage\",\"url\":\"https:\/\/veritasinfo.org\/wp-content\/uploads\/2025\/11\/710549-qzxr6vnXrh.jpg\",\"contentUrl\":\"https:\/\/veritasinfo.org\/wp-content\/uploads\/2025\/11\/710549-qzxr6vnXrh.jpg\",\"width\":780,\"height\":500},{\"@type\":\"BreadcrumbList\",\"@id\":\"https:\/\/veritasinfo.org\/?p=21837#breadcrumb\",\"itemListElement\":[{\"@type\":\"ListItem\",\"position\":1,\"name\":\"Home\",\"item\":\"https:\/\/veritasinfo.org\/\"},{\"@type\":\"ListItem\",\"position\":2,\"name\":\"Kurti: Kosova drejt shnd\u00ebrrimit n\u00eb qend\u00ebr rajonale t\u00eb industris\u00eb s\u00eb drurit\"}]},{\"@type\":\"WebSite\",\"@id\":\"https:\/\/veritasinfo.org\/#website\",\"url\":\"https:\/\/veritasinfo.org\/\",\"name\":\"\",\"description\":\"\",\"potentialAction\":[{\"@type\":\"SearchAction\",\"target\":{\"@type\":\"EntryPoint\",\"urlTemplate\":\"https:\/\/veritasinfo.org\/?s={search_term_string}\"},\"query-input\":{\"@type\":\"PropertyValueSpecification\",\"valueRequired\":true,\"valueName\":\"search_term_string\"}}],\"inLanguage\":\"en-US\"},{\"@type\":\"Person\",\"@id\":\"https:\/\/veritasinfo.org\/#\/schema\/person\/bc442336e35414d04494ab8fb45db4c6\",\"name\":\"US5\",\"image\":{\"@type\":\"ImageObject\",\"inLanguage\":\"en-US\",\"@id\":\"https:\/\/veritasinfo.org\/#\/schema\/person\/image\/\",\"url\":\"https:\/\/secure.gravatar.com\/avatar\/16a61e7272a0c5d001121ebb9e60e925d5816e4ac1e443ed3e640d9a6ae55d0c?s=96&d=mm&r=g\",\"contentUrl\":\"https:\/\/secure.gravatar.com\/avatar\/16a61e7272a0c5d001121ebb9e60e925d5816e4ac1e443ed3e640d9a6ae55d0c?s=96&d=mm&r=g\",\"caption\":\"US5\"},\"url\":\"https:\/\/veritasinfo.org\/?author=6\"}]}<\/script>\n<!-- \/ Yoast SEO plugin. -->","yoast_head_json":{"title":"Kurti: Kosova drejt shnd\u00ebrrimit n\u00eb qend\u00ebr rajonale t\u00eb industris\u00eb s\u00eb drurit -","robots":{"index":"index","follow":"follow","max-snippet":"max-snippet:-1","max-image-preview":"max-image-preview:large","max-video-preview":"max-video-preview:-1"},"canonical":"https:\/\/veritasinfo.org\/?p=21837","og_locale":"en_US","og_type":"article","og_title":"Kurti: Kosova drejt shnd\u00ebrrimit n\u00eb qend\u00ebr rajonale t\u00eb industris\u00eb s\u00eb drurit -","og_description":"Prishtin\u00eb 26 n\u00ebntor 2025 15:53 Kryeministri n\u00eb detyr\u00eb i Kosov\u00ebs, Albin Kurti, ka b\u00ebr\u00eb thirrje p\u00ebr m\u00eb shum\u00eb bashk\u00ebpunim, inovacion dhe zhvillim n\u00eb sektorin e","og_url":"https:\/\/veritasinfo.org\/?p=21837","article_published_time":"2025-11-26T14:52:00+00:00","og_image":[{"width":780,"height":500,"url":"https:\/\/veritasinfo.org\/wp-content\/uploads\/2025\/11\/710549-qzxr6vnXrh.jpg","type":"image\/jpeg"}],"author":"US5","twitter_card":"summary_large_image","twitter_misc":{"Written by":"US5"},"schema":{"@context":"https:\/\/schema.org","@graph":[{"@type":"WebPage","@id":"https:\/\/veritasinfo.org\/?p=21837","url":"https:\/\/veritasinfo.org\/?p=21837","name":"Kurti: Kosova drejt shnd\u00ebrrimit n\u00eb qend\u00ebr rajonale t\u00eb industris\u00eb s\u00eb drurit -","isPartOf":{"@id":"https:\/\/veritasinfo.org\/#website"},"primaryImageOfPage":{"@id":"https:\/\/veritasinfo.org\/?p=21837#primaryimage"},"image":{"@id":"https:\/\/veritasinfo.org\/?p=21837#primaryimage"},"thumbnailUrl":"https:\/\/veritasinfo.org\/wp-content\/uploads\/2025\/11\/710549-qzxr6vnXrh.jpg","datePublished":"2025-11-26T14:52:00+00:00","author":{"@id":"https:\/\/veritasinfo.org\/#\/schema\/person\/bc442336e35414d04494ab8fb45db4c6"},"breadcrumb":{"@id":"https:\/\/veritasinfo.org\/?p=21837#breadcrumb"},"inLanguage":"en-US","potentialAction":[{"@type":"ReadAction","target":["https:\/\/veritasinfo.org\/?p=21837"]}]},{"@type":"ImageObject","inLanguage":"en-US","@id":"https:\/\/veritasinfo.org\/?p=21837#primaryimage","url":"https:\/\/veritasinfo.org\/wp-content\/uploads\/2025\/11\/710549-qzxr6vnXrh.jpg","contentUrl":"https:\/\/veritasinfo.org\/wp-content\/uploads\/2025\/11\/710549-qzxr6vnXrh.jpg","width":780,"height":500},{"@type":"BreadcrumbList","@id":"https:\/\/veritasinfo.org\/?p=21837#breadcrumb","itemListElement":[{"@type":"ListItem","position":1,"name":"Home","item":"https:\/\/veritasinfo.org\/"},{"@type":"ListItem","position":2,"name":"Kurti: Kosova drejt shnd\u00ebrrimit n\u00eb qend\u00ebr rajonale t\u00eb industris\u00eb s\u00eb drurit"}]},{"@type":"WebSite","@id":"https:\/\/veritasinfo.org\/#website","url":"https:\/\/veritasinfo.org\/","name":"","description":"","potentialAction":[{"@type":"SearchAction","target":{"@type":"EntryPoint","urlTemplate":"https:\/\/veritasinfo.org\/?s={search_term_string}"},"query-input":{"@type":"PropertyValueSpecification","valueRequired":true,"valueName":"search_term_string"}}],"inLanguage":"en-US"},{"@type":"Person","@id":"https:\/\/veritasinfo.org\/#\/schema\/person\/bc442336e35414d04494ab8fb45db4c6","name":"US5","image":{"@type":"ImageObject","inLanguage":"en-US","@id":"https:\/\/veritasinfo.org\/#\/schema\/person\/image\/","url":"https:\/\/secure.gravatar.com\/avatar\/16a61e7272a0c5d001121ebb9e60e925d5816e4ac1e443ed3e640d9a6ae55d0c?s=96&d=mm&r=g","contentUrl":"https:\/\/secure.gravatar.com\/avatar\/16a61e7272a0c5d001121ebb9e60e925d5816e4ac1e443ed3e640d9a6ae55d0c?s=96&d=mm&r=g","caption":"US5"},"url":"https:\/\/veritasinfo.org\/?author=6"}]}},"featured_image_urls":{"full":["https:\/\/veritasinfo.org\/wp-content\/uploads\/2025\/11\/710549-qzxr6vnXrh.jpg",780,500,false],"thumbnail":["https:\/\/veritasinfo.org\/wp-content\/uploads\/2025\/11\/710549-qzxr6vnXrh-150x150.jpg",150,150,true],"medium":["https:\/\/veritasinfo.org\/wp-content\/uploads\/2025\/11\/710549-qzxr6vnXrh-300x192.jpg",300,192,true],"medium_large":["https:\/\/veritasinfo.org\/wp-content\/uploads\/2025\/11\/710549-qzxr6vnXrh-768x492.jpg",640,410,true],"large":["https:\/\/veritasinfo.org\/wp-content\/uploads\/2025\/11\/710549-qzxr6vnXrh.jpg",640,410,false],"1536x1536":["https:\/\/veritasinfo.org\/wp-content\/uploads\/2025\/11\/710549-qzxr6vnXrh.jpg",780,500,false],"2048x2048":["https:\/\/veritasinfo.org\/wp-content\/uploads\/2025\/11\/710549-qzxr6vnXrh.jpg",780,500,false],"kreeti-slider-full":["https:\/\/veritasinfo.org\/wp-content\/uploads\/2025\/11\/710549-qzxr6vnXrh.jpg",780,500,false],"kreeti-featured":["https:\/\/veritasinfo.org\/wp-content\/uploads\/2025\/11\/710549-qzxr6vnXrh.jpg",780,500,false],"kreeti-medium":["https:\/\/veritasinfo.org\/wp-content\/uploads\/2025\/11\/710549-qzxr6vnXrh.jpg",720,462,false],"kreeti-medium-square":["https:\/\/veritasinfo.org\/wp-content\/uploads\/2025\/11\/710549-qzxr6vnXrh.jpg",350,224,false]},"author_info":{"info":["US5"]},"category_info":"<a href=\"https:\/\/veritasinfo.org\/?cat=58\" rel=\"category\">Politik\u00eb<\/a>","tag_info":"Politik\u00eb","comment_count":"0","_links":{"self":[{"href":"https:\/\/veritasinfo.org\/index.php?rest_route=\/wp\/v2\/posts\/21837","targetHints":{"allow":["GET"]}}],"collection":[{"href":"https:\/\/veritasinfo.org\/index.php?rest_route=\/wp\/v2\/posts"}],"about":[{"href":"https:\/\/veritasinfo.org\/index.php?rest_route=\/wp\/v2\/types\/post"}],"author":[{"embeddable":true,"href":"https:\/\/veritasinfo.org\/index.php?rest_route=\/wp\/v2\/users\/6"}],"replies":[{"embeddable":true,"href":"https:\/\/veritasinfo.org\/index.php?rest_route=%2Fwp%2Fv2%2Fcomments&post=21837"}],"version-history":[{"count":1,"href":"https:\/\/veritasinfo.org\/index.php?rest_route=\/wp\/v2\/posts\/21837\/revisions"}],"predecessor-version":[{"id":21839,"href":"https:\/\/veritasinfo.org\/index.php?rest_route=\/wp\/v2\/posts\/21837\/revisions\/21839"}],"wp:featuredmedia":[{"embeddable":true,"href":"https:\/\/veritasinfo.org\/index.php?rest_route=\/wp\/v2\/media\/21838"}],"wp:attachment":[{"href":"https:\/\/veritasinfo.org\/index.php?rest_route=%2Fwp%2Fv2%2Fmedia&parent=21837"}],"wp:term":[{"taxonomy":"category","embeddable":true,"href":"https:\/\/veritasinfo.org\/index.php?rest_route=%2Fwp%2Fv2%2Fcategories&post=21837"},{"taxonomy":"post_tag","embeddable":true,"href":"https:\/\/veritasinfo.org\/index.php?rest_route=%2Fwp%2Fv2%2Ftags&post=21837"}],"curies":[{"name":"wp","href":"https:\/\/api.w.org\/{rel}","templated":true}]}}