{"id":21817,"date":"2025-11-26T11:38:16","date_gmt":"2025-11-26T10:38:16","guid":{"rendered":"https:\/\/veritasinfo.org\/?p=21817"},"modified":"2025-11-26T11:38:16","modified_gmt":"2025-11-26T10:38:16","slug":"nova-skola-za-buduce-generacije-u-severnoj-mitrovici","status":"publish","type":"post","link":"https:\/\/veritasinfo.org\/?p=21817&lang=sr","title":{"rendered":"Nova \u0161kola za buduc\u0301e generacije u Severnoj Mitrovici"},"content":{"rendered":"<p>Severna Mitrovica, 26. novembar 2025. 11:37<\/p>\n<p>Skup\u0161tina op\u0161tine Severna Mitrovica, na svojoj poslednjoj sednici u ovom mandatu, odobrila je predlog gradona\u010delnika Erdena Atic\u0301a u vezi sa dodelom nepokretnosti za izgradnju nove osnovne \u0161kole. Ovaj projekat je va\u017ean korak u op\u0161tem interesu gra\u0111ana, posebno dece, garantujuc\u0301i im pravo na kvalitetno obrazovanje i vaspitanje.<\/p>\n<p>\u010clanovi Skup\u0161tine jednoglasno su odobrili predlog, dok Izvr\u0161ni odbor op\u0161tine isti\u010de da je ova investicija jedna od najstrate\u0161kijih za obrazovanje i za \u017eivot porodica na severu Kosova.<br \/>\nNakon usvajanja, predsednik Skup\u0161tine, Ned\u017eat Ugljanin, izjavio je da je zakonodavna vlast radila u uslovima politi\u010dkog pritiska i blokada, ali je, kako je naglasio, ostavila ne\u0161to dobro za op\u0161tinu.<br \/>\nGradona\u010delnik Atic\u0301 je dodao da op\u0161tina Severna Mitrovica nikada vi\u0161e ne bi trebalo da bude talac lo\u0161ih odluka ili nedostatka volje.<\/p>\n<p>Odobravanje ovog predloga za dodelu imovine otvara put za realizaciju kapitalnih projekata, vodec\u0301i op\u0161tinu ka razvoju i unapre\u0111enju obrazovne infrastrukture za buduc\u0301e generacije<\/p>\n","protected":false},"excerpt":{"rendered":"<p>Severna Mitrovica, 26. novembar 2025. 11:37 Skup\u0161tina op\u0161tine Severna Mitrovica, na svojoj poslednjoj sednici u ovom mandatu, odobrila je predlog gradona\u010delnika Erdena Atic\u0301a u vezi<\/p>\n","protected":false},"author":7,"featured_media":21815,"comment_status":"open","ping_status":"open","sticky":false,"template":"","format":"standard","meta":{"footnotes":""},"categories":[32],"tags":[],"class_list":["post-21817","post","type-post","status-publish","format-standard","has-post-thumbnail","hentry","category-opstine"],"yoast_head":"<!-- This site is optimized with the Yoast SEO plugin v25.3.1 - https:\/\/yoast.com\/wordpress\/plugins\/seo\/ -->\n<title>Nova \u0161kola za buduc\u0301e generacije u Severnoj Mitrovici -<\/title>\n<meta name=\"robots\" content=\"index, follow, max-snippet:-1, max-image-preview:large, max-video-preview:-1\" \/>\n<link rel=\"canonical\" href=\"https:\/\/veritasinfo.org\/?p=21817&lang=sr\" \/>\n<meta property=\"og:locale\" content=\"en_US\" \/>\n<meta property=\"og:type\" content=\"article\" \/>\n<meta property=\"og:title\" content=\"Nova \u0161kola za buduc\u0301e generacije u Severnoj Mitrovici -\" \/>\n<meta property=\"og:description\" content=\"Severna Mitrovica, 26. novembar 2025. 11:37 Skup\u0161tina op\u0161tine Severna Mitrovica, na svojoj poslednjoj sednici u ovom mandatu, odobrila je predlog gradona\u010delnika Erdena Atic\u0301a u vezi\" \/>\n<meta property=\"og:url\" content=\"https:\/\/veritasinfo.org\/?p=21817&amp;lang=sr\" \/>\n<meta property=\"article:published_time\" content=\"2025-11-26T10:38:16+00:00\" \/>\n<meta property=\"og:image\" content=\"https:\/\/veritasinfo.org\/wp-content\/uploads\/2025\/11\/mitrovica-e-veriut.jpg\" \/>\n\t<meta property=\"og:image:width\" content=\"1048\" \/>\n\t<meta property=\"og:image:height\" content=\"520\" \/>\n\t<meta property=\"og:image:type\" content=\"image\/jpeg\" \/>\n<meta name=\"author\" content=\"US6\" \/>\n<meta name=\"twitter:card\" content=\"summary_large_image\" \/>\n<meta name=\"twitter:label1\" content=\"Written by\" \/>\n\t<meta name=\"twitter:data1\" content=\"US6\" \/>\n\t<meta name=\"twitter:label2\" content=\"Est. reading time\" \/>\n\t<meta name=\"twitter:data2\" content=\"1 minute\" \/>\n<script type=\"application\/ld+json\" class=\"yoast-schema-graph\">{\"@context\":\"https:\/\/schema.org\",\"@graph\":[{\"@type\":\"WebPage\",\"@id\":\"https:\/\/veritasinfo.org\/?p=21817&lang=sr\",\"url\":\"https:\/\/veritasinfo.org\/?p=21817&lang=sr\",\"name\":\"Nova \u0161kola za buduc\u0301e generacije u Severnoj Mitrovici -\",\"isPartOf\":{\"@id\":\"https:\/\/veritasinfo.org\/#website\"},\"primaryImageOfPage\":{\"@id\":\"https:\/\/veritasinfo.org\/?p=21817&lang=sr#primaryimage\"},\"image\":{\"@id\":\"https:\/\/veritasinfo.org\/?p=21817&lang=sr#primaryimage\"},\"thumbnailUrl\":\"https:\/\/veritasinfo.org\/wp-content\/uploads\/2025\/11\/mitrovica-e-veriut.jpg\",\"datePublished\":\"2025-11-26T10:38:16+00:00\",\"author\":{\"@id\":\"https:\/\/veritasinfo.org\/#\/schema\/person\/fe199eede04c3937362892b7444747cc\"},\"breadcrumb\":{\"@id\":\"https:\/\/veritasinfo.org\/?p=21817&lang=sr#breadcrumb\"},\"inLanguage\":\"en-US\",\"potentialAction\":[{\"@type\":\"ReadAction\",\"target\":[\"https:\/\/veritasinfo.org\/?p=21817&lang=sr\"]}]},{\"@type\":\"ImageObject\",\"inLanguage\":\"en-US\",\"@id\":\"https:\/\/veritasinfo.org\/?p=21817&lang=sr#primaryimage\",\"url\":\"https:\/\/veritasinfo.org\/wp-content\/uploads\/2025\/11\/mitrovica-e-veriut.jpg\",\"contentUrl\":\"https:\/\/veritasinfo.org\/wp-content\/uploads\/2025\/11\/mitrovica-e-veriut.jpg\",\"width\":1048,\"height\":520},{\"@type\":\"BreadcrumbList\",\"@id\":\"https:\/\/veritasinfo.org\/?p=21817&lang=sr#breadcrumb\",\"itemListElement\":[{\"@type\":\"ListItem\",\"position\":1,\"name\":\"Home\",\"item\":\"https:\/\/veritasinfo.org\/\"},{\"@type\":\"ListItem\",\"position\":2,\"name\":\"Nova \u0161kola za buduc\u0301e generacije u Severnoj Mitrovici\"}]},{\"@type\":\"WebSite\",\"@id\":\"https:\/\/veritasinfo.org\/#website\",\"url\":\"https:\/\/veritasinfo.org\/\",\"name\":\"\",\"description\":\"\",\"potentialAction\":[{\"@type\":\"SearchAction\",\"target\":{\"@type\":\"EntryPoint\",\"urlTemplate\":\"https:\/\/veritasinfo.org\/?s={search_term_string}\"},\"query-input\":{\"@type\":\"PropertyValueSpecification\",\"valueRequired\":true,\"valueName\":\"search_term_string\"}}],\"inLanguage\":\"en-US\"},{\"@type\":\"Person\",\"@id\":\"https:\/\/veritasinfo.org\/#\/schema\/person\/fe199eede04c3937362892b7444747cc\",\"name\":\"US6\",\"image\":{\"@type\":\"ImageObject\",\"inLanguage\":\"en-US\",\"@id\":\"https:\/\/veritasinfo.org\/#\/schema\/person\/image\/\",\"url\":\"https:\/\/secure.gravatar.com\/avatar\/cb16c3c31c9d23b9b8c705964598220b3014e42ff51eb540ff23cefa3ae8c15f?s=96&d=mm&r=g\",\"contentUrl\":\"https:\/\/secure.gravatar.com\/avatar\/cb16c3c31c9d23b9b8c705964598220b3014e42ff51eb540ff23cefa3ae8c15f?s=96&d=mm&r=g\",\"caption\":\"US6\"},\"url\":\"https:\/\/veritasinfo.org\/?author=7\"}]}<\/script>\n<!-- \/ Yoast SEO plugin. -->","yoast_head_json":{"title":"Nova \u0161kola za buduc\u0301e generacije u Severnoj Mitrovici -","robots":{"index":"index","follow":"follow","max-snippet":"max-snippet:-1","max-image-preview":"max-image-preview:large","max-video-preview":"max-video-preview:-1"},"canonical":"https:\/\/veritasinfo.org\/?p=21817&lang=sr","og_locale":"en_US","og_type":"article","og_title":"Nova \u0161kola za buduc\u0301e generacije u Severnoj Mitrovici -","og_description":"Severna Mitrovica, 26. novembar 2025. 11:37 Skup\u0161tina op\u0161tine Severna Mitrovica, na svojoj poslednjoj sednici u ovom mandatu, odobrila je predlog gradona\u010delnika Erdena Atic\u0301a u vezi","og_url":"https:\/\/veritasinfo.org\/?p=21817&lang=sr","article_published_time":"2025-11-26T10:38:16+00:00","og_image":[{"width":1048,"height":520,"url":"https:\/\/veritasinfo.org\/wp-content\/uploads\/2025\/11\/mitrovica-e-veriut.jpg","type":"image\/jpeg"}],"author":"US6","twitter_card":"summary_large_image","twitter_misc":{"Written by":"US6","Est. reading time":"1 minute"},"schema":{"@context":"https:\/\/schema.org","@graph":[{"@type":"WebPage","@id":"https:\/\/veritasinfo.org\/?p=21817&lang=sr","url":"https:\/\/veritasinfo.org\/?p=21817&lang=sr","name":"Nova \u0161kola za buduc\u0301e generacije u Severnoj Mitrovici -","isPartOf":{"@id":"https:\/\/veritasinfo.org\/#website"},"primaryImageOfPage":{"@id":"https:\/\/veritasinfo.org\/?p=21817&lang=sr#primaryimage"},"image":{"@id":"https:\/\/veritasinfo.org\/?p=21817&lang=sr#primaryimage"},"thumbnailUrl":"https:\/\/veritasinfo.org\/wp-content\/uploads\/2025\/11\/mitrovica-e-veriut.jpg","datePublished":"2025-11-26T10:38:16+00:00","author":{"@id":"https:\/\/veritasinfo.org\/#\/schema\/person\/fe199eede04c3937362892b7444747cc"},"breadcrumb":{"@id":"https:\/\/veritasinfo.org\/?p=21817&lang=sr#breadcrumb"},"inLanguage":"en-US","potentialAction":[{"@type":"ReadAction","target":["https:\/\/veritasinfo.org\/?p=21817&lang=sr"]}]},{"@type":"ImageObject","inLanguage":"en-US","@id":"https:\/\/veritasinfo.org\/?p=21817&lang=sr#primaryimage","url":"https:\/\/veritasinfo.org\/wp-content\/uploads\/2025\/11\/mitrovica-e-veriut.jpg","contentUrl":"https:\/\/veritasinfo.org\/wp-content\/uploads\/2025\/11\/mitrovica-e-veriut.jpg","width":1048,"height":520},{"@type":"BreadcrumbList","@id":"https:\/\/veritasinfo.org\/?p=21817&lang=sr#breadcrumb","itemListElement":[{"@type":"ListItem","position":1,"name":"Home","item":"https:\/\/veritasinfo.org\/"},{"@type":"ListItem","position":2,"name":"Nova \u0161kola za buduc\u0301e generacije u Severnoj Mitrovici"}]},{"@type":"WebSite","@id":"https:\/\/veritasinfo.org\/#website","url":"https:\/\/veritasinfo.org\/","name":"","description":"","potentialAction":[{"@type":"SearchAction","target":{"@type":"EntryPoint","urlTemplate":"https:\/\/veritasinfo.org\/?s={search_term_string}"},"query-input":{"@type":"PropertyValueSpecification","valueRequired":true,"valueName":"search_term_string"}}],"inLanguage":"en-US"},{"@type":"Person","@id":"https:\/\/veritasinfo.org\/#\/schema\/person\/fe199eede04c3937362892b7444747cc","name":"US6","image":{"@type":"ImageObject","inLanguage":"en-US","@id":"https:\/\/veritasinfo.org\/#\/schema\/person\/image\/","url":"https:\/\/secure.gravatar.com\/avatar\/cb16c3c31c9d23b9b8c705964598220b3014e42ff51eb540ff23cefa3ae8c15f?s=96&d=mm&r=g","contentUrl":"https:\/\/secure.gravatar.com\/avatar\/cb16c3c31c9d23b9b8c705964598220b3014e42ff51eb540ff23cefa3ae8c15f?s=96&d=mm&r=g","caption":"US6"},"url":"https:\/\/veritasinfo.org\/?author=7"}]}},"featured_image_urls":{"full":["https:\/\/veritasinfo.org\/wp-content\/uploads\/2025\/11\/mitrovica-e-veriut.jpg",1048,520,false],"thumbnail":["https:\/\/veritasinfo.org\/wp-content\/uploads\/2025\/11\/mitrovica-e-veriut-150x150.jpg",150,150,true],"medium":["https:\/\/veritasinfo.org\/wp-content\/uploads\/2025\/11\/mitrovica-e-veriut-300x149.jpg",300,149,true],"medium_large":["https:\/\/veritasinfo.org\/wp-content\/uploads\/2025\/11\/mitrovica-e-veriut-768x381.jpg",640,318,true],"large":["https:\/\/veritasinfo.org\/wp-content\/uploads\/2025\/11\/mitrovica-e-veriut-1024x508.jpg",640,318,true],"1536x1536":["https:\/\/veritasinfo.org\/wp-content\/uploads\/2025\/11\/mitrovica-e-veriut.jpg",1048,520,false],"2048x2048":["https:\/\/veritasinfo.org\/wp-content\/uploads\/2025\/11\/mitrovica-e-veriut.jpg",1048,520,false],"kreeti-slider-full":["https:\/\/veritasinfo.org\/wp-content\/uploads\/2025\/11\/mitrovica-e-veriut.jpg",1048,520,false],"kreeti-featured":["https:\/\/veritasinfo.org\/wp-content\/uploads\/2025\/11\/mitrovica-e-veriut.jpg",1024,508,false],"kreeti-medium":["https:\/\/veritasinfo.org\/wp-content\/uploads\/2025\/11\/mitrovica-e-veriut.jpg",720,357,false],"kreeti-medium-square":["https:\/\/veritasinfo.org\/wp-content\/uploads\/2025\/11\/mitrovica-e-veriut.jpg",350,174,false]},"author_info":{"info":["US6"]},"category_info":"<a href=\"https:\/\/veritasinfo.org\/?cat=32&#038;lang=sr\" rel=\"category\">Op\u0161tine<\/a>","tag_info":"Op\u0161tine","comment_count":"0","_links":{"self":[{"href":"https:\/\/veritasinfo.org\/index.php?rest_route=\/wp\/v2\/posts\/21817","targetHints":{"allow":["GET"]}}],"collection":[{"href":"https:\/\/veritasinfo.org\/index.php?rest_route=\/wp\/v2\/posts"}],"about":[{"href":"https:\/\/veritasinfo.org\/index.php?rest_route=\/wp\/v2\/types\/post"}],"author":[{"embeddable":true,"href":"https:\/\/veritasinfo.org\/index.php?rest_route=\/wp\/v2\/users\/7"}],"replies":[{"embeddable":true,"href":"https:\/\/veritasinfo.org\/index.php?rest_route=%2Fwp%2Fv2%2Fcomments&post=21817"}],"version-history":[{"count":1,"href":"https:\/\/veritasinfo.org\/index.php?rest_route=\/wp\/v2\/posts\/21817\/revisions"}],"predecessor-version":[{"id":21818,"href":"https:\/\/veritasinfo.org\/index.php?rest_route=\/wp\/v2\/posts\/21817\/revisions\/21818"}],"wp:featuredmedia":[{"embeddable":true,"href":"https:\/\/veritasinfo.org\/index.php?rest_route=\/wp\/v2\/media\/21815"}],"wp:attachment":[{"href":"https:\/\/veritasinfo.org\/index.php?rest_route=%2Fwp%2Fv2%2Fmedia&parent=21817"}],"wp:term":[{"taxonomy":"category","embeddable":true,"href":"https:\/\/veritasinfo.org\/index.php?rest_route=%2Fwp%2Fv2%2Fcategories&post=21817"},{"taxonomy":"post_tag","embeddable":true,"href":"https:\/\/veritasinfo.org\/index.php?rest_route=%2Fwp%2Fv2%2Ftags&post=21817"}],"curies":[{"name":"wp","href":"https:\/\/api.w.org\/{rel}","templated":true}]}}