{"id":21781,"date":"2025-11-26T08:45:09","date_gmt":"2025-11-26T07:45:09","guid":{"rendered":"https:\/\/veritasinfo.org\/?p=21781"},"modified":"2025-11-26T08:45:09","modified_gmt":"2025-11-26T07:45:09","slug":"sarajevo-safari-gazetari-qe-paditi-presidentin-serb-vuciq-qelloi-nga-varreza-e-hebrenjve","status":"publish","type":"post","link":"https:\/\/veritasinfo.org\/?p=21781","title":{"rendered":"\u2018Sarajevo Safari\u2019, gazetari q\u00eb paditi presidentin serb: Vu\u00e7iq q\u00eblloi nga varreza e hebrenjve"},"content":{"rendered":"<p>Prishtin\u00eb, 26 n\u00ebntor 2025 08:44<\/p>\n<p>\u2018Aleksand\u00ebr Vu\u00e7iq, sot president i Serbis\u00eb, ka qen\u00eb pjes\u00eb e \u201cSarajevo Safari\u201d dhe ka q\u00eblluar mbi civil\u00ebt n\u00eb Bosnjen e luft\u00ebs, n\u00eb vitet 90\u2019.<\/p>\n<p>Kjo \u00ebsht\u00eb d\u00ebshmia trondit\u00ebse e gazetarit kroat Domagor Margetic, p\u00ebr Ballkan Update, n\u00eb t\u00eb njejt\u00ebn koh\u00eb d\u00ebshmia e personit q\u00eb ka dor\u00ebzuar padi penale ndaj presidentit serb n\u00eb Gjykat\u00ebn e Milanos, ku tashm\u00eb ka nj\u00eb dosje p\u00ebr k\u00ebt\u00eb pjes\u00eb t\u00eb masakrave mbi civilet n\u00eb Bosnje: at\u00eb t\u00eb sportit p\u00ebr k\u00ebnaq\u00ebsi, duke gjuajtur me snajper mbi njer\u00ebz t\u00eb pafajsh\u00ebm, kundrejt pages\u00ebs.<\/p>\n<p>\u201cPo\u2026Aleksander Vucic ka q\u00eblluar mbi civil\u00ebt. Madje me arm\u00eb jugosllave. Ka d\u00ebshmi\u2026ai \u00ebsht\u00eb par\u00eb n\u00eb kodrat e Sarajev\u00ebs. Pozicioni m\u00eb i lakmuesh\u00ebm dhe m\u00eb i shtrenjt\u00eb p\u00ebr t\u00eb q\u00eblluar kane q\u00ebn\u00eb varrezat e hebrenjve.\u201d<\/p>\n<p>Pyetur n\u00ebse n\u00eb provat q\u00eb gazetari ka dor\u00ebzuar n\u00eb duart\u00eb e institucioneve t\u00eb drejt\u00ebsis\u00eb n\u00eb shtetin Italian, ka mjaftuesh\u00ebm materiale p\u00ebr ta d\u00ebnuar Aleksand\u00ebr Vu\u00e7i\u00e7, Margeti\u00e7 pohon se po. Vu\u00e7i\u00e7 duhet t\u00eb d\u00ebnohet p\u00ebr krime kund\u00ebr njer\u00ebzimit.<\/p>\n<p>Por vet\u00eb Vu\u00e7i\u00e7, pas heshtjes gati 30 vje\u00e7are p\u00ebr k\u00ebt\u00eb periudh\u00eb t\u00eb err\u00ebt t\u00eb historis\u00eb s\u00eb vendeve ballkanike dhe ende t\u00eb pazbardhur, ka deklaruar se akuzat ndaj tij jan\u00eb politike, q\u00ebndrim p\u00ebr t\u00eb cilin, gazetari kroat tha se jan\u00eb t\u00eb pritshme.<\/p>\n<p>\u201cAskush nuk e pranon krimin\u2026asnj\u00eb vras\u00ebs nuk do dali dhe t\u00eb pranoj se po un\u00eb e kam kryer at\u00eb apo k\u00ebt\u00eb akt\u2026\u201d<\/p>\n<p>Margetic rr\u00ebfen se ky investigim \u00ebsht\u00eb i gjat\u00eb, mbi 25 vjet, nd\u00ebrsa p\u00ebr nxjerrjen n\u00eb drit\u00eb t\u00eb fakteve, ka ardhur koha vet\u00ebm tani.<\/p>\n<p>Arsyen nuk di ta shpjegoj, edhe pse mes tyre renditi loj\u00ebn e Serbis\u00eb p\u00ebr ta mjegulluar si ngjarje, por premtoj se do ta \u00e7oj deri n\u00eb fund k\u00ebrkes\u00ebn e familjar\u00ebve t\u00eb viktimave p\u00ebr t\u00eb vendosur drejt\u00ebsi, edhe pse k\u00ebrc\u00ebnimet p\u00ebr jet\u00ebn nuk kan\u00eb munguar\u2026 dhe ato kan\u00eb ardhur nga Beogradi.<\/p>\n<p>&nbsp;<\/p>\n","protected":false},"excerpt":{"rendered":"<p>Prishtin\u00eb, 26 n\u00ebntor 2025 08:44 \u2018Aleksand\u00ebr Vu\u00e7iq, sot president i Serbis\u00eb, ka qen\u00eb pjes\u00eb e \u201cSarajevo Safari\u201d dhe ka q\u00eblluar mbi civil\u00ebt n\u00eb Bosnjen e<\/p>\n","protected":false},"author":7,"featured_media":21782,"comment_status":"open","ping_status":"open","sticky":false,"template":"","format":"standard","meta":{"footnotes":""},"categories":[72],"tags":[],"class_list":["post-21781","post","type-post","status-publish","format-standard","has-post-thumbnail","hentry","category-bota"],"yoast_head":"<!-- This site is optimized with the Yoast SEO plugin v25.3.1 - https:\/\/yoast.com\/wordpress\/plugins\/seo\/ -->\n<title>\u2018Sarajevo Safari\u2019, gazetari q\u00eb paditi presidentin serb: Vu\u00e7iq q\u00eblloi nga varreza e hebrenjve -<\/title>\n<meta name=\"robots\" content=\"index, follow, max-snippet:-1, max-image-preview:large, max-video-preview:-1\" \/>\n<link rel=\"canonical\" href=\"https:\/\/veritasinfo.org\/?p=21781\" \/>\n<meta property=\"og:locale\" content=\"en_US\" \/>\n<meta property=\"og:type\" content=\"article\" \/>\n<meta property=\"og:title\" content=\"\u2018Sarajevo Safari\u2019, gazetari q\u00eb paditi presidentin serb: Vu\u00e7iq q\u00eblloi nga varreza e hebrenjve -\" \/>\n<meta property=\"og:description\" content=\"Prishtin\u00eb, 26 n\u00ebntor 2025 08:44 \u2018Aleksand\u00ebr Vu\u00e7iq, sot president i Serbis\u00eb, ka qen\u00eb pjes\u00eb e \u201cSarajevo Safari\u201d dhe ka q\u00eblluar mbi civil\u00ebt n\u00eb Bosnjen e\" \/>\n<meta property=\"og:url\" content=\"https:\/\/veritasinfo.org\/?p=21781\" \/>\n<meta property=\"article:published_time\" content=\"2025-11-26T07:45:09+00:00\" \/>\n<meta property=\"og:image\" content=\"https:\/\/veritasinfo.org\/wp-content\/uploads\/2025\/11\/g-18-600x292-1.jpg\" \/>\n\t<meta property=\"og:image:width\" content=\"600\" \/>\n\t<meta property=\"og:image:height\" content=\"292\" \/>\n\t<meta property=\"og:image:type\" content=\"image\/jpeg\" \/>\n<meta name=\"author\" content=\"US6\" \/>\n<meta name=\"twitter:card\" content=\"summary_large_image\" \/>\n<meta name=\"twitter:label1\" content=\"Written by\" \/>\n\t<meta name=\"twitter:data1\" content=\"US6\" \/>\n\t<meta name=\"twitter:label2\" content=\"Est. reading time\" \/>\n\t<meta name=\"twitter:data2\" content=\"2 minutes\" \/>\n<script type=\"application\/ld+json\" class=\"yoast-schema-graph\">{\"@context\":\"https:\/\/schema.org\",\"@graph\":[{\"@type\":\"WebPage\",\"@id\":\"https:\/\/veritasinfo.org\/?p=21781\",\"url\":\"https:\/\/veritasinfo.org\/?p=21781\",\"name\":\"\u2018Sarajevo Safari\u2019, gazetari q\u00eb paditi presidentin serb: Vu\u00e7iq q\u00eblloi nga varreza e hebrenjve -\",\"isPartOf\":{\"@id\":\"https:\/\/veritasinfo.org\/#website\"},\"primaryImageOfPage\":{\"@id\":\"https:\/\/veritasinfo.org\/?p=21781#primaryimage\"},\"image\":{\"@id\":\"https:\/\/veritasinfo.org\/?p=21781#primaryimage\"},\"thumbnailUrl\":\"https:\/\/veritasinfo.org\/wp-content\/uploads\/2025\/11\/g-18-600x292-1.jpg\",\"datePublished\":\"2025-11-26T07:45:09+00:00\",\"author\":{\"@id\":\"https:\/\/veritasinfo.org\/#\/schema\/person\/fe199eede04c3937362892b7444747cc\"},\"breadcrumb\":{\"@id\":\"https:\/\/veritasinfo.org\/?p=21781#breadcrumb\"},\"inLanguage\":\"en-US\",\"potentialAction\":[{\"@type\":\"ReadAction\",\"target\":[\"https:\/\/veritasinfo.org\/?p=21781\"]}]},{\"@type\":\"ImageObject\",\"inLanguage\":\"en-US\",\"@id\":\"https:\/\/veritasinfo.org\/?p=21781#primaryimage\",\"url\":\"https:\/\/veritasinfo.org\/wp-content\/uploads\/2025\/11\/g-18-600x292-1.jpg\",\"contentUrl\":\"https:\/\/veritasinfo.org\/wp-content\/uploads\/2025\/11\/g-18-600x292-1.jpg\",\"width\":600,\"height\":292},{\"@type\":\"BreadcrumbList\",\"@id\":\"https:\/\/veritasinfo.org\/?p=21781#breadcrumb\",\"itemListElement\":[{\"@type\":\"ListItem\",\"position\":1,\"name\":\"Home\",\"item\":\"https:\/\/veritasinfo.org\/\"},{\"@type\":\"ListItem\",\"position\":2,\"name\":\"\u2018Sarajevo Safari\u2019, gazetari q\u00eb paditi presidentin serb: Vu\u00e7iq q\u00eblloi nga varreza e hebrenjve\"}]},{\"@type\":\"WebSite\",\"@id\":\"https:\/\/veritasinfo.org\/#website\",\"url\":\"https:\/\/veritasinfo.org\/\",\"name\":\"\",\"description\":\"\",\"potentialAction\":[{\"@type\":\"SearchAction\",\"target\":{\"@type\":\"EntryPoint\",\"urlTemplate\":\"https:\/\/veritasinfo.org\/?s={search_term_string}\"},\"query-input\":{\"@type\":\"PropertyValueSpecification\",\"valueRequired\":true,\"valueName\":\"search_term_string\"}}],\"inLanguage\":\"en-US\"},{\"@type\":\"Person\",\"@id\":\"https:\/\/veritasinfo.org\/#\/schema\/person\/fe199eede04c3937362892b7444747cc\",\"name\":\"US6\",\"image\":{\"@type\":\"ImageObject\",\"inLanguage\":\"en-US\",\"@id\":\"https:\/\/veritasinfo.org\/#\/schema\/person\/image\/\",\"url\":\"https:\/\/secure.gravatar.com\/avatar\/cb16c3c31c9d23b9b8c705964598220b3014e42ff51eb540ff23cefa3ae8c15f?s=96&d=mm&r=g\",\"contentUrl\":\"https:\/\/secure.gravatar.com\/avatar\/cb16c3c31c9d23b9b8c705964598220b3014e42ff51eb540ff23cefa3ae8c15f?s=96&d=mm&r=g\",\"caption\":\"US6\"},\"url\":\"https:\/\/veritasinfo.org\/?author=7\"}]}<\/script>\n<!-- \/ Yoast SEO plugin. -->","yoast_head_json":{"title":"\u2018Sarajevo Safari\u2019, gazetari q\u00eb paditi presidentin serb: Vu\u00e7iq q\u00eblloi nga varreza e hebrenjve -","robots":{"index":"index","follow":"follow","max-snippet":"max-snippet:-1","max-image-preview":"max-image-preview:large","max-video-preview":"max-video-preview:-1"},"canonical":"https:\/\/veritasinfo.org\/?p=21781","og_locale":"en_US","og_type":"article","og_title":"\u2018Sarajevo Safari\u2019, gazetari q\u00eb paditi presidentin serb: Vu\u00e7iq q\u00eblloi nga varreza e hebrenjve -","og_description":"Prishtin\u00eb, 26 n\u00ebntor 2025 08:44 \u2018Aleksand\u00ebr Vu\u00e7iq, sot president i Serbis\u00eb, ka qen\u00eb pjes\u00eb e \u201cSarajevo Safari\u201d dhe ka q\u00eblluar mbi civil\u00ebt n\u00eb Bosnjen e","og_url":"https:\/\/veritasinfo.org\/?p=21781","article_published_time":"2025-11-26T07:45:09+00:00","og_image":[{"width":600,"height":292,"url":"https:\/\/veritasinfo.org\/wp-content\/uploads\/2025\/11\/g-18-600x292-1.jpg","type":"image\/jpeg"}],"author":"US6","twitter_card":"summary_large_image","twitter_misc":{"Written by":"US6","Est. reading time":"2 minutes"},"schema":{"@context":"https:\/\/schema.org","@graph":[{"@type":"WebPage","@id":"https:\/\/veritasinfo.org\/?p=21781","url":"https:\/\/veritasinfo.org\/?p=21781","name":"\u2018Sarajevo Safari\u2019, gazetari q\u00eb paditi presidentin serb: Vu\u00e7iq q\u00eblloi nga varreza e hebrenjve -","isPartOf":{"@id":"https:\/\/veritasinfo.org\/#website"},"primaryImageOfPage":{"@id":"https:\/\/veritasinfo.org\/?p=21781#primaryimage"},"image":{"@id":"https:\/\/veritasinfo.org\/?p=21781#primaryimage"},"thumbnailUrl":"https:\/\/veritasinfo.org\/wp-content\/uploads\/2025\/11\/g-18-600x292-1.jpg","datePublished":"2025-11-26T07:45:09+00:00","author":{"@id":"https:\/\/veritasinfo.org\/#\/schema\/person\/fe199eede04c3937362892b7444747cc"},"breadcrumb":{"@id":"https:\/\/veritasinfo.org\/?p=21781#breadcrumb"},"inLanguage":"en-US","potentialAction":[{"@type":"ReadAction","target":["https:\/\/veritasinfo.org\/?p=21781"]}]},{"@type":"ImageObject","inLanguage":"en-US","@id":"https:\/\/veritasinfo.org\/?p=21781#primaryimage","url":"https:\/\/veritasinfo.org\/wp-content\/uploads\/2025\/11\/g-18-600x292-1.jpg","contentUrl":"https:\/\/veritasinfo.org\/wp-content\/uploads\/2025\/11\/g-18-600x292-1.jpg","width":600,"height":292},{"@type":"BreadcrumbList","@id":"https:\/\/veritasinfo.org\/?p=21781#breadcrumb","itemListElement":[{"@type":"ListItem","position":1,"name":"Home","item":"https:\/\/veritasinfo.org\/"},{"@type":"ListItem","position":2,"name":"\u2018Sarajevo Safari\u2019, gazetari q\u00eb paditi presidentin serb: Vu\u00e7iq q\u00eblloi nga varreza e hebrenjve"}]},{"@type":"WebSite","@id":"https:\/\/veritasinfo.org\/#website","url":"https:\/\/veritasinfo.org\/","name":"","description":"","potentialAction":[{"@type":"SearchAction","target":{"@type":"EntryPoint","urlTemplate":"https:\/\/veritasinfo.org\/?s={search_term_string}"},"query-input":{"@type":"PropertyValueSpecification","valueRequired":true,"valueName":"search_term_string"}}],"inLanguage":"en-US"},{"@type":"Person","@id":"https:\/\/veritasinfo.org\/#\/schema\/person\/fe199eede04c3937362892b7444747cc","name":"US6","image":{"@type":"ImageObject","inLanguage":"en-US","@id":"https:\/\/veritasinfo.org\/#\/schema\/person\/image\/","url":"https:\/\/secure.gravatar.com\/avatar\/cb16c3c31c9d23b9b8c705964598220b3014e42ff51eb540ff23cefa3ae8c15f?s=96&d=mm&r=g","contentUrl":"https:\/\/secure.gravatar.com\/avatar\/cb16c3c31c9d23b9b8c705964598220b3014e42ff51eb540ff23cefa3ae8c15f?s=96&d=mm&r=g","caption":"US6"},"url":"https:\/\/veritasinfo.org\/?author=7"}]}},"featured_image_urls":{"full":["https:\/\/veritasinfo.org\/wp-content\/uploads\/2025\/11\/g-18-600x292-1.jpg",600,292,false],"thumbnail":["https:\/\/veritasinfo.org\/wp-content\/uploads\/2025\/11\/g-18-600x292-1-150x150.jpg",150,150,true],"medium":["https:\/\/veritasinfo.org\/wp-content\/uploads\/2025\/11\/g-18-600x292-1-300x146.jpg",300,146,true],"medium_large":["https:\/\/veritasinfo.org\/wp-content\/uploads\/2025\/11\/g-18-600x292-1.jpg",600,292,false],"large":["https:\/\/veritasinfo.org\/wp-content\/uploads\/2025\/11\/g-18-600x292-1.jpg",600,292,false],"1536x1536":["https:\/\/veritasinfo.org\/wp-content\/uploads\/2025\/11\/g-18-600x292-1.jpg",600,292,false],"2048x2048":["https:\/\/veritasinfo.org\/wp-content\/uploads\/2025\/11\/g-18-600x292-1.jpg",600,292,false],"kreeti-slider-full":["https:\/\/veritasinfo.org\/wp-content\/uploads\/2025\/11\/g-18-600x292-1.jpg",600,292,false],"kreeti-featured":["https:\/\/veritasinfo.org\/wp-content\/uploads\/2025\/11\/g-18-600x292-1.jpg",600,292,false],"kreeti-medium":["https:\/\/veritasinfo.org\/wp-content\/uploads\/2025\/11\/g-18-600x292-1.jpg",600,292,false],"kreeti-medium-square":["https:\/\/veritasinfo.org\/wp-content\/uploads\/2025\/11\/g-18-600x292-1.jpg",350,170,false]},"author_info":{"info":["US6"]},"category_info":"<a href=\"https:\/\/veritasinfo.org\/?cat=72\" rel=\"category\">Bota<\/a>","tag_info":"Bota","comment_count":"0","_links":{"self":[{"href":"https:\/\/veritasinfo.org\/index.php?rest_route=\/wp\/v2\/posts\/21781","targetHints":{"allow":["GET"]}}],"collection":[{"href":"https:\/\/veritasinfo.org\/index.php?rest_route=\/wp\/v2\/posts"}],"about":[{"href":"https:\/\/veritasinfo.org\/index.php?rest_route=\/wp\/v2\/types\/post"}],"author":[{"embeddable":true,"href":"https:\/\/veritasinfo.org\/index.php?rest_route=\/wp\/v2\/users\/7"}],"replies":[{"embeddable":true,"href":"https:\/\/veritasinfo.org\/index.php?rest_route=%2Fwp%2Fv2%2Fcomments&post=21781"}],"version-history":[{"count":1,"href":"https:\/\/veritasinfo.org\/index.php?rest_route=\/wp\/v2\/posts\/21781\/revisions"}],"predecessor-version":[{"id":21783,"href":"https:\/\/veritasinfo.org\/index.php?rest_route=\/wp\/v2\/posts\/21781\/revisions\/21783"}],"wp:featuredmedia":[{"embeddable":true,"href":"https:\/\/veritasinfo.org\/index.php?rest_route=\/wp\/v2\/media\/21782"}],"wp:attachment":[{"href":"https:\/\/veritasinfo.org\/index.php?rest_route=%2Fwp%2Fv2%2Fmedia&parent=21781"}],"wp:term":[{"taxonomy":"category","embeddable":true,"href":"https:\/\/veritasinfo.org\/index.php?rest_route=%2Fwp%2Fv2%2Fcategories&post=21781"},{"taxonomy":"post_tag","embeddable":true,"href":"https:\/\/veritasinfo.org\/index.php?rest_route=%2Fwp%2Fv2%2Ftags&post=21781"}],"curies":[{"name":"wp","href":"https:\/\/api.w.org\/{rel}","templated":true}]}}