{"id":21776,"date":"2025-11-26T08:40:16","date_gmt":"2025-11-26T07:40:16","guid":{"rendered":"https:\/\/veritasinfo.org\/?p=21776"},"modified":"2025-11-26T08:40:16","modified_gmt":"2025-11-26T07:40:16","slug":"presidentja-osmani-shmangni-kalimin-neper-serbi","status":"publish","type":"post","link":"https:\/\/veritasinfo.org\/?p=21776","title":{"rendered":"Presidentja Osmani: Shmangni kalimin n\u00ebp\u00ebr Serbi"},"content":{"rendered":"<p>Prishtin\u00eb, 26 n\u00ebntor 2025 08:39<\/p>\n<p>Presidentja e Republik\u00ebs s\u00eb Kosov\u00ebs, Vjosa Osmani, u ka b\u00ebr\u00eb thirrje qytetar\u00ebve q\u00eb jetojn\u00eb jasht\u00eb vendit dhe q\u00eb mund t\u00eb udh\u00ebtojn\u00eb drejt Kosov\u00ebs gjat\u00eb festave t\u00eb fundvitit, q\u00eb t\u00eb shmangin kalimin n\u00ebp\u00ebr Serbi.<\/p>\n<p>K\u00ebt\u00eb thirrje, presidentja e vendit e b\u00ebri gjat\u00eb pritjes s\u00eb ish-policit t\u00eb Kosov\u00ebs, Arbnor Spahiu, i cili u lirua disa dit\u00eb m\u00eb par\u00eb nga paraburgimi n\u00eb Serbi, ku kishte q\u00ebndruar p\u00ebr muaj t\u00eb t\u00ebr\u00eb.<\/p>\n<p>\u201cDje prita n\u00eb takim ish-pjes\u00ebtarin e Nj\u00ebsis\u00eb Speciale t\u00eb Policis\u00eb s\u00eb Kosov\u00ebs, Arbnor Spahiun, i cili \u00ebsht\u00eb liruar nga paraburgimi n\u00eb Serbi pas disa muajsh mbajtjeje peng. Arbnorit i urova gjith\u00eb t\u00eb mirat pran\u00eb familjes s\u00eb tij dhe nj\u00eb rikthim sa m\u00eb t\u00eb leht\u00eb n\u00eb normalitet.<br \/>\nQytetar\u00ebve tan\u00eb q\u00eb jetojn\u00eb jasht\u00eb Kosov\u00ebs dhe q\u00eb mund t\u00eb udh\u00ebtojn\u00eb drejt vendit, sidomos gjat\u00eb festave t\u00eb fundvitit, u b\u00ebj thirrje t\u00eb shmangin kalimin n\u00ebp\u00ebr Serbi, pasi atje vazhdojn\u00eb t\u00eb jen\u00eb n\u00eb pushtet struktura q\u00eb nuk dallojn\u00eb n\u00eb mend\u00ebsi nga regjimi i kaluar serb\u201d, ka shkruar n\u00eb Facebook presidentja e Republik\u00ebs s\u00eb Kosov\u00ebs.<\/p>\n","protected":false},"excerpt":{"rendered":"<p>Prishtin\u00eb, 26 n\u00ebntor 2025 08:39 Presidentja e Republik\u00ebs s\u00eb Kosov\u00ebs, Vjosa Osmani, u ka b\u00ebr\u00eb thirrje qytetar\u00ebve q\u00eb jetojn\u00eb jasht\u00eb vendit dhe q\u00eb mund t\u00eb<\/p>\n","protected":false},"author":7,"featured_media":21777,"comment_status":"open","ping_status":"open","sticky":false,"template":"","format":"standard","meta":{"footnotes":""},"categories":[60],"tags":[],"class_list":["post-21776","post","type-post","status-publish","format-standard","has-post-thumbnail","hentry","category-shoqerore-sq"],"yoast_head":"<!-- This site is optimized with the Yoast SEO plugin v25.3.1 - https:\/\/yoast.com\/wordpress\/plugins\/seo\/ -->\n<title>Presidentja Osmani: Shmangni kalimin n\u00ebp\u00ebr Serbi -<\/title>\n<meta name=\"robots\" content=\"index, follow, max-snippet:-1, max-image-preview:large, max-video-preview:-1\" \/>\n<link rel=\"canonical\" href=\"https:\/\/veritasinfo.org\/?p=21776\" \/>\n<meta property=\"og:locale\" content=\"en_US\" \/>\n<meta property=\"og:type\" content=\"article\" \/>\n<meta property=\"og:title\" content=\"Presidentja Osmani: Shmangni kalimin n\u00ebp\u00ebr Serbi -\" \/>\n<meta property=\"og:description\" content=\"Prishtin\u00eb, 26 n\u00ebntor 2025 08:39 Presidentja e Republik\u00ebs s\u00eb Kosov\u00ebs, Vjosa Osmani, u ka b\u00ebr\u00eb thirrje qytetar\u00ebve q\u00eb jetojn\u00eb jasht\u00eb vendit dhe q\u00eb mund t\u00eb\" \/>\n<meta property=\"og:url\" content=\"https:\/\/veritasinfo.org\/?p=21776\" \/>\n<meta property=\"article:published_time\" content=\"2025-11-26T07:40:16+00:00\" \/>\n<meta property=\"og:image\" content=\"https:\/\/veritasinfo.org\/wp-content\/uploads\/2025\/11\/589953120_1384423779708824_5851593455479056996_n.jpg\" \/>\n\t<meta property=\"og:image:width\" content=\"2048\" \/>\n\t<meta property=\"og:image:height\" content=\"1110\" \/>\n\t<meta property=\"og:image:type\" content=\"image\/jpeg\" \/>\n<meta name=\"author\" content=\"US6\" \/>\n<meta name=\"twitter:card\" content=\"summary_large_image\" \/>\n<meta name=\"twitter:label1\" content=\"Written by\" \/>\n\t<meta name=\"twitter:data1\" content=\"US6\" \/>\n\t<meta name=\"twitter:label2\" content=\"Est. reading time\" \/>\n\t<meta name=\"twitter:data2\" content=\"1 minute\" \/>\n<script type=\"application\/ld+json\" class=\"yoast-schema-graph\">{\"@context\":\"https:\/\/schema.org\",\"@graph\":[{\"@type\":\"WebPage\",\"@id\":\"https:\/\/veritasinfo.org\/?p=21776\",\"url\":\"https:\/\/veritasinfo.org\/?p=21776\",\"name\":\"Presidentja Osmani: Shmangni kalimin n\u00ebp\u00ebr Serbi -\",\"isPartOf\":{\"@id\":\"https:\/\/veritasinfo.org\/#website\"},\"primaryImageOfPage\":{\"@id\":\"https:\/\/veritasinfo.org\/?p=21776#primaryimage\"},\"image\":{\"@id\":\"https:\/\/veritasinfo.org\/?p=21776#primaryimage\"},\"thumbnailUrl\":\"https:\/\/veritasinfo.org\/wp-content\/uploads\/2025\/11\/589953120_1384423779708824_5851593455479056996_n.jpg\",\"datePublished\":\"2025-11-26T07:40:16+00:00\",\"author\":{\"@id\":\"https:\/\/veritasinfo.org\/#\/schema\/person\/fe199eede04c3937362892b7444747cc\"},\"breadcrumb\":{\"@id\":\"https:\/\/veritasinfo.org\/?p=21776#breadcrumb\"},\"inLanguage\":\"en-US\",\"potentialAction\":[{\"@type\":\"ReadAction\",\"target\":[\"https:\/\/veritasinfo.org\/?p=21776\"]}]},{\"@type\":\"ImageObject\",\"inLanguage\":\"en-US\",\"@id\":\"https:\/\/veritasinfo.org\/?p=21776#primaryimage\",\"url\":\"https:\/\/veritasinfo.org\/wp-content\/uploads\/2025\/11\/589953120_1384423779708824_5851593455479056996_n.jpg\",\"contentUrl\":\"https:\/\/veritasinfo.org\/wp-content\/uploads\/2025\/11\/589953120_1384423779708824_5851593455479056996_n.jpg\",\"width\":2048,\"height\":1110},{\"@type\":\"BreadcrumbList\",\"@id\":\"https:\/\/veritasinfo.org\/?p=21776#breadcrumb\",\"itemListElement\":[{\"@type\":\"ListItem\",\"position\":1,\"name\":\"Home\",\"item\":\"https:\/\/veritasinfo.org\/\"},{\"@type\":\"ListItem\",\"position\":2,\"name\":\"Presidentja Osmani: Shmangni kalimin n\u00ebp\u00ebr Serbi\"}]},{\"@type\":\"WebSite\",\"@id\":\"https:\/\/veritasinfo.org\/#website\",\"url\":\"https:\/\/veritasinfo.org\/\",\"name\":\"\",\"description\":\"\",\"potentialAction\":[{\"@type\":\"SearchAction\",\"target\":{\"@type\":\"EntryPoint\",\"urlTemplate\":\"https:\/\/veritasinfo.org\/?s={search_term_string}\"},\"query-input\":{\"@type\":\"PropertyValueSpecification\",\"valueRequired\":true,\"valueName\":\"search_term_string\"}}],\"inLanguage\":\"en-US\"},{\"@type\":\"Person\",\"@id\":\"https:\/\/veritasinfo.org\/#\/schema\/person\/fe199eede04c3937362892b7444747cc\",\"name\":\"US6\",\"image\":{\"@type\":\"ImageObject\",\"inLanguage\":\"en-US\",\"@id\":\"https:\/\/veritasinfo.org\/#\/schema\/person\/image\/\",\"url\":\"https:\/\/secure.gravatar.com\/avatar\/cb16c3c31c9d23b9b8c705964598220b3014e42ff51eb540ff23cefa3ae8c15f?s=96&d=mm&r=g\",\"contentUrl\":\"https:\/\/secure.gravatar.com\/avatar\/cb16c3c31c9d23b9b8c705964598220b3014e42ff51eb540ff23cefa3ae8c15f?s=96&d=mm&r=g\",\"caption\":\"US6\"},\"url\":\"https:\/\/veritasinfo.org\/?author=7\"}]}<\/script>\n<!-- \/ Yoast SEO plugin. -->","yoast_head_json":{"title":"Presidentja Osmani: Shmangni kalimin n\u00ebp\u00ebr Serbi -","robots":{"index":"index","follow":"follow","max-snippet":"max-snippet:-1","max-image-preview":"max-image-preview:large","max-video-preview":"max-video-preview:-1"},"canonical":"https:\/\/veritasinfo.org\/?p=21776","og_locale":"en_US","og_type":"article","og_title":"Presidentja Osmani: Shmangni kalimin n\u00ebp\u00ebr Serbi -","og_description":"Prishtin\u00eb, 26 n\u00ebntor 2025 08:39 Presidentja e Republik\u00ebs s\u00eb Kosov\u00ebs, Vjosa Osmani, u ka b\u00ebr\u00eb thirrje qytetar\u00ebve q\u00eb jetojn\u00eb jasht\u00eb vendit dhe q\u00eb mund t\u00eb","og_url":"https:\/\/veritasinfo.org\/?p=21776","article_published_time":"2025-11-26T07:40:16+00:00","og_image":[{"width":2048,"height":1110,"url":"https:\/\/veritasinfo.org\/wp-content\/uploads\/2025\/11\/589953120_1384423779708824_5851593455479056996_n.jpg","type":"image\/jpeg"}],"author":"US6","twitter_card":"summary_large_image","twitter_misc":{"Written by":"US6","Est. reading time":"1 minute"},"schema":{"@context":"https:\/\/schema.org","@graph":[{"@type":"WebPage","@id":"https:\/\/veritasinfo.org\/?p=21776","url":"https:\/\/veritasinfo.org\/?p=21776","name":"Presidentja Osmani: Shmangni kalimin n\u00ebp\u00ebr Serbi -","isPartOf":{"@id":"https:\/\/veritasinfo.org\/#website"},"primaryImageOfPage":{"@id":"https:\/\/veritasinfo.org\/?p=21776#primaryimage"},"image":{"@id":"https:\/\/veritasinfo.org\/?p=21776#primaryimage"},"thumbnailUrl":"https:\/\/veritasinfo.org\/wp-content\/uploads\/2025\/11\/589953120_1384423779708824_5851593455479056996_n.jpg","datePublished":"2025-11-26T07:40:16+00:00","author":{"@id":"https:\/\/veritasinfo.org\/#\/schema\/person\/fe199eede04c3937362892b7444747cc"},"breadcrumb":{"@id":"https:\/\/veritasinfo.org\/?p=21776#breadcrumb"},"inLanguage":"en-US","potentialAction":[{"@type":"ReadAction","target":["https:\/\/veritasinfo.org\/?p=21776"]}]},{"@type":"ImageObject","inLanguage":"en-US","@id":"https:\/\/veritasinfo.org\/?p=21776#primaryimage","url":"https:\/\/veritasinfo.org\/wp-content\/uploads\/2025\/11\/589953120_1384423779708824_5851593455479056996_n.jpg","contentUrl":"https:\/\/veritasinfo.org\/wp-content\/uploads\/2025\/11\/589953120_1384423779708824_5851593455479056996_n.jpg","width":2048,"height":1110},{"@type":"BreadcrumbList","@id":"https:\/\/veritasinfo.org\/?p=21776#breadcrumb","itemListElement":[{"@type":"ListItem","position":1,"name":"Home","item":"https:\/\/veritasinfo.org\/"},{"@type":"ListItem","position":2,"name":"Presidentja Osmani: Shmangni kalimin n\u00ebp\u00ebr Serbi"}]},{"@type":"WebSite","@id":"https:\/\/veritasinfo.org\/#website","url":"https:\/\/veritasinfo.org\/","name":"","description":"","potentialAction":[{"@type":"SearchAction","target":{"@type":"EntryPoint","urlTemplate":"https:\/\/veritasinfo.org\/?s={search_term_string}"},"query-input":{"@type":"PropertyValueSpecification","valueRequired":true,"valueName":"search_term_string"}}],"inLanguage":"en-US"},{"@type":"Person","@id":"https:\/\/veritasinfo.org\/#\/schema\/person\/fe199eede04c3937362892b7444747cc","name":"US6","image":{"@type":"ImageObject","inLanguage":"en-US","@id":"https:\/\/veritasinfo.org\/#\/schema\/person\/image\/","url":"https:\/\/secure.gravatar.com\/avatar\/cb16c3c31c9d23b9b8c705964598220b3014e42ff51eb540ff23cefa3ae8c15f?s=96&d=mm&r=g","contentUrl":"https:\/\/secure.gravatar.com\/avatar\/cb16c3c31c9d23b9b8c705964598220b3014e42ff51eb540ff23cefa3ae8c15f?s=96&d=mm&r=g","caption":"US6"},"url":"https:\/\/veritasinfo.org\/?author=7"}]}},"featured_image_urls":{"full":["https:\/\/veritasinfo.org\/wp-content\/uploads\/2025\/11\/589953120_1384423779708824_5851593455479056996_n.jpg",2048,1110,false],"thumbnail":["https:\/\/veritasinfo.org\/wp-content\/uploads\/2025\/11\/589953120_1384423779708824_5851593455479056996_n-150x150.jpg",150,150,true],"medium":["https:\/\/veritasinfo.org\/wp-content\/uploads\/2025\/11\/589953120_1384423779708824_5851593455479056996_n-300x163.jpg",300,163,true],"medium_large":["https:\/\/veritasinfo.org\/wp-content\/uploads\/2025\/11\/589953120_1384423779708824_5851593455479056996_n-768x416.jpg",640,347,true],"large":["https:\/\/veritasinfo.org\/wp-content\/uploads\/2025\/11\/589953120_1384423779708824_5851593455479056996_n-1024x555.jpg",640,347,true],"1536x1536":["https:\/\/veritasinfo.org\/wp-content\/uploads\/2025\/11\/589953120_1384423779708824_5851593455479056996_n-1536x833.jpg",1536,833,true],"2048x2048":["https:\/\/veritasinfo.org\/wp-content\/uploads\/2025\/11\/589953120_1384423779708824_5851593455479056996_n.jpg",2048,1110,false],"kreeti-slider-full":["https:\/\/veritasinfo.org\/wp-content\/uploads\/2025\/11\/589953120_1384423779708824_5851593455479056996_n.jpg",1280,694,false],"kreeti-featured":["https:\/\/veritasinfo.org\/wp-content\/uploads\/2025\/11\/589953120_1384423779708824_5851593455479056996_n.jpg",1024,555,false],"kreeti-medium":["https:\/\/veritasinfo.org\/wp-content\/uploads\/2025\/11\/589953120_1384423779708824_5851593455479056996_n.jpg",720,390,false],"kreeti-medium-square":["https:\/\/veritasinfo.org\/wp-content\/uploads\/2025\/11\/589953120_1384423779708824_5851593455479056996_n.jpg",350,190,false]},"author_info":{"info":["US6"]},"category_info":"<a href=\"https:\/\/veritasinfo.org\/?cat=60\" rel=\"category\">Shoq\u00ebrore<\/a>","tag_info":"Shoq\u00ebrore","comment_count":"0","_links":{"self":[{"href":"https:\/\/veritasinfo.org\/index.php?rest_route=\/wp\/v2\/posts\/21776","targetHints":{"allow":["GET"]}}],"collection":[{"href":"https:\/\/veritasinfo.org\/index.php?rest_route=\/wp\/v2\/posts"}],"about":[{"href":"https:\/\/veritasinfo.org\/index.php?rest_route=\/wp\/v2\/types\/post"}],"author":[{"embeddable":true,"href":"https:\/\/veritasinfo.org\/index.php?rest_route=\/wp\/v2\/users\/7"}],"replies":[{"embeddable":true,"href":"https:\/\/veritasinfo.org\/index.php?rest_route=%2Fwp%2Fv2%2Fcomments&post=21776"}],"version-history":[{"count":1,"href":"https:\/\/veritasinfo.org\/index.php?rest_route=\/wp\/v2\/posts\/21776\/revisions"}],"predecessor-version":[{"id":21778,"href":"https:\/\/veritasinfo.org\/index.php?rest_route=\/wp\/v2\/posts\/21776\/revisions\/21778"}],"wp:featuredmedia":[{"embeddable":true,"href":"https:\/\/veritasinfo.org\/index.php?rest_route=\/wp\/v2\/media\/21777"}],"wp:attachment":[{"href":"https:\/\/veritasinfo.org\/index.php?rest_route=%2Fwp%2Fv2%2Fmedia&parent=21776"}],"wp:term":[{"taxonomy":"category","embeddable":true,"href":"https:\/\/veritasinfo.org\/index.php?rest_route=%2Fwp%2Fv2%2Fcategories&post=21776"},{"taxonomy":"post_tag","embeddable":true,"href":"https:\/\/veritasinfo.org\/index.php?rest_route=%2Fwp%2Fv2%2Ftags&post=21776"}],"curies":[{"name":"wp","href":"https:\/\/api.w.org\/{rel}","templated":true}]}}