{"id":21771,"date":"2025-11-26T08:24:34","date_gmt":"2025-11-26T07:24:34","guid":{"rendered":"https:\/\/veritasinfo.org\/?p=21771"},"modified":"2025-11-26T08:24:34","modified_gmt":"2025-11-26T07:24:34","slug":"banoret-e-zhegres-kujtojne-krimet-e-forcave-serbe-te-udhehequra-nga-dragan-naskoviqi-te-cilit-prokuroria-i-ngriti-aktakuze","status":"publish","type":"post","link":"https:\/\/veritasinfo.org\/?p=21771","title":{"rendered":"Banor\u00ebt e Zhegr\u00ebs kujtojn\u00eb krimet e forcave serbe t\u00eb udh\u00ebhequra nga Dragan Naskoviqi, t\u00eb cilit Prokuroria i ngriti aktakuz\u00eb"},"content":{"rendered":"<p>Prishtin\u00eb, 26 n\u00ebntor 2025 08:24<\/p>\n<p>Kan\u00eb kaluar 25 vjet q\u00ebkur Tahir Tahirit forcat serbe ia kan\u00eb vrar\u00eb v\u00ebllain para dyerve t\u00eb sht\u00ebpis\u00eb n\u00eb Zheg\u00ebr t\u00eb Gjilanit. Por ai ende e kujton mir\u00eb at\u00eb moment, teksa nj\u00eb dit\u00eb pasi q\u00eb Prokuroria Speciale ka ngritur aktakuz\u00eb p\u00ebr krime lufte ndaj Dragan Naskoviqit, Tahiri thot\u00eb se n\u00ebn udh\u00ebheqjen e tij forcat paramilitare serbe kan\u00eb torturuar dhe maltretuar shum\u00eb familje n\u00eb fshatin e tij. N\u00eb aktakuz\u00eb Prokuroria e akuzon Naskoviqin se gjat\u00eb periudh\u00ebs s\u00eb muajve mars-prill t\u00eb vitit 1999, n\u00eb cil\u00ebsin\u00eb e komandantit t\u00eb n\u00ebnstacionit n\u00eb Zheg\u00ebr t\u00eb Komun\u00ebs s\u00eb Gjilanit, nuk ka nd\u00ebrmarr\u00eb asnj\u00eb veprim p\u00ebr t\u00eb parandaluar pla\u00e7kitjet, d\u00ebbimin dhe vrasjet e 29 civil\u00ebve shqiptar\u00eb<\/p>\n<p>Edhe pse kan\u00eb kaluar nj\u00ebzet e pes\u00eb vjet, Tahir Tahiri e ka ende t\u00eb fresk\u00ebt kujtimin nga dita kur v\u00ebllai i tij u ekzekutua para syve t\u00eb familjar\u00ebve gjat\u00eb vlugut t\u00eb luft\u00ebs s\u00eb viteve 1998-1999 n\u00eb fshatin Zheg\u00ebr t\u00eb Gjilanit.<\/p>\n<p>I mbytur n\u00eb lot, ai rr\u00ebfen p\u00ebr momentet e fundit t\u00eb t\u00eb v\u00ebllait t\u00eb shtrir\u00eb p\u00ebrtok\u00eb p\u00ebrpara dyerve t\u00eb sht\u00ebpis\u00eb, tek thot\u00eb q\u00eb plag\u00ebn q\u00eb ia ka shkaktuar ai p\u00ebrjetim nuk ka mundur t\u2019ia sh\u00ebronte as kap\u00ebrcimi i m\u00eb se mbi dy dekadave koh\u00eb.<\/p>\n<p>E kur e merr pak veten dhe nis t\u00eb tregoj\u00eb p\u00ebr p\u00ebrjetimet e luft\u00ebs n\u00eb fshatin e tij, Tahiri thot\u00eb se t\u00eb udh\u00ebhequra nga Dragan Naskoviqi, forcat paramilitare serbe kan\u00eb torturuar dhe maltretuar shum\u00eb familje n\u00eb Zheg\u00ebr.<\/p>\n<p>\u201cE kan\u00eb marr\u00eb v\u00ebllain e par\u00eb, e kan\u00eb qit\u00eb te dyert. Nj\u00ebri serb ka th\u00ebn\u00eb: \u2018Jo nuk \u00ebsht\u00eb ky\u2019. E kan\u00eb marr\u00eb edhe tjetrin v\u00eblla, dhe at\u00eb e rrah\u00ebn me \u00e7izme, me kondak\u00eb, me gjith\u00e7ka&#8230; prap\u00eb \u00ebsht\u00eb d\u00ebgjuar nj\u00eb z\u00eb: \u2018Jo nuk \u00ebsht\u00eb\u2019. Ai v\u00ebllai i tret\u00eb kur ka dal\u00eb, pa nj\u00eb, pa dy, kan\u00eb shkrep\u00eb. Pes\u00eb plumba i ka pasur n\u00eb trup\u201d, rr\u00ebfeu Tahiri p\u00ebr momentin kur iu vra v\u00ebllai n\u00eb luft\u00eb. \u201cKrejt an\u00ebtar\u00ebt e familjes kan\u00eb qen\u00eb aty. Me gra, me f\u00ebmij\u00eb, kemi qen\u00eb t\u00eb gjith\u00eb familja bashk\u00eb, diku rreth 24 an\u00ebtar\u00eb. K\u00ebshtu strehoheshim, mbroheshim, edhe n\u00eb gjith\u00eb prezenc\u00ebn e tyre e kan\u00eb ekzekutuar\u201d.<\/p>\n<p>Prokuroria Speciale e Kosov\u00ebs t\u00eb h\u00ebn\u00ebn ka ngritur aktakuz\u00eb kund\u00ebr Dragan Naskoviqit, n\u00ebn akuz\u00ebn p\u00ebr krime lufte kund\u00ebr popullat\u00ebs civile. Sipas aktakuz\u00ebs, ai ka marr\u00eb pjes\u00eb n\u00eb vrasjen e 25 civil\u00ebve shqiptar\u00eb n\u00eb Zheg\u00ebr t\u00eb Gjilanit.<\/p>\n<p>Banor\u00ebt e Zhegr\u00ebs e kan\u00eb mir\u00ebpritur aktakuz\u00ebn ndaj Naskoviqit, nj\u00eb dit\u00eb pas ngritjes s\u00eb saj.<br \/>\nNga krimet e kryera n\u00ebn drejtimin e Naskoviqit, krahas Tahirit plag\u00eb t\u00eb thella n\u00eb shpirt mbart edhe banori tjet\u00ebr i Zhegr\u00ebs, Muhadin Haziri. Atij, kur ishte 21 vje\u00e7, forcat serbe ia vran\u00eb n\u00ebn\u00ebn dhe baban\u00eb.<br \/>\nE vuajtja p\u00ebr humbjen ai thot\u00eb se i rikthehet, po aq e r\u00ebnd\u00eb sikurse para 25 vjet\u00ebsh, sa her\u00eb q\u00eb rr\u00ebfen apo e tregon ndonj\u00eb fragment nga e shkuara n\u00eb luft\u00eb.<\/p>\n<p>\u201cP\u00ebrmes k\u00ebtij objekti shum\u00eb njer\u00ebz hyn\u00eb k\u00ebtu dhe dikush e ka pas\u00eb fatin me mbet\u00eb k\u00ebtu, nj\u00eb nd\u00ebr ta edhe prind\u00ebrit e mi\u201d, e nis ai rr\u00ebfimin me fytyr\u00eb t\u00eb ngrysur. \u201cSi jan\u00eb nis\u00eb p\u00ebr n\u00eb sht\u00ebpi, ata n\u00eb pozit\u00ebn&#8230; kan\u00eb nisur q\u00eb t\u00eb shkojn\u00eb p\u00ebr te sht\u00ebpia, pas nj\u00eb ore ka ndodh\u00eb vrasja n\u00eb oborr\u201d.<\/p>\n<p>P\u00ebr gjith\u00eb k\u00ebt\u00eb rast ai e mban fajtor Neskoviqin, i cili tashm\u00eb \u00ebsht\u00eb n\u00eb qend\u00ebr paraburgimi.<br \/>\nGjat\u00eb koh\u00ebs s\u00eb luft\u00ebs banor\u00eb t\u00eb Zhegr\u00ebs tregojn\u00eb se plani i forcave t\u00eb Serbis\u00eb ka qen\u00eb q\u00eb t\u00eb vriten civil\u00eb shqiptar\u00eb n\u00eb dit\u00ebn e Bajramit. Por banori Qanil Tanili thot\u00eb se ky plan d\u00ebshtoi shkaku i nj\u00eb nd\u00ebrhyrjeje t\u00eb papritur q\u00eb e ndryshoi t\u00eb gjith\u00eb rrjedh\u00ebn e ngjarjeve.<\/p>\n<p>\u201cS\u00eb pari kan\u00eb vra e kan\u00eb pla\u00e7kit\u00eb fshatin ton\u00eb. Diku rreth 400 sht\u00ebpi kan\u00eb qen\u00eb t\u00eb djegura. Kan\u00eb qen\u00eb t\u00eb p\u00ebrgatitur t\u00eb vijn\u00eb t\u00eb na vrasin, t\u00eb na maltretojn\u00eb n\u00eb dit\u00ebn e Bajramit, burrave t\u00eb na z\u00ebn\u00eb n\u00eb xhami, e grat\u00eb e f\u00ebmij\u00ebt n\u00eb sht\u00ebpi, por q\u00eb ai plan iu ndryshoi dhe iu d\u00ebshtoi, dhe kan\u00eb ardhur pas 2 dite dhe kan\u00eb operuar me planin t\u00eb cilin e kan\u00eb pasur t\u00eb organizuar mir\u00eb dhe n\u00eb m\u00ebnyr\u00eb perfekt\u00eb\u201d, tregon ai.<\/p>\n<p>Nd\u00ebrlidhur me k\u00ebto ngjarje, Naskoviqi akuzohet nga Prokuroria e Shtetit se gjat\u00eb periudh\u00ebs s\u00eb muajve mars-prill t\u00eb vitit 1999, n\u00eb cil\u00ebsin\u00eb e komandantit t\u00eb n\u00ebnstacionit n\u00eb Zheg\u00ebr t\u00eb Komun\u00ebs s\u00eb Gjilanit, nuk ka nd\u00ebrmarr\u00eb asnj\u00eb veprim p\u00ebr t\u00eb parandaluar pla\u00e7kitjet, d\u00ebbimin dhe vrasjet e 29 civil\u00ebve shqiptar\u00eb.<\/p>\n<p>Naskoviqi \u00ebsht\u00eb arrestuar n\u00eb shtator t\u00eb k\u00ebtij viti, n\u00eb pik\u00ebkalimin kufitar Dheu i Bardh\u00eb.<\/p>\n","protected":false},"excerpt":{"rendered":"<p>Prishtin\u00eb, 26 n\u00ebntor 2025 08:24 Kan\u00eb kaluar 25 vjet q\u00ebkur Tahir Tahirit forcat serbe ia kan\u00eb vrar\u00eb v\u00ebllain para dyerve t\u00eb sht\u00ebpis\u00eb n\u00eb Zheg\u00ebr t\u00eb<\/p>\n","protected":false},"author":7,"featured_media":21772,"comment_status":"open","ping_status":"open","sticky":false,"template":"","format":"standard","meta":{"footnotes":""},"categories":[60],"tags":[],"class_list":["post-21771","post","type-post","status-publish","format-standard","has-post-thumbnail","hentry","category-shoqerore-sq"],"yoast_head":"<!-- This site is optimized with the Yoast SEO plugin v25.3.1 - https:\/\/yoast.com\/wordpress\/plugins\/seo\/ -->\n<title>Banor\u00ebt e Zhegr\u00ebs kujtojn\u00eb krimet e forcave serbe t\u00eb udh\u00ebhequra nga Dragan Naskoviqi, t\u00eb cilit Prokuroria i ngriti aktakuz\u00eb -<\/title>\n<meta name=\"robots\" content=\"index, follow, max-snippet:-1, max-image-preview:large, max-video-preview:-1\" \/>\n<link rel=\"canonical\" href=\"https:\/\/veritasinfo.org\/?p=21771\" \/>\n<meta property=\"og:locale\" content=\"en_US\" \/>\n<meta property=\"og:type\" content=\"article\" \/>\n<meta property=\"og:title\" content=\"Banor\u00ebt e Zhegr\u00ebs kujtojn\u00eb krimet e forcave serbe t\u00eb udh\u00ebhequra nga Dragan Naskoviqi, t\u00eb cilit Prokuroria i ngriti aktakuz\u00eb -\" \/>\n<meta property=\"og:description\" content=\"Prishtin\u00eb, 26 n\u00ebntor 2025 08:24 Kan\u00eb kaluar 25 vjet q\u00ebkur Tahir Tahirit forcat serbe ia kan\u00eb vrar\u00eb v\u00ebllain para dyerve t\u00eb sht\u00ebpis\u00eb n\u00eb Zheg\u00ebr t\u00eb\" \/>\n<meta property=\"og:url\" content=\"https:\/\/veritasinfo.org\/?p=21771\" \/>\n<meta property=\"article:published_time\" content=\"2025-11-26T07:24:34+00:00\" \/>\n<meta property=\"og:image\" content=\"https:\/\/veritasinfo.org\/wp-content\/uploads\/2025\/11\/Screenshot-2025-11-26-082259.jpg\" \/>\n\t<meta property=\"og:image:width\" content=\"637\" \/>\n\t<meta property=\"og:image:height\" content=\"396\" \/>\n\t<meta property=\"og:image:type\" content=\"image\/jpeg\" \/>\n<meta name=\"author\" content=\"US6\" \/>\n<meta name=\"twitter:card\" content=\"summary_large_image\" \/>\n<meta name=\"twitter:label1\" content=\"Written by\" \/>\n\t<meta name=\"twitter:data1\" content=\"US6\" \/>\n\t<meta name=\"twitter:label2\" content=\"Est. reading time\" \/>\n\t<meta name=\"twitter:data2\" content=\"4 minutes\" \/>\n<script type=\"application\/ld+json\" class=\"yoast-schema-graph\">{\"@context\":\"https:\/\/schema.org\",\"@graph\":[{\"@type\":\"WebPage\",\"@id\":\"https:\/\/veritasinfo.org\/?p=21771\",\"url\":\"https:\/\/veritasinfo.org\/?p=21771\",\"name\":\"Banor\u00ebt e Zhegr\u00ebs kujtojn\u00eb krimet e forcave serbe t\u00eb udh\u00ebhequra nga Dragan Naskoviqi, t\u00eb cilit Prokuroria i ngriti aktakuz\u00eb -\",\"isPartOf\":{\"@id\":\"https:\/\/veritasinfo.org\/#website\"},\"primaryImageOfPage\":{\"@id\":\"https:\/\/veritasinfo.org\/?p=21771#primaryimage\"},\"image\":{\"@id\":\"https:\/\/veritasinfo.org\/?p=21771#primaryimage\"},\"thumbnailUrl\":\"https:\/\/veritasinfo.org\/wp-content\/uploads\/2025\/11\/Screenshot-2025-11-26-082259.jpg\",\"datePublished\":\"2025-11-26T07:24:34+00:00\",\"author\":{\"@id\":\"https:\/\/veritasinfo.org\/#\/schema\/person\/fe199eede04c3937362892b7444747cc\"},\"breadcrumb\":{\"@id\":\"https:\/\/veritasinfo.org\/?p=21771#breadcrumb\"},\"inLanguage\":\"en-US\",\"potentialAction\":[{\"@type\":\"ReadAction\",\"target\":[\"https:\/\/veritasinfo.org\/?p=21771\"]}]},{\"@type\":\"ImageObject\",\"inLanguage\":\"en-US\",\"@id\":\"https:\/\/veritasinfo.org\/?p=21771#primaryimage\",\"url\":\"https:\/\/veritasinfo.org\/wp-content\/uploads\/2025\/11\/Screenshot-2025-11-26-082259.jpg\",\"contentUrl\":\"https:\/\/veritasinfo.org\/wp-content\/uploads\/2025\/11\/Screenshot-2025-11-26-082259.jpg\",\"width\":637,\"height\":396},{\"@type\":\"BreadcrumbList\",\"@id\":\"https:\/\/veritasinfo.org\/?p=21771#breadcrumb\",\"itemListElement\":[{\"@type\":\"ListItem\",\"position\":1,\"name\":\"Home\",\"item\":\"https:\/\/veritasinfo.org\/\"},{\"@type\":\"ListItem\",\"position\":2,\"name\":\"Banor\u00ebt e Zhegr\u00ebs kujtojn\u00eb krimet e forcave serbe t\u00eb udh\u00ebhequra nga Dragan Naskoviqi, t\u00eb cilit Prokuroria i ngriti aktakuz\u00eb\"}]},{\"@type\":\"WebSite\",\"@id\":\"https:\/\/veritasinfo.org\/#website\",\"url\":\"https:\/\/veritasinfo.org\/\",\"name\":\"\",\"description\":\"\",\"potentialAction\":[{\"@type\":\"SearchAction\",\"target\":{\"@type\":\"EntryPoint\",\"urlTemplate\":\"https:\/\/veritasinfo.org\/?s={search_term_string}\"},\"query-input\":{\"@type\":\"PropertyValueSpecification\",\"valueRequired\":true,\"valueName\":\"search_term_string\"}}],\"inLanguage\":\"en-US\"},{\"@type\":\"Person\",\"@id\":\"https:\/\/veritasinfo.org\/#\/schema\/person\/fe199eede04c3937362892b7444747cc\",\"name\":\"US6\",\"image\":{\"@type\":\"ImageObject\",\"inLanguage\":\"en-US\",\"@id\":\"https:\/\/veritasinfo.org\/#\/schema\/person\/image\/\",\"url\":\"https:\/\/secure.gravatar.com\/avatar\/cb16c3c31c9d23b9b8c705964598220b3014e42ff51eb540ff23cefa3ae8c15f?s=96&d=mm&r=g\",\"contentUrl\":\"https:\/\/secure.gravatar.com\/avatar\/cb16c3c31c9d23b9b8c705964598220b3014e42ff51eb540ff23cefa3ae8c15f?s=96&d=mm&r=g\",\"caption\":\"US6\"},\"url\":\"https:\/\/veritasinfo.org\/?author=7\"}]}<\/script>\n<!-- \/ Yoast SEO plugin. -->","yoast_head_json":{"title":"Banor\u00ebt e Zhegr\u00ebs kujtojn\u00eb krimet e forcave serbe t\u00eb udh\u00ebhequra nga Dragan Naskoviqi, t\u00eb cilit Prokuroria i ngriti aktakuz\u00eb -","robots":{"index":"index","follow":"follow","max-snippet":"max-snippet:-1","max-image-preview":"max-image-preview:large","max-video-preview":"max-video-preview:-1"},"canonical":"https:\/\/veritasinfo.org\/?p=21771","og_locale":"en_US","og_type":"article","og_title":"Banor\u00ebt e Zhegr\u00ebs kujtojn\u00eb krimet e forcave serbe t\u00eb udh\u00ebhequra nga Dragan Naskoviqi, t\u00eb cilit Prokuroria i ngriti aktakuz\u00eb -","og_description":"Prishtin\u00eb, 26 n\u00ebntor 2025 08:24 Kan\u00eb kaluar 25 vjet q\u00ebkur Tahir Tahirit forcat serbe ia kan\u00eb vrar\u00eb v\u00ebllain para dyerve t\u00eb sht\u00ebpis\u00eb n\u00eb Zheg\u00ebr t\u00eb","og_url":"https:\/\/veritasinfo.org\/?p=21771","article_published_time":"2025-11-26T07:24:34+00:00","og_image":[{"width":637,"height":396,"url":"https:\/\/veritasinfo.org\/wp-content\/uploads\/2025\/11\/Screenshot-2025-11-26-082259.jpg","type":"image\/jpeg"}],"author":"US6","twitter_card":"summary_large_image","twitter_misc":{"Written by":"US6","Est. reading time":"4 minutes"},"schema":{"@context":"https:\/\/schema.org","@graph":[{"@type":"WebPage","@id":"https:\/\/veritasinfo.org\/?p=21771","url":"https:\/\/veritasinfo.org\/?p=21771","name":"Banor\u00ebt e Zhegr\u00ebs kujtojn\u00eb krimet e forcave serbe t\u00eb udh\u00ebhequra nga Dragan Naskoviqi, t\u00eb cilit Prokuroria i ngriti aktakuz\u00eb -","isPartOf":{"@id":"https:\/\/veritasinfo.org\/#website"},"primaryImageOfPage":{"@id":"https:\/\/veritasinfo.org\/?p=21771#primaryimage"},"image":{"@id":"https:\/\/veritasinfo.org\/?p=21771#primaryimage"},"thumbnailUrl":"https:\/\/veritasinfo.org\/wp-content\/uploads\/2025\/11\/Screenshot-2025-11-26-082259.jpg","datePublished":"2025-11-26T07:24:34+00:00","author":{"@id":"https:\/\/veritasinfo.org\/#\/schema\/person\/fe199eede04c3937362892b7444747cc"},"breadcrumb":{"@id":"https:\/\/veritasinfo.org\/?p=21771#breadcrumb"},"inLanguage":"en-US","potentialAction":[{"@type":"ReadAction","target":["https:\/\/veritasinfo.org\/?p=21771"]}]},{"@type":"ImageObject","inLanguage":"en-US","@id":"https:\/\/veritasinfo.org\/?p=21771#primaryimage","url":"https:\/\/veritasinfo.org\/wp-content\/uploads\/2025\/11\/Screenshot-2025-11-26-082259.jpg","contentUrl":"https:\/\/veritasinfo.org\/wp-content\/uploads\/2025\/11\/Screenshot-2025-11-26-082259.jpg","width":637,"height":396},{"@type":"BreadcrumbList","@id":"https:\/\/veritasinfo.org\/?p=21771#breadcrumb","itemListElement":[{"@type":"ListItem","position":1,"name":"Home","item":"https:\/\/veritasinfo.org\/"},{"@type":"ListItem","position":2,"name":"Banor\u00ebt e Zhegr\u00ebs kujtojn\u00eb krimet e forcave serbe t\u00eb udh\u00ebhequra nga Dragan Naskoviqi, t\u00eb cilit Prokuroria i ngriti aktakuz\u00eb"}]},{"@type":"WebSite","@id":"https:\/\/veritasinfo.org\/#website","url":"https:\/\/veritasinfo.org\/","name":"","description":"","potentialAction":[{"@type":"SearchAction","target":{"@type":"EntryPoint","urlTemplate":"https:\/\/veritasinfo.org\/?s={search_term_string}"},"query-input":{"@type":"PropertyValueSpecification","valueRequired":true,"valueName":"search_term_string"}}],"inLanguage":"en-US"},{"@type":"Person","@id":"https:\/\/veritasinfo.org\/#\/schema\/person\/fe199eede04c3937362892b7444747cc","name":"US6","image":{"@type":"ImageObject","inLanguage":"en-US","@id":"https:\/\/veritasinfo.org\/#\/schema\/person\/image\/","url":"https:\/\/secure.gravatar.com\/avatar\/cb16c3c31c9d23b9b8c705964598220b3014e42ff51eb540ff23cefa3ae8c15f?s=96&d=mm&r=g","contentUrl":"https:\/\/secure.gravatar.com\/avatar\/cb16c3c31c9d23b9b8c705964598220b3014e42ff51eb540ff23cefa3ae8c15f?s=96&d=mm&r=g","caption":"US6"},"url":"https:\/\/veritasinfo.org\/?author=7"}]}},"featured_image_urls":{"full":["https:\/\/veritasinfo.org\/wp-content\/uploads\/2025\/11\/Screenshot-2025-11-26-082259.jpg",637,396,false],"thumbnail":["https:\/\/veritasinfo.org\/wp-content\/uploads\/2025\/11\/Screenshot-2025-11-26-082259-150x150.jpg",150,150,true],"medium":["https:\/\/veritasinfo.org\/wp-content\/uploads\/2025\/11\/Screenshot-2025-11-26-082259-300x186.jpg",300,186,true],"medium_large":["https:\/\/veritasinfo.org\/wp-content\/uploads\/2025\/11\/Screenshot-2025-11-26-082259.jpg",637,396,false],"large":["https:\/\/veritasinfo.org\/wp-content\/uploads\/2025\/11\/Screenshot-2025-11-26-082259.jpg",637,396,false],"1536x1536":["https:\/\/veritasinfo.org\/wp-content\/uploads\/2025\/11\/Screenshot-2025-11-26-082259.jpg",637,396,false],"2048x2048":["https:\/\/veritasinfo.org\/wp-content\/uploads\/2025\/11\/Screenshot-2025-11-26-082259.jpg",637,396,false],"kreeti-slider-full":["https:\/\/veritasinfo.org\/wp-content\/uploads\/2025\/11\/Screenshot-2025-11-26-082259.jpg",637,396,false],"kreeti-featured":["https:\/\/veritasinfo.org\/wp-content\/uploads\/2025\/11\/Screenshot-2025-11-26-082259.jpg",637,396,false],"kreeti-medium":["https:\/\/veritasinfo.org\/wp-content\/uploads\/2025\/11\/Screenshot-2025-11-26-082259.jpg",637,396,false],"kreeti-medium-square":["https:\/\/veritasinfo.org\/wp-content\/uploads\/2025\/11\/Screenshot-2025-11-26-082259.jpg",350,218,false]},"author_info":{"info":["US6"]},"category_info":"<a href=\"https:\/\/veritasinfo.org\/?cat=60\" rel=\"category\">Shoq\u00ebrore<\/a>","tag_info":"Shoq\u00ebrore","comment_count":"0","_links":{"self":[{"href":"https:\/\/veritasinfo.org\/index.php?rest_route=\/wp\/v2\/posts\/21771","targetHints":{"allow":["GET"]}}],"collection":[{"href":"https:\/\/veritasinfo.org\/index.php?rest_route=\/wp\/v2\/posts"}],"about":[{"href":"https:\/\/veritasinfo.org\/index.php?rest_route=\/wp\/v2\/types\/post"}],"author":[{"embeddable":true,"href":"https:\/\/veritasinfo.org\/index.php?rest_route=\/wp\/v2\/users\/7"}],"replies":[{"embeddable":true,"href":"https:\/\/veritasinfo.org\/index.php?rest_route=%2Fwp%2Fv2%2Fcomments&post=21771"}],"version-history":[{"count":1,"href":"https:\/\/veritasinfo.org\/index.php?rest_route=\/wp\/v2\/posts\/21771\/revisions"}],"predecessor-version":[{"id":21773,"href":"https:\/\/veritasinfo.org\/index.php?rest_route=\/wp\/v2\/posts\/21771\/revisions\/21773"}],"wp:featuredmedia":[{"embeddable":true,"href":"https:\/\/veritasinfo.org\/index.php?rest_route=\/wp\/v2\/media\/21772"}],"wp:attachment":[{"href":"https:\/\/veritasinfo.org\/index.php?rest_route=%2Fwp%2Fv2%2Fmedia&parent=21771"}],"wp:term":[{"taxonomy":"category","embeddable":true,"href":"https:\/\/veritasinfo.org\/index.php?rest_route=%2Fwp%2Fv2%2Fcategories&post=21771"},{"taxonomy":"post_tag","embeddable":true,"href":"https:\/\/veritasinfo.org\/index.php?rest_route=%2Fwp%2Fv2%2Ftags&post=21771"}],"curies":[{"name":"wp","href":"https:\/\/api.w.org\/{rel}","templated":true}]}}