{"id":21766,"date":"2025-11-26T08:16:49","date_gmt":"2025-11-26T07:16:49","guid":{"rendered":"https:\/\/veritasinfo.org\/?p=21766"},"modified":"2025-11-26T08:16:49","modified_gmt":"2025-11-26T07:16:49","slug":"rrefimi-trondites-i-ish-oficerit-qe-zbuloi-i-pari-vrasjet-me-snajpere-ne-sarajeve","status":"publish","type":"post","link":"https:\/\/veritasinfo.org\/?p=21766","title":{"rendered":"Rr\u00ebfimi trondit\u00ebs i ish-oficerit q\u00eb zbuloi i pari vrasjet me snajper\u00eb n\u00eb Sarajev\u00eb"},"content":{"rendered":"<p>Prishtin\u00eb, 26 n\u00ebntor 2025 08:16<\/p>\n<p>Tre dekada pas rrethimit t\u00eb Sarajev\u00ebs, prokuroria italiane ka hapur nj\u00eb hetim q\u00eb m\u00eb n\u00eb fund mund t\u00eb hedh\u00eb drit\u00eb mbi nj\u00eb nga segmentet m\u00eb t\u00eb err\u00ebta t\u00eb luft\u00ebs n\u00eb Bosnj\u00eb dhe Hercegovin\u00eb \u201csnajperist\u00ebt e fundjav\u00ebs\u201d q\u00eb, sipas d\u00ebshmitar\u00ebve, paguheshin p\u00ebr t\u00eb q\u00eblluar mbi civil\u00eb.<\/p>\n<p>Nj\u00eb nga t\u00eb par\u00ebt q\u00eb e zbuloi k\u00ebt\u00eb histori ishte Edin Subashiq, ish-oficer i inteligjenc\u00ebs s\u00eb Ushtris\u00eb s\u00eb Bosnj\u00eb dhe Hercegovin\u00ebs.<\/p>\n<p>Subashiq p\u00ebr TRT Balkan tregon detajet e rr\u00ebfimit \u2013 nga momenti kur e zbuloi deri te informacionet e fundit q\u00eb lidhen me hetimin e prokuroris\u00eb italiane.<\/p>\n<p>Gjat\u00eb rrethimit t\u00eb Sarajev\u00ebs, p\u00ebrve\u00e7 pozicioneve t\u00eb zakonshme nga ku vepronin snajperist\u00ebt serb\u00eb, hetimet zbulojn\u00eb se zona kodrinore q\u00eb e rrethonte qytetin ishte shnd\u00ebrruar edhe n\u00eb terren p\u00ebr nj\u00eb fenomen makab\u00ebr: t\u00eb ashtuquajturit \u201csnajperist\u00eb t\u00eb fundjav\u00ebs\u201d.<\/p>\n<p>Sipas d\u00ebshmive t\u00eb mbledhura, k\u00ebta individ\u00eb nuk kishin asnj\u00eb lidhje me konfliktin n\u00eb Bosnj\u00eb. \u201cAta vinin nga vende t\u00eb ndryshme t\u00eb Evrop\u00ebs \u2013 kryesisht nga Italia \u2013 vet\u00ebm p\u00ebr t\u00eb q\u00eblluar mbi qytetar\u00ebt e Sarajev\u00ebs, duke e kthyer vrasjen n\u00eb arg\u00ebtim. B\u00ebhej fjal\u00eb p\u00ebr persona t\u00eb pasur, gjuetar\u00eb profesionist\u00eb n\u00eb vendet e tyre, t\u00eb cil\u00ebt k\u00ebrkonin \u201cp\u00ebrjetime adrenaline\u201d n\u00eb zon\u00ebn e luft\u00ebs, duke p\u00ebrfaq\u00ebsuar nj\u00eb sistem t\u00eb deformuar vlerash\u201d.<\/p>\n<p>Sipas deklarat\u00ebs s\u00eb Edin Subashiqit, prania e tyre u konfirmua pasi nj\u00eb vullnetar serb nga Paracini i Serbis\u00eb, i kapur n\u00eb fund t\u00eb vitit 1993 n\u00eb Hrastno Brdo, pranoi se mes vullnetar\u00ebve dhe mercenar\u00ebve kishte par\u00eb edhe italian\u00eb t\u00eb veshur me pajisje t\u00eb shtrenjta gjuetie dhe t\u00eb armatosur me snajper\u00eb t\u00eb avancuar. Sipas d\u00ebshmis\u00eb s\u00eb tij, nj\u00eb gjuetar nga Milano paguante p\u00ebr t\u00eb ardhur n\u00eb Grbavica me q\u00ebllim q\u00eb t\u00eb q\u00ebllonte mbi Sarajev\u00eb, duke e cil\u00ebsuar k\u00ebt\u00eb si \u201chobi\u201d.<\/p>\n<p>\u201cHetimet e UNPROFOR-it dhe bashk\u00ebpunimi me inteligjenc\u00ebn italiane \u00e7uan n\u00eb identifikimin, n\u00eb fillim t\u00eb vitit 1994, t\u00eb linjave t\u00eb organizuara t\u00eb transportit q\u00eb sillnin k\u00ebta individ\u00eb n\u00eb Bosnj\u00eb \u2013 p\u00ebrmes furgon\u00ebve, autobus\u00ebve, fluturimeve drejt Hungaris\u00eb e m\u00eb pas n\u00eb Serbi, madje edhe me helikopter\u00eb ushtarak\u00eb deri n\u00eb Pale. Autoritetet italiane njoftuan se k\u00ebto rrug\u00eb ishin nd\u00ebrprer\u00eb, duke e konsideruar \u00e7\u00ebshtjen t\u00eb mbyllur, nd\u00ebrsa v\u00ebmendja nd\u00ebrkomb\u00ebtare mbetej e fokusuar n\u00eb shum\u00eb aspekte t\u00eb tjera urgjente t\u00eb luft\u00ebs\u201d, deklaroi ai.<\/p>\n<p>\u201cKy episod i err\u00ebt i rrethimit t\u00eb Sarajev\u00ebs mbetet nj\u00eb d\u00ebshmi e dhimbshme e degradimit moral q\u00eb shoq\u00ebroi konfliktin, duke ngritur s\u00ebrish pyetje mbi p\u00ebrmasat e krimeve t\u00eb kryera ndaj popullsis\u00eb civile\u201d, p\u00ebrfundoi ai.<\/p>\n<p>Rasti \u201cSarajevo Safari\u201d i referohet praktik\u00ebs s\u00eb tmerrshme ku qytetar\u00eb t\u00eb pasur t\u00eb huaj paguanin p\u00ebr mund\u00ebsin\u00eb p\u00ebr t\u00eb q\u00eblluar mbi civil\u00eb \u2013 p\u00ebrfshir\u00eb gra dhe f\u00ebmij\u00eb \u2013 gjat\u00eb rrethimit t\u00eb qytetit.<\/p>\n","protected":false},"excerpt":{"rendered":"<p>Prishtin\u00eb, 26 n\u00ebntor 2025 08:16 Tre dekada pas rrethimit t\u00eb Sarajev\u00ebs, prokuroria italiane ka hapur nj\u00eb hetim q\u00eb m\u00eb n\u00eb fund mund t\u00eb hedh\u00eb drit\u00eb<\/p>\n","protected":false},"author":7,"featured_media":21767,"comment_status":"open","ping_status":"open","sticky":false,"template":"","format":"standard","meta":{"footnotes":""},"categories":[72],"tags":[],"class_list":["post-21766","post","type-post","status-publish","format-standard","has-post-thumbnail","hentry","category-bota"],"yoast_head":"<!-- This site is optimized with the Yoast SEO plugin v25.3.1 - https:\/\/yoast.com\/wordpress\/plugins\/seo\/ -->\n<title>Rr\u00ebfimi trondit\u00ebs i ish-oficerit q\u00eb zbuloi i pari vrasjet me snajper\u00eb n\u00eb Sarajev\u00eb -<\/title>\n<meta name=\"robots\" content=\"index, follow, max-snippet:-1, max-image-preview:large, max-video-preview:-1\" \/>\n<link rel=\"canonical\" href=\"https:\/\/veritasinfo.org\/?p=21766\" \/>\n<meta property=\"og:locale\" content=\"en_US\" \/>\n<meta property=\"og:type\" content=\"article\" \/>\n<meta property=\"og:title\" content=\"Rr\u00ebfimi trondit\u00ebs i ish-oficerit q\u00eb zbuloi i pari vrasjet me snajper\u00eb n\u00eb Sarajev\u00eb -\" \/>\n<meta property=\"og:description\" content=\"Prishtin\u00eb, 26 n\u00ebntor 2025 08:16 Tre dekada pas rrethimit t\u00eb Sarajev\u00ebs, prokuroria italiane ka hapur nj\u00eb hetim q\u00eb m\u00eb n\u00eb fund mund t\u00eb hedh\u00eb drit\u00eb\" \/>\n<meta property=\"og:url\" content=\"https:\/\/veritasinfo.org\/?p=21766\" \/>\n<meta property=\"article:published_time\" content=\"2025-11-26T07:16:49+00:00\" \/>\n<meta property=\"og:image\" content=\"https:\/\/veritasinfo.org\/wp-content\/uploads\/2025\/11\/Rrefimi-trondites-i-ish-oficerit-qe-zbuloi-i-pari-vrasjet-me-snajpere-ne-Sarajeve-Insajderi.org_.png\" \/>\n\t<meta property=\"og:image:width\" content=\"585\" \/>\n\t<meta property=\"og:image:height\" content=\"438\" \/>\n\t<meta property=\"og:image:type\" content=\"image\/png\" \/>\n<meta name=\"author\" content=\"US6\" \/>\n<meta name=\"twitter:card\" content=\"summary_large_image\" \/>\n<meta name=\"twitter:label1\" content=\"Written by\" \/>\n\t<meta name=\"twitter:data1\" content=\"US6\" \/>\n\t<meta name=\"twitter:label2\" content=\"Est. reading time\" \/>\n\t<meta name=\"twitter:data2\" content=\"3 minutes\" \/>\n<script type=\"application\/ld+json\" class=\"yoast-schema-graph\">{\"@context\":\"https:\/\/schema.org\",\"@graph\":[{\"@type\":\"WebPage\",\"@id\":\"https:\/\/veritasinfo.org\/?p=21766\",\"url\":\"https:\/\/veritasinfo.org\/?p=21766\",\"name\":\"Rr\u00ebfimi trondit\u00ebs i ish-oficerit q\u00eb zbuloi i pari vrasjet me snajper\u00eb n\u00eb Sarajev\u00eb -\",\"isPartOf\":{\"@id\":\"https:\/\/veritasinfo.org\/#website\"},\"primaryImageOfPage\":{\"@id\":\"https:\/\/veritasinfo.org\/?p=21766#primaryimage\"},\"image\":{\"@id\":\"https:\/\/veritasinfo.org\/?p=21766#primaryimage\"},\"thumbnailUrl\":\"https:\/\/veritasinfo.org\/wp-content\/uploads\/2025\/11\/Rrefimi-trondites-i-ish-oficerit-qe-zbuloi-i-pari-vrasjet-me-snajpere-ne-Sarajeve-Insajderi.org_.png\",\"datePublished\":\"2025-11-26T07:16:49+00:00\",\"author\":{\"@id\":\"https:\/\/veritasinfo.org\/#\/schema\/person\/fe199eede04c3937362892b7444747cc\"},\"breadcrumb\":{\"@id\":\"https:\/\/veritasinfo.org\/?p=21766#breadcrumb\"},\"inLanguage\":\"en-US\",\"potentialAction\":[{\"@type\":\"ReadAction\",\"target\":[\"https:\/\/veritasinfo.org\/?p=21766\"]}]},{\"@type\":\"ImageObject\",\"inLanguage\":\"en-US\",\"@id\":\"https:\/\/veritasinfo.org\/?p=21766#primaryimage\",\"url\":\"https:\/\/veritasinfo.org\/wp-content\/uploads\/2025\/11\/Rrefimi-trondites-i-ish-oficerit-qe-zbuloi-i-pari-vrasjet-me-snajpere-ne-Sarajeve-Insajderi.org_.png\",\"contentUrl\":\"https:\/\/veritasinfo.org\/wp-content\/uploads\/2025\/11\/Rrefimi-trondites-i-ish-oficerit-qe-zbuloi-i-pari-vrasjet-me-snajpere-ne-Sarajeve-Insajderi.org_.png\",\"width\":585,\"height\":438},{\"@type\":\"BreadcrumbList\",\"@id\":\"https:\/\/veritasinfo.org\/?p=21766#breadcrumb\",\"itemListElement\":[{\"@type\":\"ListItem\",\"position\":1,\"name\":\"Home\",\"item\":\"https:\/\/veritasinfo.org\/\"},{\"@type\":\"ListItem\",\"position\":2,\"name\":\"Rr\u00ebfimi trondit\u00ebs i ish-oficerit q\u00eb zbuloi i pari vrasjet me snajper\u00eb n\u00eb Sarajev\u00eb\"}]},{\"@type\":\"WebSite\",\"@id\":\"https:\/\/veritasinfo.org\/#website\",\"url\":\"https:\/\/veritasinfo.org\/\",\"name\":\"\",\"description\":\"\",\"potentialAction\":[{\"@type\":\"SearchAction\",\"target\":{\"@type\":\"EntryPoint\",\"urlTemplate\":\"https:\/\/veritasinfo.org\/?s={search_term_string}\"},\"query-input\":{\"@type\":\"PropertyValueSpecification\",\"valueRequired\":true,\"valueName\":\"search_term_string\"}}],\"inLanguage\":\"en-US\"},{\"@type\":\"Person\",\"@id\":\"https:\/\/veritasinfo.org\/#\/schema\/person\/fe199eede04c3937362892b7444747cc\",\"name\":\"US6\",\"image\":{\"@type\":\"ImageObject\",\"inLanguage\":\"en-US\",\"@id\":\"https:\/\/veritasinfo.org\/#\/schema\/person\/image\/\",\"url\":\"https:\/\/secure.gravatar.com\/avatar\/cb16c3c31c9d23b9b8c705964598220b3014e42ff51eb540ff23cefa3ae8c15f?s=96&d=mm&r=g\",\"contentUrl\":\"https:\/\/secure.gravatar.com\/avatar\/cb16c3c31c9d23b9b8c705964598220b3014e42ff51eb540ff23cefa3ae8c15f?s=96&d=mm&r=g\",\"caption\":\"US6\"},\"url\":\"https:\/\/veritasinfo.org\/?author=7\"}]}<\/script>\n<!-- \/ Yoast SEO plugin. -->","yoast_head_json":{"title":"Rr\u00ebfimi trondit\u00ebs i ish-oficerit q\u00eb zbuloi i pari vrasjet me snajper\u00eb n\u00eb Sarajev\u00eb -","robots":{"index":"index","follow":"follow","max-snippet":"max-snippet:-1","max-image-preview":"max-image-preview:large","max-video-preview":"max-video-preview:-1"},"canonical":"https:\/\/veritasinfo.org\/?p=21766","og_locale":"en_US","og_type":"article","og_title":"Rr\u00ebfimi trondit\u00ebs i ish-oficerit q\u00eb zbuloi i pari vrasjet me snajper\u00eb n\u00eb Sarajev\u00eb -","og_description":"Prishtin\u00eb, 26 n\u00ebntor 2025 08:16 Tre dekada pas rrethimit t\u00eb Sarajev\u00ebs, prokuroria italiane ka hapur nj\u00eb hetim q\u00eb m\u00eb n\u00eb fund mund t\u00eb hedh\u00eb drit\u00eb","og_url":"https:\/\/veritasinfo.org\/?p=21766","article_published_time":"2025-11-26T07:16:49+00:00","og_image":[{"width":585,"height":438,"url":"https:\/\/veritasinfo.org\/wp-content\/uploads\/2025\/11\/Rrefimi-trondites-i-ish-oficerit-qe-zbuloi-i-pari-vrasjet-me-snajpere-ne-Sarajeve-Insajderi.org_.png","type":"image\/png"}],"author":"US6","twitter_card":"summary_large_image","twitter_misc":{"Written by":"US6","Est. reading time":"3 minutes"},"schema":{"@context":"https:\/\/schema.org","@graph":[{"@type":"WebPage","@id":"https:\/\/veritasinfo.org\/?p=21766","url":"https:\/\/veritasinfo.org\/?p=21766","name":"Rr\u00ebfimi trondit\u00ebs i ish-oficerit q\u00eb zbuloi i pari vrasjet me snajper\u00eb n\u00eb Sarajev\u00eb -","isPartOf":{"@id":"https:\/\/veritasinfo.org\/#website"},"primaryImageOfPage":{"@id":"https:\/\/veritasinfo.org\/?p=21766#primaryimage"},"image":{"@id":"https:\/\/veritasinfo.org\/?p=21766#primaryimage"},"thumbnailUrl":"https:\/\/veritasinfo.org\/wp-content\/uploads\/2025\/11\/Rrefimi-trondites-i-ish-oficerit-qe-zbuloi-i-pari-vrasjet-me-snajpere-ne-Sarajeve-Insajderi.org_.png","datePublished":"2025-11-26T07:16:49+00:00","author":{"@id":"https:\/\/veritasinfo.org\/#\/schema\/person\/fe199eede04c3937362892b7444747cc"},"breadcrumb":{"@id":"https:\/\/veritasinfo.org\/?p=21766#breadcrumb"},"inLanguage":"en-US","potentialAction":[{"@type":"ReadAction","target":["https:\/\/veritasinfo.org\/?p=21766"]}]},{"@type":"ImageObject","inLanguage":"en-US","@id":"https:\/\/veritasinfo.org\/?p=21766#primaryimage","url":"https:\/\/veritasinfo.org\/wp-content\/uploads\/2025\/11\/Rrefimi-trondites-i-ish-oficerit-qe-zbuloi-i-pari-vrasjet-me-snajpere-ne-Sarajeve-Insajderi.org_.png","contentUrl":"https:\/\/veritasinfo.org\/wp-content\/uploads\/2025\/11\/Rrefimi-trondites-i-ish-oficerit-qe-zbuloi-i-pari-vrasjet-me-snajpere-ne-Sarajeve-Insajderi.org_.png","width":585,"height":438},{"@type":"BreadcrumbList","@id":"https:\/\/veritasinfo.org\/?p=21766#breadcrumb","itemListElement":[{"@type":"ListItem","position":1,"name":"Home","item":"https:\/\/veritasinfo.org\/"},{"@type":"ListItem","position":2,"name":"Rr\u00ebfimi trondit\u00ebs i ish-oficerit q\u00eb zbuloi i pari vrasjet me snajper\u00eb n\u00eb Sarajev\u00eb"}]},{"@type":"WebSite","@id":"https:\/\/veritasinfo.org\/#website","url":"https:\/\/veritasinfo.org\/","name":"","description":"","potentialAction":[{"@type":"SearchAction","target":{"@type":"EntryPoint","urlTemplate":"https:\/\/veritasinfo.org\/?s={search_term_string}"},"query-input":{"@type":"PropertyValueSpecification","valueRequired":true,"valueName":"search_term_string"}}],"inLanguage":"en-US"},{"@type":"Person","@id":"https:\/\/veritasinfo.org\/#\/schema\/person\/fe199eede04c3937362892b7444747cc","name":"US6","image":{"@type":"ImageObject","inLanguage":"en-US","@id":"https:\/\/veritasinfo.org\/#\/schema\/person\/image\/","url":"https:\/\/secure.gravatar.com\/avatar\/cb16c3c31c9d23b9b8c705964598220b3014e42ff51eb540ff23cefa3ae8c15f?s=96&d=mm&r=g","contentUrl":"https:\/\/secure.gravatar.com\/avatar\/cb16c3c31c9d23b9b8c705964598220b3014e42ff51eb540ff23cefa3ae8c15f?s=96&d=mm&r=g","caption":"US6"},"url":"https:\/\/veritasinfo.org\/?author=7"}]}},"featured_image_urls":{"full":["https:\/\/veritasinfo.org\/wp-content\/uploads\/2025\/11\/Rrefimi-trondites-i-ish-oficerit-qe-zbuloi-i-pari-vrasjet-me-snajpere-ne-Sarajeve-Insajderi.org_.png",585,438,false],"thumbnail":["https:\/\/veritasinfo.org\/wp-content\/uploads\/2025\/11\/Rrefimi-trondites-i-ish-oficerit-qe-zbuloi-i-pari-vrasjet-me-snajpere-ne-Sarajeve-Insajderi.org_-150x150.png",150,150,true],"medium":["https:\/\/veritasinfo.org\/wp-content\/uploads\/2025\/11\/Rrefimi-trondites-i-ish-oficerit-qe-zbuloi-i-pari-vrasjet-me-snajpere-ne-Sarajeve-Insajderi.org_-300x225.png",300,225,true],"medium_large":["https:\/\/veritasinfo.org\/wp-content\/uploads\/2025\/11\/Rrefimi-trondites-i-ish-oficerit-qe-zbuloi-i-pari-vrasjet-me-snajpere-ne-Sarajeve-Insajderi.org_.png",585,438,false],"large":["https:\/\/veritasinfo.org\/wp-content\/uploads\/2025\/11\/Rrefimi-trondites-i-ish-oficerit-qe-zbuloi-i-pari-vrasjet-me-snajpere-ne-Sarajeve-Insajderi.org_.png",585,438,false],"1536x1536":["https:\/\/veritasinfo.org\/wp-content\/uploads\/2025\/11\/Rrefimi-trondites-i-ish-oficerit-qe-zbuloi-i-pari-vrasjet-me-snajpere-ne-Sarajeve-Insajderi.org_.png",585,438,false],"2048x2048":["https:\/\/veritasinfo.org\/wp-content\/uploads\/2025\/11\/Rrefimi-trondites-i-ish-oficerit-qe-zbuloi-i-pari-vrasjet-me-snajpere-ne-Sarajeve-Insajderi.org_.png",585,438,false],"kreeti-slider-full":["https:\/\/veritasinfo.org\/wp-content\/uploads\/2025\/11\/Rrefimi-trondites-i-ish-oficerit-qe-zbuloi-i-pari-vrasjet-me-snajpere-ne-Sarajeve-Insajderi.org_.png",585,438,false],"kreeti-featured":["https:\/\/veritasinfo.org\/wp-content\/uploads\/2025\/11\/Rrefimi-trondites-i-ish-oficerit-qe-zbuloi-i-pari-vrasjet-me-snajpere-ne-Sarajeve-Insajderi.org_.png",585,438,false],"kreeti-medium":["https:\/\/veritasinfo.org\/wp-content\/uploads\/2025\/11\/Rrefimi-trondites-i-ish-oficerit-qe-zbuloi-i-pari-vrasjet-me-snajpere-ne-Sarajeve-Insajderi.org_.png",585,438,false],"kreeti-medium-square":["https:\/\/veritasinfo.org\/wp-content\/uploads\/2025\/11\/Rrefimi-trondites-i-ish-oficerit-qe-zbuloi-i-pari-vrasjet-me-snajpere-ne-Sarajeve-Insajderi.org_.png",350,262,false]},"author_info":{"info":["US6"]},"category_info":"<a href=\"https:\/\/veritasinfo.org\/?cat=72\" rel=\"category\">Bota<\/a>","tag_info":"Bota","comment_count":"0","_links":{"self":[{"href":"https:\/\/veritasinfo.org\/index.php?rest_route=\/wp\/v2\/posts\/21766","targetHints":{"allow":["GET"]}}],"collection":[{"href":"https:\/\/veritasinfo.org\/index.php?rest_route=\/wp\/v2\/posts"}],"about":[{"href":"https:\/\/veritasinfo.org\/index.php?rest_route=\/wp\/v2\/types\/post"}],"author":[{"embeddable":true,"href":"https:\/\/veritasinfo.org\/index.php?rest_route=\/wp\/v2\/users\/7"}],"replies":[{"embeddable":true,"href":"https:\/\/veritasinfo.org\/index.php?rest_route=%2Fwp%2Fv2%2Fcomments&post=21766"}],"version-history":[{"count":1,"href":"https:\/\/veritasinfo.org\/index.php?rest_route=\/wp\/v2\/posts\/21766\/revisions"}],"predecessor-version":[{"id":21768,"href":"https:\/\/veritasinfo.org\/index.php?rest_route=\/wp\/v2\/posts\/21766\/revisions\/21768"}],"wp:featuredmedia":[{"embeddable":true,"href":"https:\/\/veritasinfo.org\/index.php?rest_route=\/wp\/v2\/media\/21767"}],"wp:attachment":[{"href":"https:\/\/veritasinfo.org\/index.php?rest_route=%2Fwp%2Fv2%2Fmedia&parent=21766"}],"wp:term":[{"taxonomy":"category","embeddable":true,"href":"https:\/\/veritasinfo.org\/index.php?rest_route=%2Fwp%2Fv2%2Fcategories&post=21766"},{"taxonomy":"post_tag","embeddable":true,"href":"https:\/\/veritasinfo.org\/index.php?rest_route=%2Fwp%2Fv2%2Ftags&post=21766"}],"curies":[{"name":"wp","href":"https:\/\/api.w.org\/{rel}","templated":true}]}}