{"id":21754,"date":"2025-11-25T20:06:23","date_gmt":"2025-11-25T19:06:23","guid":{"rendered":"https:\/\/veritasinfo.org\/?p=21754"},"modified":"2025-11-25T20:06:23","modified_gmt":"2025-11-25T19:06:23","slug":"osmani-femicidi-eshte-krize-kombetare-qe-kerkon-veprim-urgjent","status":"publish","type":"post","link":"https:\/\/veritasinfo.org\/?p=21754","title":{"rendered":"Osmani: Femicidi \u00ebsht\u00eb kriz\u00eb komb\u00ebtare q\u00eb k\u00ebrkon veprim urgjent"},"content":{"rendered":"<p>Prishtin\u00eb 25 N\u00ebntor 2025. 20:05<\/p>\n<p>Presidentja e Kosov\u00ebs, Vjosa Osmani, ka reaguar ashp\u00ebr n\u00eb Dit\u00ebn Nd\u00ebrkomb\u00ebtare p\u00ebr Eliminimin e Dhun\u00ebs ndaj Grave, duke e cil\u00ebsuar femicidin si nj\u00eb \u201ckriz\u00eb komb\u00ebtare\u201d q\u00eb po d\u00ebmton r\u00ebnd\u00eb shoq\u00ebrin\u00eb kosovare.<\/p>\n<p>Duke iu referuar rastit t\u00eb fundit n\u00eb Gadime t\u00eb Ul\u00ebt, ku nj\u00eb grua u sulmua pavar\u00ebsisht se kishte urdh\u00ebr mbrojtjeje aktiv, Presidentja theksoi se institucionet duhet t\u00eb garantojn\u00eb zbatimin e plot\u00eb t\u00eb masave ligjore p\u00ebr t\u00eb mbrojtur viktimat e dhun\u00ebs.<\/p>\n<p>Sipas Osmanit, shifrat e rritura t\u00eb dhun\u00ebs n\u00eb familje tregojn\u00eb qart\u00eb se dokumentet e mbrojtjes nuk mjaftojn\u00eb n\u00ebse nuk zbatohen me vendosm\u00ebri dhe pa vonesa. Ajo paralajm\u00ebroi se \u00e7do neglizhenc\u00eb institucionale mund t\u00eb ket\u00eb pasoja t\u00eb r\u00ebnda.<\/p>\n<p>Presidentja k\u00ebrkoi veprim t\u00eb koordinuar, p\u00ebrgjegj\u00ebsi t\u00eb plot\u00eb dhe zero toleranc\u00eb ndaj \u00e7do forme dhune, duke theksuar se asnj\u00eb person q\u00eb ushtron dhun\u00eb nuk duhet t\u00eb ndihet i papreksh\u00ebm dhe asnj\u00eb grua nuk duhet t\u00eb mbetet e pambrojtur.<\/p>\n<p>\u201c\u00c7do hap i gabuar mund t\u00eb jet\u00eb fatal,\u201d tha Osmani, duke apeluar p\u00ebr nj\u00eb angazhim m\u00eb t\u00eb madh institucional dhe shoq\u00ebror p\u00ebr t\u00eb mbrojtur jet\u00ebn dhe dinjitetin e grave dhe vajzave n\u00eb Kosov\u00eb.<\/p>\n","protected":false},"excerpt":{"rendered":"<p>Prishtin\u00eb 25 N\u00ebntor 2025. 20:05 Presidentja e Kosov\u00ebs, Vjosa Osmani, ka reaguar ashp\u00ebr n\u00eb Dit\u00ebn Nd\u00ebrkomb\u00ebtare p\u00ebr Eliminimin e Dhun\u00ebs ndaj Grave, duke e cil\u00ebsuar<\/p>\n","protected":false},"author":6,"featured_media":21755,"comment_status":"open","ping_status":"open","sticky":false,"template":"","format":"standard","meta":{"footnotes":""},"categories":[58],"tags":[],"class_list":["post-21754","post","type-post","status-publish","format-standard","has-post-thumbnail","hentry","category-politike-sq"],"yoast_head":"<!-- This site is optimized with the Yoast SEO plugin v25.3.1 - https:\/\/yoast.com\/wordpress\/plugins\/seo\/ -->\n<title>Osmani: Femicidi \u00ebsht\u00eb kriz\u00eb komb\u00ebtare q\u00eb k\u00ebrkon veprim urgjent -<\/title>\n<meta name=\"robots\" content=\"index, follow, max-snippet:-1, max-image-preview:large, max-video-preview:-1\" \/>\n<link rel=\"canonical\" href=\"https:\/\/veritasinfo.org\/?p=21754\" \/>\n<meta property=\"og:locale\" content=\"en_US\" \/>\n<meta property=\"og:type\" content=\"article\" \/>\n<meta property=\"og:title\" content=\"Osmani: Femicidi \u00ebsht\u00eb kriz\u00eb komb\u00ebtare q\u00eb k\u00ebrkon veprim urgjent -\" \/>\n<meta property=\"og:description\" content=\"Prishtin\u00eb 25 N\u00ebntor 2025. 20:05 Presidentja e Kosov\u00ebs, Vjosa Osmani, ka reaguar ashp\u00ebr n\u00eb Dit\u00ebn Nd\u00ebrkomb\u00ebtare p\u00ebr Eliminimin e Dhun\u00ebs ndaj Grave, duke e cil\u00ebsuar\" \/>\n<meta property=\"og:url\" content=\"https:\/\/veritasinfo.org\/?p=21754\" \/>\n<meta property=\"article:published_time\" content=\"2025-11-25T19:06:23+00:00\" \/>\n<meta property=\"og:image\" content=\"https:\/\/veritasinfo.org\/wp-content\/uploads\/2025\/11\/IMG-20251125-WA0013.jpg\" \/>\n\t<meta property=\"og:image:width\" content=\"720\" \/>\n\t<meta property=\"og:image:height\" content=\"375\" \/>\n\t<meta property=\"og:image:type\" content=\"image\/jpeg\" \/>\n<meta name=\"author\" content=\"US5\" \/>\n<meta name=\"twitter:card\" content=\"summary_large_image\" \/>\n<meta name=\"twitter:label1\" content=\"Written by\" \/>\n\t<meta name=\"twitter:data1\" content=\"US5\" \/>\n<script type=\"application\/ld+json\" class=\"yoast-schema-graph\">{\"@context\":\"https:\/\/schema.org\",\"@graph\":[{\"@type\":\"WebPage\",\"@id\":\"https:\/\/veritasinfo.org\/?p=21754\",\"url\":\"https:\/\/veritasinfo.org\/?p=21754\",\"name\":\"Osmani: Femicidi \u00ebsht\u00eb kriz\u00eb komb\u00ebtare q\u00eb k\u00ebrkon veprim urgjent -\",\"isPartOf\":{\"@id\":\"https:\/\/veritasinfo.org\/#website\"},\"primaryImageOfPage\":{\"@id\":\"https:\/\/veritasinfo.org\/?p=21754#primaryimage\"},\"image\":{\"@id\":\"https:\/\/veritasinfo.org\/?p=21754#primaryimage\"},\"thumbnailUrl\":\"https:\/\/veritasinfo.org\/wp-content\/uploads\/2025\/11\/IMG-20251125-WA0013.jpg\",\"datePublished\":\"2025-11-25T19:06:23+00:00\",\"author\":{\"@id\":\"https:\/\/veritasinfo.org\/#\/schema\/person\/bc442336e35414d04494ab8fb45db4c6\"},\"breadcrumb\":{\"@id\":\"https:\/\/veritasinfo.org\/?p=21754#breadcrumb\"},\"inLanguage\":\"en-US\",\"potentialAction\":[{\"@type\":\"ReadAction\",\"target\":[\"https:\/\/veritasinfo.org\/?p=21754\"]}]},{\"@type\":\"ImageObject\",\"inLanguage\":\"en-US\",\"@id\":\"https:\/\/veritasinfo.org\/?p=21754#primaryimage\",\"url\":\"https:\/\/veritasinfo.org\/wp-content\/uploads\/2025\/11\/IMG-20251125-WA0013.jpg\",\"contentUrl\":\"https:\/\/veritasinfo.org\/wp-content\/uploads\/2025\/11\/IMG-20251125-WA0013.jpg\",\"width\":720,\"height\":375},{\"@type\":\"BreadcrumbList\",\"@id\":\"https:\/\/veritasinfo.org\/?p=21754#breadcrumb\",\"itemListElement\":[{\"@type\":\"ListItem\",\"position\":1,\"name\":\"Home\",\"item\":\"https:\/\/veritasinfo.org\/\"},{\"@type\":\"ListItem\",\"position\":2,\"name\":\"Osmani: Femicidi \u00ebsht\u00eb kriz\u00eb komb\u00ebtare q\u00eb k\u00ebrkon veprim urgjent\"}]},{\"@type\":\"WebSite\",\"@id\":\"https:\/\/veritasinfo.org\/#website\",\"url\":\"https:\/\/veritasinfo.org\/\",\"name\":\"\",\"description\":\"\",\"potentialAction\":[{\"@type\":\"SearchAction\",\"target\":{\"@type\":\"EntryPoint\",\"urlTemplate\":\"https:\/\/veritasinfo.org\/?s={search_term_string}\"},\"query-input\":{\"@type\":\"PropertyValueSpecification\",\"valueRequired\":true,\"valueName\":\"search_term_string\"}}],\"inLanguage\":\"en-US\"},{\"@type\":\"Person\",\"@id\":\"https:\/\/veritasinfo.org\/#\/schema\/person\/bc442336e35414d04494ab8fb45db4c6\",\"name\":\"US5\",\"image\":{\"@type\":\"ImageObject\",\"inLanguage\":\"en-US\",\"@id\":\"https:\/\/veritasinfo.org\/#\/schema\/person\/image\/\",\"url\":\"https:\/\/secure.gravatar.com\/avatar\/16a61e7272a0c5d001121ebb9e60e925d5816e4ac1e443ed3e640d9a6ae55d0c?s=96&d=mm&r=g\",\"contentUrl\":\"https:\/\/secure.gravatar.com\/avatar\/16a61e7272a0c5d001121ebb9e60e925d5816e4ac1e443ed3e640d9a6ae55d0c?s=96&d=mm&r=g\",\"caption\":\"US5\"},\"url\":\"https:\/\/veritasinfo.org\/?author=6\"}]}<\/script>\n<!-- \/ Yoast SEO plugin. -->","yoast_head_json":{"title":"Osmani: Femicidi \u00ebsht\u00eb kriz\u00eb komb\u00ebtare q\u00eb k\u00ebrkon veprim urgjent -","robots":{"index":"index","follow":"follow","max-snippet":"max-snippet:-1","max-image-preview":"max-image-preview:large","max-video-preview":"max-video-preview:-1"},"canonical":"https:\/\/veritasinfo.org\/?p=21754","og_locale":"en_US","og_type":"article","og_title":"Osmani: Femicidi \u00ebsht\u00eb kriz\u00eb komb\u00ebtare q\u00eb k\u00ebrkon veprim urgjent -","og_description":"Prishtin\u00eb 25 N\u00ebntor 2025. 20:05 Presidentja e Kosov\u00ebs, Vjosa Osmani, ka reaguar ashp\u00ebr n\u00eb Dit\u00ebn Nd\u00ebrkomb\u00ebtare p\u00ebr Eliminimin e Dhun\u00ebs ndaj Grave, duke e cil\u00ebsuar","og_url":"https:\/\/veritasinfo.org\/?p=21754","article_published_time":"2025-11-25T19:06:23+00:00","og_image":[{"width":720,"height":375,"url":"https:\/\/veritasinfo.org\/wp-content\/uploads\/2025\/11\/IMG-20251125-WA0013.jpg","type":"image\/jpeg"}],"author":"US5","twitter_card":"summary_large_image","twitter_misc":{"Written by":"US5"},"schema":{"@context":"https:\/\/schema.org","@graph":[{"@type":"WebPage","@id":"https:\/\/veritasinfo.org\/?p=21754","url":"https:\/\/veritasinfo.org\/?p=21754","name":"Osmani: Femicidi \u00ebsht\u00eb kriz\u00eb komb\u00ebtare q\u00eb k\u00ebrkon veprim urgjent -","isPartOf":{"@id":"https:\/\/veritasinfo.org\/#website"},"primaryImageOfPage":{"@id":"https:\/\/veritasinfo.org\/?p=21754#primaryimage"},"image":{"@id":"https:\/\/veritasinfo.org\/?p=21754#primaryimage"},"thumbnailUrl":"https:\/\/veritasinfo.org\/wp-content\/uploads\/2025\/11\/IMG-20251125-WA0013.jpg","datePublished":"2025-11-25T19:06:23+00:00","author":{"@id":"https:\/\/veritasinfo.org\/#\/schema\/person\/bc442336e35414d04494ab8fb45db4c6"},"breadcrumb":{"@id":"https:\/\/veritasinfo.org\/?p=21754#breadcrumb"},"inLanguage":"en-US","potentialAction":[{"@type":"ReadAction","target":["https:\/\/veritasinfo.org\/?p=21754"]}]},{"@type":"ImageObject","inLanguage":"en-US","@id":"https:\/\/veritasinfo.org\/?p=21754#primaryimage","url":"https:\/\/veritasinfo.org\/wp-content\/uploads\/2025\/11\/IMG-20251125-WA0013.jpg","contentUrl":"https:\/\/veritasinfo.org\/wp-content\/uploads\/2025\/11\/IMG-20251125-WA0013.jpg","width":720,"height":375},{"@type":"BreadcrumbList","@id":"https:\/\/veritasinfo.org\/?p=21754#breadcrumb","itemListElement":[{"@type":"ListItem","position":1,"name":"Home","item":"https:\/\/veritasinfo.org\/"},{"@type":"ListItem","position":2,"name":"Osmani: Femicidi \u00ebsht\u00eb kriz\u00eb komb\u00ebtare q\u00eb k\u00ebrkon veprim urgjent"}]},{"@type":"WebSite","@id":"https:\/\/veritasinfo.org\/#website","url":"https:\/\/veritasinfo.org\/","name":"","description":"","potentialAction":[{"@type":"SearchAction","target":{"@type":"EntryPoint","urlTemplate":"https:\/\/veritasinfo.org\/?s={search_term_string}"},"query-input":{"@type":"PropertyValueSpecification","valueRequired":true,"valueName":"search_term_string"}}],"inLanguage":"en-US"},{"@type":"Person","@id":"https:\/\/veritasinfo.org\/#\/schema\/person\/bc442336e35414d04494ab8fb45db4c6","name":"US5","image":{"@type":"ImageObject","inLanguage":"en-US","@id":"https:\/\/veritasinfo.org\/#\/schema\/person\/image\/","url":"https:\/\/secure.gravatar.com\/avatar\/16a61e7272a0c5d001121ebb9e60e925d5816e4ac1e443ed3e640d9a6ae55d0c?s=96&d=mm&r=g","contentUrl":"https:\/\/secure.gravatar.com\/avatar\/16a61e7272a0c5d001121ebb9e60e925d5816e4ac1e443ed3e640d9a6ae55d0c?s=96&d=mm&r=g","caption":"US5"},"url":"https:\/\/veritasinfo.org\/?author=6"}]}},"featured_image_urls":{"full":["https:\/\/veritasinfo.org\/wp-content\/uploads\/2025\/11\/IMG-20251125-WA0013.jpg",720,375,false],"thumbnail":["https:\/\/veritasinfo.org\/wp-content\/uploads\/2025\/11\/IMG-20251125-WA0013-150x150.jpg",150,150,true],"medium":["https:\/\/veritasinfo.org\/wp-content\/uploads\/2025\/11\/IMG-20251125-WA0013-300x156.jpg",300,156,true],"medium_large":["https:\/\/veritasinfo.org\/wp-content\/uploads\/2025\/11\/IMG-20251125-WA0013.jpg",640,333,false],"large":["https:\/\/veritasinfo.org\/wp-content\/uploads\/2025\/11\/IMG-20251125-WA0013.jpg",640,333,false],"1536x1536":["https:\/\/veritasinfo.org\/wp-content\/uploads\/2025\/11\/IMG-20251125-WA0013.jpg",720,375,false],"2048x2048":["https:\/\/veritasinfo.org\/wp-content\/uploads\/2025\/11\/IMG-20251125-WA0013.jpg",720,375,false],"kreeti-slider-full":["https:\/\/veritasinfo.org\/wp-content\/uploads\/2025\/11\/IMG-20251125-WA0013.jpg",720,375,false],"kreeti-featured":["https:\/\/veritasinfo.org\/wp-content\/uploads\/2025\/11\/IMG-20251125-WA0013.jpg",720,375,false],"kreeti-medium":["https:\/\/veritasinfo.org\/wp-content\/uploads\/2025\/11\/IMG-20251125-WA0013.jpg",720,375,false],"kreeti-medium-square":["https:\/\/veritasinfo.org\/wp-content\/uploads\/2025\/11\/IMG-20251125-WA0013.jpg",350,182,false]},"author_info":{"info":["US5"]},"category_info":"<a href=\"https:\/\/veritasinfo.org\/?cat=58\" rel=\"category\">Politik\u00eb<\/a>","tag_info":"Politik\u00eb","comment_count":"0","_links":{"self":[{"href":"https:\/\/veritasinfo.org\/index.php?rest_route=\/wp\/v2\/posts\/21754","targetHints":{"allow":["GET"]}}],"collection":[{"href":"https:\/\/veritasinfo.org\/index.php?rest_route=\/wp\/v2\/posts"}],"about":[{"href":"https:\/\/veritasinfo.org\/index.php?rest_route=\/wp\/v2\/types\/post"}],"author":[{"embeddable":true,"href":"https:\/\/veritasinfo.org\/index.php?rest_route=\/wp\/v2\/users\/6"}],"replies":[{"embeddable":true,"href":"https:\/\/veritasinfo.org\/index.php?rest_route=%2Fwp%2Fv2%2Fcomments&post=21754"}],"version-history":[{"count":1,"href":"https:\/\/veritasinfo.org\/index.php?rest_route=\/wp\/v2\/posts\/21754\/revisions"}],"predecessor-version":[{"id":21756,"href":"https:\/\/veritasinfo.org\/index.php?rest_route=\/wp\/v2\/posts\/21754\/revisions\/21756"}],"wp:featuredmedia":[{"embeddable":true,"href":"https:\/\/veritasinfo.org\/index.php?rest_route=\/wp\/v2\/media\/21755"}],"wp:attachment":[{"href":"https:\/\/veritasinfo.org\/index.php?rest_route=%2Fwp%2Fv2%2Fmedia&parent=21754"}],"wp:term":[{"taxonomy":"category","embeddable":true,"href":"https:\/\/veritasinfo.org\/index.php?rest_route=%2Fwp%2Fv2%2Fcategories&post=21754"},{"taxonomy":"post_tag","embeddable":true,"href":"https:\/\/veritasinfo.org\/index.php?rest_route=%2Fwp%2Fv2%2Ftags&post=21754"}],"curies":[{"name":"wp","href":"https:\/\/api.w.org\/{rel}","templated":true}]}}